{"id":24604,"date":"2023-12-31T11:28:17","date_gmt":"2023-12-31T11:28:17","guid":{"rendered":"https:\/\/kibrisdakik.com\/index.php\/2023\/12\/31\/tore-birkan-uzunu-anma-torenine-katildi\/"},"modified":"2023-12-31T11:28:17","modified_gmt":"2023-12-31T11:28:17","slug":"tore-birkan-uzunu-anma-torenine-katildi","status":"publish","type":"post","link":"https:\/\/kibrisdakik.com\/?p=24604","title":{"rendered":"T\u00f6re, Birkan Uzun\u2019u anma t\u00f6renine kat\u0131ld\u0131"},"content":{"rendered":"<p><img decoding=\"async\" src=\"https:\/\/www.kibristurk.com\/images\/haberler\/2023\/12\/tore-birkan-uzunu-anma-torenine-katildi-1704019708.webp\" \/><\/p>\n<p><span style=\"font-size:11pt\"><span style=\"background-color:white\"><span style=\"font-family:Calibri,sans-serif\"><span style=\"font-size:13.0pt\"><span style=\"color:black\">Cumhuriyet Meclisi Ba\u015fkan\u0131 Zorlu T\u00f6re, Amerika\u2019da ge\u00e7irdi\u011fi kayak kazas\u0131 sonucu hayat\u0131n\u0131 kaybeden K\u0131br\u0131sl\u0131 T\u00fcrk da\u011fc\u0131 Birkan Uzun\u2019un ikinci \u00f6l\u00fcm y\u0131l d\u00f6n\u00fcm\u00fcnde Lefko\u015fa Kabristanl\u0131\u011f\u0131nda d\u00fczenlenen anma etkinli\u011fine kat\u0131ld\u0131.&nbsp;<\/span><\/span><\/span><\/span><\/span><\/p>\n<p><span style=\"font-size:11pt\"><span style=\"background-color:white\"><span style=\"font-family:Calibri,sans-serif\"><span style=\"font-size:13.0pt\"><span style=\"color:black\">Meclis\u2019ten yap\u0131lan a\u00e7\u0131klamaya g\u00f6re T\u00f6re buradaki konu\u015fmas\u0131nda, Birkan Uzun\u2019un k\u0131sa ya\u015fam\u0131nda \u00f6nemli izler b\u0131rakt\u0131\u011f\u0131n\u0131 ve bu izlerin daima ya\u015fayaca\u011f\u0131n\u0131 s\u00f6yledi. O\u2019nun g\u00f6n\u00fcllerde hep zirvede oldu\u011funa vurgu yapan T\u00f6re, toplumsal ya\u015famda \u00e7ok ciddi bir yer tuttu\u011funu ifade etti.&nbsp;<\/span><\/span><\/span><\/span><\/span><\/p>\n<p><span style=\"font-size:11pt\"><span style=\"background-color:white\"><span style=\"font-family:Calibri,sans-serif\"><span style=\"font-size:13.0pt\"><span style=\"color:black\">Birkan Uzun\u2019un vatan sevgisi ve bayrak a\u015fk\u0131n\u0131n K\u0131br\u0131s T\u00fcrk gen\u00e7li\u011fine daima \u00f6rnek olaca\u011f\u0131na de\u011finen T\u00f6re, Uzun\u2019un ailesine, gen\u00e7li\u011fine ve halk\u0131na lay\u0131k bir gen\u00e7 olarak hat\u0131rlanaca\u011f\u0131n\u0131 belirtti.&nbsp;<\/span><\/span><\/span><\/span><\/span><\/p>\n<p><span style=\"font-size:11pt\"><span style=\"background-color:white\"><span style=\"font-family:Calibri,sans-serif\"><span style=\"font-size:13.0pt\"><span style=\"color:black\">Uzun\u2019a Allah&#8217;tan rahmet dileyen T\u00f6re, ailesine ve sevenlerine sab\u0131rlar diledi.&nbsp;<\/span><\/span><\/span><\/span><\/span><\/p>\n<p>&nbsp;<\/p>\n","protected":false},"excerpt":{"rendered":"<p>Cumhuriyet Meclisi Ba\u015fkan\u0131 Zorlu T\u00f6re, Amerika\u2019da ge\u00e7irdi\u011fi kayak kazas\u0131 sonucu hayat\u0131n\u0131 kaybeden K\u0131br\u0131sl\u0131 T\u00fcrk da\u011fc\u0131 Birkan Uzun\u2019un ikinci \u00f6l\u00fcm y\u0131l d\u00f6n\u00fcm\u00fcnde Lefko\u015fa Kabristanl\u0131\u011f\u0131nda d\u00fczenlenen anma etkinli\u011fine kat\u0131ld\u0131.&nbsp; Meclis\u2019ten yap\u0131lan a\u00e7\u0131klamaya g\u00f6re T\u00f6re buradaki konu\u015fmas\u0131nda, Birkan Uzun\u2019un k\u0131sa ya\u015fam\u0131nda \u00f6nemli izler b\u0131rakt\u0131\u011f\u0131n\u0131 ve bu izlerin daima ya\u015fayaca\u011f\u0131n\u0131 s\u00f6yledi. O\u2019nun g\u00f6n\u00fcllerde hep zirvede oldu\u011funa vurgu yapan T\u00f6re,<\/p>\n","protected":false},"author":1,"featured_media":24605,"comment_status":"open","ping_status":"open","sticky":false,"template":"","format":"standard","meta":{"footnotes":""},"categories":[1],"tags":[],"class_list":["post-24604","post","type-post","status-publish","format-standard","has-post-thumbnail","hentry","category-gundem"],"yoast_head":"<!-- This site is optimized with the Yoast SEO plugin v27.5 - https:\/\/yoast.com\/product\/yoast-seo-wordpress\/ -->\n<title>T\u00f6re, Birkan Uzun\u2019u anma t\u00f6renine kat\u0131ld\u0131 -<\/title>\n<meta name=\"robots\" content=\"index, follow, max-snippet:-1, max-image-preview:large, max-video-preview:-1\" \/>\n<link rel=\"canonical\" href=\"https:\/\/kibrisdakik.com\/?p=24604\" \/>\n<meta property=\"og:locale\" content=\"tr_TR\" \/>\n<meta property=\"og:type\" content=\"article\" \/>\n<meta property=\"og:title\" content=\"T\u00f6re, Birkan Uzun\u2019u anma t\u00f6renine kat\u0131ld\u0131 -\" \/>\n<meta property=\"og:description\" content=\"Cumhuriyet Meclisi Ba\u015fkan\u0131 Zorlu T\u00f6re, Amerika\u2019da ge\u00e7irdi\u011fi kayak kazas\u0131 sonucu hayat\u0131n\u0131 kaybeden K\u0131br\u0131sl\u0131 T\u00fcrk da\u011fc\u0131 Birkan Uzun\u2019un ikinci \u00f6l\u00fcm y\u0131l d\u00f6n\u00fcm\u00fcnde Lefko\u015fa Kabristanl\u0131\u011f\u0131nda d\u00fczenlenen anma etkinli\u011fine kat\u0131ld\u0131.&nbsp; Meclis\u2019ten yap\u0131lan a\u00e7\u0131klamaya g\u00f6re T\u00f6re buradaki konu\u015fmas\u0131nda, Birkan Uzun\u2019un k\u0131sa ya\u015fam\u0131nda \u00f6nemli izler b\u0131rakt\u0131\u011f\u0131n\u0131 ve bu izlerin daima ya\u015fayaca\u011f\u0131n\u0131 s\u00f6yledi. O\u2019nun g\u00f6n\u00fcllerde hep zirvede oldu\u011funa vurgu yapan T\u00f6re,\" \/>\n<meta property=\"og:url\" content=\"https:\/\/kibrisdakik.com\/?p=24604\" \/>\n<meta property=\"article:published_time\" content=\"2023-12-31T11:28:17+00:00\" \/>\n<meta property=\"og:image\" content=\"https:\/\/kibrisdakik.com\/wp-content\/uploads\/2023\/12\/tore-birkan-uzunu-anma-torenine-katildi-1704019708.webp.webp\" \/>\n\t<meta property=\"og:image:width\" content=\"710\" \/>\n\t<meta property=\"og:image:height\" content=\"370\" \/>\n\t<meta property=\"og:image:type\" content=\"image\/webp\" \/>\n<meta name=\"author\" content=\"admin\" \/>\n<meta name=\"twitter:card\" content=\"summary_large_image\" \/>\n<meta name=\"twitter:label1\" content=\"Yazan:\" \/>\n\t<meta name=\"twitter:data1\" content=\"admin\" \/>\n\t<meta name=\"twitter:label2\" content=\"Tahmini okuma s\u00fcresi\" \/>\n\t<meta name=\"twitter:data2\" content=\"1 dakika\" \/>\n<script type=\"application\/ld+json\" class=\"yoast-schema-graph\">{\"@context\":\"https:\\\/\\\/schema.org\",\"@graph\":[{\"@type\":\"Article\",\"@id\":\"https:\\\/\\\/kibrisdakik.com\\\/?p=24604#article\",\"isPartOf\":{\"@id\":\"https:\\\/\\\/kibrisdakik.com\\\/?p=24604\"},\"author\":{\"name\":\"admin\",\"@id\":\"https:\\\/\\\/kibrisdakik.com\\\/#\\\/schema\\\/person\\\/9cd9d437bbb44f72b73ba127e06d8e79\"},\"headline\":\"T\u00f6re, Birkan Uzun\u2019u anma t\u00f6renine kat\u0131ld\u0131\",\"datePublished\":\"2023-12-31T11:28:17+00:00\",\"mainEntityOfPage\":{\"@id\":\"https:\\\/\\\/kibrisdakik.com\\\/?p=24604\"},\"wordCount\":181,\"commentCount\":0,\"image\":{\"@id\":\"https:\\\/\\\/kibrisdakik.com\\\/?p=24604#primaryimage\"},\"thumbnailUrl\":\"https:\\\/\\\/kibrisdakik.com\\\/wp-content\\\/uploads\\\/2023\\\/12\\\/tore-birkan-uzunu-anma-torenine-katildi-1704019708.webp.webp\",\"articleSection\":[\"G\u00fcndem\"],\"inLanguage\":\"tr\",\"potentialAction\":[{\"@type\":\"CommentAction\",\"name\":\"Comment\",\"target\":[\"https:\\\/\\\/kibrisdakik.com\\\/?p=24604#respond\"]}]},{\"@type\":\"WebPage\",\"@id\":\"https:\\\/\\\/kibrisdakik.com\\\/?p=24604\",\"url\":\"https:\\\/\\\/kibrisdakik.com\\\/?p=24604\",\"name\":\"T\u00f6re, Birkan Uzun\u2019u anma t\u00f6renine kat\u0131ld\u0131 -\",\"isPartOf\":{\"@id\":\"https:\\\/\\\/kibrisdakik.com\\\/#website\"},\"primaryImageOfPage\":{\"@id\":\"https:\\\/\\\/kibrisdakik.com\\\/?p=24604#primaryimage\"},\"image\":{\"@id\":\"https:\\\/\\\/kibrisdakik.com\\\/?p=24604#primaryimage\"},\"thumbnailUrl\":\"https:\\\/\\\/kibrisdakik.com\\\/wp-content\\\/uploads\\\/2023\\\/12\\\/tore-birkan-uzunu-anma-torenine-katildi-1704019708.webp.webp\",\"datePublished\":\"2023-12-31T11:28:17+00:00\",\"author\":{\"@id\":\"https:\\\/\\\/kibrisdakik.com\\\/#\\\/schema\\\/person\\\/9cd9d437bbb44f72b73ba127e06d8e79\"},\"breadcrumb\":{\"@id\":\"https:\\\/\\\/kibrisdakik.com\\\/?p=24604#breadcrumb\"},\"inLanguage\":\"tr\",\"potentialAction\":[{\"@type\":\"ReadAction\",\"target\":[\"https:\\\/\\\/kibrisdakik.com\\\/?p=24604\"]}]},{\"@type\":\"ImageObject\",\"inLanguage\":\"tr\",\"@id\":\"https:\\\/\\\/kibrisdakik.com\\\/?p=24604#primaryimage\",\"url\":\"https:\\\/\\\/kibrisdakik.com\\\/wp-content\\\/uploads\\\/2023\\\/12\\\/tore-birkan-uzunu-anma-torenine-katildi-1704019708.webp.webp\",\"contentUrl\":\"https:\\\/\\\/kibrisdakik.com\\\/wp-content\\\/uploads\\\/2023\\\/12\\\/tore-birkan-uzunu-anma-torenine-katildi-1704019708.webp.webp\",\"width\":710,\"height\":370},{\"@type\":\"BreadcrumbList\",\"@id\":\"https:\\\/\\\/kibrisdakik.com\\\/?p=24604#breadcrumb\",\"itemListElement\":[{\"@type\":\"ListItem\",\"position\":1,\"name\":\"Home\",\"item\":\"https:\\\/\\\/kibrisdakik.com\\\/\"},{\"@type\":\"ListItem\",\"position\":2,\"name\":\"T\u00f6re, Birkan Uzun\u2019u anma t\u00f6renine kat\u0131ld\u0131\"}]},{\"@type\":\"WebSite\",\"@id\":\"https:\\\/\\\/kibrisdakik.com\\\/#website\",\"url\":\"https:\\\/\\\/kibrisdakik.com\\\/\",\"name\":\"\",\"description\":\"Tam vaktinde haber\",\"potentialAction\":[{\"@type\":\"SearchAction\",\"target\":{\"@type\":\"EntryPoint\",\"urlTemplate\":\"https:\\\/\\\/kibrisdakik.com\\\/?s={search_term_string}\"},\"query-input\":{\"@type\":\"PropertyValueSpecification\",\"valueRequired\":true,\"valueName\":\"search_term_string\"}}],\"inLanguage\":\"tr\"},{\"@type\":\"Person\",\"@id\":\"https:\\\/\\\/kibrisdakik.com\\\/#\\\/schema\\\/person\\\/9cd9d437bbb44f72b73ba127e06d8e79\",\"name\":\"admin\",\"image\":{\"@type\":\"ImageObject\",\"inLanguage\":\"tr\",\"@id\":\"https:\\\/\\\/secure.gravatar.com\\\/avatar\\\/ccc17943b9d660506c869530f897617f7cb1c21a4bf30023f252596d83e1f007?s=96&d=mm&r=g\",\"url\":\"https:\\\/\\\/secure.gravatar.com\\\/avatar\\\/ccc17943b9d660506c869530f897617f7cb1c21a4bf30023f252596d83e1f007?s=96&d=mm&r=g\",\"contentUrl\":\"https:\\\/\\\/secure.gravatar.com\\\/avatar\\\/ccc17943b9d660506c869530f897617f7cb1c21a4bf30023f252596d83e1f007?s=96&d=mm&r=g\",\"caption\":\"admin\"},\"sameAs\":[\"https:\\\/\\\/kibrisdakik.com\"],\"url\":\"https:\\\/\\\/kibrisdakik.com\\\/?author=1\"}]}<\/script>\n<!-- \/ Yoast SEO plugin. -->","yoast_head_json":{"title":"T\u00f6re, Birkan Uzun\u2019u anma t\u00f6renine kat\u0131ld\u0131 -","robots":{"index":"index","follow":"follow","max-snippet":"max-snippet:-1","max-image-preview":"max-image-preview:large","max-video-preview":"max-video-preview:-1"},"canonical":"https:\/\/kibrisdakik.com\/?p=24604","og_locale":"tr_TR","og_type":"article","og_title":"T\u00f6re, Birkan Uzun\u2019u anma t\u00f6renine kat\u0131ld\u0131 -","og_description":"Cumhuriyet Meclisi Ba\u015fkan\u0131 Zorlu T\u00f6re, Amerika\u2019da ge\u00e7irdi\u011fi kayak kazas\u0131 sonucu hayat\u0131n\u0131 kaybeden K\u0131br\u0131sl\u0131 T\u00fcrk da\u011fc\u0131 Birkan Uzun\u2019un ikinci \u00f6l\u00fcm y\u0131l d\u00f6n\u00fcm\u00fcnde Lefko\u015fa Kabristanl\u0131\u011f\u0131nda d\u00fczenlenen anma etkinli\u011fine kat\u0131ld\u0131.&nbsp; Meclis\u2019ten yap\u0131lan a\u00e7\u0131klamaya g\u00f6re T\u00f6re buradaki konu\u015fmas\u0131nda, Birkan Uzun\u2019un k\u0131sa ya\u015fam\u0131nda \u00f6nemli izler b\u0131rakt\u0131\u011f\u0131n\u0131 ve bu izlerin daima ya\u015fayaca\u011f\u0131n\u0131 s\u00f6yledi. O\u2019nun g\u00f6n\u00fcllerde hep zirvede oldu\u011funa vurgu yapan T\u00f6re,","og_url":"https:\/\/kibrisdakik.com\/?p=24604","article_published_time":"2023-12-31T11:28:17+00:00","og_image":[{"width":710,"height":370,"url":"https:\/\/kibrisdakik.com\/wp-content\/uploads\/2023\/12\/tore-birkan-uzunu-anma-torenine-katildi-1704019708.webp.webp","type":"image\/webp"}],"author":"admin","twitter_card":"summary_large_image","twitter_misc":{"Yazan:":"admin","Tahmini okuma s\u00fcresi":"1 dakika"},"schema":{"@context":"https:\/\/schema.org","@graph":[{"@type":"Article","@id":"https:\/\/kibrisdakik.com\/?p=24604#article","isPartOf":{"@id":"https:\/\/kibrisdakik.com\/?p=24604"},"author":{"name":"admin","@id":"https:\/\/kibrisdakik.com\/#\/schema\/person\/9cd9d437bbb44f72b73ba127e06d8e79"},"headline":"T\u00f6re, Birkan Uzun\u2019u anma t\u00f6renine kat\u0131ld\u0131","datePublished":"2023-12-31T11:28:17+00:00","mainEntityOfPage":{"@id":"https:\/\/kibrisdakik.com\/?p=24604"},"wordCount":181,"commentCount":0,"image":{"@id":"https:\/\/kibrisdakik.com\/?p=24604#primaryimage"},"thumbnailUrl":"https:\/\/kibrisdakik.com\/wp-content\/uploads\/2023\/12\/tore-birkan-uzunu-anma-torenine-katildi-1704019708.webp.webp","articleSection":["G\u00fcndem"],"inLanguage":"tr","potentialAction":[{"@type":"CommentAction","name":"Comment","target":["https:\/\/kibrisdakik.com\/?p=24604#respond"]}]},{"@type":"WebPage","@id":"https:\/\/kibrisdakik.com\/?p=24604","url":"https:\/\/kibrisdakik.com\/?p=24604","name":"T\u00f6re, Birkan Uzun\u2019u anma t\u00f6renine kat\u0131ld\u0131 -","isPartOf":{"@id":"https:\/\/kibrisdakik.com\/#website"},"primaryImageOfPage":{"@id":"https:\/\/kibrisdakik.com\/?p=24604#primaryimage"},"image":{"@id":"https:\/\/kibrisdakik.com\/?p=24604#primaryimage"},"thumbnailUrl":"https:\/\/kibrisdakik.com\/wp-content\/uploads\/2023\/12\/tore-birkan-uzunu-anma-torenine-katildi-1704019708.webp.webp","datePublished":"2023-12-31T11:28:17+00:00","author":{"@id":"https:\/\/kibrisdakik.com\/#\/schema\/person\/9cd9d437bbb44f72b73ba127e06d8e79"},"breadcrumb":{"@id":"https:\/\/kibrisdakik.com\/?p=24604#breadcrumb"},"inLanguage":"tr","potentialAction":[{"@type":"ReadAction","target":["https:\/\/kibrisdakik.com\/?p=24604"]}]},{"@type":"ImageObject","inLanguage":"tr","@id":"https:\/\/kibrisdakik.com\/?p=24604#primaryimage","url":"https:\/\/kibrisdakik.com\/wp-content\/uploads\/2023\/12\/tore-birkan-uzunu-anma-torenine-katildi-1704019708.webp.webp","contentUrl":"https:\/\/kibrisdakik.com\/wp-content\/uploads\/2023\/12\/tore-birkan-uzunu-anma-torenine-katildi-1704019708.webp.webp","width":710,"height":370},{"@type":"BreadcrumbList","@id":"https:\/\/kibrisdakik.com\/?p=24604#breadcrumb","itemListElement":[{"@type":"ListItem","position":1,"name":"Home","item":"https:\/\/kibrisdakik.com\/"},{"@type":"ListItem","position":2,"name":"T\u00f6re, Birkan Uzun\u2019u anma t\u00f6renine kat\u0131ld\u0131"}]},{"@type":"WebSite","@id":"https:\/\/kibrisdakik.com\/#website","url":"https:\/\/kibrisdakik.com\/","name":"","description":"Tam vaktinde haber","potentialAction":[{"@type":"SearchAction","target":{"@type":"EntryPoint","urlTemplate":"https:\/\/kibrisdakik.com\/?s={search_term_string}"},"query-input":{"@type":"PropertyValueSpecification","valueRequired":true,"valueName":"search_term_string"}}],"inLanguage":"tr"},{"@type":"Person","@id":"https:\/\/kibrisdakik.com\/#\/schema\/person\/9cd9d437bbb44f72b73ba127e06d8e79","name":"admin","image":{"@type":"ImageObject","inLanguage":"tr","@id":"https:\/\/secure.gravatar.com\/avatar\/ccc17943b9d660506c869530f897617f7cb1c21a4bf30023f252596d83e1f007?s=96&d=mm&r=g","url":"https:\/\/secure.gravatar.com\/avatar\/ccc17943b9d660506c869530f897617f7cb1c21a4bf30023f252596d83e1f007?s=96&d=mm&r=g","contentUrl":"https:\/\/secure.gravatar.com\/avatar\/ccc17943b9d660506c869530f897617f7cb1c21a4bf30023f252596d83e1f007?s=96&d=mm&r=g","caption":"admin"},"sameAs":["https:\/\/kibrisdakik.com"],"url":"https:\/\/kibrisdakik.com\/?author=1"}]}},"_links":{"self":[{"href":"https:\/\/kibrisdakik.com\/index.php?rest_route=\/wp\/v2\/posts\/24604","targetHints":{"allow":["GET"]}}],"collection":[{"href":"https:\/\/kibrisdakik.com\/index.php?rest_route=\/wp\/v2\/posts"}],"about":[{"href":"https:\/\/kibrisdakik.com\/index.php?rest_route=\/wp\/v2\/types\/post"}],"author":[{"embeddable":true,"href":"https:\/\/kibrisdakik.com\/index.php?rest_route=\/wp\/v2\/users\/1"}],"replies":[{"embeddable":true,"href":"https:\/\/kibrisdakik.com\/index.php?rest_route=%2Fwp%2Fv2%2Fcomments&post=24604"}],"version-history":[{"count":0,"href":"https:\/\/kibrisdakik.com\/index.php?rest_route=\/wp\/v2\/posts\/24604\/revisions"}],"wp:featuredmedia":[{"embeddable":true,"href":"https:\/\/kibrisdakik.com\/index.php?rest_route=\/wp\/v2\/media\/24605"}],"wp:attachment":[{"href":"https:\/\/kibrisdakik.com\/index.php?rest_route=%2Fwp%2Fv2%2Fmedia&parent=24604"}],"wp:term":[{"taxonomy":"category","embeddable":true,"href":"https:\/\/kibrisdakik.com\/index.php?rest_route=%2Fwp%2Fv2%2Fcategories&post=24604"},{"taxonomy":"post_tag","embeddable":true,"href":"https:\/\/kibrisdakik.com\/index.php?rest_route=%2Fwp%2Fv2%2Ftags&post=24604"}],"curies":[{"name":"wp","href":"https:\/\/api.w.org\/{rel}","templated":true}]}}