{"id":24644,"date":"2023-12-31T19:58:49","date_gmt":"2023-12-31T19:58:49","guid":{"rendered":"https:\/\/kibrisdakik.com\/index.php\/2023\/12\/31\/nuri-bilge-ceylandan-zeki-demirkubuza-son-soz\/"},"modified":"2023-12-31T19:58:49","modified_gmt":"2023-12-31T19:58:49","slug":"nuri-bilge-ceylandan-zeki-demirkubuza-son-soz","status":"publish","type":"post","link":"https:\/\/kibrisdakik.com\/?p=24644","title":{"rendered":"Nuri Bilge Ceylan&#039;dan Zeki Demirkubuz&#039;a son s\u00f6z"},"content":{"rendered":"<p><img decoding=\"async\" src=\"https:\/\/www.kibristurk.com\/images\/haberler\/2023\/12\/nuri-bilge-ceylandan-zeki-demirkubuza-son-soz-1704051649.webp\" \/><\/p>\n<p><span style=\"font-size:12pt\"><span style=\"font-family:Calibri,sans-serif\">Bir d\u00f6nem iki yak\u0131n arkada\u015f olan T\u00fcrk sinemas\u0131n\u0131n iki \u00f6nemli y\u00f6netmeni Nuri Bilge Ceylan ile Zeki Demirkubuz&#8217;un uzun y\u0131llard\u0131r s\u00fcren k\u00fcsl\u00fc\u011f\u00fc 2023&#8217;\u00fcn son g\u00fcnlerine damgas\u0131n\u0131 vuran polemikle yeniden g\u00fcndeme geldi. <\/span><\/span><\/p>\n<p>&nbsp;<\/p>\n<p><span style=\"font-size:12pt\"><span style=\"font-family:Calibri,sans-serif\">Zeki Demirkubuz&#8217;un televizyon yay\u0131n\u0131nda, Nuri Bilge Ceylan hakk\u0131nda s\u00f6yledi\u011fi zehir zemberek s\u00f6zlere, Ceylan&#8217;\u0131n X (Twitter) platformundaki \u00fc\u00e7 y\u0131ll\u0131k mesaj yazmama orucunu bozarak yan\u0131t vermesi, arkas\u0131ndan Demirkubuz&#8217;dan tekrar bir yorum \u015feklinde polemik devam etti.<\/span><\/span><\/p>\n<p>&nbsp;<\/p>\n<p><span style=\"font-size:12pt\"><span style=\"font-family:Calibri,sans-serif\">Kar\u015f\u0131l\u0131kl\u0131 a\u00e7\u0131klamada son s\u00f6z\u00fc \u015fimdilik Nuri Bilge Ceylan s\u00f6yledi. X \u00fczerinden uzun bir mesaj payla\u015fan \u00fcnl\u00fc y\u00f6netmen, s\u00f6zlerine &#8220;Bir alg\u0131 olu\u015fturmaya y\u00f6nelik hi\u00e7bir kan\u0131t\u0131 olmayan bir s\u00fcr\u00fc hayal \u00fcr\u00fcn\u00fc iddiayla u\u011fra\u015fmak kolay de\u011filmi\u015f&#8221; ifadesiyle ba\u015flad\u0131.<\/span><\/span><\/p>\n<p>&nbsp;<\/p>\n<p><span style=\"font-size:12pt\"><span style=\"font-family:Calibri,sans-serif\">&#8220;\u0130NSANLARIN ONURUYLA OYNAMAK BU KADAR KOLAY OLMAMALI&#8221;<\/span><\/span><\/p>\n<p><span style=\"font-size:12pt\"><span style=\"font-family:Calibri,sans-serif\">&#8220;Ama 2006 y\u0131l\u0131nda Antalya\u2019daki t\u00f6rene 40 derece ate\u015fle geldi\u011fimi, sa\u011fl\u0131k nedeniyle bay\u0131ld\u0131\u011f\u0131m\u0131 bildi\u011fin ve o d\u00f6nemde bunu b\u00fct\u00fcn gazeteler yazd\u0131\u011f\u0131 halde hala \u00f6yle \u015feyler s\u00f6yleyebilmen inan\u0131lmaz&#8221; diyen Ceylan, a\u00e7\u0131klamas\u0131na \u015f\u00f6yle devam etti:<\/span><\/span><\/p>\n<p>&nbsp;<\/p>\n<p><span style=\"font-size:12pt\"><span style=\"font-family:Calibri,sans-serif\">&#8220;Her zaman yapt\u0131\u011f\u0131n gibi &#8216;madem b\u00f6yle bir alg\u0131 olu\u015fmu\u015f, \u00f6yleyse bundan yararlanay\u0131m&#8217; \u015feklinde d\u00fc\u015f\u00fcn\u00fcyorsun. T\u0131pk\u0131 filmi bile seyretmeden yapt\u0131\u011f\u0131n su\u00e7lamalar gibi. O senaryonun \u00fczerinde sadece benim de\u011fil \u00fc\u00e7 ki\u015finin aylar s\u00fcren al\u0131n teri ve eme\u011fi var. Birka\u00e7 ki\u015fi \u015f\u00f6yle dedi b\u00f6yle dedi diye seyretmek zahmetine bile katlanmadan bir filme kara \u00e7almak, ona emek veren insanlar\u0131n onuruyla oynamak bu kadar kolay olmamal\u0131.<\/span><\/span><\/p>\n<p>&nbsp;<\/p>\n<p><span style=\"font-size:12pt\"><span style=\"font-family:Calibri,sans-serif\">2008 Alt\u0131n Portakal\u2019da Baba filmini izlemedi\u011fimi s\u00f6yledi\u011fimi, bunu TV\u2019de seyretti\u011fini belirtmi\u015fsin. Bu do\u011fru de\u011fil. Baba filmini seyretti\u011fimi ve \u00e7ok sevdi\u011fimi daha d\u00fcnya pr\u00f6miyeri sonras\u0131nda Cannes\u2019daki bas\u0131n toplant\u0131s\u0131nda s\u00f6yledim. Soruyu da Atilla Dorsay sormu\u015ftu hatta. Cannes sitesinde podcastini bulabilirsin.&#8221;<\/span><\/span><\/p>\n<p>&nbsp;<\/p>\n<p><span style=\"font-size:12pt\"><span style=\"font-family:Calibri,sans-serif\">&#8220;F\u0130LMLER\u0130M\u0130N H\u0130\u00c7B\u0130R\u0130NDE SANA YAPILMI\u015e B\u0130R G\u00d6NDERME YOK&#8221;<\/span><\/span><\/p>\n<p><span style=\"font-size:12pt\"><span style=\"font-family:Calibri,sans-serif\">&#8220;Filmlerimin hi\u00e7birinde hi\u00e7bir \u015fekilde sana yap\u0131lm\u0131\u015f bir g\u00f6nderme yok. Filmlerimi b\u00f6yle \u015feylerle kirletmek istemem. Ama yine de K\u0131\u015f Uykusu filminde Nihal\u2019in Ayd\u0131n\u2019a s\u00f6yledi\u011fi k\u00fc\u00e7\u00fck bir repli\u011fin senin de i\u00e7inde oldu\u011fun belli bir tipolojiyi iyi tarif etti\u011fini d\u00fc\u015f\u00fcnd\u00fc\u011f\u00fcm\u00fc inkar edemem. Vicdan, ahlak, ideal, ilkeli olma, ya\u015fam\u0131n amac\u0131\u2026 bu s\u00f6zler a\u011fz\u0131ndan hi\u00e7 eksilmedi. Birini k\u00fc\u00e7\u00fck d\u00fc\u015f\u00fcrmek, incitmek, karalamak istedi\u011fin zaman hep b\u00f6yle s\u00f6zler s\u00f6ylersin. Ama bence, bir insan bu kelimeleri bu kadar fazla kullan\u0131yorsa esas ondan \u015f\u00fcphe etmek laz\u0131m\u2026\u201d<\/span><\/span><\/p>\n<p>&nbsp;<\/p>\n<p><span style=\"font-size:12pt\"><span style=\"font-family:Calibri,sans-serif\">&#8220;BUNDAN SONRA GEREKL\u0130L\u0130K DO\u011eARSA MAHKEME YOLUYLA DEVAM EDER\u0130M&#8221;<\/span><\/span><\/p>\n<p><span style=\"font-size:12pt\"><span style=\"font-family:Calibri,sans-serif\">Ceylan, mesaj\u0131n\u0131 \u015f\u00f6yle bitirdi:<\/span><\/span><\/p>\n<p>&nbsp;<\/p>\n<p><span style=\"font-size:12pt\"><span style=\"font-family:Calibri,sans-serif\">&#8220;Daha bir\u00e7ok \u015fey yazd\u0131m, sildim, vazge\u00e7tim. &#8216;Bir insan\u0131n karakteri onun yazg\u0131s\u0131d\u0131r&#8217; demi\u015f Herakleitos. Yapacak bir \u015fey yok. Kendimin ve \u00e7evremdeki insanlar\u0131n huzurunu daha fazla ka\u00e7\u0131rmayaca\u011f\u0131m. Ve bundan sonra da bir \u015fey yazmayaca\u011f\u0131m. B\u00f6yle bir gereklilik do\u011farsa da buna mahkeme yoluyla devam ederim. Seni kendi ger\u00e7e\u011finle ba\u015fba\u015fa b\u0131rak\u0131yorum. G\u00f6rd\u00fc\u011f\u00fcm kadar\u0131yla bu ceza sana zaten yetiyor. Herkese kavgas\u0131z d\u00f6v\u00fc\u015fs\u00fcz bir yeni y\u0131l dilerim.&#8221;<\/span><\/span><\/p>\n<p>&nbsp;<\/p>\n<p><span style=\"font-size:12pt\"><span style=\"font-family:Calibri,sans-serif\">NUR\u0130 B\u0130LGE CEYLAN \u0130LE ZEK\u0130 DEM\u0130RKUBUZ ARASINDA NE OLMU\u015eTU?<\/span><\/span><\/p>\n<p><span style=\"font-size:12pt\"><span style=\"font-family:Calibri,sans-serif\">Habert\u00fcrk televizyonunda konu\u015fan Demirkubuz, 2006 y\u0131l\u0131nda Kader adl\u0131 filminin Antalya Film Festivali\u2019nde En \u0130yi Film \u00f6d\u00fcl\u00fcn\u00fc ald\u0131\u011f\u0131 t\u00f6rende Nuri Bilge Ceylan\u2019\u0131n bay\u0131ld\u0131\u011f\u0131n\u0131 hat\u0131rlatarak \u015f\u00f6yle konu\u015fmu\u015ftu:<\/span><\/span><\/p>\n<p>&nbsp;<\/p>\n<p><span style=\"font-size:12pt\"><span style=\"font-family:Calibri,sans-serif\">&#8220;Hi\u00e7bir zaman s\u00f6ylendi\u011fi gibi \u00e7ok yak\u0131n arkada\u015f de\u011fildik. A\u00e7 kalsam ekmek paras\u0131 isteyece\u011fim biri de\u011fildi. Ama i\u015fte Semih Kaplano\u011flu gibi ya da ba\u015fka arkada\u015flar gibi g\u00f6r\u00fc\u015ft\u00fc\u011f\u00fcm bir arkada\u015ft\u0131. Ama ben midem bulan\u0131nca uzakla\u015ft\u0131m ama ili\u015fkimiz kopmad\u0131.&#8221;<\/span><\/span><\/p>\n<p>&nbsp;<\/p>\n<p><span style=\"font-size:12pt\"><span style=\"font-family:Calibri,sans-serif\">&#8220;\u0130klimler\u2019in kurgusu s\u0131ras\u0131nda \u00e7ok \u00e7i\u011f bir hareket yapt\u0131. O onu \u00e7ekti, ben Kader\u2019i \u00e7ektim&#8221; diyen Demirkubuz, \u015funlar\u0131 anlatm\u0131\u015ft\u0131:<\/span><\/span><\/p>\n<p>&nbsp;<\/p>\n<p><span style=\"font-size:12pt\"><span style=\"font-family:Calibri,sans-serif\">&#8220;O sene kader a\u011flar\u0131n\u0131 Antalya Film Festivali\u2019nde \u00f6rd\u00fc; En \u0130yi Film \u00f6d\u00fcl\u00fcn\u00fc 300 bin liraya \u00e7\u0131kard\u0131lar. 230 bin dolar. D\u00fcnyada e\u015fi yok. \u00d6d\u00fcl t\u00f6reninin a\u00e7\u0131klanaca\u011f\u0131 g\u00fcn otelin lobisinde otururken bu geldi, b\u00f6yle haval\u0131 haval\u0131 gevrek gevrek\u2026 J\u00fcride de Cannes\u2019dan bir lavuk var, bunun bir arkada\u015f\u0131. Hatta orada bunun esprisi oldu, herhalde sinyal ald\u0131 bu ondan keyfi yerinde diye. Benimle de konu\u015fuyor, geldi masam\u0131za oturdu, sohbet ettik.<\/span><\/span><\/p>\n<p>&nbsp;<\/p>\n<p><span style=\"font-size:12pt\"><span style=\"font-family:Calibri,sans-serif\">Ayn\u0131 ak\u015fam bunlar geldi yap\u0131mc\u0131s\u0131, kar\u0131s\u0131, kendisi, t\u00f6ren s\u0131ras\u0131nda \u00f6n\u00fcm\u00fcze oturdular, hi\u00e7 konu\u015fmad\u0131lar benimle\u2026 Ebru iki g\u00fcn \u00f6nce Kader\u2019i izleyince allak bullak oldu\u011funu s\u00f6yledi, aram\u0131z iyiydi. Neyse geldiler, konu\u015fmuyor. Arkas\u0131ndan seslendim de, bakmad\u0131 bile. Neyse vard\u0131r bir derdi dedim. \u0130ki tane \u00f6d\u00fcl ald\u0131, \u00e7\u0131kt\u0131 acayip k\u00fcsk\u00fcn falan.&nbsp; <\/span><\/span><\/p>\n<p>&nbsp;<\/p>\n<p><span style=\"font-size:12pt\"><span style=\"font-family:Calibri,sans-serif\">Sonra her \u015feyin \u00fcst\u00fcne yemin ediyorum bir tane bile Kader\u2019e \u015fey yok\u2026 Bizim zaten bir beklentimiz de kalmad\u0131. Tam b\u00f6yle en iyi film \u00f6d\u00fcl\u00fc a\u00e7\u0131klanmadan \u00f6nce bu pat bay\u0131ld\u0131. Gitti kald\u0131rd\u0131lar, hatta ben de yard\u0131m etmeye \u00e7al\u0131\u015ft\u0131m.&#8221;<\/span><\/span><\/p>\n<p>&nbsp;<\/p>\n<p><span style=\"font-size:12pt\"><span style=\"font-family:Calibri,sans-serif\">&#8220;A\u015eA\u011eILANAN BEN OLDUM AMA A\u015eA\u011eILIK OLAN KES\u0130NL\u0130KLE BEN DE\u011e\u0130L\u0130M&#8221;<\/span><\/span><\/p>\n<p><span style=\"font-size:12pt\"><span style=\"font-family:Calibri,sans-serif\">Nuri Bilge Ceylan&#8217;\u0131n 2014&#8217;te Cannes Film Festivali\u2019nde Alt\u0131n Palmiye kazand\u0131\u011f\u0131 &#8220;K\u0131\u015f Uykusu&#8221; filminin kitab\u0131 ge\u00e7ti\u011fimiz g\u00fcnlerde&nbsp; yay\u0131mland\u0131. Ceylan, kitapta &#8220;\u00dc\u00e7 Maymun&#8221; filmini Zeki Demirkubuz&#8217;un senaryosundan intihalle \u00e7ekti\u011fi iddias\u0131na yan\u0131t vermi\u015fti. Zeki Demirkubuz&#8217;un ger\u00e7e\u011fi bildi\u011fini belirten y\u00f6netmen, &#8220;\u00d6yle bir \u015fey yok ama nedense \u00f6yle bir \u015fey varm\u0131\u015f gibi bir izlenim yaratmay\u0131 tercih ediyor. Bence \u00e7ok ay\u0131p ediyor. Bunca y\u0131l arkada\u015fl\u0131k ettik, birbirimize ne yard\u0131mlar ettik sonu\u00e7ta&#8221; ifadelerini kullanm\u0131\u015ft\u0131.<\/span><\/span><\/p>\n<p>&nbsp;<\/p>\n<p><span style=\"font-size:12pt\"><span style=\"font-family:Calibri,sans-serif\">Ceylan konuyla ilgili de\u011ferlendirmesini &#8220;Y\u0131llar sonra yapt\u0131\u011f\u0131 bir s\u00f6yle\u015fide &#8216;\u00dc\u00e7 Maymun&#8217; filmini seyretmedi\u011fini de s\u00f6ylemi\u015f \u00fcstelik. \u0130nsan izlemedi\u011fini iddia etti\u011fi bir film i\u00e7in nas\u0131l b\u00f6yle \u015feyler ima eder? Bilmiyorum. Evet, a\u015fa\u011f\u0131lanan ben oldum belki burada ama a\u015fa\u011f\u0131l\u0131k olan kesinlikle ben de\u011filim&#8221; s\u00f6zleriyle bitirmi\u015fti.<\/span><\/span><\/p>\n<p>&nbsp;<\/p>\n<p><span style=\"font-size:12pt\"><span style=\"font-family:Calibri,sans-serif\">&#8220;\u0130MA ETMEM, \u00c7AT \u00c7AT S\u00d6YLER\u0130M\u201d<\/span><\/span><\/p>\n<p><span style=\"font-size:12pt\"><span style=\"font-family:Calibri,sans-serif\">Demirkubuz TV rogram\u0131nda, Nuri Bilge Ceylan\u2019\u0131n bu s\u00f6zlerine y\u00f6nelik olarak \u201c\u00dc\u00e7 Maymun&#8217;u izlemedim. Adilik yapmas\u0131n. \u00c7\u00fcnk\u00fc ben ima etmem, bir \u015fey varsa \u00e7at \u00e7at s\u00f6ylerim\u201d s\u00f6zleriyle cevap vermi\u015fti.<\/span><\/span><\/p>\n<p>&nbsp;<\/p>\n<p><span style=\"font-size:12pt\"><span style=\"font-family:Calibri,sans-serif\">TWITTER ORUCUNU BOZDU<\/span><\/span><\/p>\n<p><span style=\"font-size:12pt\"><span style=\"font-family:Calibri,sans-serif\">Nuri Bilge Ceylan, Demirkubuz&#8217;un ses getiren a\u00e7\u0131klamalar\u0131 sonras\u0131 \u00fc\u00e7 y\u0131ll\u0131k X (Twitter) orucunu bozmu\u015f ve ilk mesaj\u0131n\u0131 Demirkubuz&#8217;a yan\u0131t niyetiyle \u015f\u00f6yle atm\u0131\u015ft\u0131:<\/span><\/span><\/p>\n<p>&nbsp;<\/p>\n<p><span style=\"font-size:12pt\"><span style=\"font-family:Calibri,sans-serif\">&#8220;Ne s\u00f6ylerse s\u00f6ylesin cevap vermeyeyim diyordum, ama bu \u00fcslup kar\u015f\u0131s\u0131nda ne yaz\u0131k ki bu art\u0131k m\u00fcmk\u00fcn de\u011fil. Kendine \u015fimdiden bir YouTube kanal\u0131 a\u00e7arsa iyi eder. Yak\u0131nda&#8230;&#8221;<\/span><\/span><\/p>\n<p>&nbsp;<\/p>\n<p><span style=\"font-size:12pt\"><span style=\"font-family:Calibri,sans-serif\">&#8220;OTUR OTURDU\u011eUN YERDE&#8221;<\/span><\/span><\/p>\n<p><span style=\"font-size:12pt\"><span style=\"font-family:Calibri,sans-serif\">Zeki Demirkubuz, Nuri Bilge Ceylan&#8217;\u0131n sosyal medya mesaj\u0131 kar\u015f\u0131s\u0131nda X (Twitter) platformundan bir payla\u015f\u0131m yaparak \u015funlar\u0131 s\u00f6ylemi\u015fti:<\/span><\/span><\/p>\n<p>&nbsp;<\/p>\n<p><span style=\"font-size:12pt\"><span style=\"font-family:Calibri,sans-serif\">&#8220;Toplumun adalet duygusuna, muhalifim diye ge\u00e7inen bu dangalaklar\u0131n ger\u00e7e\u011fe merak\u0131na bir gram g\u00fcvensem ve milletin diline d\u00fc\u015fmekten \u00e7ekinmeseydim hesab\u0131 daha o zaman kapat\u0131r, seni de \u201cmilli kahraman\u201d yapard\u0131m. Tekrar s\u00f6yl\u00fcyorum otur oturdu\u011fun yerde ve di\u015fini s\u0131kmaya devam et.&#8221;<\/span><\/span><\/p>\n","protected":false},"excerpt":{"rendered":"<p>Bir d\u00f6nem iki yak\u0131n arkada\u015f olan T\u00fcrk sinemas\u0131n\u0131n iki \u00f6nemli y\u00f6netmeni Nuri Bilge Ceylan ile Zeki Demirkubuz&#8217;un uzun y\u0131llard\u0131r s\u00fcren k\u00fcsl\u00fc\u011f\u00fc 2023&#8217;\u00fcn son g\u00fcnlerine damgas\u0131n\u0131 vuran polemikle yeniden g\u00fcndeme geldi. &nbsp; Zeki Demirkubuz&#8217;un televizyon yay\u0131n\u0131nda, Nuri Bilge Ceylan hakk\u0131nda s\u00f6yledi\u011fi zehir zemberek s\u00f6zlere, Ceylan&#8217;\u0131n X (Twitter) platformundaki \u00fc\u00e7 y\u0131ll\u0131k mesaj yazmama orucunu bozarak yan\u0131t vermesi,<\/p>\n","protected":false},"author":1,"featured_media":24645,"comment_status":"open","ping_status":"open","sticky":false,"template":"","format":"standard","meta":{"footnotes":""},"categories":[79],"tags":[],"class_list":["post-24644","post","type-post","status-publish","format-standard","has-post-thumbnail","hentry","category-ekonomi"],"yoast_head":"<!-- This site is optimized with the Yoast SEO plugin v27.4 - https:\/\/yoast.com\/product\/yoast-seo-wordpress\/ -->\n<title>Nuri Bilge Ceylan&#039;dan Zeki Demirkubuz&#039;a son s\u00f6z -<\/title>\n<meta name=\"robots\" content=\"index, follow, max-snippet:-1, max-image-preview:large, max-video-preview:-1\" \/>\n<link rel=\"canonical\" href=\"https:\/\/kibrisdakik.com\/?p=24644\" \/>\n<meta property=\"og:locale\" content=\"tr_TR\" \/>\n<meta property=\"og:type\" content=\"article\" \/>\n<meta property=\"og:title\" content=\"Nuri Bilge Ceylan&#039;dan Zeki Demirkubuz&#039;a son s\u00f6z -\" \/>\n<meta property=\"og:description\" content=\"Bir d\u00f6nem iki yak\u0131n arkada\u015f olan T\u00fcrk sinemas\u0131n\u0131n iki \u00f6nemli y\u00f6netmeni Nuri Bilge Ceylan ile Zeki Demirkubuz&#8217;un uzun y\u0131llard\u0131r s\u00fcren k\u00fcsl\u00fc\u011f\u00fc 2023&#8217;\u00fcn son g\u00fcnlerine damgas\u0131n\u0131 vuran polemikle yeniden g\u00fcndeme geldi. &nbsp; Zeki Demirkubuz&#8217;un televizyon yay\u0131n\u0131nda, Nuri Bilge Ceylan hakk\u0131nda s\u00f6yledi\u011fi zehir zemberek s\u00f6zlere, Ceylan&#8217;\u0131n X (Twitter) platformundaki \u00fc\u00e7 y\u0131ll\u0131k mesaj yazmama orucunu bozarak yan\u0131t vermesi,\" \/>\n<meta property=\"og:url\" content=\"https:\/\/kibrisdakik.com\/?p=24644\" \/>\n<meta property=\"article:published_time\" content=\"2023-12-31T19:58:49+00:00\" \/>\n<meta property=\"og:image\" content=\"https:\/\/kibrisdakik.com\/wp-content\/uploads\/2023\/12\/nuri-bilge-ceylandan-zeki-demirkubuza-son-soz-1704051649.webp.webp\" \/>\n\t<meta property=\"og:image:width\" content=\"710\" \/>\n\t<meta property=\"og:image:height\" content=\"370\" \/>\n\t<meta property=\"og:image:type\" content=\"image\/webp\" \/>\n<meta name=\"author\" content=\"admin\" \/>\n<meta name=\"twitter:card\" content=\"summary_large_image\" \/>\n<meta name=\"twitter:label1\" content=\"Yazan:\" \/>\n\t<meta name=\"twitter:data1\" content=\"admin\" \/>\n\t<meta name=\"twitter:label2\" content=\"Tahmini okuma s\u00fcresi\" \/>\n\t<meta name=\"twitter:data2\" content=\"6 dakika\" \/>\n<script type=\"application\/ld+json\" class=\"yoast-schema-graph\">{\"@context\":\"https:\\\/\\\/schema.org\",\"@graph\":[{\"@type\":\"Article\",\"@id\":\"https:\\\/\\\/kibrisdakik.com\\\/?p=24644#article\",\"isPartOf\":{\"@id\":\"https:\\\/\\\/kibrisdakik.com\\\/?p=24644\"},\"author\":{\"name\":\"admin\",\"@id\":\"https:\\\/\\\/kibrisdakik.com\\\/#\\\/schema\\\/person\\\/9cd9d437bbb44f72b73ba127e06d8e79\"},\"headline\":\"Nuri Bilge Ceylan&#039;dan Zeki Demirkubuz&#039;a son s\u00f6z\",\"datePublished\":\"2023-12-31T19:58:49+00:00\",\"mainEntityOfPage\":{\"@id\":\"https:\\\/\\\/kibrisdakik.com\\\/?p=24644\"},\"wordCount\":1271,\"commentCount\":0,\"image\":{\"@id\":\"https:\\\/\\\/kibrisdakik.com\\\/?p=24644#primaryimage\"},\"thumbnailUrl\":\"https:\\\/\\\/kibrisdakik.com\\\/wp-content\\\/uploads\\\/2023\\\/12\\\/nuri-bilge-ceylandan-zeki-demirkubuza-son-soz-1704051649.webp.webp\",\"articleSection\":[\"Ekonomi\"],\"inLanguage\":\"tr\",\"potentialAction\":[{\"@type\":\"CommentAction\",\"name\":\"Comment\",\"target\":[\"https:\\\/\\\/kibrisdakik.com\\\/?p=24644#respond\"]}]},{\"@type\":\"WebPage\",\"@id\":\"https:\\\/\\\/kibrisdakik.com\\\/?p=24644\",\"url\":\"https:\\\/\\\/kibrisdakik.com\\\/?p=24644\",\"name\":\"Nuri Bilge Ceylan&#039;dan Zeki Demirkubuz&#039;a son s\u00f6z -\",\"isPartOf\":{\"@id\":\"https:\\\/\\\/kibrisdakik.com\\\/#website\"},\"primaryImageOfPage\":{\"@id\":\"https:\\\/\\\/kibrisdakik.com\\\/?p=24644#primaryimage\"},\"image\":{\"@id\":\"https:\\\/\\\/kibrisdakik.com\\\/?p=24644#primaryimage\"},\"thumbnailUrl\":\"https:\\\/\\\/kibrisdakik.com\\\/wp-content\\\/uploads\\\/2023\\\/12\\\/nuri-bilge-ceylandan-zeki-demirkubuza-son-soz-1704051649.webp.webp\",\"datePublished\":\"2023-12-31T19:58:49+00:00\",\"author\":{\"@id\":\"https:\\\/\\\/kibrisdakik.com\\\/#\\\/schema\\\/person\\\/9cd9d437bbb44f72b73ba127e06d8e79\"},\"breadcrumb\":{\"@id\":\"https:\\\/\\\/kibrisdakik.com\\\/?p=24644#breadcrumb\"},\"inLanguage\":\"tr\",\"potentialAction\":[{\"@type\":\"ReadAction\",\"target\":[\"https:\\\/\\\/kibrisdakik.com\\\/?p=24644\"]}]},{\"@type\":\"ImageObject\",\"inLanguage\":\"tr\",\"@id\":\"https:\\\/\\\/kibrisdakik.com\\\/?p=24644#primaryimage\",\"url\":\"https:\\\/\\\/kibrisdakik.com\\\/wp-content\\\/uploads\\\/2023\\\/12\\\/nuri-bilge-ceylandan-zeki-demirkubuza-son-soz-1704051649.webp.webp\",\"contentUrl\":\"https:\\\/\\\/kibrisdakik.com\\\/wp-content\\\/uploads\\\/2023\\\/12\\\/nuri-bilge-ceylandan-zeki-demirkubuza-son-soz-1704051649.webp.webp\",\"width\":710,\"height\":370},{\"@type\":\"BreadcrumbList\",\"@id\":\"https:\\\/\\\/kibrisdakik.com\\\/?p=24644#breadcrumb\",\"itemListElement\":[{\"@type\":\"ListItem\",\"position\":1,\"name\":\"Home\",\"item\":\"https:\\\/\\\/kibrisdakik.com\\\/\"},{\"@type\":\"ListItem\",\"position\":2,\"name\":\"Nuri Bilge Ceylan&#039;dan Zeki Demirkubuz&#039;a son s\u00f6z\"}]},{\"@type\":\"WebSite\",\"@id\":\"https:\\\/\\\/kibrisdakik.com\\\/#website\",\"url\":\"https:\\\/\\\/kibrisdakik.com\\\/\",\"name\":\"\",\"description\":\"Tam vaktinde haber\",\"potentialAction\":[{\"@type\":\"SearchAction\",\"target\":{\"@type\":\"EntryPoint\",\"urlTemplate\":\"https:\\\/\\\/kibrisdakik.com\\\/?s={search_term_string}\"},\"query-input\":{\"@type\":\"PropertyValueSpecification\",\"valueRequired\":true,\"valueName\":\"search_term_string\"}}],\"inLanguage\":\"tr\"},{\"@type\":\"Person\",\"@id\":\"https:\\\/\\\/kibrisdakik.com\\\/#\\\/schema\\\/person\\\/9cd9d437bbb44f72b73ba127e06d8e79\",\"name\":\"admin\",\"image\":{\"@type\":\"ImageObject\",\"inLanguage\":\"tr\",\"@id\":\"https:\\\/\\\/secure.gravatar.com\\\/avatar\\\/ccc17943b9d660506c869530f897617f7cb1c21a4bf30023f252596d83e1f007?s=96&d=mm&r=g\",\"url\":\"https:\\\/\\\/secure.gravatar.com\\\/avatar\\\/ccc17943b9d660506c869530f897617f7cb1c21a4bf30023f252596d83e1f007?s=96&d=mm&r=g\",\"contentUrl\":\"https:\\\/\\\/secure.gravatar.com\\\/avatar\\\/ccc17943b9d660506c869530f897617f7cb1c21a4bf30023f252596d83e1f007?s=96&d=mm&r=g\",\"caption\":\"admin\"},\"sameAs\":[\"https:\\\/\\\/kibrisdakik.com\"],\"url\":\"https:\\\/\\\/kibrisdakik.com\\\/?author=1\"}]}<\/script>\n<!-- \/ Yoast SEO plugin. -->","yoast_head_json":{"title":"Nuri Bilge Ceylan&#039;dan Zeki Demirkubuz&#039;a son s\u00f6z -","robots":{"index":"index","follow":"follow","max-snippet":"max-snippet:-1","max-image-preview":"max-image-preview:large","max-video-preview":"max-video-preview:-1"},"canonical":"https:\/\/kibrisdakik.com\/?p=24644","og_locale":"tr_TR","og_type":"article","og_title":"Nuri Bilge Ceylan&#039;dan Zeki Demirkubuz&#039;a son s\u00f6z -","og_description":"Bir d\u00f6nem iki yak\u0131n arkada\u015f olan T\u00fcrk sinemas\u0131n\u0131n iki \u00f6nemli y\u00f6netmeni Nuri Bilge Ceylan ile Zeki Demirkubuz&#8217;un uzun y\u0131llard\u0131r s\u00fcren k\u00fcsl\u00fc\u011f\u00fc 2023&#8217;\u00fcn son g\u00fcnlerine damgas\u0131n\u0131 vuran polemikle yeniden g\u00fcndeme geldi. &nbsp; Zeki Demirkubuz&#8217;un televizyon yay\u0131n\u0131nda, Nuri Bilge Ceylan hakk\u0131nda s\u00f6yledi\u011fi zehir zemberek s\u00f6zlere, Ceylan&#8217;\u0131n X (Twitter) platformundaki \u00fc\u00e7 y\u0131ll\u0131k mesaj yazmama orucunu bozarak yan\u0131t vermesi,","og_url":"https:\/\/kibrisdakik.com\/?p=24644","article_published_time":"2023-12-31T19:58:49+00:00","og_image":[{"width":710,"height":370,"url":"https:\/\/kibrisdakik.com\/wp-content\/uploads\/2023\/12\/nuri-bilge-ceylandan-zeki-demirkubuza-son-soz-1704051649.webp.webp","type":"image\/webp"}],"author":"admin","twitter_card":"summary_large_image","twitter_misc":{"Yazan:":"admin","Tahmini okuma s\u00fcresi":"6 dakika"},"schema":{"@context":"https:\/\/schema.org","@graph":[{"@type":"Article","@id":"https:\/\/kibrisdakik.com\/?p=24644#article","isPartOf":{"@id":"https:\/\/kibrisdakik.com\/?p=24644"},"author":{"name":"admin","@id":"https:\/\/kibrisdakik.com\/#\/schema\/person\/9cd9d437bbb44f72b73ba127e06d8e79"},"headline":"Nuri Bilge Ceylan&#039;dan Zeki Demirkubuz&#039;a son s\u00f6z","datePublished":"2023-12-31T19:58:49+00:00","mainEntityOfPage":{"@id":"https:\/\/kibrisdakik.com\/?p=24644"},"wordCount":1271,"commentCount":0,"image":{"@id":"https:\/\/kibrisdakik.com\/?p=24644#primaryimage"},"thumbnailUrl":"https:\/\/kibrisdakik.com\/wp-content\/uploads\/2023\/12\/nuri-bilge-ceylandan-zeki-demirkubuza-son-soz-1704051649.webp.webp","articleSection":["Ekonomi"],"inLanguage":"tr","potentialAction":[{"@type":"CommentAction","name":"Comment","target":["https:\/\/kibrisdakik.com\/?p=24644#respond"]}]},{"@type":"WebPage","@id":"https:\/\/kibrisdakik.com\/?p=24644","url":"https:\/\/kibrisdakik.com\/?p=24644","name":"Nuri Bilge Ceylan&#039;dan Zeki Demirkubuz&#039;a son s\u00f6z -","isPartOf":{"@id":"https:\/\/kibrisdakik.com\/#website"},"primaryImageOfPage":{"@id":"https:\/\/kibrisdakik.com\/?p=24644#primaryimage"},"image":{"@id":"https:\/\/kibrisdakik.com\/?p=24644#primaryimage"},"thumbnailUrl":"https:\/\/kibrisdakik.com\/wp-content\/uploads\/2023\/12\/nuri-bilge-ceylandan-zeki-demirkubuza-son-soz-1704051649.webp.webp","datePublished":"2023-12-31T19:58:49+00:00","author":{"@id":"https:\/\/kibrisdakik.com\/#\/schema\/person\/9cd9d437bbb44f72b73ba127e06d8e79"},"breadcrumb":{"@id":"https:\/\/kibrisdakik.com\/?p=24644#breadcrumb"},"inLanguage":"tr","potentialAction":[{"@type":"ReadAction","target":["https:\/\/kibrisdakik.com\/?p=24644"]}]},{"@type":"ImageObject","inLanguage":"tr","@id":"https:\/\/kibrisdakik.com\/?p=24644#primaryimage","url":"https:\/\/kibrisdakik.com\/wp-content\/uploads\/2023\/12\/nuri-bilge-ceylandan-zeki-demirkubuza-son-soz-1704051649.webp.webp","contentUrl":"https:\/\/kibrisdakik.com\/wp-content\/uploads\/2023\/12\/nuri-bilge-ceylandan-zeki-demirkubuza-son-soz-1704051649.webp.webp","width":710,"height":370},{"@type":"BreadcrumbList","@id":"https:\/\/kibrisdakik.com\/?p=24644#breadcrumb","itemListElement":[{"@type":"ListItem","position":1,"name":"Home","item":"https:\/\/kibrisdakik.com\/"},{"@type":"ListItem","position":2,"name":"Nuri Bilge Ceylan&#039;dan Zeki Demirkubuz&#039;a son s\u00f6z"}]},{"@type":"WebSite","@id":"https:\/\/kibrisdakik.com\/#website","url":"https:\/\/kibrisdakik.com\/","name":"","description":"Tam vaktinde haber","potentialAction":[{"@type":"SearchAction","target":{"@type":"EntryPoint","urlTemplate":"https:\/\/kibrisdakik.com\/?s={search_term_string}"},"query-input":{"@type":"PropertyValueSpecification","valueRequired":true,"valueName":"search_term_string"}}],"inLanguage":"tr"},{"@type":"Person","@id":"https:\/\/kibrisdakik.com\/#\/schema\/person\/9cd9d437bbb44f72b73ba127e06d8e79","name":"admin","image":{"@type":"ImageObject","inLanguage":"tr","@id":"https:\/\/secure.gravatar.com\/avatar\/ccc17943b9d660506c869530f897617f7cb1c21a4bf30023f252596d83e1f007?s=96&d=mm&r=g","url":"https:\/\/secure.gravatar.com\/avatar\/ccc17943b9d660506c869530f897617f7cb1c21a4bf30023f252596d83e1f007?s=96&d=mm&r=g","contentUrl":"https:\/\/secure.gravatar.com\/avatar\/ccc17943b9d660506c869530f897617f7cb1c21a4bf30023f252596d83e1f007?s=96&d=mm&r=g","caption":"admin"},"sameAs":["https:\/\/kibrisdakik.com"],"url":"https:\/\/kibrisdakik.com\/?author=1"}]}},"_links":{"self":[{"href":"https:\/\/kibrisdakik.com\/index.php?rest_route=\/wp\/v2\/posts\/24644","targetHints":{"allow":["GET"]}}],"collection":[{"href":"https:\/\/kibrisdakik.com\/index.php?rest_route=\/wp\/v2\/posts"}],"about":[{"href":"https:\/\/kibrisdakik.com\/index.php?rest_route=\/wp\/v2\/types\/post"}],"author":[{"embeddable":true,"href":"https:\/\/kibrisdakik.com\/index.php?rest_route=\/wp\/v2\/users\/1"}],"replies":[{"embeddable":true,"href":"https:\/\/kibrisdakik.com\/index.php?rest_route=%2Fwp%2Fv2%2Fcomments&post=24644"}],"version-history":[{"count":0,"href":"https:\/\/kibrisdakik.com\/index.php?rest_route=\/wp\/v2\/posts\/24644\/revisions"}],"wp:featuredmedia":[{"embeddable":true,"href":"https:\/\/kibrisdakik.com\/index.php?rest_route=\/wp\/v2\/media\/24645"}],"wp:attachment":[{"href":"https:\/\/kibrisdakik.com\/index.php?rest_route=%2Fwp%2Fv2%2Fmedia&parent=24644"}],"wp:term":[{"taxonomy":"category","embeddable":true,"href":"https:\/\/kibrisdakik.com\/index.php?rest_route=%2Fwp%2Fv2%2Fcategories&post=24644"},{"taxonomy":"post_tag","embeddable":true,"href":"https:\/\/kibrisdakik.com\/index.php?rest_route=%2Fwp%2Fv2%2Ftags&post=24644"}],"curies":[{"name":"wp","href":"https:\/\/api.w.org\/{rel}","templated":true}]}}