{"id":24692,"date":"2024-01-01T12:56:53","date_gmt":"2024-01-01T12:56:53","guid":{"rendered":"https:\/\/kibrisdakik.com\/index.php\/2024\/01\/01\/ibrahim-tatlises-ve-serdar-ortac-kibrisi-yakti-gecti\/"},"modified":"2024-01-01T12:56:53","modified_gmt":"2024-01-01T12:56:53","slug":"ibrahim-tatlises-ve-serdar-ortac-kibrisi-yakti-gecti","status":"publish","type":"post","link":"https:\/\/kibrisdakik.com\/?p=24692","title":{"rendered":"\u0130BRAH\u0130M TATLISES VE SERDAR ORTA\u00c7 KIBRIS\u2019I YAKTI GE\u00c7T\u0130"},"content":{"rendered":"<p><img decoding=\"async\" src=\"https:\/\/www.kibristurk.com\/images\/haberler\/2024\/01\/ibrahim-tatlises-ve-serdar-ortac-kibrisi-yakti-gecti-1704112228.webp\" \/><\/p>\n<p>YEN\u0130 YILA \u0130K\u0130 YILDIZLA \u201cMERHABA\u201d<br \/>\nYILBA\u015eI E\u011eLENCES\u0130 SERDAR ORTA\u00c7\u2019LA YA\u015eANDI<br \/>\nKIBRIS\u2019TA 13 YIL SONRA \u0130BRAH\u0130M TATLISES R\u00dcZGARI<br \/>\n&nbsp;\u2018Karabiberim\u2019, \u2018Beni Unut\u2019, \u2018Sana De\u011fmez\u2019, \u2018Gamzelim\u2019 gibi hit par\u00e7alar\u0131n\u0131 art arda seslendiren Serdar Orta\u00e7, renkli sahne \u015fovu ve enerjisiyle m\u00fczikseverleri doyas\u0131ya e\u011flendirdi. Ge\u00e7mi\u015ften bug\u00fcne haz\u0131rlad\u0131\u011f\u0131 geni\u015f repertuvar\u0131nda en sevilen \u015fark\u0131lar\u0131n\u0131 m\u00fczikseverlerle hep bir a\u011f\u0131zdan seslendiren \u00fcnl\u00fc pop\u00e7u, hayranlar\u0131n\u0131 dansa, m\u00fczi\u011fe doyurdu. Sevenlerinin yeni y\u0131l\u0131n\u0131 kutlayan \u00fcnl\u00fc sanat\u00e7\u0131, \u201cY\u0131llar sonra imparator ile yeni y\u0131la girmenin onuru ve mutlulu\u011fu i\u00e7indeyim.2024 \u00e7ok g\u00fczel bir sene olacak. Herkese mutlu y\u0131llar dilerim.\u201d s\u00f6zlerine yer verdi. Orta\u00e7\u2019\u0131n ard\u0131ndan usta sanat\u00e7\u0131 \u0130brahim Tatl\u0131ses\u2019in performans\u0131yla devam eden gece de unutulmaz bir m\u00fczik \u015f\u00f6lenine imza at\u0131ld\u0131.<\/p>\n<p>13 y\u0131l aran\u0131n ard\u0131ndan K\u0131br\u0131sl\u0131 hayranlar\u0131yla bir araya gelmenin mutlulu\u011funu ya\u015fayan \u0130brahim Tatl\u0131ses \u201c2024\u2019e girerken sizinle burada bulu\u015fuyor olmaktan \u00e7ok mutluyum&#8230; Sa\u011fl\u0131k, mutluluk her zaman sizinle olsun.\u201d s\u00f6zleriyle herkesin yeni y\u0131l\u0131n\u0131 kutlad\u0131. G\u00f6rkemli y\u0131lba\u015f\u0131 gecesinde, dev orkestras\u0131yla kulaklar\u0131n pas\u0131n\u0131 silen imparator y\u0131llara meydan okuyan klasikleriyle mest etti. \u201cYaln\u0131z\u0131m Dostlar\u0131m\u201d, \u201cBebe\u011fim\u201d performanslar\u0131 ile ayakta alk\u0131\u015fland\u0131, \u201cAdana\u2019ya Gidek Mi\u201d, \u201cMavi Mavi\u201d par\u00e7alar\u0131yla da K\u0131br\u0131s\u2019\u0131 aya\u011fa kald\u0131rd\u0131. Gecenin ilerleyen saatlerinde d\u00fcetleriyle y\u0131lba\u015f\u0131 e\u011flencesini renklendiren ikili performanslar\u0131yla damgas\u0131n\u0131 vurdu.<\/p>\n<p>\u0130MPARATORA EK\u0130B\u0130NDEN DO\u011eUM G\u00dcN\u00dc S\u00dcRPR\u0130Z\u0130<\/p>\n<p>1 Ocak do\u011fumlu olan sanat\u00e7\u0131 \u0130brahim Tatl\u0131ses, 72&#8217;nci ya\u015f\u0131n\u0131 K\u0131br\u0131s\u2019ta sahne sonras\u0131 ekibiyle birlikte kutlad\u0131. Ekip arkada\u015flar\u0131n\u0131n anlaml\u0131 s\u00fcrprizi kar\u015f\u0131s\u0131nda duygusal anlar ya\u015fayan imparator g\u00f6zya\u015flar\u0131na hakim olamad\u0131.<\/p>\n","protected":false},"excerpt":{"rendered":"<p>YEN\u0130 YILA \u0130K\u0130 YILDIZLA \u201cMERHABA\u201d YILBA\u015eI E\u011eLENCES\u0130 SERDAR ORTA\u00c7\u2019LA YA\u015eANDI KIBRIS\u2019TA 13 YIL SONRA \u0130BRAH\u0130M TATLISES R\u00dcZGARI &nbsp;\u2018Karabiberim\u2019, \u2018Beni Unut\u2019, \u2018Sana De\u011fmez\u2019, \u2018Gamzelim\u2019 gibi hit par\u00e7alar\u0131n\u0131 art arda seslendiren Serdar Orta\u00e7, renkli sahne \u015fovu ve enerjisiyle m\u00fczikseverleri doyas\u0131ya e\u011flendirdi. Ge\u00e7mi\u015ften bug\u00fcne haz\u0131rlad\u0131\u011f\u0131 geni\u015f repertuvar\u0131nda en sevilen \u015fark\u0131lar\u0131n\u0131 m\u00fczikseverlerle hep bir a\u011f\u0131zdan seslendiren \u00fcnl\u00fc pop\u00e7u, hayranlar\u0131n\u0131<\/p>\n","protected":false},"author":1,"featured_media":24693,"comment_status":"open","ping_status":"open","sticky":false,"template":"","format":"standard","meta":{"footnotes":""},"categories":[85],"tags":[],"class_list":["post-24692","post","type-post","status-publish","format-standard","has-post-thumbnail","hentry","category-spor"],"yoast_head":"<!-- This site is optimized with the Yoast SEO plugin v27.5 - https:\/\/yoast.com\/product\/yoast-seo-wordpress\/ -->\n<title>\u0130BRAH\u0130M TATLISES VE SERDAR ORTA\u00c7 KIBRIS\u2019I YAKTI GE\u00c7T\u0130 -<\/title>\n<meta name=\"robots\" content=\"index, follow, max-snippet:-1, max-image-preview:large, max-video-preview:-1\" \/>\n<link rel=\"canonical\" href=\"https:\/\/kibrisdakik.com\/?p=24692\" \/>\n<meta property=\"og:locale\" content=\"tr_TR\" \/>\n<meta property=\"og:type\" content=\"article\" \/>\n<meta property=\"og:title\" content=\"\u0130BRAH\u0130M TATLISES VE SERDAR ORTA\u00c7 KIBRIS\u2019I YAKTI GE\u00c7T\u0130 -\" \/>\n<meta property=\"og:description\" content=\"YEN\u0130 YILA \u0130K\u0130 YILDIZLA \u201cMERHABA\u201d YILBA\u015eI E\u011eLENCES\u0130 SERDAR ORTA\u00c7\u2019LA YA\u015eANDI KIBRIS\u2019TA 13 YIL SONRA \u0130BRAH\u0130M TATLISES R\u00dcZGARI &nbsp;\u2018Karabiberim\u2019, \u2018Beni Unut\u2019, \u2018Sana De\u011fmez\u2019, \u2018Gamzelim\u2019 gibi hit par\u00e7alar\u0131n\u0131 art arda seslendiren Serdar Orta\u00e7, renkli sahne \u015fovu ve enerjisiyle m\u00fczikseverleri doyas\u0131ya e\u011flendirdi. Ge\u00e7mi\u015ften bug\u00fcne haz\u0131rlad\u0131\u011f\u0131 geni\u015f repertuvar\u0131nda en sevilen \u015fark\u0131lar\u0131n\u0131 m\u00fczikseverlerle hep bir a\u011f\u0131zdan seslendiren \u00fcnl\u00fc pop\u00e7u, hayranlar\u0131n\u0131\" \/>\n<meta property=\"og:url\" content=\"https:\/\/kibrisdakik.com\/?p=24692\" \/>\n<meta property=\"article:published_time\" content=\"2024-01-01T12:56:53+00:00\" \/>\n<meta property=\"og:image\" content=\"https:\/\/kibrisdakik.com\/wp-content\/uploads\/2024\/01\/ibrahim-tatlises-ve-serdar-ortac-kibrisi-yakti-gecti-1704112228.webp.webp\" \/>\n\t<meta property=\"og:image:width\" content=\"710\" \/>\n\t<meta property=\"og:image:height\" content=\"370\" \/>\n\t<meta property=\"og:image:type\" content=\"image\/webp\" \/>\n<meta name=\"author\" content=\"admin\" \/>\n<meta name=\"twitter:card\" content=\"summary_large_image\" \/>\n<meta name=\"twitter:label1\" content=\"Yazan:\" \/>\n\t<meta name=\"twitter:data1\" content=\"admin\" \/>\n\t<meta name=\"twitter:label2\" content=\"Tahmini okuma s\u00fcresi\" \/>\n\t<meta name=\"twitter:data2\" content=\"2 dakika\" \/>\n<script type=\"application\/ld+json\" class=\"yoast-schema-graph\">{\"@context\":\"https:\\\/\\\/schema.org\",\"@graph\":[{\"@type\":\"Article\",\"@id\":\"https:\\\/\\\/kibrisdakik.com\\\/?p=24692#article\",\"isPartOf\":{\"@id\":\"https:\\\/\\\/kibrisdakik.com\\\/?p=24692\"},\"author\":{\"name\":\"admin\",\"@id\":\"https:\\\/\\\/kibrisdakik.com\\\/#\\\/schema\\\/person\\\/9cd9d437bbb44f72b73ba127e06d8e79\"},\"headline\":\"\u0130BRAH\u0130M TATLISES VE SERDAR ORTA\u00c7 KIBRIS\u2019I YAKTI GE\u00c7T\u0130\",\"datePublished\":\"2024-01-01T12:56:53+00:00\",\"mainEntityOfPage\":{\"@id\":\"https:\\\/\\\/kibrisdakik.com\\\/?p=24692\"},\"wordCount\":322,\"commentCount\":0,\"image\":{\"@id\":\"https:\\\/\\\/kibrisdakik.com\\\/?p=24692#primaryimage\"},\"thumbnailUrl\":\"https:\\\/\\\/kibrisdakik.com\\\/wp-content\\\/uploads\\\/2024\\\/01\\\/ibrahim-tatlises-ve-serdar-ortac-kibrisi-yakti-gecti-1704112228.webp.webp\",\"articleSection\":[\"Spor\"],\"inLanguage\":\"tr\",\"potentialAction\":[{\"@type\":\"CommentAction\",\"name\":\"Comment\",\"target\":[\"https:\\\/\\\/kibrisdakik.com\\\/?p=24692#respond\"]}]},{\"@type\":\"WebPage\",\"@id\":\"https:\\\/\\\/kibrisdakik.com\\\/?p=24692\",\"url\":\"https:\\\/\\\/kibrisdakik.com\\\/?p=24692\",\"name\":\"\u0130BRAH\u0130M TATLISES VE SERDAR ORTA\u00c7 KIBRIS\u2019I YAKTI GE\u00c7T\u0130 -\",\"isPartOf\":{\"@id\":\"https:\\\/\\\/kibrisdakik.com\\\/#website\"},\"primaryImageOfPage\":{\"@id\":\"https:\\\/\\\/kibrisdakik.com\\\/?p=24692#primaryimage\"},\"image\":{\"@id\":\"https:\\\/\\\/kibrisdakik.com\\\/?p=24692#primaryimage\"},\"thumbnailUrl\":\"https:\\\/\\\/kibrisdakik.com\\\/wp-content\\\/uploads\\\/2024\\\/01\\\/ibrahim-tatlises-ve-serdar-ortac-kibrisi-yakti-gecti-1704112228.webp.webp\",\"datePublished\":\"2024-01-01T12:56:53+00:00\",\"author\":{\"@id\":\"https:\\\/\\\/kibrisdakik.com\\\/#\\\/schema\\\/person\\\/9cd9d437bbb44f72b73ba127e06d8e79\"},\"breadcrumb\":{\"@id\":\"https:\\\/\\\/kibrisdakik.com\\\/?p=24692#breadcrumb\"},\"inLanguage\":\"tr\",\"potentialAction\":[{\"@type\":\"ReadAction\",\"target\":[\"https:\\\/\\\/kibrisdakik.com\\\/?p=24692\"]}]},{\"@type\":\"ImageObject\",\"inLanguage\":\"tr\",\"@id\":\"https:\\\/\\\/kibrisdakik.com\\\/?p=24692#primaryimage\",\"url\":\"https:\\\/\\\/kibrisdakik.com\\\/wp-content\\\/uploads\\\/2024\\\/01\\\/ibrahim-tatlises-ve-serdar-ortac-kibrisi-yakti-gecti-1704112228.webp.webp\",\"contentUrl\":\"https:\\\/\\\/kibrisdakik.com\\\/wp-content\\\/uploads\\\/2024\\\/01\\\/ibrahim-tatlises-ve-serdar-ortac-kibrisi-yakti-gecti-1704112228.webp.webp\",\"width\":710,\"height\":370},{\"@type\":\"BreadcrumbList\",\"@id\":\"https:\\\/\\\/kibrisdakik.com\\\/?p=24692#breadcrumb\",\"itemListElement\":[{\"@type\":\"ListItem\",\"position\":1,\"name\":\"Home\",\"item\":\"https:\\\/\\\/kibrisdakik.com\\\/\"},{\"@type\":\"ListItem\",\"position\":2,\"name\":\"\u0130BRAH\u0130M TATLISES VE SERDAR ORTA\u00c7 KIBRIS\u2019I YAKTI GE\u00c7T\u0130\"}]},{\"@type\":\"WebSite\",\"@id\":\"https:\\\/\\\/kibrisdakik.com\\\/#website\",\"url\":\"https:\\\/\\\/kibrisdakik.com\\\/\",\"name\":\"\",\"description\":\"Tam vaktinde haber\",\"potentialAction\":[{\"@type\":\"SearchAction\",\"target\":{\"@type\":\"EntryPoint\",\"urlTemplate\":\"https:\\\/\\\/kibrisdakik.com\\\/?s={search_term_string}\"},\"query-input\":{\"@type\":\"PropertyValueSpecification\",\"valueRequired\":true,\"valueName\":\"search_term_string\"}}],\"inLanguage\":\"tr\"},{\"@type\":\"Person\",\"@id\":\"https:\\\/\\\/kibrisdakik.com\\\/#\\\/schema\\\/person\\\/9cd9d437bbb44f72b73ba127e06d8e79\",\"name\":\"admin\",\"image\":{\"@type\":\"ImageObject\",\"inLanguage\":\"tr\",\"@id\":\"https:\\\/\\\/secure.gravatar.com\\\/avatar\\\/ccc17943b9d660506c869530f897617f7cb1c21a4bf30023f252596d83e1f007?s=96&d=mm&r=g\",\"url\":\"https:\\\/\\\/secure.gravatar.com\\\/avatar\\\/ccc17943b9d660506c869530f897617f7cb1c21a4bf30023f252596d83e1f007?s=96&d=mm&r=g\",\"contentUrl\":\"https:\\\/\\\/secure.gravatar.com\\\/avatar\\\/ccc17943b9d660506c869530f897617f7cb1c21a4bf30023f252596d83e1f007?s=96&d=mm&r=g\",\"caption\":\"admin\"},\"sameAs\":[\"https:\\\/\\\/kibrisdakik.com\"],\"url\":\"https:\\\/\\\/kibrisdakik.com\\\/?author=1\"}]}<\/script>\n<!-- \/ Yoast SEO plugin. -->","yoast_head_json":{"title":"\u0130BRAH\u0130M TATLISES VE SERDAR ORTA\u00c7 KIBRIS\u2019I YAKTI GE\u00c7T\u0130 -","robots":{"index":"index","follow":"follow","max-snippet":"max-snippet:-1","max-image-preview":"max-image-preview:large","max-video-preview":"max-video-preview:-1"},"canonical":"https:\/\/kibrisdakik.com\/?p=24692","og_locale":"tr_TR","og_type":"article","og_title":"\u0130BRAH\u0130M TATLISES VE SERDAR ORTA\u00c7 KIBRIS\u2019I YAKTI GE\u00c7T\u0130 -","og_description":"YEN\u0130 YILA \u0130K\u0130 YILDIZLA \u201cMERHABA\u201d YILBA\u015eI E\u011eLENCES\u0130 SERDAR ORTA\u00c7\u2019LA YA\u015eANDI KIBRIS\u2019TA 13 YIL SONRA \u0130BRAH\u0130M TATLISES R\u00dcZGARI &nbsp;\u2018Karabiberim\u2019, \u2018Beni Unut\u2019, \u2018Sana De\u011fmez\u2019, \u2018Gamzelim\u2019 gibi hit par\u00e7alar\u0131n\u0131 art arda seslendiren Serdar Orta\u00e7, renkli sahne \u015fovu ve enerjisiyle m\u00fczikseverleri doyas\u0131ya e\u011flendirdi. Ge\u00e7mi\u015ften bug\u00fcne haz\u0131rlad\u0131\u011f\u0131 geni\u015f repertuvar\u0131nda en sevilen \u015fark\u0131lar\u0131n\u0131 m\u00fczikseverlerle hep bir a\u011f\u0131zdan seslendiren \u00fcnl\u00fc pop\u00e7u, hayranlar\u0131n\u0131","og_url":"https:\/\/kibrisdakik.com\/?p=24692","article_published_time":"2024-01-01T12:56:53+00:00","og_image":[{"width":710,"height":370,"url":"https:\/\/kibrisdakik.com\/wp-content\/uploads\/2024\/01\/ibrahim-tatlises-ve-serdar-ortac-kibrisi-yakti-gecti-1704112228.webp.webp","type":"image\/webp"}],"author":"admin","twitter_card":"summary_large_image","twitter_misc":{"Yazan:":"admin","Tahmini okuma s\u00fcresi":"2 dakika"},"schema":{"@context":"https:\/\/schema.org","@graph":[{"@type":"Article","@id":"https:\/\/kibrisdakik.com\/?p=24692#article","isPartOf":{"@id":"https:\/\/kibrisdakik.com\/?p=24692"},"author":{"name":"admin","@id":"https:\/\/kibrisdakik.com\/#\/schema\/person\/9cd9d437bbb44f72b73ba127e06d8e79"},"headline":"\u0130BRAH\u0130M TATLISES VE SERDAR ORTA\u00c7 KIBRIS\u2019I YAKTI GE\u00c7T\u0130","datePublished":"2024-01-01T12:56:53+00:00","mainEntityOfPage":{"@id":"https:\/\/kibrisdakik.com\/?p=24692"},"wordCount":322,"commentCount":0,"image":{"@id":"https:\/\/kibrisdakik.com\/?p=24692#primaryimage"},"thumbnailUrl":"https:\/\/kibrisdakik.com\/wp-content\/uploads\/2024\/01\/ibrahim-tatlises-ve-serdar-ortac-kibrisi-yakti-gecti-1704112228.webp.webp","articleSection":["Spor"],"inLanguage":"tr","potentialAction":[{"@type":"CommentAction","name":"Comment","target":["https:\/\/kibrisdakik.com\/?p=24692#respond"]}]},{"@type":"WebPage","@id":"https:\/\/kibrisdakik.com\/?p=24692","url":"https:\/\/kibrisdakik.com\/?p=24692","name":"\u0130BRAH\u0130M TATLISES VE SERDAR ORTA\u00c7 KIBRIS\u2019I YAKTI GE\u00c7T\u0130 -","isPartOf":{"@id":"https:\/\/kibrisdakik.com\/#website"},"primaryImageOfPage":{"@id":"https:\/\/kibrisdakik.com\/?p=24692#primaryimage"},"image":{"@id":"https:\/\/kibrisdakik.com\/?p=24692#primaryimage"},"thumbnailUrl":"https:\/\/kibrisdakik.com\/wp-content\/uploads\/2024\/01\/ibrahim-tatlises-ve-serdar-ortac-kibrisi-yakti-gecti-1704112228.webp.webp","datePublished":"2024-01-01T12:56:53+00:00","author":{"@id":"https:\/\/kibrisdakik.com\/#\/schema\/person\/9cd9d437bbb44f72b73ba127e06d8e79"},"breadcrumb":{"@id":"https:\/\/kibrisdakik.com\/?p=24692#breadcrumb"},"inLanguage":"tr","potentialAction":[{"@type":"ReadAction","target":["https:\/\/kibrisdakik.com\/?p=24692"]}]},{"@type":"ImageObject","inLanguage":"tr","@id":"https:\/\/kibrisdakik.com\/?p=24692#primaryimage","url":"https:\/\/kibrisdakik.com\/wp-content\/uploads\/2024\/01\/ibrahim-tatlises-ve-serdar-ortac-kibrisi-yakti-gecti-1704112228.webp.webp","contentUrl":"https:\/\/kibrisdakik.com\/wp-content\/uploads\/2024\/01\/ibrahim-tatlises-ve-serdar-ortac-kibrisi-yakti-gecti-1704112228.webp.webp","width":710,"height":370},{"@type":"BreadcrumbList","@id":"https:\/\/kibrisdakik.com\/?p=24692#breadcrumb","itemListElement":[{"@type":"ListItem","position":1,"name":"Home","item":"https:\/\/kibrisdakik.com\/"},{"@type":"ListItem","position":2,"name":"\u0130BRAH\u0130M TATLISES VE SERDAR ORTA\u00c7 KIBRIS\u2019I YAKTI GE\u00c7T\u0130"}]},{"@type":"WebSite","@id":"https:\/\/kibrisdakik.com\/#website","url":"https:\/\/kibrisdakik.com\/","name":"","description":"Tam vaktinde haber","potentialAction":[{"@type":"SearchAction","target":{"@type":"EntryPoint","urlTemplate":"https:\/\/kibrisdakik.com\/?s={search_term_string}"},"query-input":{"@type":"PropertyValueSpecification","valueRequired":true,"valueName":"search_term_string"}}],"inLanguage":"tr"},{"@type":"Person","@id":"https:\/\/kibrisdakik.com\/#\/schema\/person\/9cd9d437bbb44f72b73ba127e06d8e79","name":"admin","image":{"@type":"ImageObject","inLanguage":"tr","@id":"https:\/\/secure.gravatar.com\/avatar\/ccc17943b9d660506c869530f897617f7cb1c21a4bf30023f252596d83e1f007?s=96&d=mm&r=g","url":"https:\/\/secure.gravatar.com\/avatar\/ccc17943b9d660506c869530f897617f7cb1c21a4bf30023f252596d83e1f007?s=96&d=mm&r=g","contentUrl":"https:\/\/secure.gravatar.com\/avatar\/ccc17943b9d660506c869530f897617f7cb1c21a4bf30023f252596d83e1f007?s=96&d=mm&r=g","caption":"admin"},"sameAs":["https:\/\/kibrisdakik.com"],"url":"https:\/\/kibrisdakik.com\/?author=1"}]}},"_links":{"self":[{"href":"https:\/\/kibrisdakik.com\/index.php?rest_route=\/wp\/v2\/posts\/24692","targetHints":{"allow":["GET"]}}],"collection":[{"href":"https:\/\/kibrisdakik.com\/index.php?rest_route=\/wp\/v2\/posts"}],"about":[{"href":"https:\/\/kibrisdakik.com\/index.php?rest_route=\/wp\/v2\/types\/post"}],"author":[{"embeddable":true,"href":"https:\/\/kibrisdakik.com\/index.php?rest_route=\/wp\/v2\/users\/1"}],"replies":[{"embeddable":true,"href":"https:\/\/kibrisdakik.com\/index.php?rest_route=%2Fwp%2Fv2%2Fcomments&post=24692"}],"version-history":[{"count":0,"href":"https:\/\/kibrisdakik.com\/index.php?rest_route=\/wp\/v2\/posts\/24692\/revisions"}],"wp:featuredmedia":[{"embeddable":true,"href":"https:\/\/kibrisdakik.com\/index.php?rest_route=\/wp\/v2\/media\/24693"}],"wp:attachment":[{"href":"https:\/\/kibrisdakik.com\/index.php?rest_route=%2Fwp%2Fv2%2Fmedia&parent=24692"}],"wp:term":[{"taxonomy":"category","embeddable":true,"href":"https:\/\/kibrisdakik.com\/index.php?rest_route=%2Fwp%2Fv2%2Fcategories&post=24692"},{"taxonomy":"post_tag","embeddable":true,"href":"https:\/\/kibrisdakik.com\/index.php?rest_route=%2Fwp%2Fv2%2Ftags&post=24692"}],"curies":[{"name":"wp","href":"https:\/\/api.w.org\/{rel}","templated":true}]}}