{"id":24708,"date":"2024-01-01T14:51:57","date_gmt":"2024-01-01T14:51:57","guid":{"rendered":"https:\/\/kibrisdakik.com\/index.php\/2024\/01\/01\/isias-otel-saniklari-bilincli-taksirden-yargilanmaya-basliyor\/"},"modified":"2024-01-01T14:51:57","modified_gmt":"2024-01-01T14:51:57","slug":"isias-otel-saniklari-bilincli-taksirden-yargilanmaya-basliyor","status":"publish","type":"post","link":"https:\/\/kibrisdakik.com\/?p=24708","title":{"rendered":"\u0130sias Otel san\u0131klar\u0131 bilin\u00e7li taksirden yarg\u0131lanmaya ba\u015fl\u0131yor"},"content":{"rendered":"<p><img decoding=\"async\" src=\"https:\/\/www.kibristurk.com\/images\/haberler\/2024\/01\/isias-otel-saniklari-bilincli-taksirden-yargilanmaya-basliyor-1704119741.webp\" \/><\/p>\n<p><span style=\"font-size:11pt\"><span style=\"font-family:Calibri,sans-serif\"><span style=\"font-size:13.0pt\">Ad\u0131yaman&#8217;da, Kahramanmara\u015f merkezli 6 \u015eubat&#8217;taki depremlerde y\u0131k\u0131lan, 35\u2019i K\u0131br\u0131sl\u0131 T\u00fcrk sporcu ve \u00f6\u011fretmenlerden olu\u015fan kafilenin yan\u0131 s\u0131ra toplam 72 ki\u015fiye mezar olan \u0130sias Otel\u2019in 11 san\u0131\u011f\u0131, \u201cbilin\u00e7li taksirden\u201d yarg\u0131lanmaya ba\u015fl\u0131yor.<\/span><\/span><\/span><\/p>\n<p><span style=\"font-size:11pt\"><span style=\"font-family:Calibri,sans-serif\"><span style=\"font-size:13.0pt\">Ad\u0131yaman 3. A\u011f\u0131r Ceza Mahkemesi\u2019nce; \u0130sias Otel\u2019in 5&#8217;i tutuklu 11 san\u0131\u011f\u0131 hakk\u0131nda &#8220;bilin\u00e7li taksirle birden fazla ki\u015finin \u00f6l\u00fcm\u00fcne ve yaralanmas\u0131na neden olma&#8221; su\u00e7undan 2 y\u0131l 8&#8217;er aydan 22 y\u0131l 6&#8217;\u015far aya kadar hapis cezas\u0131 talep edilen iddianamenin 2 Aral\u0131k 2023\u2019te kabul edilmesinin ard\u0131ndan duru\u015fma 3 Ocak\u2019ta ba\u015flayacak ve 5 Ocak\u2019a kadar devam edecek.<\/span><\/span><\/span><\/p>\n<p><span style=\"font-size:11pt\"><span style=\"font-family:Calibri,sans-serif\"><span style=\"font-size:13.0pt\">Adalet isteyen aileler, dava s\u00fcrecini yak\u0131ndan takip edeceklerini, pe\u015fini b\u0131rakmayacaklar\u0131n\u0131 s\u00f6yleyerek, kalabal\u0131k bir heyetle \u015eampiyon Meleklere mezar olan \u015fehir Ad\u0131yaman\u2019a gidiyor.&nbsp; <\/span><\/span><\/span><\/p>\n<p><span style=\"font-size:11pt\"><span style=\"font-family:Calibri,sans-serif\"><span style=\"font-size:13.0pt\">Ba\u015fbakan \u00dcnal \u00dcstel\u2019in m\u00fc\u015fteki oldu\u011fu davalar\u0131 izlemek \u00fczere Ad\u0131yaman\u2019a Ba\u015fbakan \u00dcnal \u00dcstel ve ekibi, \u0130sias Otel\u2019de hayat\u0131n\u0131 kaybeden \u015eampiyon Melekler\u2019in aileleri ve yak\u0131n arkada\u015flar\u0131n\u0131n yan\u0131 s\u0131ra, Meclis\u2019teki bu konuda olu\u015fturulan ara\u015ft\u0131rma komitesi \u00fcyeleri, baz\u0131 milletvekilleri, Barolar Birli\u011fi Ba\u015fkan\u0131 Hasan Esenda\u011fl\u0131 ve K\u0131br\u0131s\u2019taki avukat ekibi, T\u00fcrkiye Barolar Birli\u011fi Ba\u015fkan\u0131 Erin\u00e7 Sa\u011fkan ve beraberindeki avukatlardan olu\u015facak kabal\u0131k bir heyet gidecek.<\/span><\/span><\/span><\/p>\n<p><span style=\"font-size:11pt\"><span style=\"font-family:Calibri,sans-serif\"><span style=\"font-size:13.0pt\">Heyet yar\u0131n sabah 08.00 u\u00e7a\u011f\u0131yla Gaziantep\u2019e hareket edecek, 3-4-5 Ocak tarihlerinde g\u00f6r\u00fc\u015f\u00fclecek davalar ar\u0131ndan ise 6 Ocak Cumartesi g\u00fcn\u00fc 10.40 u\u00e7a\u011f\u0131 ile adaya d\u00f6necek.<\/span><\/span><\/span><\/p>\n<p><span style=\"font-size:11pt\"><span style=\"font-family:Calibri,sans-serif\"><span style=\"font-size:13.0pt\">Aileler ad\u0131na \u015eampiyon Melekleri Ya\u015fatma Derne\u011fi Ba\u015fkan\u0131 Ru\u015fen Y\u00fccesoylu Karakaya, Pervin Aksoy \u0130pek\u00e7io\u011flu, Feriha Yi\u011fitt\u00fcrk ve Murat Aktu\u011fral\u0131 ve Sena Bundak Topuk\u00e7uo\u011flu, duru\u015fmalar\u0131n ba\u015flamas\u0131 \u00f6ncesinde duygu ve d\u00fc\u015f\u00fcncelerini aktararak, TAK muhabirinin sorular\u0131n\u0131 yan\u0131tlad\u0131.<\/span><\/span><\/span><\/p>\n<p><span style=\"font-size:11pt\"><span style=\"font-family:Calibri,sans-serif\"><span style=\"font-size:13.0pt\">-Karakaya<\/span><\/span><\/span><\/p>\n<p><span style=\"font-size:11pt\"><span style=\"font-family:Calibri,sans-serif\"><span style=\"font-size:13.0pt\">\u015eampiyon Melekleri Ya\u015fatma Derne\u011fi Ba\u015fkan\u0131 Ru\u015fen Y\u00fccesoylu Karakaya, yar\u0131n sabah 08.00 u\u00e7a\u011f\u0131 ile Gaziantep\u2019e gidilece\u011fini, oradan da Ba\u015fbakanl\u0131k taraf\u0131ndan ayarlanan otob\u00fcslerle Ad\u0131yaman\u2019a ge\u00e7ilece\u011fini belirterek, \u201cAilelerden 60 ki\u015filik bir kafile ile gidiyoruz. Ama sevenlerimiz ve \u00e7ok yak\u0131n arkada\u015flar\u0131m\u0131z da yan\u0131m\u0131zda geliyorlar. Say\u0131 100\u2019\u00fc ge\u00e7er\u201d dedi.<\/span><\/span><\/span><\/p>\n<p><span style=\"font-size:11pt\"><span style=\"font-family:Calibri,sans-serif\"><span style=\"font-size:13.0pt\">Ad\u0131yaman\u2019da Dedeman Otel\u2019de kal\u0131narak davalar\u0131n yak\u0131ndan takip edilece\u011fine i\u015faret eden Karakaya, heyette Barolar Birli\u011fi Ba\u015fkan\u0131 Hasan Esenda\u011fl\u0131 ve K\u0131br\u0131s\u2019taki avukat ekibin de kendileriyle olaca\u011f\u0131n\u0131, ayr\u0131ca Ad\u0131yaman&#8217;da T\u00fcrkiye Barolar Birli\u011fi Ba\u015fkan\u0131 Erin\u00e7 Sa\u011fkan, iki ayr\u0131 avukat ile ayn\u0131 zamanda hukuki ve idare davalar\u0131ndaki \u00fc\u00e7 ayr\u0131 avukat\u0131n da kendileriyle olaca\u011f\u0131n\u0131 s\u00f6yledi.<\/span><\/span><\/span><\/p>\n<p><span style=\"font-size:11pt\"><span style=\"font-family:Calibri,sans-serif\"><span style=\"font-size:13.0pt\">-\u201cAileler her duru\u015fmada haz\u0131r bulunacak\u2026 Davam\u0131z\u0131n pe\u015fini asla b\u0131rakmayaca\u011f\u0131z, yak\u0131ndan takip edece\u011fiz\u201d<\/span><\/span><\/span><\/p>\n<p><span style=\"font-size:11pt\"><span style=\"font-family:Calibri,sans-serif\"><span style=\"font-size:13.0pt\">\u201cAilelerin her duru\u015fmada haz\u0131r bulunaca\u011f\u0131 kesindir, davam\u0131z\u0131n pe\u015fini asla b\u0131rakmayaca\u011f\u0131z\u201d diyen Karakaya, her duru\u015fmada haz\u0131r bularak, davay\u0131 yak\u0131ndan takip edeceklerini vurgulad\u0131.<\/span><\/span><\/span><\/p>\n<p><span style=\"font-size:11pt\"><span style=\"font-family:Calibri,sans-serif\"><span style=\"font-size:13.0pt\">Karakaya, \u201cSu\u00e7lular en a\u011f\u0131r cezay\u0131 alana kadar, bu dava emsal bir dava olana kadar m\u00fccadelemiz devam edecektir\u2019 dedi.<\/span><\/span><\/span><\/p>\n<p><span style=\"font-size:11pt\"><span style=\"font-family:Calibri,sans-serif\"><span style=\"font-size:13.0pt\">-\u201cBa\u015fbakan kendisi ve t\u00fcm ekibi ile birlikte yan\u0131m\u0131zda olacak\u201d<\/span><\/span><\/span><\/p>\n<p><span style=\"font-size:11pt\"><span style=\"font-family:Calibri,sans-serif\"><span style=\"font-size:13.0pt\">Karakaya \u015f\u00f6yle devam etti:<\/span><\/span><\/span><\/p>\n<p><span style=\"font-size:11pt\"><span style=\"font-family:Calibri,sans-serif\"><span style=\"font-size:13.0pt\">\u201cBa\u015fbakan kendisi ve t\u00fcm ekibi ile birlikte yan\u0131m\u0131zda olacak. Zaten kendisi de m\u00fc\u015ftekidir. Her zaman yan\u0131m\u0131zdad\u0131rlar ve ailelere destektirler. Meclis komitesi t\u00fcm \u00fcyeleri ile yan\u0131m\u0131zda olacaklar.\u201d<\/span><\/span><\/span><\/p>\n<p><span style=\"font-size:11pt\"><span style=\"font-family:Calibri,sans-serif\"><span style=\"font-size:13.0pt\">-\u0130pek\u00e7io\u011flu<\/span><\/span><\/span><\/p>\n<p><span style=\"font-size:11pt\"><span style=\"font-family:Calibri,sans-serif\"><span style=\"font-size:13.0pt\">Aileler ad\u0131na konu\u015fan hukuk\u00e7u Pervin Aksoy \u0130pek\u00e7io\u011flu, ilk duru\u015fmada davan\u0131n seyrinde olumsuz bir durum ya\u015fanaca\u011f\u0131n\u0131 d\u00fc\u015f\u00fcnmedi\u011fini dile getirerek, bu davada ortaya konulan ve konulacak olan olgular \u0131\u015f\u0131\u011f\u0131nda, san\u0131klara isnat edilen su\u00e7un en k\u0131sa zamanda olas\u0131 kasta d\u00f6nece\u011fine inan\u00e7 belirtti.<\/span><\/span><\/span><\/p>\n<p><span style=\"font-size:11pt\"><span style=\"font-family:Calibri,sans-serif\"><span style=\"font-size:13.0pt\">-\u201cAksi bir durumda elbette m\u00fccadelemiz devam edecek\u2026 Bu binada en ba\u015f\u0131ndan itibaren yap\u0131lan usuls\u00fczl\u00fckler belgelerle apa\u00e7\u0131k ortadad\u0131r\u201d<\/span><\/span><\/span><\/p>\n<p><span style=\"font-size:11pt\"><span style=\"font-family:Calibri,sans-serif\"><span style=\"font-size:13.0pt\">Aksi bir durumda elbette m\u00fccadelelerinin devam edece\u011fini vurgulayan \u0130pek\u00e7io\u011flu, s\u00f6zlerini \u015f\u00f6yle s\u00fcr\u00fcd\u00fc:<\/span><\/span><\/span><\/p>\n<p><span style=\"font-size:11pt\"><span style=\"font-family:Calibri,sans-serif\"><span style=\"font-size:13.0pt\">\u201cBu binada en ba\u015f\u0131ndan itibaren yap\u0131lan usuls\u00fczl\u00fckler belgelerle apa\u00e7\u0131k ortadad\u0131r.&nbsp; Elimizdeki t\u00fcm delilleri d\u00fcr\u00fcst ve bilime inanan bilirki\u015filerin raporlar\u0131yla da mahkemenin huzuruna ta\u015f\u0131yaca\u011f\u0131z. Hukuk nosyonuna ve vicdana sahip olan adalet da\u011f\u0131t\u0131c\u0131lar\u0131n\u0131n, hukuku do\u011fru uygulayaca\u011f\u0131na inanmakla birlikte, olas\u0131 bir bilin\u00e7li taksir kusurunun uygulanmas\u0131 durumunda da olas\u0131 kast\u0131 uygulatmak i\u00e7in hukuku onlara da \u00f6\u011fretmeye devam edece\u011fiz.\u201d<\/span><\/span><\/span><\/p>\n<p><span style=\"font-size:11pt\"><span style=\"font-family:Calibri,sans-serif\"><span style=\"font-size:13.0pt\">2005 tarihinde y\u00fcr\u00fcrl\u00fc\u011fe giren T\u00fcrk Ceza Kanunu\u2019nda olas\u0131 kast kusur t\u00fcr\u00fcn\u00fcn uygulanmas\u0131n\u0131 gerektiren en somut olaylardan birinin \u0130sias Otel \u00f6rne\u011fi oldu\u011funa dikkat \u00e7eken \u0130pek\u00e7io\u011flu, \u201cOlas\u0131 kast bu durumda uygulanmayacaksa, art\u0131k uygulanma alan\u0131 i\u00e7in yaz\u0131lan t\u00fcm gerek\u00e7eler kanun koyucu nezdinde yok anlam\u0131na gelecektir\u201d dedi.<\/span><\/span><\/span><\/p>\n<p><span style=\"font-size:11pt\"><span style=\"font-family:Calibri,sans-serif\"><span style=\"font-size:13.0pt\">-Aktu\u011fral\u0131<\/span><\/span><\/span><\/p>\n<p><span style=\"font-size:11pt\"><span style=\"font-family:Calibri,sans-serif\"><span style=\"font-size:13.0pt\">\u015eampiyon Melekleri Ya\u015fatma Derne\u011fi \u00fcyesi Murat Aktu\u011fral\u0131 da, kalplerine mezar olan \u015fehre adalet aramak i\u00e7in gideceklerini ifade ederek \u201c\u00c7ocuklar\u0131m\u0131z i\u00e7in yakt\u0131\u011f\u0131m\u0131z adalet ate\u015finin T\u00fcrkiye mahkemelerine \u0131\u015f\u0131k tutmas\u0131 i\u00e7in orda olaca\u011f\u0131z\u201d dedi.<\/span><\/span><\/span><\/p>\n<p><span style=\"font-size:11pt\"><span style=\"font-family:Calibri,sans-serif\"><span style=\"font-size:13.0pt\">-\u201cHukuk m\u00fccadelemiz t\u00fcm sorumlular hak ettikleri cezay\u0131 alana dek bitmeyecek\u201d<\/span><\/span><\/span><\/p>\n<p><span style=\"font-size:11pt\"><span style=\"font-family:Calibri,sans-serif\"><span style=\"font-size:13.0pt\">Davalar\u0131n\u0131n sadece \u0130sias Otel kay\u0131plar\u0131 i\u00e7in de\u011fil, b\u00fct\u00fcn depremzedeler i\u00e7in oldu\u011funa dikkat \u00e7eken Aktu\u011fral\u0131, hukuk m\u00fccadelelerinin t\u00fcm sorumlular hak ettikleri cezay\u0131 alana dek bitmeyece\u011fini vurgulad\u0131.<\/span><\/span><\/span><\/p>\n<p><span style=\"font-size:11pt\"><span style=\"font-family:Calibri,sans-serif\"><span style=\"font-size:13.0pt\">-Yi\u011fitt\u00fcrk<\/span><\/span><\/span><\/p>\n<p><span style=\"font-size:11pt\"><span style=\"font-family:Calibri,sans-serif\"><span style=\"font-size:13.0pt\">Aileler ad\u0131na konu\u015fan bir ba\u015fka isim Feriha Yi\u011fitt\u00fcrk de, beklentilerinin yarg\u0131laman\u0131n olas\u0131 kast olarak devam etmesi oldu\u011funu s\u00f6yledi.<\/span><\/span><\/span><\/p>\n<p><span style=\"font-size:11pt\"><span style=\"font-family:Calibri,sans-serif\"><span style=\"font-size:13.0pt\">Depremin ya\u015fand\u0131\u011f\u0131 ilk andan itibaren, \u0130sias Otel ile ilgili zaaflar\u0131n sadece KKTC de\u011fil, T\u00fcrkiye bas\u0131n\u0131nda da yer buldu\u011funu belirten Feriha Yi\u011fitt\u00fcrk, \u201cBu dava olas\u0131 kast olarak de\u011ferlendirilmeyecekse, hi\u00e7bir dava olas\u0131 kast kapsam\u0131na al\u0131nmaz\u201d dedi.<\/span><\/span><\/span><\/p>\n<p><span style=\"font-size:11pt\"><span style=\"font-family:Calibri,sans-serif\"><span style=\"font-size:13.0pt\">Yi\u011fitt\u00fcrk \u015f\u00f6yle devam etti:<\/span><\/span><\/span><\/p>\n<p><span style=\"font-size:11pt\"><span style=\"font-family:Calibri,sans-serif\"><span style=\"font-size:13.0pt\">\u201cKaradeniz Teknik \u00dcniversitesi raporu ihmalleri ortaya koyuyor. Deniz kumu kullan\u0131lm\u0131\u015f, apartman olarak tasarlanan bina otele \u00e7evrilmi\u015f.<\/span><\/span><\/span><\/p>\n<p><span style=\"font-size:11pt\"><span style=\"font-family:Calibri,sans-serif\"><span style=\"font-size:13.0pt\">Bu s\u00fcrede KKTC halk\u0131 g\u00fc\u00e7l\u00fc bir \u015fekilde yan\u0131m\u0131zda oldu. Dava s\u00fcreci uzun s\u00fcre devam edecek. Sosyal medyada ortak bir \u00f6rg\u00fctlenme var. Halk\u0131m\u0131z\u0131n yan\u0131m\u0131zda oldu\u011funu g\u00f6r\u00fcyoruz. Bunun devam etmesini bekliyoruz.\u201d<\/span><\/span><\/span><\/p>\n<p><span style=\"font-size:11pt\"><span style=\"font-family:Calibri,sans-serif\"><span style=\"font-size:13.0pt\">-Topuk\u00e7uo\u011flu<\/span><\/span><\/span><\/p>\n<p><span style=\"font-size:11pt\"><span style=\"font-family:Calibri,sans-serif\"><span style=\"font-size:13.0pt\">\u015eampiyon Melekleri Ya\u015fatma Derne\u011fi ad\u0131na konu\u015fan Sena Bundak Topuk\u00e7uo\u011flu da, bir taraftan \u00e7ocuklar\u0131n\u0131n ac\u0131s\u0131n\u0131 ilk g\u00fcnk\u00fc gibi ya\u015fay\u0131p nefes alamazken, di\u011fer taraftan onlar\u0131n adaletini sa\u011flamak i\u00e7in ayakta durduklar\u0131n\u0131 s\u00f6yledi.<\/span><\/span><\/span><\/p>\n<p><span style=\"font-size:11pt\"><span style=\"font-family:Calibri,sans-serif\"><span style=\"font-size:13.0pt\">Topuk\u00e7uo\u011flu s\u00f6zlerini \u015f\u00f6yle s\u00fcrd\u00fcrd\u00fc:<\/span><\/span><\/span><\/p>\n<p><span style=\"font-size:11pt\"><span style=\"font-family:Calibri,sans-serif\"><span style=\"font-size:13.0pt\">\u201cB\u00fcy\u00fck bir mutluluk ve heyecanla o \u1e63ehre yollad\u0131\u011f\u0131m \u00e7ocu\u011fum bana geri d\u00f6nemedi. Hayat\u0131 \u00e7al\u0131nan evlad\u0131m ve t\u00fcm kay\u0131plar\u0131m\u0131z i\u00e7in hukuk m\u00fccadelemiz t\u00fcm sorumlular en a\u011f\u0131r cezay\u0131 alana kadar devam edecektir.\u201d<\/span><\/span><\/span><\/p>\n<p><span style=\"font-size:11pt\"><span style=\"font-family:Calibri,sans-serif\"><span style=\"font-size:13.0pt\">-\u0130ddianame<\/span><\/span><\/span><\/p>\n<p><span style=\"font-size:11pt\"><span style=\"font-family:Calibri,sans-serif\"><span style=\"font-size:13.0pt\">17 Kas\u0131m 2023\u2019te haz\u0131rlanan iddianamede, san\u0131klar\u0131n kusurlu oldu\u011funa ili\u015fkin Karadeniz Teknik \u00dcniversitesi M\u00fchendislik Fak\u00fcltesi \u0130n\u015faat M\u00fchendisli\u011fi B\u00f6l\u00fcm\u00fc taraf\u0131ndan d\u00fczenlenen bilirki\u015fi raporuna yer verilmi\u015fti.<\/span><\/span><\/span><\/p>\n<p><span style=\"font-size:11pt\"><span style=\"font-family:Calibri,sans-serif\"><span style=\"font-size:13.0pt\">Raporda, dosya kapsam\u0131nda kolon ve kiri\u015flerin etriye aral\u0131klar\u0131, kanca \u00f6zellikleri, bindirme boylar\u0131, ankraj ve kenetleme boylar\u0131yla ilgili eksikliklerin bulundu\u011fu, donat\u0131 detay\u0131 eksikliklerinin binan\u0131n y\u0131k\u0131lma nedenlerinden biri olabilece\u011fi, beton bas\u0131n\u00e7 dayan\u0131mlar\u0131n\u0131n TS EN 13791 standard\u0131ndaki de\u011ferlendirme kriterlerine g\u00f6re gerekli \u015fartlar\u0131 sa\u011flamad\u0131\u011f\u0131n\u0131n tespit edildi\u011fi belirtilmi\u015fti.<\/span><\/span><\/span><\/p>\n<p><span style=\"font-size:11pt\"><span style=\"font-family:Calibri,sans-serif\"><span style=\"font-size:13.0pt\">San\u0131klar\u0131n, binan\u0131n yap\u0131m tarihinde ge\u00e7erli olan Deprem B\u00f6lgelerinde Yap\u0131lacak Binalar Hakk\u0131nda Y\u00f6netmelik esaslar\u0131na yeterince uymad\u0131klar\u0131 ifade edilen iddianamede, d\u00f6nem itibar\u0131yla bilim ve fennin gerektirdi\u011fi teknik \u015fartlara ayk\u0131r\u0131 davranarak binan\u0131n y\u0131k\u0131lmas\u0131nda kusurlar\u0131n\u0131n bulundu\u011fu kaydedilmi\u015fti.<\/span><\/span><\/span><\/p>\n<p><span style=\"font-size:11pt\"><span style=\"font-family:Calibri,sans-serif\"><span style=\"font-size:13.0pt\">\u015eampiyon Melekleri Ya\u015fatma Derne\u011fi, adalete \u0131\u015f\u0131k tutmak, su\u00e7lular\u0131n olas\u0131 kastla yarg\u0131lanmas\u0131 i\u00e7in T\u00fcrkiye Cumhuriyeti adaletine seslenmek, deprem su\u00e7lular\u0131n\u0131n, taksir de\u011fil, olas\u0131 kast ile yarg\u0131lanmas\u0131 i\u00e7in m\u00fccadele ba\u015flatarak eylemler d\u00fczenlemi\u015fti.<\/span><\/span><\/span><\/p>\n<p>&nbsp;<\/p>\n","protected":false},"excerpt":{"rendered":"<p>Ad\u0131yaman&#8217;da, Kahramanmara\u015f merkezli 6 \u015eubat&#8217;taki depremlerde y\u0131k\u0131lan, 35\u2019i K\u0131br\u0131sl\u0131 T\u00fcrk sporcu ve \u00f6\u011fretmenlerden olu\u015fan kafilenin yan\u0131 s\u0131ra toplam 72 ki\u015fiye mezar olan \u0130sias Otel\u2019in 11 san\u0131\u011f\u0131, \u201cbilin\u00e7li taksirden\u201d yarg\u0131lanmaya ba\u015fl\u0131yor. Ad\u0131yaman 3. A\u011f\u0131r Ceza Mahkemesi\u2019nce; \u0130sias Otel\u2019in 5&#8217;i tutuklu 11 san\u0131\u011f\u0131 hakk\u0131nda &#8220;bilin\u00e7li taksirle birden fazla ki\u015finin \u00f6l\u00fcm\u00fcne ve yaralanmas\u0131na neden olma&#8221; su\u00e7undan 2 y\u0131l<\/p>\n","protected":false},"author":1,"featured_media":24709,"comment_status":"open","ping_status":"open","sticky":false,"template":"","format":"standard","meta":{"footnotes":""},"categories":[1],"tags":[],"class_list":["post-24708","post","type-post","status-publish","format-standard","has-post-thumbnail","hentry","category-gundem"],"yoast_head":"<!-- This site is optimized with the Yoast SEO plugin v27.5 - https:\/\/yoast.com\/product\/yoast-seo-wordpress\/ -->\n<title>\u0130sias Otel san\u0131klar\u0131 bilin\u00e7li taksirden yarg\u0131lanmaya ba\u015fl\u0131yor -<\/title>\n<meta name=\"robots\" content=\"index, follow, max-snippet:-1, max-image-preview:large, max-video-preview:-1\" \/>\n<link rel=\"canonical\" href=\"https:\/\/kibrisdakik.com\/?p=24708\" \/>\n<meta property=\"og:locale\" content=\"tr_TR\" \/>\n<meta property=\"og:type\" content=\"article\" \/>\n<meta property=\"og:title\" content=\"\u0130sias Otel san\u0131klar\u0131 bilin\u00e7li taksirden yarg\u0131lanmaya ba\u015fl\u0131yor -\" \/>\n<meta property=\"og:description\" content=\"Ad\u0131yaman&#8217;da, Kahramanmara\u015f merkezli 6 \u015eubat&#8217;taki depremlerde y\u0131k\u0131lan, 35\u2019i K\u0131br\u0131sl\u0131 T\u00fcrk sporcu ve \u00f6\u011fretmenlerden olu\u015fan kafilenin yan\u0131 s\u0131ra toplam 72 ki\u015fiye mezar olan \u0130sias Otel\u2019in 11 san\u0131\u011f\u0131, \u201cbilin\u00e7li taksirden\u201d yarg\u0131lanmaya ba\u015fl\u0131yor. Ad\u0131yaman 3. A\u011f\u0131r Ceza Mahkemesi\u2019nce; \u0130sias Otel\u2019in 5&#8217;i tutuklu 11 san\u0131\u011f\u0131 hakk\u0131nda &#8220;bilin\u00e7li taksirle birden fazla ki\u015finin \u00f6l\u00fcm\u00fcne ve yaralanmas\u0131na neden olma&#8221; su\u00e7undan 2 y\u0131l\" \/>\n<meta property=\"og:url\" content=\"https:\/\/kibrisdakik.com\/?p=24708\" \/>\n<meta property=\"article:published_time\" content=\"2024-01-01T14:51:57+00:00\" \/>\n<meta property=\"og:image\" content=\"https:\/\/kibrisdakik.com\/wp-content\/uploads\/2024\/01\/isias-otel-saniklari-bilincli-taksirden-yargilanmaya-basliyor-1704119741.webp.webp\" \/>\n\t<meta property=\"og:image:width\" content=\"710\" \/>\n\t<meta property=\"og:image:height\" content=\"370\" \/>\n\t<meta property=\"og:image:type\" content=\"image\/webp\" \/>\n<meta name=\"author\" content=\"admin\" \/>\n<meta name=\"twitter:card\" content=\"summary_large_image\" \/>\n<meta name=\"twitter:label1\" content=\"Yazan:\" \/>\n\t<meta name=\"twitter:data1\" content=\"admin\" \/>\n\t<meta name=\"twitter:label2\" content=\"Tahmini okuma s\u00fcresi\" \/>\n\t<meta name=\"twitter:data2\" content=\"7 dakika\" \/>\n<script type=\"application\/ld+json\" class=\"yoast-schema-graph\">{\"@context\":\"https:\\\/\\\/schema.org\",\"@graph\":[{\"@type\":\"Article\",\"@id\":\"https:\\\/\\\/kibrisdakik.com\\\/?p=24708#article\",\"isPartOf\":{\"@id\":\"https:\\\/\\\/kibrisdakik.com\\\/?p=24708\"},\"author\":{\"name\":\"admin\",\"@id\":\"https:\\\/\\\/kibrisdakik.com\\\/#\\\/schema\\\/person\\\/9cd9d437bbb44f72b73ba127e06d8e79\"},\"headline\":\"\u0130sias Otel san\u0131klar\u0131 bilin\u00e7li taksirden yarg\u0131lanmaya ba\u015fl\u0131yor\",\"datePublished\":\"2024-01-01T14:51:57+00:00\",\"mainEntityOfPage\":{\"@id\":\"https:\\\/\\\/kibrisdakik.com\\\/?p=24708\"},\"wordCount\":1387,\"commentCount\":0,\"image\":{\"@id\":\"https:\\\/\\\/kibrisdakik.com\\\/?p=24708#primaryimage\"},\"thumbnailUrl\":\"https:\\\/\\\/kibrisdakik.com\\\/wp-content\\\/uploads\\\/2024\\\/01\\\/isias-otel-saniklari-bilincli-taksirden-yargilanmaya-basliyor-1704119741.webp.webp\",\"articleSection\":[\"G\u00fcndem\"],\"inLanguage\":\"tr\",\"potentialAction\":[{\"@type\":\"CommentAction\",\"name\":\"Comment\",\"target\":[\"https:\\\/\\\/kibrisdakik.com\\\/?p=24708#respond\"]}]},{\"@type\":\"WebPage\",\"@id\":\"https:\\\/\\\/kibrisdakik.com\\\/?p=24708\",\"url\":\"https:\\\/\\\/kibrisdakik.com\\\/?p=24708\",\"name\":\"\u0130sias Otel san\u0131klar\u0131 bilin\u00e7li taksirden yarg\u0131lanmaya ba\u015fl\u0131yor -\",\"isPartOf\":{\"@id\":\"https:\\\/\\\/kibrisdakik.com\\\/#website\"},\"primaryImageOfPage\":{\"@id\":\"https:\\\/\\\/kibrisdakik.com\\\/?p=24708#primaryimage\"},\"image\":{\"@id\":\"https:\\\/\\\/kibrisdakik.com\\\/?p=24708#primaryimage\"},\"thumbnailUrl\":\"https:\\\/\\\/kibrisdakik.com\\\/wp-content\\\/uploads\\\/2024\\\/01\\\/isias-otel-saniklari-bilincli-taksirden-yargilanmaya-basliyor-1704119741.webp.webp\",\"datePublished\":\"2024-01-01T14:51:57+00:00\",\"author\":{\"@id\":\"https:\\\/\\\/kibrisdakik.com\\\/#\\\/schema\\\/person\\\/9cd9d437bbb44f72b73ba127e06d8e79\"},\"breadcrumb\":{\"@id\":\"https:\\\/\\\/kibrisdakik.com\\\/?p=24708#breadcrumb\"},\"inLanguage\":\"tr\",\"potentialAction\":[{\"@type\":\"ReadAction\",\"target\":[\"https:\\\/\\\/kibrisdakik.com\\\/?p=24708\"]}]},{\"@type\":\"ImageObject\",\"inLanguage\":\"tr\",\"@id\":\"https:\\\/\\\/kibrisdakik.com\\\/?p=24708#primaryimage\",\"url\":\"https:\\\/\\\/kibrisdakik.com\\\/wp-content\\\/uploads\\\/2024\\\/01\\\/isias-otel-saniklari-bilincli-taksirden-yargilanmaya-basliyor-1704119741.webp.webp\",\"contentUrl\":\"https:\\\/\\\/kibrisdakik.com\\\/wp-content\\\/uploads\\\/2024\\\/01\\\/isias-otel-saniklari-bilincli-taksirden-yargilanmaya-basliyor-1704119741.webp.webp\",\"width\":710,\"height\":370},{\"@type\":\"BreadcrumbList\",\"@id\":\"https:\\\/\\\/kibrisdakik.com\\\/?p=24708#breadcrumb\",\"itemListElement\":[{\"@type\":\"ListItem\",\"position\":1,\"name\":\"Home\",\"item\":\"https:\\\/\\\/kibrisdakik.com\\\/\"},{\"@type\":\"ListItem\",\"position\":2,\"name\":\"\u0130sias Otel san\u0131klar\u0131 bilin\u00e7li taksirden yarg\u0131lanmaya ba\u015fl\u0131yor\"}]},{\"@type\":\"WebSite\",\"@id\":\"https:\\\/\\\/kibrisdakik.com\\\/#website\",\"url\":\"https:\\\/\\\/kibrisdakik.com\\\/\",\"name\":\"\",\"description\":\"Tam vaktinde haber\",\"potentialAction\":[{\"@type\":\"SearchAction\",\"target\":{\"@type\":\"EntryPoint\",\"urlTemplate\":\"https:\\\/\\\/kibrisdakik.com\\\/?s={search_term_string}\"},\"query-input\":{\"@type\":\"PropertyValueSpecification\",\"valueRequired\":true,\"valueName\":\"search_term_string\"}}],\"inLanguage\":\"tr\"},{\"@type\":\"Person\",\"@id\":\"https:\\\/\\\/kibrisdakik.com\\\/#\\\/schema\\\/person\\\/9cd9d437bbb44f72b73ba127e06d8e79\",\"name\":\"admin\",\"image\":{\"@type\":\"ImageObject\",\"inLanguage\":\"tr\",\"@id\":\"https:\\\/\\\/secure.gravatar.com\\\/avatar\\\/ccc17943b9d660506c869530f897617f7cb1c21a4bf30023f252596d83e1f007?s=96&d=mm&r=g\",\"url\":\"https:\\\/\\\/secure.gravatar.com\\\/avatar\\\/ccc17943b9d660506c869530f897617f7cb1c21a4bf30023f252596d83e1f007?s=96&d=mm&r=g\",\"contentUrl\":\"https:\\\/\\\/secure.gravatar.com\\\/avatar\\\/ccc17943b9d660506c869530f897617f7cb1c21a4bf30023f252596d83e1f007?s=96&d=mm&r=g\",\"caption\":\"admin\"},\"sameAs\":[\"https:\\\/\\\/kibrisdakik.com\"],\"url\":\"https:\\\/\\\/kibrisdakik.com\\\/?author=1\"}]}<\/script>\n<!-- \/ Yoast SEO plugin. -->","yoast_head_json":{"title":"\u0130sias Otel san\u0131klar\u0131 bilin\u00e7li taksirden yarg\u0131lanmaya ba\u015fl\u0131yor -","robots":{"index":"index","follow":"follow","max-snippet":"max-snippet:-1","max-image-preview":"max-image-preview:large","max-video-preview":"max-video-preview:-1"},"canonical":"https:\/\/kibrisdakik.com\/?p=24708","og_locale":"tr_TR","og_type":"article","og_title":"\u0130sias Otel san\u0131klar\u0131 bilin\u00e7li taksirden yarg\u0131lanmaya ba\u015fl\u0131yor -","og_description":"Ad\u0131yaman&#8217;da, Kahramanmara\u015f merkezli 6 \u015eubat&#8217;taki depremlerde y\u0131k\u0131lan, 35\u2019i K\u0131br\u0131sl\u0131 T\u00fcrk sporcu ve \u00f6\u011fretmenlerden olu\u015fan kafilenin yan\u0131 s\u0131ra toplam 72 ki\u015fiye mezar olan \u0130sias Otel\u2019in 11 san\u0131\u011f\u0131, \u201cbilin\u00e7li taksirden\u201d yarg\u0131lanmaya ba\u015fl\u0131yor. Ad\u0131yaman 3. A\u011f\u0131r Ceza Mahkemesi\u2019nce; \u0130sias Otel\u2019in 5&#8217;i tutuklu 11 san\u0131\u011f\u0131 hakk\u0131nda &#8220;bilin\u00e7li taksirle birden fazla ki\u015finin \u00f6l\u00fcm\u00fcne ve yaralanmas\u0131na neden olma&#8221; su\u00e7undan 2 y\u0131l","og_url":"https:\/\/kibrisdakik.com\/?p=24708","article_published_time":"2024-01-01T14:51:57+00:00","og_image":[{"width":710,"height":370,"url":"https:\/\/kibrisdakik.com\/wp-content\/uploads\/2024\/01\/isias-otel-saniklari-bilincli-taksirden-yargilanmaya-basliyor-1704119741.webp.webp","type":"image\/webp"}],"author":"admin","twitter_card":"summary_large_image","twitter_misc":{"Yazan:":"admin","Tahmini okuma s\u00fcresi":"7 dakika"},"schema":{"@context":"https:\/\/schema.org","@graph":[{"@type":"Article","@id":"https:\/\/kibrisdakik.com\/?p=24708#article","isPartOf":{"@id":"https:\/\/kibrisdakik.com\/?p=24708"},"author":{"name":"admin","@id":"https:\/\/kibrisdakik.com\/#\/schema\/person\/9cd9d437bbb44f72b73ba127e06d8e79"},"headline":"\u0130sias Otel san\u0131klar\u0131 bilin\u00e7li taksirden yarg\u0131lanmaya ba\u015fl\u0131yor","datePublished":"2024-01-01T14:51:57+00:00","mainEntityOfPage":{"@id":"https:\/\/kibrisdakik.com\/?p=24708"},"wordCount":1387,"commentCount":0,"image":{"@id":"https:\/\/kibrisdakik.com\/?p=24708#primaryimage"},"thumbnailUrl":"https:\/\/kibrisdakik.com\/wp-content\/uploads\/2024\/01\/isias-otel-saniklari-bilincli-taksirden-yargilanmaya-basliyor-1704119741.webp.webp","articleSection":["G\u00fcndem"],"inLanguage":"tr","potentialAction":[{"@type":"CommentAction","name":"Comment","target":["https:\/\/kibrisdakik.com\/?p=24708#respond"]}]},{"@type":"WebPage","@id":"https:\/\/kibrisdakik.com\/?p=24708","url":"https:\/\/kibrisdakik.com\/?p=24708","name":"\u0130sias Otel san\u0131klar\u0131 bilin\u00e7li taksirden yarg\u0131lanmaya ba\u015fl\u0131yor -","isPartOf":{"@id":"https:\/\/kibrisdakik.com\/#website"},"primaryImageOfPage":{"@id":"https:\/\/kibrisdakik.com\/?p=24708#primaryimage"},"image":{"@id":"https:\/\/kibrisdakik.com\/?p=24708#primaryimage"},"thumbnailUrl":"https:\/\/kibrisdakik.com\/wp-content\/uploads\/2024\/01\/isias-otel-saniklari-bilincli-taksirden-yargilanmaya-basliyor-1704119741.webp.webp","datePublished":"2024-01-01T14:51:57+00:00","author":{"@id":"https:\/\/kibrisdakik.com\/#\/schema\/person\/9cd9d437bbb44f72b73ba127e06d8e79"},"breadcrumb":{"@id":"https:\/\/kibrisdakik.com\/?p=24708#breadcrumb"},"inLanguage":"tr","potentialAction":[{"@type":"ReadAction","target":["https:\/\/kibrisdakik.com\/?p=24708"]}]},{"@type":"ImageObject","inLanguage":"tr","@id":"https:\/\/kibrisdakik.com\/?p=24708#primaryimage","url":"https:\/\/kibrisdakik.com\/wp-content\/uploads\/2024\/01\/isias-otel-saniklari-bilincli-taksirden-yargilanmaya-basliyor-1704119741.webp.webp","contentUrl":"https:\/\/kibrisdakik.com\/wp-content\/uploads\/2024\/01\/isias-otel-saniklari-bilincli-taksirden-yargilanmaya-basliyor-1704119741.webp.webp","width":710,"height":370},{"@type":"BreadcrumbList","@id":"https:\/\/kibrisdakik.com\/?p=24708#breadcrumb","itemListElement":[{"@type":"ListItem","position":1,"name":"Home","item":"https:\/\/kibrisdakik.com\/"},{"@type":"ListItem","position":2,"name":"\u0130sias Otel san\u0131klar\u0131 bilin\u00e7li taksirden yarg\u0131lanmaya ba\u015fl\u0131yor"}]},{"@type":"WebSite","@id":"https:\/\/kibrisdakik.com\/#website","url":"https:\/\/kibrisdakik.com\/","name":"","description":"Tam vaktinde haber","potentialAction":[{"@type":"SearchAction","target":{"@type":"EntryPoint","urlTemplate":"https:\/\/kibrisdakik.com\/?s={search_term_string}"},"query-input":{"@type":"PropertyValueSpecification","valueRequired":true,"valueName":"search_term_string"}}],"inLanguage":"tr"},{"@type":"Person","@id":"https:\/\/kibrisdakik.com\/#\/schema\/person\/9cd9d437bbb44f72b73ba127e06d8e79","name":"admin","image":{"@type":"ImageObject","inLanguage":"tr","@id":"https:\/\/secure.gravatar.com\/avatar\/ccc17943b9d660506c869530f897617f7cb1c21a4bf30023f252596d83e1f007?s=96&d=mm&r=g","url":"https:\/\/secure.gravatar.com\/avatar\/ccc17943b9d660506c869530f897617f7cb1c21a4bf30023f252596d83e1f007?s=96&d=mm&r=g","contentUrl":"https:\/\/secure.gravatar.com\/avatar\/ccc17943b9d660506c869530f897617f7cb1c21a4bf30023f252596d83e1f007?s=96&d=mm&r=g","caption":"admin"},"sameAs":["https:\/\/kibrisdakik.com"],"url":"https:\/\/kibrisdakik.com\/?author=1"}]}},"_links":{"self":[{"href":"https:\/\/kibrisdakik.com\/index.php?rest_route=\/wp\/v2\/posts\/24708","targetHints":{"allow":["GET"]}}],"collection":[{"href":"https:\/\/kibrisdakik.com\/index.php?rest_route=\/wp\/v2\/posts"}],"about":[{"href":"https:\/\/kibrisdakik.com\/index.php?rest_route=\/wp\/v2\/types\/post"}],"author":[{"embeddable":true,"href":"https:\/\/kibrisdakik.com\/index.php?rest_route=\/wp\/v2\/users\/1"}],"replies":[{"embeddable":true,"href":"https:\/\/kibrisdakik.com\/index.php?rest_route=%2Fwp%2Fv2%2Fcomments&post=24708"}],"version-history":[{"count":0,"href":"https:\/\/kibrisdakik.com\/index.php?rest_route=\/wp\/v2\/posts\/24708\/revisions"}],"wp:featuredmedia":[{"embeddable":true,"href":"https:\/\/kibrisdakik.com\/index.php?rest_route=\/wp\/v2\/media\/24709"}],"wp:attachment":[{"href":"https:\/\/kibrisdakik.com\/index.php?rest_route=%2Fwp%2Fv2%2Fmedia&parent=24708"}],"wp:term":[{"taxonomy":"category","embeddable":true,"href":"https:\/\/kibrisdakik.com\/index.php?rest_route=%2Fwp%2Fv2%2Fcategories&post=24708"},{"taxonomy":"post_tag","embeddable":true,"href":"https:\/\/kibrisdakik.com\/index.php?rest_route=%2Fwp%2Fv2%2Ftags&post=24708"}],"curies":[{"name":"wp","href":"https:\/\/api.w.org\/{rel}","templated":true}]}}