{"id":24739,"date":"2024-01-01T17:54:54","date_gmt":"2024-01-01T17:54:54","guid":{"rendered":"https:\/\/kibrisdakik.com\/index.php\/2024\/01\/01\/israilli-eski-generalden-ordunun-gazzede-camura-battigi-yorumu\/"},"modified":"2024-01-01T17:54:54","modified_gmt":"2024-01-01T17:54:54","slug":"israilli-eski-generalden-ordunun-gazzede-camura-battigi-yorumu","status":"publish","type":"post","link":"https:\/\/kibrisdakik.com\/?p=24739","title":{"rendered":"\u0130srailli eski generalden, &quot;ordunun Gazze&#039;de \u00e7amura batt\u0131\u011f\u0131&quot; yorumu"},"content":{"rendered":"<p><img decoding=\"async\" src=\"https:\/\/www.kibristurk.com\/images\/haberler\/2024\/01\/israilli-eski-generalden-ordunun-gazzede-camura-battigi-yorumu-1704130500.webp\" \/><\/p>\n<p>\u0130srail ordusunda g\u00f6rev alan eski general Yitzhak Brick, ordunun, &#8220;sava\u015f\u0131n hedeflerinden uzakla\u015ft\u0131\u011f\u0131n\u0131 ve Gazze&#8217;de giderek \u00e7amura batt\u0131\u011f\u0131n\u0131&#8221; ifade ederek, &#8220;sava\u015f\u0131n gidi\u015fat\u0131n\u0131n yeniden de\u011ferlendirilmesi&#8221; \u00e7a\u011fr\u0131s\u0131nda bulundu.<\/p>\n<p>\u0130srail ordusunun yedek g\u00fc\u00e7lerinde g\u00f6revli eski general Brick, \u0130srail Maariv gazatesinde yer alan yaz\u0131s\u0131nda, \u0130srail&#8217;in Gazze \u015eeridi&#8217;ne y\u00f6nelik sald\u0131r\u0131lar\u0131n\u0131 de\u011ferlendirdi.<\/p>\n<p>Brick, &#8220;Zaman ge\u00e7tik\u00e7e Hamas&#8217;\u0131n ortadan kald\u0131r\u0131lmas\u0131 ve esirlerin serbest kalmas\u0131 gibi sava\u015f\u0131n hedeflerinin ger\u00e7ekle\u015fmesinden uzakla\u015f\u0131yoruz, Gazze&#8217;de giderek \u00e7amura bat\u0131yoruz.&#8221; ifadelerine yer verdi.<\/p>\n<p>Sava\u015flarda eylem plan\u0131n\u0131n yeniden g\u00f6zden ge\u00e7irilmesi gereken a\u015famalar oldu\u011funu ve \u015fu anda bu a\u015famada olundu\u011funu kaydeden Brick, bug\u00fcn\u00fcn orduya \u00e7abalad\u0131\u011f\u0131 hedeflere ula\u015fman\u0131n m\u00fcmk\u00fcn olmayaca\u011f\u0131n\u0131 a\u00e7\u0131k\u00e7a g\u00f6sterdi\u011fini aktard\u0131.<\/p>\n<p>Brick, ordunun Gazze&#8217;nin g\u00fcneyindeki Refah kentine girme niyetinin olmad\u0131\u011f\u0131n\u0131 itiraf ederek bunun sebebini \u015f\u00f6yle ifade etti:<\/p>\n<p>&#8220;Hamas, Refah&#8217;\u0131n tamam\u0131n\u0131 kontrol alt\u0131nda tutuyor. Oras\u0131 Gazze ve Orta Do\u011fu&#8217;daki en kalabal\u0131k n\u00fcfusa sahip, m\u00fclteci kamplar\u0131nda 2 milyon m\u00fclteci ya\u015f\u0131yor, ortam korkun\u00e7 \u015fekilde kalabal\u0131k. Bu nedenle m\u00fclteci kamplar\u0131na sald\u0131rmak imkans\u0131z. Tek kelimeyle anlatmak gerekirse m\u00fcltecilere kar\u0131\u015fan Hamas&#8217;\u0131 orada yok etmek m\u00fcmk\u00fcn de\u011fil.&#8221;<\/p>\n<h3>Hamas&#8217;\u0131 ortadan kald\u0131rmak ve t\u00fcnelleri ele ge\u00e7irmek<\/h3>\n<p>Brick, Refah&#8217;ta Hamas&#8217;\u0131n idaresinin ortadan kald\u0131r\u0131lamamas\u0131, Sina&#8217;dan Gazze \u015eeridi&#8217;ne silah ge\u00e7i\u015finin temel koridoru mesabesindeki t\u00fcnellerin ele ge\u00e7irilememesinin &#8220;sava\u015fta belirlenen temel misyonu ba\u015faramad\u0131klar\u0131 anlam\u0131na geldi\u011fini&#8221; aktard\u0131.<\/p>\n<p>Refah&#8217;taki Hamas&#8217;\u0131n y\u00fczlerce kilometrelik t\u00fcneller arac\u0131l\u0131\u011f\u0131yla Han Yunus&#8217;a buradan da Gazze \u015eeridi&#8217;nin kuzeyine \u00f6zg\u00fcrce ge\u00e7ti\u011fini kaydeden Brick, t\u00fcnellerin giri\u015fleri y\u0131k\u0131lsa bile daha binlercesi oldu\u011funu, k\u0131smi y\u0131k\u0131m\u0131n t\u00fcnellerdeki hareketi etkilemedi\u011fini yazd\u0131.<\/p>\n<p>Brick, &#8220;Dolay\u0131s\u0131yla Han Yunus ve Gazze \u015eeridi&#8217;nin orta kesimindeki kent ve mahallelerde \u015fu anki haliyle sava\u015f\u0131n devam etmesi sava\u015f\u0131n hedeflerine ula\u015f\u0131lmas\u0131na katk\u0131 sa\u011flam\u0131yor. Aksine bu sava\u015fta patlay\u0131c\u0131lar, bize kar\u015f\u0131 kurulan tuzaklar ve at\u0131lan tanksavar f\u00fczeler nedeniyle her g\u00fcn a\u011f\u0131r kay\u0131plar veriyoruz.&#8221; ifadelerini kulland\u0131.<\/p>\n<p>&#8220;Sava\u015f y\u00f6ntemini yeniden de\u011ferlendirmenin, yo\u011fun n\u00fcfuslu b\u00f6lgelerden \u00e7\u0131kman\u0131n, do\u011fru istihbarat bilgilerine dayal\u0131 u\u00e7aklarla ve kara sald\u0131r\u0131lar\u0131yla nokta at\u0131\u015flar\u0131 yapma vaktinin geldi\u011fini&#8221; savunan Brick, Hamas&#8217;\u0131 tamamen ortadan kald\u0131rma isteklerinin ger\u00e7ekle\u015fmedi\u011fini ancak daha az kay\u0131pla b\u00f6lgeyi kontrol etmeye devam edebileceklerini ve Hamas&#8217;\u0131n saflar\u0131n\u0131 yeniden d\u00fczenlemesini engelleyeceklerini \u00f6ne s\u00fcrd\u00fc.<\/p>\n<p>Brick bunun ayn\u0131 zamanda \u0130srail ordusunun sava\u015f\u0131n \u00fc\u00e7\u00fcnc\u00fc a\u015famas\u0131nda uygulamas\u0131 gereken plan\u0131 oldu\u011funu, bir an \u00f6nce harekete ge\u00e7mesi ve &#8220;faydas\u0131z kabustan&#8221; uyanmas\u0131 gerekti\u011fini belirtti.<\/p>\n<h3>\u0130srail h\u00fck\u00fcmetindeki g\u00f6r\u00fc\u015f ayr\u0131l\u0131klar\u0131<\/h3>\n<p>Baz\u0131 bakanlar\u0131n ve milletvekillerinin bu durumun bu a\u015famada ger\u00e7ek\u00e7i olmad\u0131\u011f\u0131n\u0131n fark\u0131nda oldu\u011funu ancak su\u00e7lanmaktan \u00e7ekindikleri i\u00e7in g\u00f6r\u00fc\u015flerini a\u00e7\u0131klamad\u0131\u011f\u0131n\u0131 \u00f6ne s\u00fcren Brick, bunun da bir k\u0131s\u0131r d\u00f6ng\u00fcye neden oldu\u011funu aktard\u0131.<\/p>\n<p>Brick, \u0130srail&#8217;deki a\u015f\u0131r\u0131 sa\u011f yanl\u0131s\u0131 h\u00fck\u00fcmet \u00fcyelerinin, gece-g\u00fcnd\u00fcz, Hamas yenilgiye u\u011frat\u0131lana kadar Gazze \u015eeridi&#8217;ndeki \u00e7at\u0131\u015fman\u0131n t\u00fcm g\u00fcc\u00fcyle devam etmesi gerekti\u011fini s\u00f6yledi\u011fini, sahadaki ger\u00e7ekleri g\u00f6rmezden gelerek sahte bir ger\u00e7eklik ya\u015fad\u0131klar\u0131n\u0131 vurgulad\u0131.<\/p>\n<p>H\u00fck\u00fcmet koalisyonunun radikal taraf\u0131n\u0131n &#8220;sava\u015ftan sonras\u0131n\u0131&#8221; tart\u0131\u015fmaya haz\u0131r bile olmad\u0131\u011f\u0131n\u0131 an\u0131msatan, bunun nedeninin &#8220;Gazze&#8217;nin y\u00f6netimine uluslararas\u0131 bir idarenin dahil olabilmesi&#8221; oldu\u011funu an\u0131msatan Brick, \u015funlar\u0131 ifade etti:<\/p>\n<p>&#8220;Onlar\u0131n anlay\u0131\u015f\u0131na g\u00f6re Gazze \u015eeridi gerek g\u00fcvenlik gerekse sivil idari a\u00e7\u0131dan d\u00fcnyan\u0131n sonuna kadar \u0130srail&#8217;in elinde kalmal\u0131. Bu yakla\u015f\u0131m \u0130srail&#8217;in 2 milyon m\u00fcltecinin sorumlulu\u011funu \u00fcstlenece\u011fi, ya\u015fanacak her felaketin ve insani krizin sorumlulu\u011funun \u0130srail&#8217;in omuzlar\u0131na binmesi anlam\u0131na geliyor.<\/p>\n<p>B\u00f6ylece genel olarak d\u00fcnyan\u0131n deste\u011fini, sava\u015fta da ABD&#8217;nin deste\u011fini kaybedece\u011fiz; \u015fu ana kadar a\u011f\u0131r bedeller \u00f6dedi\u011fimiz sava\u015ftaki t\u00fcm ba\u015far\u0131lar\u0131m\u0131z\u0131 kaybedece\u011fiz.<\/p>\n<p>Ama yeterli de\u011fil. Onlar\u0131n yakla\u015f\u0131m\u0131na g\u00f6re, \u0130srail ordusundan b\u00fcy\u00fck g\u00fc\u00e7ler, Gazze \u015eeridi&#8217;nin yo\u011fun n\u00fcfuslu b\u00f6lgelerinde senelerce kalmaya devam edecek, Hamas&#8217;la \u00e7ete sava\u015f\u0131n\u0131 s\u00fcrd\u00fcrecek. Bu da onlar\u0131 tuzaklarla kar\u015f\u0131 kar\u015f\u0131ya getirmeye ve g\u00fc\u00e7lerimize kar\u015f\u0131 tanksavar f\u00fczeleri ate\u015flemeye devam edilmesine, a\u011f\u0131r kay\u0131plara neden olacak.&#8221;<\/p>\n","protected":false},"excerpt":{"rendered":"<p>\u0130srail ordusunda g\u00f6rev alan eski general Yitzhak Brick, ordunun, &#8220;sava\u015f\u0131n hedeflerinden uzakla\u015ft\u0131\u011f\u0131n\u0131 ve Gazze&#8217;de giderek \u00e7amura batt\u0131\u011f\u0131n\u0131&#8221; ifade ederek, &#8220;sava\u015f\u0131n gidi\u015fat\u0131n\u0131n yeniden de\u011ferlendirilmesi&#8221; \u00e7a\u011fr\u0131s\u0131nda bulundu. \u0130srail ordusunun yedek g\u00fc\u00e7lerinde g\u00f6revli eski general Brick, \u0130srail Maariv gazatesinde yer alan yaz\u0131s\u0131nda, \u0130srail&#8217;in Gazze \u015eeridi&#8217;ne y\u00f6nelik sald\u0131r\u0131lar\u0131n\u0131 de\u011ferlendirdi. Brick, &#8220;Zaman ge\u00e7tik\u00e7e Hamas&#8217;\u0131n ortadan kald\u0131r\u0131lmas\u0131 ve esirlerin serbest kalmas\u0131<\/p>\n","protected":false},"author":1,"featured_media":24740,"comment_status":"open","ping_status":"open","sticky":false,"template":"","format":"standard","meta":{"footnotes":""},"categories":[1],"tags":[],"class_list":["post-24739","post","type-post","status-publish","format-standard","has-post-thumbnail","hentry","category-gundem"],"yoast_head":"<!-- This site is optimized with the Yoast SEO plugin v27.4 - https:\/\/yoast.com\/product\/yoast-seo-wordpress\/ -->\n<title>\u0130srailli eski generalden, &quot;ordunun Gazze&#039;de \u00e7amura batt\u0131\u011f\u0131&quot; yorumu -<\/title>\n<meta name=\"robots\" content=\"index, follow, max-snippet:-1, max-image-preview:large, max-video-preview:-1\" \/>\n<link rel=\"canonical\" href=\"https:\/\/kibrisdakik.com\/?p=24739\" \/>\n<meta property=\"og:locale\" content=\"tr_TR\" \/>\n<meta property=\"og:type\" content=\"article\" \/>\n<meta property=\"og:title\" content=\"\u0130srailli eski generalden, &quot;ordunun Gazze&#039;de \u00e7amura batt\u0131\u011f\u0131&quot; yorumu -\" \/>\n<meta property=\"og:description\" content=\"\u0130srail ordusunda g\u00f6rev alan eski general Yitzhak Brick, ordunun, &#8220;sava\u015f\u0131n hedeflerinden uzakla\u015ft\u0131\u011f\u0131n\u0131 ve Gazze&#8217;de giderek \u00e7amura batt\u0131\u011f\u0131n\u0131&#8221; ifade ederek, &#8220;sava\u015f\u0131n gidi\u015fat\u0131n\u0131n yeniden de\u011ferlendirilmesi&#8221; \u00e7a\u011fr\u0131s\u0131nda bulundu. \u0130srail ordusunun yedek g\u00fc\u00e7lerinde g\u00f6revli eski general Brick, \u0130srail Maariv gazatesinde yer alan yaz\u0131s\u0131nda, \u0130srail&#8217;in Gazze \u015eeridi&#8217;ne y\u00f6nelik sald\u0131r\u0131lar\u0131n\u0131 de\u011ferlendirdi. Brick, &#8220;Zaman ge\u00e7tik\u00e7e Hamas&#8217;\u0131n ortadan kald\u0131r\u0131lmas\u0131 ve esirlerin serbest kalmas\u0131\" \/>\n<meta property=\"og:url\" content=\"https:\/\/kibrisdakik.com\/?p=24739\" \/>\n<meta property=\"article:published_time\" content=\"2024-01-01T17:54:54+00:00\" \/>\n<meta property=\"og:image\" content=\"https:\/\/kibrisdakik.com\/wp-content\/uploads\/2024\/01\/israilli-eski-generalden-ordunun-gazzede-camura-battigi-yorumu-1704130500.webp.webp\" \/>\n\t<meta property=\"og:image:width\" content=\"710\" \/>\n\t<meta property=\"og:image:height\" content=\"370\" \/>\n\t<meta property=\"og:image:type\" content=\"image\/webp\" \/>\n<meta name=\"author\" content=\"admin\" \/>\n<meta name=\"twitter:card\" content=\"summary_large_image\" \/>\n<meta name=\"twitter:label1\" content=\"Yazan:\" \/>\n\t<meta name=\"twitter:data1\" content=\"admin\" \/>\n\t<meta name=\"twitter:label2\" content=\"Tahmini okuma s\u00fcresi\" \/>\n\t<meta name=\"twitter:data2\" content=\"4 dakika\" \/>\n<script type=\"application\/ld+json\" class=\"yoast-schema-graph\">{\"@context\":\"https:\\\/\\\/schema.org\",\"@graph\":[{\"@type\":\"Article\",\"@id\":\"https:\\\/\\\/kibrisdakik.com\\\/?p=24739#article\",\"isPartOf\":{\"@id\":\"https:\\\/\\\/kibrisdakik.com\\\/?p=24739\"},\"author\":{\"name\":\"admin\",\"@id\":\"https:\\\/\\\/kibrisdakik.com\\\/#\\\/schema\\\/person\\\/9cd9d437bbb44f72b73ba127e06d8e79\"},\"headline\":\"\u0130srailli eski generalden, &quot;ordunun Gazze&#039;de \u00e7amura batt\u0131\u011f\u0131&quot; yorumu\",\"datePublished\":\"2024-01-01T17:54:54+00:00\",\"mainEntityOfPage\":{\"@id\":\"https:\\\/\\\/kibrisdakik.com\\\/?p=24739\"},\"wordCount\":790,\"commentCount\":0,\"image\":{\"@id\":\"https:\\\/\\\/kibrisdakik.com\\\/?p=24739#primaryimage\"},\"thumbnailUrl\":\"https:\\\/\\\/kibrisdakik.com\\\/wp-content\\\/uploads\\\/2024\\\/01\\\/israilli-eski-generalden-ordunun-gazzede-camura-battigi-yorumu-1704130500.webp.webp\",\"articleSection\":[\"G\u00fcndem\"],\"inLanguage\":\"tr\",\"potentialAction\":[{\"@type\":\"CommentAction\",\"name\":\"Comment\",\"target\":[\"https:\\\/\\\/kibrisdakik.com\\\/?p=24739#respond\"]}]},{\"@type\":\"WebPage\",\"@id\":\"https:\\\/\\\/kibrisdakik.com\\\/?p=24739\",\"url\":\"https:\\\/\\\/kibrisdakik.com\\\/?p=24739\",\"name\":\"\u0130srailli eski generalden, &quot;ordunun Gazze&#039;de \u00e7amura batt\u0131\u011f\u0131&quot; yorumu -\",\"isPartOf\":{\"@id\":\"https:\\\/\\\/kibrisdakik.com\\\/#website\"},\"primaryImageOfPage\":{\"@id\":\"https:\\\/\\\/kibrisdakik.com\\\/?p=24739#primaryimage\"},\"image\":{\"@id\":\"https:\\\/\\\/kibrisdakik.com\\\/?p=24739#primaryimage\"},\"thumbnailUrl\":\"https:\\\/\\\/kibrisdakik.com\\\/wp-content\\\/uploads\\\/2024\\\/01\\\/israilli-eski-generalden-ordunun-gazzede-camura-battigi-yorumu-1704130500.webp.webp\",\"datePublished\":\"2024-01-01T17:54:54+00:00\",\"author\":{\"@id\":\"https:\\\/\\\/kibrisdakik.com\\\/#\\\/schema\\\/person\\\/9cd9d437bbb44f72b73ba127e06d8e79\"},\"breadcrumb\":{\"@id\":\"https:\\\/\\\/kibrisdakik.com\\\/?p=24739#breadcrumb\"},\"inLanguage\":\"tr\",\"potentialAction\":[{\"@type\":\"ReadAction\",\"target\":[\"https:\\\/\\\/kibrisdakik.com\\\/?p=24739\"]}]},{\"@type\":\"ImageObject\",\"inLanguage\":\"tr\",\"@id\":\"https:\\\/\\\/kibrisdakik.com\\\/?p=24739#primaryimage\",\"url\":\"https:\\\/\\\/kibrisdakik.com\\\/wp-content\\\/uploads\\\/2024\\\/01\\\/israilli-eski-generalden-ordunun-gazzede-camura-battigi-yorumu-1704130500.webp.webp\",\"contentUrl\":\"https:\\\/\\\/kibrisdakik.com\\\/wp-content\\\/uploads\\\/2024\\\/01\\\/israilli-eski-generalden-ordunun-gazzede-camura-battigi-yorumu-1704130500.webp.webp\",\"width\":710,\"height\":370},{\"@type\":\"BreadcrumbList\",\"@id\":\"https:\\\/\\\/kibrisdakik.com\\\/?p=24739#breadcrumb\",\"itemListElement\":[{\"@type\":\"ListItem\",\"position\":1,\"name\":\"Home\",\"item\":\"https:\\\/\\\/kibrisdakik.com\\\/\"},{\"@type\":\"ListItem\",\"position\":2,\"name\":\"\u0130srailli eski generalden, &quot;ordunun Gazze&#039;de \u00e7amura batt\u0131\u011f\u0131&quot; yorumu\"}]},{\"@type\":\"WebSite\",\"@id\":\"https:\\\/\\\/kibrisdakik.com\\\/#website\",\"url\":\"https:\\\/\\\/kibrisdakik.com\\\/\",\"name\":\"\",\"description\":\"Tam vaktinde haber\",\"potentialAction\":[{\"@type\":\"SearchAction\",\"target\":{\"@type\":\"EntryPoint\",\"urlTemplate\":\"https:\\\/\\\/kibrisdakik.com\\\/?s={search_term_string}\"},\"query-input\":{\"@type\":\"PropertyValueSpecification\",\"valueRequired\":true,\"valueName\":\"search_term_string\"}}],\"inLanguage\":\"tr\"},{\"@type\":\"Person\",\"@id\":\"https:\\\/\\\/kibrisdakik.com\\\/#\\\/schema\\\/person\\\/9cd9d437bbb44f72b73ba127e06d8e79\",\"name\":\"admin\",\"image\":{\"@type\":\"ImageObject\",\"inLanguage\":\"tr\",\"@id\":\"https:\\\/\\\/secure.gravatar.com\\\/avatar\\\/ccc17943b9d660506c869530f897617f7cb1c21a4bf30023f252596d83e1f007?s=96&d=mm&r=g\",\"url\":\"https:\\\/\\\/secure.gravatar.com\\\/avatar\\\/ccc17943b9d660506c869530f897617f7cb1c21a4bf30023f252596d83e1f007?s=96&d=mm&r=g\",\"contentUrl\":\"https:\\\/\\\/secure.gravatar.com\\\/avatar\\\/ccc17943b9d660506c869530f897617f7cb1c21a4bf30023f252596d83e1f007?s=96&d=mm&r=g\",\"caption\":\"admin\"},\"sameAs\":[\"https:\\\/\\\/kibrisdakik.com\"],\"url\":\"https:\\\/\\\/kibrisdakik.com\\\/?author=1\"}]}<\/script>\n<!-- \/ Yoast SEO plugin. -->","yoast_head_json":{"title":"\u0130srailli eski generalden, &quot;ordunun Gazze&#039;de \u00e7amura batt\u0131\u011f\u0131&quot; yorumu -","robots":{"index":"index","follow":"follow","max-snippet":"max-snippet:-1","max-image-preview":"max-image-preview:large","max-video-preview":"max-video-preview:-1"},"canonical":"https:\/\/kibrisdakik.com\/?p=24739","og_locale":"tr_TR","og_type":"article","og_title":"\u0130srailli eski generalden, &quot;ordunun Gazze&#039;de \u00e7amura batt\u0131\u011f\u0131&quot; yorumu -","og_description":"\u0130srail ordusunda g\u00f6rev alan eski general Yitzhak Brick, ordunun, &#8220;sava\u015f\u0131n hedeflerinden uzakla\u015ft\u0131\u011f\u0131n\u0131 ve Gazze&#8217;de giderek \u00e7amura batt\u0131\u011f\u0131n\u0131&#8221; ifade ederek, &#8220;sava\u015f\u0131n gidi\u015fat\u0131n\u0131n yeniden de\u011ferlendirilmesi&#8221; \u00e7a\u011fr\u0131s\u0131nda bulundu. \u0130srail ordusunun yedek g\u00fc\u00e7lerinde g\u00f6revli eski general Brick, \u0130srail Maariv gazatesinde yer alan yaz\u0131s\u0131nda, \u0130srail&#8217;in Gazze \u015eeridi&#8217;ne y\u00f6nelik sald\u0131r\u0131lar\u0131n\u0131 de\u011ferlendirdi. Brick, &#8220;Zaman ge\u00e7tik\u00e7e Hamas&#8217;\u0131n ortadan kald\u0131r\u0131lmas\u0131 ve esirlerin serbest kalmas\u0131","og_url":"https:\/\/kibrisdakik.com\/?p=24739","article_published_time":"2024-01-01T17:54:54+00:00","og_image":[{"width":710,"height":370,"url":"https:\/\/kibrisdakik.com\/wp-content\/uploads\/2024\/01\/israilli-eski-generalden-ordunun-gazzede-camura-battigi-yorumu-1704130500.webp.webp","type":"image\/webp"}],"author":"admin","twitter_card":"summary_large_image","twitter_misc":{"Yazan:":"admin","Tahmini okuma s\u00fcresi":"4 dakika"},"schema":{"@context":"https:\/\/schema.org","@graph":[{"@type":"Article","@id":"https:\/\/kibrisdakik.com\/?p=24739#article","isPartOf":{"@id":"https:\/\/kibrisdakik.com\/?p=24739"},"author":{"name":"admin","@id":"https:\/\/kibrisdakik.com\/#\/schema\/person\/9cd9d437bbb44f72b73ba127e06d8e79"},"headline":"\u0130srailli eski generalden, &quot;ordunun Gazze&#039;de \u00e7amura batt\u0131\u011f\u0131&quot; yorumu","datePublished":"2024-01-01T17:54:54+00:00","mainEntityOfPage":{"@id":"https:\/\/kibrisdakik.com\/?p=24739"},"wordCount":790,"commentCount":0,"image":{"@id":"https:\/\/kibrisdakik.com\/?p=24739#primaryimage"},"thumbnailUrl":"https:\/\/kibrisdakik.com\/wp-content\/uploads\/2024\/01\/israilli-eski-generalden-ordunun-gazzede-camura-battigi-yorumu-1704130500.webp.webp","articleSection":["G\u00fcndem"],"inLanguage":"tr","potentialAction":[{"@type":"CommentAction","name":"Comment","target":["https:\/\/kibrisdakik.com\/?p=24739#respond"]}]},{"@type":"WebPage","@id":"https:\/\/kibrisdakik.com\/?p=24739","url":"https:\/\/kibrisdakik.com\/?p=24739","name":"\u0130srailli eski generalden, &quot;ordunun Gazze&#039;de \u00e7amura batt\u0131\u011f\u0131&quot; yorumu -","isPartOf":{"@id":"https:\/\/kibrisdakik.com\/#website"},"primaryImageOfPage":{"@id":"https:\/\/kibrisdakik.com\/?p=24739#primaryimage"},"image":{"@id":"https:\/\/kibrisdakik.com\/?p=24739#primaryimage"},"thumbnailUrl":"https:\/\/kibrisdakik.com\/wp-content\/uploads\/2024\/01\/israilli-eski-generalden-ordunun-gazzede-camura-battigi-yorumu-1704130500.webp.webp","datePublished":"2024-01-01T17:54:54+00:00","author":{"@id":"https:\/\/kibrisdakik.com\/#\/schema\/person\/9cd9d437bbb44f72b73ba127e06d8e79"},"breadcrumb":{"@id":"https:\/\/kibrisdakik.com\/?p=24739#breadcrumb"},"inLanguage":"tr","potentialAction":[{"@type":"ReadAction","target":["https:\/\/kibrisdakik.com\/?p=24739"]}]},{"@type":"ImageObject","inLanguage":"tr","@id":"https:\/\/kibrisdakik.com\/?p=24739#primaryimage","url":"https:\/\/kibrisdakik.com\/wp-content\/uploads\/2024\/01\/israilli-eski-generalden-ordunun-gazzede-camura-battigi-yorumu-1704130500.webp.webp","contentUrl":"https:\/\/kibrisdakik.com\/wp-content\/uploads\/2024\/01\/israilli-eski-generalden-ordunun-gazzede-camura-battigi-yorumu-1704130500.webp.webp","width":710,"height":370},{"@type":"BreadcrumbList","@id":"https:\/\/kibrisdakik.com\/?p=24739#breadcrumb","itemListElement":[{"@type":"ListItem","position":1,"name":"Home","item":"https:\/\/kibrisdakik.com\/"},{"@type":"ListItem","position":2,"name":"\u0130srailli eski generalden, &quot;ordunun Gazze&#039;de \u00e7amura batt\u0131\u011f\u0131&quot; yorumu"}]},{"@type":"WebSite","@id":"https:\/\/kibrisdakik.com\/#website","url":"https:\/\/kibrisdakik.com\/","name":"","description":"Tam vaktinde haber","potentialAction":[{"@type":"SearchAction","target":{"@type":"EntryPoint","urlTemplate":"https:\/\/kibrisdakik.com\/?s={search_term_string}"},"query-input":{"@type":"PropertyValueSpecification","valueRequired":true,"valueName":"search_term_string"}}],"inLanguage":"tr"},{"@type":"Person","@id":"https:\/\/kibrisdakik.com\/#\/schema\/person\/9cd9d437bbb44f72b73ba127e06d8e79","name":"admin","image":{"@type":"ImageObject","inLanguage":"tr","@id":"https:\/\/secure.gravatar.com\/avatar\/ccc17943b9d660506c869530f897617f7cb1c21a4bf30023f252596d83e1f007?s=96&d=mm&r=g","url":"https:\/\/secure.gravatar.com\/avatar\/ccc17943b9d660506c869530f897617f7cb1c21a4bf30023f252596d83e1f007?s=96&d=mm&r=g","contentUrl":"https:\/\/secure.gravatar.com\/avatar\/ccc17943b9d660506c869530f897617f7cb1c21a4bf30023f252596d83e1f007?s=96&d=mm&r=g","caption":"admin"},"sameAs":["https:\/\/kibrisdakik.com"],"url":"https:\/\/kibrisdakik.com\/?author=1"}]}},"_links":{"self":[{"href":"https:\/\/kibrisdakik.com\/index.php?rest_route=\/wp\/v2\/posts\/24739","targetHints":{"allow":["GET"]}}],"collection":[{"href":"https:\/\/kibrisdakik.com\/index.php?rest_route=\/wp\/v2\/posts"}],"about":[{"href":"https:\/\/kibrisdakik.com\/index.php?rest_route=\/wp\/v2\/types\/post"}],"author":[{"embeddable":true,"href":"https:\/\/kibrisdakik.com\/index.php?rest_route=\/wp\/v2\/users\/1"}],"replies":[{"embeddable":true,"href":"https:\/\/kibrisdakik.com\/index.php?rest_route=%2Fwp%2Fv2%2Fcomments&post=24739"}],"version-history":[{"count":0,"href":"https:\/\/kibrisdakik.com\/index.php?rest_route=\/wp\/v2\/posts\/24739\/revisions"}],"wp:featuredmedia":[{"embeddable":true,"href":"https:\/\/kibrisdakik.com\/index.php?rest_route=\/wp\/v2\/media\/24740"}],"wp:attachment":[{"href":"https:\/\/kibrisdakik.com\/index.php?rest_route=%2Fwp%2Fv2%2Fmedia&parent=24739"}],"wp:term":[{"taxonomy":"category","embeddable":true,"href":"https:\/\/kibrisdakik.com\/index.php?rest_route=%2Fwp%2Fv2%2Fcategories&post=24739"},{"taxonomy":"post_tag","embeddable":true,"href":"https:\/\/kibrisdakik.com\/index.php?rest_route=%2Fwp%2Fv2%2Ftags&post=24739"}],"curies":[{"name":"wp","href":"https:\/\/api.w.org\/{rel}","templated":true}]}}