{"id":24826,"date":"2024-01-02T11:51:37","date_gmt":"2024-01-02T11:51:37","guid":{"rendered":"https:\/\/kibrisdakik.com\/index.php\/2024\/01\/02\/yarin-hepimiz-adiyamandayiz-isiasolasikast\/"},"modified":"2024-01-02T11:51:37","modified_gmt":"2024-01-02T11:51:37","slug":"yarin-hepimiz-adiyamandayiz-isiasolasikast","status":"publish","type":"post","link":"https:\/\/kibrisdakik.com\/?p=24826","title":{"rendered":"Yar\u0131n Hepimiz \u201cAd\u0131yaman\u201dday\u0131z #isiasolas\u0131kast"},"content":{"rendered":"<p><img decoding=\"async\" src=\"https:\/\/www.kibristurk.com\/images\/haberler\/2024\/01\/yarin-hepimiz-adiyamandayiz-isiasolasikast-1704191665.webp\" \/><\/p>\n<p><span style=\"font-size:11pt\"><span style=\"font-family:Calibri,sans-serif\">Geliyoruz!<\/span><\/span><\/p>\n<p><span style=\"font-size:11pt\"><span style=\"font-family:Calibri,sans-serif\">Anneler geliyor!<\/span><\/span><\/p>\n<p><span style=\"font-size:11pt\"><span style=\"font-family:Calibri,sans-serif\">Babalar geliyor!<\/span><\/span><\/p>\n<p><span style=\"font-size:11pt\"><span style=\"font-family:Calibri,sans-serif\">E\u015fler, neneler, dedeler geliyor!<\/span><\/span><\/p>\n<p><span style=\"font-size:11pt\"><span style=\"font-family:Calibri,sans-serif\">\u00d6ylesine \u00f6fkeli, \u00f6ylesine \u00fczg\u00fcn, \u00f6ylesine h\u0131r\u00e7\u0131n\u2026<\/span><\/span><\/p>\n<p><span style=\"font-size:11pt\"><span style=\"font-family:Calibri,sans-serif\">Deli gibi geliyoruz\u2026<\/span><\/span><\/p>\n<p><span style=\"font-size:11pt\"><span style=\"font-family:Calibri,sans-serif\">Katiller i\u00e7in, adaletin sa\u011flanmas\u0131n\u0131 bekliyoruz.<\/span><\/span><\/p>\n<p><span style=\"font-size:11pt\"><span style=\"font-family:Calibri,sans-serif\">3 y\u0131l-5 y\u0131l de\u011fil \u00e7al\u0131nan betonun cezas\u0131\u2026<\/span><\/span><\/p>\n<p><span style=\"font-size:11pt\"><span style=\"font-family:Calibri,sans-serif\">3 y\u0131l-5 y\u0131l de\u011fil ka\u00e7ak kat\u0131n cezas\u0131\u2026<\/span><\/span><\/p>\n<p><span style=\"font-size:11pt\"><span style=\"font-family:Calibri,sans-serif\">3 y\u0131l-5 y\u0131l de\u011fil deniz kumunun, adi demirin cezas\u0131\u2026<\/span><\/span><\/p>\n<p><span style=\"font-size:11pt\"><span style=\"font-family:Calibri,sans-serif\">Bizim i\u00e7in OLASI KASTTIR verdi\u011fimiz canlar\u0131n cezas\u0131\u2026<\/span><\/span><\/p>\n<p><span style=\"font-size:11pt\"><span style=\"font-family:Calibri,sans-serif\">1 de\u011fil, 2 de\u011fil, 3 de\u011fil tam 65 ki\u015fiye mezar olan otel\u2026<\/span><\/span><\/p>\n<p><span style=\"font-size:11pt\"><span style=\"font-family:Calibri,sans-serif\">Apartman bozmas\u0131, rezil yer\u2026<\/span><\/span><\/p>\n<p><span style=\"font-size:11pt\"><span style=\"font-family:Calibri,sans-serif\">\u00c7ald\u0131\u011f\u0131n\u0131z her bir hayat\u0131n bedelini \u00f6deyene dek\u2026<\/span><\/span><\/p>\n<p><span style=\"font-size:11pt\"><span style=\"font-family:Calibri,sans-serif\">\u0130ki elimiz yakan\u0131zda, \u00e7ocuklar\u0131m\u0131z\u0131n y\u00fczleri r\u00fcyan\u0131zda\u2026<\/span><\/span><\/p>\n<p><span style=\"font-size:11pt\"><span style=\"font-family:Calibri,sans-serif\">\u2026<\/span><\/span><\/p>\n<p><span style=\"font-size:11pt\"><span style=\"font-family:Calibri,sans-serif\">Bu ak\u015fam saat 18.00\u2019da Twitter\u2019day\u0131z\u2026<\/span><\/span><\/p>\n<p><span style=\"font-size:11pt\"><span style=\"font-family:Calibri,sans-serif\">#isiasolas\u0131kast diyoruz\u2026<\/span><\/span><\/p>\n<p><span style=\"font-size:11pt\"><span style=\"font-family:Calibri,sans-serif\">#isiasortakdavam\u0131z diyoruz\u2026<\/span><\/span><\/p>\n<p><span style=\"font-size:11pt\"><span style=\"font-family:Calibri,sans-serif\">Durduramazlar bizi durduramazlar\u2026<\/span><\/span><\/p>\n<p><span style=\"font-size:11pt\"><span style=\"font-family:Calibri,sans-serif\">Yer yerinden oynar yar\u0131n da, beklenir o adalet orada\u2026<\/span><\/span><\/p>\n<p><span style=\"font-size:11pt\"><span style=\"font-family:Calibri,sans-serif\">Hayk\u0131r\u0131r\u0131z en derinden, me\u015falelerimiz havada\u2026<\/span><\/span><\/p>\n<p><span style=\"font-size:11pt\"><span style=\"font-family:Calibri,sans-serif\">Bu dava bizim m\u00fccadelemiz\u2026<\/span><\/span><\/p>\n<p><span style=\"font-size:11pt\"><span style=\"font-family:Calibri,sans-serif\">Bu dava bizim canlar\u0131m\u0131za s\u00f6z\u00fcm\u00fcz\u2026<\/span><\/span><\/p>\n<p><span style=\"font-size:11pt\"><span style=\"font-family:Calibri,sans-serif\">Bu dava ac\u0131l\u0131 ailelerimizin sava\u015f\u0131\u2026<\/span><\/span><\/p>\n<p><span style=\"font-size:11pt\"><span style=\"font-family:Calibri,sans-serif\">Adalet sa\u011flanana kadar, bitmedi, B\u0130TEMEZ!<\/span><\/span><\/p>\n","protected":false},"excerpt":{"rendered":"<p>Geliyoruz! Anneler geliyor! Babalar geliyor! E\u015fler, neneler, dedeler geliyor! \u00d6ylesine \u00f6fkeli, \u00f6ylesine \u00fczg\u00fcn, \u00f6ylesine h\u0131r\u00e7\u0131n\u2026 Deli gibi geliyoruz\u2026 Katiller i\u00e7in, adaletin sa\u011flanmas\u0131n\u0131 bekliyoruz. 3 y\u0131l-5 y\u0131l de\u011fil \u00e7al\u0131nan betonun cezas\u0131\u2026 3 y\u0131l-5 y\u0131l de\u011fil ka\u00e7ak kat\u0131n cezas\u0131\u2026 3 y\u0131l-5 y\u0131l de\u011fil deniz kumunun, adi demirin cezas\u0131\u2026 Bizim i\u00e7in OLASI KASTTIR verdi\u011fimiz canlar\u0131n cezas\u0131\u2026 1 de\u011fil,<\/p>\n","protected":false},"author":1,"featured_media":24827,"comment_status":"open","ping_status":"open","sticky":false,"template":"","format":"standard","meta":{"footnotes":""},"categories":[86],"tags":[],"class_list":["post-24826","post","type-post","status-publish","format-standard","has-post-thumbnail","hentry","category-turkiye"],"yoast_head":"<!-- This site is optimized with the Yoast SEO plugin v27.4 - https:\/\/yoast.com\/product\/yoast-seo-wordpress\/ -->\n<title>Yar\u0131n Hepimiz \u201cAd\u0131yaman\u201dday\u0131z #isiasolas\u0131kast -<\/title>\n<meta name=\"robots\" content=\"index, follow, max-snippet:-1, max-image-preview:large, max-video-preview:-1\" \/>\n<link rel=\"canonical\" href=\"https:\/\/kibrisdakik.com\/?p=24826\" \/>\n<meta property=\"og:locale\" content=\"tr_TR\" \/>\n<meta property=\"og:type\" content=\"article\" \/>\n<meta property=\"og:title\" content=\"Yar\u0131n Hepimiz \u201cAd\u0131yaman\u201dday\u0131z #isiasolas\u0131kast -\" \/>\n<meta property=\"og:description\" content=\"Geliyoruz! Anneler geliyor! Babalar geliyor! E\u015fler, neneler, dedeler geliyor! \u00d6ylesine \u00f6fkeli, \u00f6ylesine \u00fczg\u00fcn, \u00f6ylesine h\u0131r\u00e7\u0131n\u2026 Deli gibi geliyoruz\u2026 Katiller i\u00e7in, adaletin sa\u011flanmas\u0131n\u0131 bekliyoruz. 3 y\u0131l-5 y\u0131l de\u011fil \u00e7al\u0131nan betonun cezas\u0131\u2026 3 y\u0131l-5 y\u0131l de\u011fil ka\u00e7ak kat\u0131n cezas\u0131\u2026 3 y\u0131l-5 y\u0131l de\u011fil deniz kumunun, adi demirin cezas\u0131\u2026 Bizim i\u00e7in OLASI KASTTIR verdi\u011fimiz canlar\u0131n cezas\u0131\u2026 1 de\u011fil,\" \/>\n<meta property=\"og:url\" content=\"https:\/\/kibrisdakik.com\/?p=24826\" \/>\n<meta property=\"article:published_time\" content=\"2024-01-02T11:51:37+00:00\" \/>\n<meta property=\"og:image\" content=\"https:\/\/kibrisdakik.com\/wp-content\/uploads\/2024\/01\/yarin-hepimiz-adiyamandayiz-isiasolasikast-1704191665.webp.webp\" \/>\n\t<meta property=\"og:image:width\" content=\"710\" \/>\n\t<meta property=\"og:image:height\" content=\"370\" \/>\n\t<meta property=\"og:image:type\" content=\"image\/webp\" \/>\n<meta name=\"author\" content=\"admin\" \/>\n<meta name=\"twitter:card\" content=\"summary_large_image\" \/>\n<meta name=\"twitter:label1\" content=\"Yazan:\" \/>\n\t<meta name=\"twitter:data1\" content=\"admin\" \/>\n\t<meta name=\"twitter:label2\" content=\"Tahmini okuma s\u00fcresi\" \/>\n\t<meta name=\"twitter:data2\" content=\"1 dakika\" \/>\n<script type=\"application\/ld+json\" class=\"yoast-schema-graph\">{\"@context\":\"https:\\\/\\\/schema.org\",\"@graph\":[{\"@type\":\"Article\",\"@id\":\"https:\\\/\\\/kibrisdakik.com\\\/?p=24826#article\",\"isPartOf\":{\"@id\":\"https:\\\/\\\/kibrisdakik.com\\\/?p=24826\"},\"author\":{\"name\":\"admin\",\"@id\":\"https:\\\/\\\/kibrisdakik.com\\\/#\\\/schema\\\/person\\\/9cd9d437bbb44f72b73ba127e06d8e79\"},\"headline\":\"Yar\u0131n Hepimiz \u201cAd\u0131yaman\u201dday\u0131z #isiasolas\u0131kast\",\"datePublished\":\"2024-01-02T11:51:37+00:00\",\"mainEntityOfPage\":{\"@id\":\"https:\\\/\\\/kibrisdakik.com\\\/?p=24826\"},\"wordCount\":184,\"commentCount\":0,\"image\":{\"@id\":\"https:\\\/\\\/kibrisdakik.com\\\/?p=24826#primaryimage\"},\"thumbnailUrl\":\"https:\\\/\\\/kibrisdakik.com\\\/wp-content\\\/uploads\\\/2024\\\/01\\\/yarin-hepimiz-adiyamandayiz-isiasolasikast-1704191665.webp.webp\",\"articleSection\":[\"T\u00fcrkiye\"],\"inLanguage\":\"tr\",\"potentialAction\":[{\"@type\":\"CommentAction\",\"name\":\"Comment\",\"target\":[\"https:\\\/\\\/kibrisdakik.com\\\/?p=24826#respond\"]}]},{\"@type\":\"WebPage\",\"@id\":\"https:\\\/\\\/kibrisdakik.com\\\/?p=24826\",\"url\":\"https:\\\/\\\/kibrisdakik.com\\\/?p=24826\",\"name\":\"Yar\u0131n Hepimiz \u201cAd\u0131yaman\u201dday\u0131z #isiasolas\u0131kast -\",\"isPartOf\":{\"@id\":\"https:\\\/\\\/kibrisdakik.com\\\/#website\"},\"primaryImageOfPage\":{\"@id\":\"https:\\\/\\\/kibrisdakik.com\\\/?p=24826#primaryimage\"},\"image\":{\"@id\":\"https:\\\/\\\/kibrisdakik.com\\\/?p=24826#primaryimage\"},\"thumbnailUrl\":\"https:\\\/\\\/kibrisdakik.com\\\/wp-content\\\/uploads\\\/2024\\\/01\\\/yarin-hepimiz-adiyamandayiz-isiasolasikast-1704191665.webp.webp\",\"datePublished\":\"2024-01-02T11:51:37+00:00\",\"author\":{\"@id\":\"https:\\\/\\\/kibrisdakik.com\\\/#\\\/schema\\\/person\\\/9cd9d437bbb44f72b73ba127e06d8e79\"},\"breadcrumb\":{\"@id\":\"https:\\\/\\\/kibrisdakik.com\\\/?p=24826#breadcrumb\"},\"inLanguage\":\"tr\",\"potentialAction\":[{\"@type\":\"ReadAction\",\"target\":[\"https:\\\/\\\/kibrisdakik.com\\\/?p=24826\"]}]},{\"@type\":\"ImageObject\",\"inLanguage\":\"tr\",\"@id\":\"https:\\\/\\\/kibrisdakik.com\\\/?p=24826#primaryimage\",\"url\":\"https:\\\/\\\/kibrisdakik.com\\\/wp-content\\\/uploads\\\/2024\\\/01\\\/yarin-hepimiz-adiyamandayiz-isiasolasikast-1704191665.webp.webp\",\"contentUrl\":\"https:\\\/\\\/kibrisdakik.com\\\/wp-content\\\/uploads\\\/2024\\\/01\\\/yarin-hepimiz-adiyamandayiz-isiasolasikast-1704191665.webp.webp\",\"width\":710,\"height\":370},{\"@type\":\"BreadcrumbList\",\"@id\":\"https:\\\/\\\/kibrisdakik.com\\\/?p=24826#breadcrumb\",\"itemListElement\":[{\"@type\":\"ListItem\",\"position\":1,\"name\":\"Home\",\"item\":\"https:\\\/\\\/kibrisdakik.com\\\/\"},{\"@type\":\"ListItem\",\"position\":2,\"name\":\"Yar\u0131n Hepimiz \u201cAd\u0131yaman\u201dday\u0131z #isiasolas\u0131kast\"}]},{\"@type\":\"WebSite\",\"@id\":\"https:\\\/\\\/kibrisdakik.com\\\/#website\",\"url\":\"https:\\\/\\\/kibrisdakik.com\\\/\",\"name\":\"\",\"description\":\"Tam vaktinde haber\",\"potentialAction\":[{\"@type\":\"SearchAction\",\"target\":{\"@type\":\"EntryPoint\",\"urlTemplate\":\"https:\\\/\\\/kibrisdakik.com\\\/?s={search_term_string}\"},\"query-input\":{\"@type\":\"PropertyValueSpecification\",\"valueRequired\":true,\"valueName\":\"search_term_string\"}}],\"inLanguage\":\"tr\"},{\"@type\":\"Person\",\"@id\":\"https:\\\/\\\/kibrisdakik.com\\\/#\\\/schema\\\/person\\\/9cd9d437bbb44f72b73ba127e06d8e79\",\"name\":\"admin\",\"image\":{\"@type\":\"ImageObject\",\"inLanguage\":\"tr\",\"@id\":\"https:\\\/\\\/secure.gravatar.com\\\/avatar\\\/ccc17943b9d660506c869530f897617f7cb1c21a4bf30023f252596d83e1f007?s=96&d=mm&r=g\",\"url\":\"https:\\\/\\\/secure.gravatar.com\\\/avatar\\\/ccc17943b9d660506c869530f897617f7cb1c21a4bf30023f252596d83e1f007?s=96&d=mm&r=g\",\"contentUrl\":\"https:\\\/\\\/secure.gravatar.com\\\/avatar\\\/ccc17943b9d660506c869530f897617f7cb1c21a4bf30023f252596d83e1f007?s=96&d=mm&r=g\",\"caption\":\"admin\"},\"sameAs\":[\"https:\\\/\\\/kibrisdakik.com\"],\"url\":\"https:\\\/\\\/kibrisdakik.com\\\/?author=1\"}]}<\/script>\n<!-- \/ Yoast SEO plugin. -->","yoast_head_json":{"title":"Yar\u0131n Hepimiz \u201cAd\u0131yaman\u201dday\u0131z #isiasolas\u0131kast -","robots":{"index":"index","follow":"follow","max-snippet":"max-snippet:-1","max-image-preview":"max-image-preview:large","max-video-preview":"max-video-preview:-1"},"canonical":"https:\/\/kibrisdakik.com\/?p=24826","og_locale":"tr_TR","og_type":"article","og_title":"Yar\u0131n Hepimiz \u201cAd\u0131yaman\u201dday\u0131z #isiasolas\u0131kast -","og_description":"Geliyoruz! Anneler geliyor! Babalar geliyor! E\u015fler, neneler, dedeler geliyor! \u00d6ylesine \u00f6fkeli, \u00f6ylesine \u00fczg\u00fcn, \u00f6ylesine h\u0131r\u00e7\u0131n\u2026 Deli gibi geliyoruz\u2026 Katiller i\u00e7in, adaletin sa\u011flanmas\u0131n\u0131 bekliyoruz. 3 y\u0131l-5 y\u0131l de\u011fil \u00e7al\u0131nan betonun cezas\u0131\u2026 3 y\u0131l-5 y\u0131l de\u011fil ka\u00e7ak kat\u0131n cezas\u0131\u2026 3 y\u0131l-5 y\u0131l de\u011fil deniz kumunun, adi demirin cezas\u0131\u2026 Bizim i\u00e7in OLASI KASTTIR verdi\u011fimiz canlar\u0131n cezas\u0131\u2026 1 de\u011fil,","og_url":"https:\/\/kibrisdakik.com\/?p=24826","article_published_time":"2024-01-02T11:51:37+00:00","og_image":[{"width":710,"height":370,"url":"https:\/\/kibrisdakik.com\/wp-content\/uploads\/2024\/01\/yarin-hepimiz-adiyamandayiz-isiasolasikast-1704191665.webp.webp","type":"image\/webp"}],"author":"admin","twitter_card":"summary_large_image","twitter_misc":{"Yazan:":"admin","Tahmini okuma s\u00fcresi":"1 dakika"},"schema":{"@context":"https:\/\/schema.org","@graph":[{"@type":"Article","@id":"https:\/\/kibrisdakik.com\/?p=24826#article","isPartOf":{"@id":"https:\/\/kibrisdakik.com\/?p=24826"},"author":{"name":"admin","@id":"https:\/\/kibrisdakik.com\/#\/schema\/person\/9cd9d437bbb44f72b73ba127e06d8e79"},"headline":"Yar\u0131n Hepimiz \u201cAd\u0131yaman\u201dday\u0131z #isiasolas\u0131kast","datePublished":"2024-01-02T11:51:37+00:00","mainEntityOfPage":{"@id":"https:\/\/kibrisdakik.com\/?p=24826"},"wordCount":184,"commentCount":0,"image":{"@id":"https:\/\/kibrisdakik.com\/?p=24826#primaryimage"},"thumbnailUrl":"https:\/\/kibrisdakik.com\/wp-content\/uploads\/2024\/01\/yarin-hepimiz-adiyamandayiz-isiasolasikast-1704191665.webp.webp","articleSection":["T\u00fcrkiye"],"inLanguage":"tr","potentialAction":[{"@type":"CommentAction","name":"Comment","target":["https:\/\/kibrisdakik.com\/?p=24826#respond"]}]},{"@type":"WebPage","@id":"https:\/\/kibrisdakik.com\/?p=24826","url":"https:\/\/kibrisdakik.com\/?p=24826","name":"Yar\u0131n Hepimiz \u201cAd\u0131yaman\u201dday\u0131z #isiasolas\u0131kast -","isPartOf":{"@id":"https:\/\/kibrisdakik.com\/#website"},"primaryImageOfPage":{"@id":"https:\/\/kibrisdakik.com\/?p=24826#primaryimage"},"image":{"@id":"https:\/\/kibrisdakik.com\/?p=24826#primaryimage"},"thumbnailUrl":"https:\/\/kibrisdakik.com\/wp-content\/uploads\/2024\/01\/yarin-hepimiz-adiyamandayiz-isiasolasikast-1704191665.webp.webp","datePublished":"2024-01-02T11:51:37+00:00","author":{"@id":"https:\/\/kibrisdakik.com\/#\/schema\/person\/9cd9d437bbb44f72b73ba127e06d8e79"},"breadcrumb":{"@id":"https:\/\/kibrisdakik.com\/?p=24826#breadcrumb"},"inLanguage":"tr","potentialAction":[{"@type":"ReadAction","target":["https:\/\/kibrisdakik.com\/?p=24826"]}]},{"@type":"ImageObject","inLanguage":"tr","@id":"https:\/\/kibrisdakik.com\/?p=24826#primaryimage","url":"https:\/\/kibrisdakik.com\/wp-content\/uploads\/2024\/01\/yarin-hepimiz-adiyamandayiz-isiasolasikast-1704191665.webp.webp","contentUrl":"https:\/\/kibrisdakik.com\/wp-content\/uploads\/2024\/01\/yarin-hepimiz-adiyamandayiz-isiasolasikast-1704191665.webp.webp","width":710,"height":370},{"@type":"BreadcrumbList","@id":"https:\/\/kibrisdakik.com\/?p=24826#breadcrumb","itemListElement":[{"@type":"ListItem","position":1,"name":"Home","item":"https:\/\/kibrisdakik.com\/"},{"@type":"ListItem","position":2,"name":"Yar\u0131n Hepimiz \u201cAd\u0131yaman\u201dday\u0131z #isiasolas\u0131kast"}]},{"@type":"WebSite","@id":"https:\/\/kibrisdakik.com\/#website","url":"https:\/\/kibrisdakik.com\/","name":"","description":"Tam vaktinde haber","potentialAction":[{"@type":"SearchAction","target":{"@type":"EntryPoint","urlTemplate":"https:\/\/kibrisdakik.com\/?s={search_term_string}"},"query-input":{"@type":"PropertyValueSpecification","valueRequired":true,"valueName":"search_term_string"}}],"inLanguage":"tr"},{"@type":"Person","@id":"https:\/\/kibrisdakik.com\/#\/schema\/person\/9cd9d437bbb44f72b73ba127e06d8e79","name":"admin","image":{"@type":"ImageObject","inLanguage":"tr","@id":"https:\/\/secure.gravatar.com\/avatar\/ccc17943b9d660506c869530f897617f7cb1c21a4bf30023f252596d83e1f007?s=96&d=mm&r=g","url":"https:\/\/secure.gravatar.com\/avatar\/ccc17943b9d660506c869530f897617f7cb1c21a4bf30023f252596d83e1f007?s=96&d=mm&r=g","contentUrl":"https:\/\/secure.gravatar.com\/avatar\/ccc17943b9d660506c869530f897617f7cb1c21a4bf30023f252596d83e1f007?s=96&d=mm&r=g","caption":"admin"},"sameAs":["https:\/\/kibrisdakik.com"],"url":"https:\/\/kibrisdakik.com\/?author=1"}]}},"_links":{"self":[{"href":"https:\/\/kibrisdakik.com\/index.php?rest_route=\/wp\/v2\/posts\/24826","targetHints":{"allow":["GET"]}}],"collection":[{"href":"https:\/\/kibrisdakik.com\/index.php?rest_route=\/wp\/v2\/posts"}],"about":[{"href":"https:\/\/kibrisdakik.com\/index.php?rest_route=\/wp\/v2\/types\/post"}],"author":[{"embeddable":true,"href":"https:\/\/kibrisdakik.com\/index.php?rest_route=\/wp\/v2\/users\/1"}],"replies":[{"embeddable":true,"href":"https:\/\/kibrisdakik.com\/index.php?rest_route=%2Fwp%2Fv2%2Fcomments&post=24826"}],"version-history":[{"count":0,"href":"https:\/\/kibrisdakik.com\/index.php?rest_route=\/wp\/v2\/posts\/24826\/revisions"}],"wp:featuredmedia":[{"embeddable":true,"href":"https:\/\/kibrisdakik.com\/index.php?rest_route=\/wp\/v2\/media\/24827"}],"wp:attachment":[{"href":"https:\/\/kibrisdakik.com\/index.php?rest_route=%2Fwp%2Fv2%2Fmedia&parent=24826"}],"wp:term":[{"taxonomy":"category","embeddable":true,"href":"https:\/\/kibrisdakik.com\/index.php?rest_route=%2Fwp%2Fv2%2Fcategories&post=24826"},{"taxonomy":"post_tag","embeddable":true,"href":"https:\/\/kibrisdakik.com\/index.php?rest_route=%2Fwp%2Fv2%2Ftags&post=24826"}],"curies":[{"name":"wp","href":"https:\/\/api.w.org\/{rel}","templated":true}]}}