{"id":24858,"date":"2024-01-02T15:43:57","date_gmt":"2024-01-02T15:43:57","guid":{"rendered":"https:\/\/kibrisdakik.com\/index.php\/2024\/01\/02\/basbakan-unal-ustel-adiyamana-gidiyor\/"},"modified":"2024-01-02T15:43:57","modified_gmt":"2024-01-02T15:43:57","slug":"basbakan-unal-ustel-adiyamana-gidiyor","status":"publish","type":"post","link":"https:\/\/kibrisdakik.com\/?p=24858","title":{"rendered":"Ba\u015fbakan \u00dcnal \u00dcstel Ad\u0131yaman&#039;a gidiyor"},"content":{"rendered":"<p><img decoding=\"async\" src=\"https:\/\/www.kibristurk.com\/images\/haberler\/2024\/01\/basbakan-unal-ustel-adiyamana-gidiyor-1704209268.webp\" \/><\/p>\n<p>Ba\u015fbakan \u00dcnal \u00dcstel Ad\u0131yaman&#8217;a gitmek i\u00e7in yola \u00e7\u0131kt\u0131&#8230;<\/p>\n<p>Ba\u015fbakan \u00dcnal \u00dcstel, bir numaral\u0131 m\u00fc\u015fteki oldu\u011fu \u0130sias davas\u0131na kat\u0131lmak i\u00e7in KKTC saati ile saat 19.00\u2019da \u015eanl\u0131urfa Havaliman\u0131\u2019na inmesi bekleniyor.<\/p>\n<p>Ba\u015fbakan \u00dcstel, havaliman\u0131nda bas\u0131na bir a\u00e7\u0131klama yapt\u0131ktan sonra karayolu ile Ad\u0131yaman\u2019a ge\u00e7ecek.<\/p>\n<p>Ba\u015fbakan Ad\u0131yaman\u2019da ba\u015flayacak \u0130sias davas\u0131n\u0131 takip ederek ailelerle bir araya gelecek.<\/p>\n","protected":false},"excerpt":{"rendered":"<p>Ba\u015fbakan \u00dcnal \u00dcstel Ad\u0131yaman&#8217;a gitmek i\u00e7in yola \u00e7\u0131kt\u0131&#8230; Ba\u015fbakan \u00dcnal \u00dcstel, bir numaral\u0131 m\u00fc\u015fteki oldu\u011fu \u0130sias davas\u0131na kat\u0131lmak i\u00e7in KKTC saati ile saat 19.00\u2019da \u015eanl\u0131urfa Havaliman\u0131\u2019na inmesi bekleniyor. Ba\u015fbakan \u00dcstel, havaliman\u0131nda bas\u0131na bir a\u00e7\u0131klama yapt\u0131ktan sonra karayolu ile Ad\u0131yaman\u2019a ge\u00e7ecek. Ba\u015fbakan Ad\u0131yaman\u2019da ba\u015flayacak \u0130sias davas\u0131n\u0131 takip ederek ailelerle bir araya gelecek.<\/p>\n","protected":false},"author":1,"featured_media":24859,"comment_status":"open","ping_status":"open","sticky":false,"template":"","format":"standard","meta":{"footnotes":""},"categories":[79],"tags":[],"class_list":["post-24858","post","type-post","status-publish","format-standard","has-post-thumbnail","hentry","category-ekonomi"],"yoast_head":"<!-- This site is optimized with the Yoast SEO plugin v27.4 - https:\/\/yoast.com\/product\/yoast-seo-wordpress\/ -->\n<title>Ba\u015fbakan \u00dcnal \u00dcstel Ad\u0131yaman&#039;a gidiyor -<\/title>\n<meta name=\"robots\" content=\"index, follow, max-snippet:-1, max-image-preview:large, max-video-preview:-1\" \/>\n<link rel=\"canonical\" href=\"https:\/\/kibrisdakik.com\/?p=24858\" \/>\n<meta property=\"og:locale\" content=\"tr_TR\" \/>\n<meta property=\"og:type\" content=\"article\" \/>\n<meta property=\"og:title\" content=\"Ba\u015fbakan \u00dcnal \u00dcstel Ad\u0131yaman&#039;a gidiyor -\" \/>\n<meta property=\"og:description\" content=\"Ba\u015fbakan \u00dcnal \u00dcstel Ad\u0131yaman&#8217;a gitmek i\u00e7in yola \u00e7\u0131kt\u0131&#8230; Ba\u015fbakan \u00dcnal \u00dcstel, bir numaral\u0131 m\u00fc\u015fteki oldu\u011fu \u0130sias davas\u0131na kat\u0131lmak i\u00e7in KKTC saati ile saat 19.00\u2019da \u015eanl\u0131urfa Havaliman\u0131\u2019na inmesi bekleniyor. Ba\u015fbakan \u00dcstel, havaliman\u0131nda bas\u0131na bir a\u00e7\u0131klama yapt\u0131ktan sonra karayolu ile Ad\u0131yaman\u2019a ge\u00e7ecek. Ba\u015fbakan Ad\u0131yaman\u2019da ba\u015flayacak \u0130sias davas\u0131n\u0131 takip ederek ailelerle bir araya gelecek.\" \/>\n<meta property=\"og:url\" content=\"https:\/\/kibrisdakik.com\/?p=24858\" \/>\n<meta property=\"article:published_time\" content=\"2024-01-02T15:43:57+00:00\" \/>\n<meta property=\"og:image\" content=\"https:\/\/kibrisdakik.com\/wp-content\/uploads\/2024\/01\/basbakan-unal-ustel-adiyamana-gidiyor-1704209268.webp.webp\" \/>\n\t<meta property=\"og:image:width\" content=\"710\" \/>\n\t<meta property=\"og:image:height\" content=\"370\" \/>\n\t<meta property=\"og:image:type\" content=\"image\/webp\" \/>\n<meta name=\"author\" content=\"admin\" \/>\n<meta name=\"twitter:card\" content=\"summary_large_image\" \/>\n<meta name=\"twitter:label1\" content=\"Yazan:\" \/>\n\t<meta name=\"twitter:data1\" content=\"admin\" \/>\n<script type=\"application\/ld+json\" class=\"yoast-schema-graph\">{\"@context\":\"https:\\\/\\\/schema.org\",\"@graph\":[{\"@type\":\"Article\",\"@id\":\"https:\\\/\\\/kibrisdakik.com\\\/?p=24858#article\",\"isPartOf\":{\"@id\":\"https:\\\/\\\/kibrisdakik.com\\\/?p=24858\"},\"author\":{\"name\":\"admin\",\"@id\":\"https:\\\/\\\/kibrisdakik.com\\\/#\\\/schema\\\/person\\\/9cd9d437bbb44f72b73ba127e06d8e79\"},\"headline\":\"Ba\u015fbakan \u00dcnal \u00dcstel Ad\u0131yaman&#039;a gidiyor\",\"datePublished\":\"2024-01-02T15:43:57+00:00\",\"mainEntityOfPage\":{\"@id\":\"https:\\\/\\\/kibrisdakik.com\\\/?p=24858\"},\"wordCount\":83,\"commentCount\":0,\"image\":{\"@id\":\"https:\\\/\\\/kibrisdakik.com\\\/?p=24858#primaryimage\"},\"thumbnailUrl\":\"https:\\\/\\\/kibrisdakik.com\\\/wp-content\\\/uploads\\\/2024\\\/01\\\/basbakan-unal-ustel-adiyamana-gidiyor-1704209268.webp.webp\",\"articleSection\":[\"Ekonomi\"],\"inLanguage\":\"tr\",\"potentialAction\":[{\"@type\":\"CommentAction\",\"name\":\"Comment\",\"target\":[\"https:\\\/\\\/kibrisdakik.com\\\/?p=24858#respond\"]}]},{\"@type\":\"WebPage\",\"@id\":\"https:\\\/\\\/kibrisdakik.com\\\/?p=24858\",\"url\":\"https:\\\/\\\/kibrisdakik.com\\\/?p=24858\",\"name\":\"Ba\u015fbakan \u00dcnal \u00dcstel Ad\u0131yaman&#039;a gidiyor -\",\"isPartOf\":{\"@id\":\"https:\\\/\\\/kibrisdakik.com\\\/#website\"},\"primaryImageOfPage\":{\"@id\":\"https:\\\/\\\/kibrisdakik.com\\\/?p=24858#primaryimage\"},\"image\":{\"@id\":\"https:\\\/\\\/kibrisdakik.com\\\/?p=24858#primaryimage\"},\"thumbnailUrl\":\"https:\\\/\\\/kibrisdakik.com\\\/wp-content\\\/uploads\\\/2024\\\/01\\\/basbakan-unal-ustel-adiyamana-gidiyor-1704209268.webp.webp\",\"datePublished\":\"2024-01-02T15:43:57+00:00\",\"author\":{\"@id\":\"https:\\\/\\\/kibrisdakik.com\\\/#\\\/schema\\\/person\\\/9cd9d437bbb44f72b73ba127e06d8e79\"},\"breadcrumb\":{\"@id\":\"https:\\\/\\\/kibrisdakik.com\\\/?p=24858#breadcrumb\"},\"inLanguage\":\"tr\",\"potentialAction\":[{\"@type\":\"ReadAction\",\"target\":[\"https:\\\/\\\/kibrisdakik.com\\\/?p=24858\"]}]},{\"@type\":\"ImageObject\",\"inLanguage\":\"tr\",\"@id\":\"https:\\\/\\\/kibrisdakik.com\\\/?p=24858#primaryimage\",\"url\":\"https:\\\/\\\/kibrisdakik.com\\\/wp-content\\\/uploads\\\/2024\\\/01\\\/basbakan-unal-ustel-adiyamana-gidiyor-1704209268.webp.webp\",\"contentUrl\":\"https:\\\/\\\/kibrisdakik.com\\\/wp-content\\\/uploads\\\/2024\\\/01\\\/basbakan-unal-ustel-adiyamana-gidiyor-1704209268.webp.webp\",\"width\":710,\"height\":370},{\"@type\":\"BreadcrumbList\",\"@id\":\"https:\\\/\\\/kibrisdakik.com\\\/?p=24858#breadcrumb\",\"itemListElement\":[{\"@type\":\"ListItem\",\"position\":1,\"name\":\"Home\",\"item\":\"https:\\\/\\\/kibrisdakik.com\\\/\"},{\"@type\":\"ListItem\",\"position\":2,\"name\":\"Ba\u015fbakan \u00dcnal \u00dcstel Ad\u0131yaman&#039;a gidiyor\"}]},{\"@type\":\"WebSite\",\"@id\":\"https:\\\/\\\/kibrisdakik.com\\\/#website\",\"url\":\"https:\\\/\\\/kibrisdakik.com\\\/\",\"name\":\"\",\"description\":\"Tam vaktinde haber\",\"potentialAction\":[{\"@type\":\"SearchAction\",\"target\":{\"@type\":\"EntryPoint\",\"urlTemplate\":\"https:\\\/\\\/kibrisdakik.com\\\/?s={search_term_string}\"},\"query-input\":{\"@type\":\"PropertyValueSpecification\",\"valueRequired\":true,\"valueName\":\"search_term_string\"}}],\"inLanguage\":\"tr\"},{\"@type\":\"Person\",\"@id\":\"https:\\\/\\\/kibrisdakik.com\\\/#\\\/schema\\\/person\\\/9cd9d437bbb44f72b73ba127e06d8e79\",\"name\":\"admin\",\"image\":{\"@type\":\"ImageObject\",\"inLanguage\":\"tr\",\"@id\":\"https:\\\/\\\/secure.gravatar.com\\\/avatar\\\/ccc17943b9d660506c869530f897617f7cb1c21a4bf30023f252596d83e1f007?s=96&d=mm&r=g\",\"url\":\"https:\\\/\\\/secure.gravatar.com\\\/avatar\\\/ccc17943b9d660506c869530f897617f7cb1c21a4bf30023f252596d83e1f007?s=96&d=mm&r=g\",\"contentUrl\":\"https:\\\/\\\/secure.gravatar.com\\\/avatar\\\/ccc17943b9d660506c869530f897617f7cb1c21a4bf30023f252596d83e1f007?s=96&d=mm&r=g\",\"caption\":\"admin\"},\"sameAs\":[\"https:\\\/\\\/kibrisdakik.com\"],\"url\":\"https:\\\/\\\/kibrisdakik.com\\\/?author=1\"}]}<\/script>\n<!-- \/ Yoast SEO plugin. -->","yoast_head_json":{"title":"Ba\u015fbakan \u00dcnal \u00dcstel Ad\u0131yaman&#039;a gidiyor -","robots":{"index":"index","follow":"follow","max-snippet":"max-snippet:-1","max-image-preview":"max-image-preview:large","max-video-preview":"max-video-preview:-1"},"canonical":"https:\/\/kibrisdakik.com\/?p=24858","og_locale":"tr_TR","og_type":"article","og_title":"Ba\u015fbakan \u00dcnal \u00dcstel Ad\u0131yaman&#039;a gidiyor -","og_description":"Ba\u015fbakan \u00dcnal \u00dcstel Ad\u0131yaman&#8217;a gitmek i\u00e7in yola \u00e7\u0131kt\u0131&#8230; Ba\u015fbakan \u00dcnal \u00dcstel, bir numaral\u0131 m\u00fc\u015fteki oldu\u011fu \u0130sias davas\u0131na kat\u0131lmak i\u00e7in KKTC saati ile saat 19.00\u2019da \u015eanl\u0131urfa Havaliman\u0131\u2019na inmesi bekleniyor. Ba\u015fbakan \u00dcstel, havaliman\u0131nda bas\u0131na bir a\u00e7\u0131klama yapt\u0131ktan sonra karayolu ile Ad\u0131yaman\u2019a ge\u00e7ecek. Ba\u015fbakan Ad\u0131yaman\u2019da ba\u015flayacak \u0130sias davas\u0131n\u0131 takip ederek ailelerle bir araya gelecek.","og_url":"https:\/\/kibrisdakik.com\/?p=24858","article_published_time":"2024-01-02T15:43:57+00:00","og_image":[{"width":710,"height":370,"url":"https:\/\/kibrisdakik.com\/wp-content\/uploads\/2024\/01\/basbakan-unal-ustel-adiyamana-gidiyor-1704209268.webp.webp","type":"image\/webp"}],"author":"admin","twitter_card":"summary_large_image","twitter_misc":{"Yazan:":"admin"},"schema":{"@context":"https:\/\/schema.org","@graph":[{"@type":"Article","@id":"https:\/\/kibrisdakik.com\/?p=24858#article","isPartOf":{"@id":"https:\/\/kibrisdakik.com\/?p=24858"},"author":{"name":"admin","@id":"https:\/\/kibrisdakik.com\/#\/schema\/person\/9cd9d437bbb44f72b73ba127e06d8e79"},"headline":"Ba\u015fbakan \u00dcnal \u00dcstel Ad\u0131yaman&#039;a gidiyor","datePublished":"2024-01-02T15:43:57+00:00","mainEntityOfPage":{"@id":"https:\/\/kibrisdakik.com\/?p=24858"},"wordCount":83,"commentCount":0,"image":{"@id":"https:\/\/kibrisdakik.com\/?p=24858#primaryimage"},"thumbnailUrl":"https:\/\/kibrisdakik.com\/wp-content\/uploads\/2024\/01\/basbakan-unal-ustel-adiyamana-gidiyor-1704209268.webp.webp","articleSection":["Ekonomi"],"inLanguage":"tr","potentialAction":[{"@type":"CommentAction","name":"Comment","target":["https:\/\/kibrisdakik.com\/?p=24858#respond"]}]},{"@type":"WebPage","@id":"https:\/\/kibrisdakik.com\/?p=24858","url":"https:\/\/kibrisdakik.com\/?p=24858","name":"Ba\u015fbakan \u00dcnal \u00dcstel Ad\u0131yaman&#039;a gidiyor -","isPartOf":{"@id":"https:\/\/kibrisdakik.com\/#website"},"primaryImageOfPage":{"@id":"https:\/\/kibrisdakik.com\/?p=24858#primaryimage"},"image":{"@id":"https:\/\/kibrisdakik.com\/?p=24858#primaryimage"},"thumbnailUrl":"https:\/\/kibrisdakik.com\/wp-content\/uploads\/2024\/01\/basbakan-unal-ustel-adiyamana-gidiyor-1704209268.webp.webp","datePublished":"2024-01-02T15:43:57+00:00","author":{"@id":"https:\/\/kibrisdakik.com\/#\/schema\/person\/9cd9d437bbb44f72b73ba127e06d8e79"},"breadcrumb":{"@id":"https:\/\/kibrisdakik.com\/?p=24858#breadcrumb"},"inLanguage":"tr","potentialAction":[{"@type":"ReadAction","target":["https:\/\/kibrisdakik.com\/?p=24858"]}]},{"@type":"ImageObject","inLanguage":"tr","@id":"https:\/\/kibrisdakik.com\/?p=24858#primaryimage","url":"https:\/\/kibrisdakik.com\/wp-content\/uploads\/2024\/01\/basbakan-unal-ustel-adiyamana-gidiyor-1704209268.webp.webp","contentUrl":"https:\/\/kibrisdakik.com\/wp-content\/uploads\/2024\/01\/basbakan-unal-ustel-adiyamana-gidiyor-1704209268.webp.webp","width":710,"height":370},{"@type":"BreadcrumbList","@id":"https:\/\/kibrisdakik.com\/?p=24858#breadcrumb","itemListElement":[{"@type":"ListItem","position":1,"name":"Home","item":"https:\/\/kibrisdakik.com\/"},{"@type":"ListItem","position":2,"name":"Ba\u015fbakan \u00dcnal \u00dcstel Ad\u0131yaman&#039;a gidiyor"}]},{"@type":"WebSite","@id":"https:\/\/kibrisdakik.com\/#website","url":"https:\/\/kibrisdakik.com\/","name":"","description":"Tam vaktinde haber","potentialAction":[{"@type":"SearchAction","target":{"@type":"EntryPoint","urlTemplate":"https:\/\/kibrisdakik.com\/?s={search_term_string}"},"query-input":{"@type":"PropertyValueSpecification","valueRequired":true,"valueName":"search_term_string"}}],"inLanguage":"tr"},{"@type":"Person","@id":"https:\/\/kibrisdakik.com\/#\/schema\/person\/9cd9d437bbb44f72b73ba127e06d8e79","name":"admin","image":{"@type":"ImageObject","inLanguage":"tr","@id":"https:\/\/secure.gravatar.com\/avatar\/ccc17943b9d660506c869530f897617f7cb1c21a4bf30023f252596d83e1f007?s=96&d=mm&r=g","url":"https:\/\/secure.gravatar.com\/avatar\/ccc17943b9d660506c869530f897617f7cb1c21a4bf30023f252596d83e1f007?s=96&d=mm&r=g","contentUrl":"https:\/\/secure.gravatar.com\/avatar\/ccc17943b9d660506c869530f897617f7cb1c21a4bf30023f252596d83e1f007?s=96&d=mm&r=g","caption":"admin"},"sameAs":["https:\/\/kibrisdakik.com"],"url":"https:\/\/kibrisdakik.com\/?author=1"}]}},"_links":{"self":[{"href":"https:\/\/kibrisdakik.com\/index.php?rest_route=\/wp\/v2\/posts\/24858","targetHints":{"allow":["GET"]}}],"collection":[{"href":"https:\/\/kibrisdakik.com\/index.php?rest_route=\/wp\/v2\/posts"}],"about":[{"href":"https:\/\/kibrisdakik.com\/index.php?rest_route=\/wp\/v2\/types\/post"}],"author":[{"embeddable":true,"href":"https:\/\/kibrisdakik.com\/index.php?rest_route=\/wp\/v2\/users\/1"}],"replies":[{"embeddable":true,"href":"https:\/\/kibrisdakik.com\/index.php?rest_route=%2Fwp%2Fv2%2Fcomments&post=24858"}],"version-history":[{"count":0,"href":"https:\/\/kibrisdakik.com\/index.php?rest_route=\/wp\/v2\/posts\/24858\/revisions"}],"wp:featuredmedia":[{"embeddable":true,"href":"https:\/\/kibrisdakik.com\/index.php?rest_route=\/wp\/v2\/media\/24859"}],"wp:attachment":[{"href":"https:\/\/kibrisdakik.com\/index.php?rest_route=%2Fwp%2Fv2%2Fmedia&parent=24858"}],"wp:term":[{"taxonomy":"category","embeddable":true,"href":"https:\/\/kibrisdakik.com\/index.php?rest_route=%2Fwp%2Fv2%2Fcategories&post=24858"},{"taxonomy":"post_tag","embeddable":true,"href":"https:\/\/kibrisdakik.com\/index.php?rest_route=%2Fwp%2Fv2%2Ftags&post=24858"}],"curies":[{"name":"wp","href":"https:\/\/api.w.org\/{rel}","templated":true}]}}