{"id":25020,"date":"2024-01-03T18:55:04","date_gmt":"2024-01-03T18:55:04","guid":{"rendered":"https:\/\/kibrisdakik.com\/index.php\/2024\/01\/03\/isias-enkazinda-iki-oglunu-kaybeden-osman-akindan-fatih-bozkurta-dogrulari-soylemiyorsun\/"},"modified":"2024-01-03T18:55:04","modified_gmt":"2024-01-03T18:55:04","slug":"isias-enkazinda-iki-oglunu-kaybeden-osman-akindan-fatih-bozkurta-dogrulari-soylemiyorsun","status":"publish","type":"post","link":"https:\/\/kibrisdakik.com\/?p=25020","title":{"rendered":"\u0130sias enkaz\u0131nda iki o\u011flunu kaybeden Osman Ak\u0131n&#039;dan Fatih Bozkurt&#039;a: Do\u011frular\u0131 s\u00f6ylemiyorsun"},"content":{"rendered":"<p><img decoding=\"async\" src=\"https:\/\/www.kibristurk.com\/images\/haberler\/2024\/01\/isias-enkazinda-iki-oglunu-kaybeden-osman-akindan-fatih-bozkurta-dogrulari-soylemiyorsun-1704304543.webp\" \/><\/p>\n<p>\u0130sias Otel davas\u0131nda mahkeme san\u0131klar\u0131 dinemeye devam ediyor. Bu kapsamda san\u0131k Mehmet Fatih Bozkurt\u2019un sorgulamas\u0131 yap\u0131ld\u0131. Savunmas\u0131n\u0131n al\u0131nmas\u0131 ve iddianamenin okunmas\u0131n\u0131n ard\u0131ndan m\u00fc\u015ftekilerin avukatlar\u0131n\u0131n sorular\u0131na ge\u00e7ildi.<\/p>\n<p>M\u00fc\u015fteki avukatlar\u0131n\u0131n ka\u00e7ak katlarla ilgili sorusunu yan\u0131tlayan san\u0131k Mehmet Fatih Bozkurt, ka\u00e7ak kat\u0131n malzemesinin ne oldu\u011funu bilmedi\u011fini kaydetti ve \u201cBenim bildi\u011fim malzemenin binan\u0131n temeline zarar vermedi\u011fidir\u201d dedi.<\/p>\n<p>Kendisinin her \u015feyi yapma yetkisi olmas\u0131n\u0131n her \u015fey yapaca\u011f\u0131 anlam\u0131na gelmedi\u011fini ifade eden Bozkurt, ne yap\u0131laca\u011f\u0131 ile ilgili talimatlar\u0131 babas\u0131ndan ald\u0131\u011f\u0131n\u0131 kaydetti. Bozkurt, K\u0131br\u0131sl\u0131 kafilenin geldi\u011fi 3 \u015eubat Cuma g\u00fcn\u00fc otelde olmad\u0131\u011f\u0131n\u0131 da kaydederek kendini savundu.<\/p>\n<p>Depremde iki o\u011flunu kaybeden m\u00fc\u015fteki Osman Ak\u0131n, s\u00f6z alarak Bozkurt\u2019un otelde olmad\u0131\u011f\u0131n\u0131n do\u011fru olmad\u0131\u011f\u0131n\u0131, kendisiyle g\u00f6r\u00fc\u015ft\u00fc\u011f\u00fcn\u00fc s\u00f6yledi. Ak\u0131n, otelin y\u00f6netimiyle alakas\u0131 olamad\u0131\u011f\u0131n\u0131 s\u00f6yleyen san\u0131k Bozkurt\u2019un 4 \u015eubat Cumartesi ak\u015fam\u0131 d\u0131\u015far\u0131dan yiyecek getirmeyin talimat\u0131n\u0131 verdi\u011fini hat\u0131rlatt\u0131 ve do\u011frular\u0131 s\u00f6ylemedi\u011fini belirtti.<\/p>\n","protected":false},"excerpt":{"rendered":"<p>\u0130sias Otel davas\u0131nda mahkeme san\u0131klar\u0131 dinemeye devam ediyor. Bu kapsamda san\u0131k Mehmet Fatih Bozkurt\u2019un sorgulamas\u0131 yap\u0131ld\u0131. Savunmas\u0131n\u0131n al\u0131nmas\u0131 ve iddianamenin okunmas\u0131n\u0131n ard\u0131ndan m\u00fc\u015ftekilerin avukatlar\u0131n\u0131n sorular\u0131na ge\u00e7ildi. M\u00fc\u015fteki avukatlar\u0131n\u0131n ka\u00e7ak katlarla ilgili sorusunu yan\u0131tlayan san\u0131k Mehmet Fatih Bozkurt, ka\u00e7ak kat\u0131n malzemesinin ne oldu\u011funu bilmedi\u011fini kaydetti ve \u201cBenim bildi\u011fim malzemenin binan\u0131n temeline zarar vermedi\u011fidir\u201d dedi. Kendisinin her<\/p>\n","protected":false},"author":1,"featured_media":25021,"comment_status":"open","ping_status":"open","sticky":false,"template":"","format":"standard","meta":{"footnotes":""},"categories":[1],"tags":[],"class_list":["post-25020","post","type-post","status-publish","format-standard","has-post-thumbnail","hentry","category-gundem"],"yoast_head":"<!-- This site is optimized with the Yoast SEO plugin v27.5 - https:\/\/yoast.com\/product\/yoast-seo-wordpress\/ -->\n<title>\u0130sias enkaz\u0131nda iki o\u011flunu kaybeden Osman Ak\u0131n&#039;dan Fatih Bozkurt&#039;a: Do\u011frular\u0131 s\u00f6ylemiyorsun -<\/title>\n<meta name=\"robots\" content=\"index, follow, max-snippet:-1, max-image-preview:large, max-video-preview:-1\" \/>\n<link rel=\"canonical\" href=\"https:\/\/kibrisdakik.com\/?p=25020\" \/>\n<meta property=\"og:locale\" content=\"tr_TR\" \/>\n<meta property=\"og:type\" content=\"article\" \/>\n<meta property=\"og:title\" content=\"\u0130sias enkaz\u0131nda iki o\u011flunu kaybeden Osman Ak\u0131n&#039;dan Fatih Bozkurt&#039;a: Do\u011frular\u0131 s\u00f6ylemiyorsun -\" \/>\n<meta property=\"og:description\" content=\"\u0130sias Otel davas\u0131nda mahkeme san\u0131klar\u0131 dinemeye devam ediyor. Bu kapsamda san\u0131k Mehmet Fatih Bozkurt\u2019un sorgulamas\u0131 yap\u0131ld\u0131. Savunmas\u0131n\u0131n al\u0131nmas\u0131 ve iddianamenin okunmas\u0131n\u0131n ard\u0131ndan m\u00fc\u015ftekilerin avukatlar\u0131n\u0131n sorular\u0131na ge\u00e7ildi. M\u00fc\u015fteki avukatlar\u0131n\u0131n ka\u00e7ak katlarla ilgili sorusunu yan\u0131tlayan san\u0131k Mehmet Fatih Bozkurt, ka\u00e7ak kat\u0131n malzemesinin ne oldu\u011funu bilmedi\u011fini kaydetti ve \u201cBenim bildi\u011fim malzemenin binan\u0131n temeline zarar vermedi\u011fidir\u201d dedi. Kendisinin her\" \/>\n<meta property=\"og:url\" content=\"https:\/\/kibrisdakik.com\/?p=25020\" \/>\n<meta property=\"article:published_time\" content=\"2024-01-03T18:55:04+00:00\" \/>\n<meta property=\"og:image\" content=\"https:\/\/kibrisdakik.com\/wp-content\/uploads\/2024\/01\/isias-enkazinda-iki-oglunu-kaybeden-osman-akindan-fatih-bozkurta-dogrulari-soylemiyorsun-1704304543.webp.webp\" \/>\n\t<meta property=\"og:image:width\" content=\"710\" \/>\n\t<meta property=\"og:image:height\" content=\"370\" \/>\n\t<meta property=\"og:image:type\" content=\"image\/webp\" \/>\n<meta name=\"author\" content=\"admin\" \/>\n<meta name=\"twitter:card\" content=\"summary_large_image\" \/>\n<meta name=\"twitter:label1\" content=\"Yazan:\" \/>\n\t<meta name=\"twitter:data1\" content=\"admin\" \/>\n\t<meta name=\"twitter:label2\" content=\"Tahmini okuma s\u00fcresi\" \/>\n\t<meta name=\"twitter:data2\" content=\"1 dakika\" \/>\n<script type=\"application\/ld+json\" class=\"yoast-schema-graph\">{\"@context\":\"https:\\\/\\\/schema.org\",\"@graph\":[{\"@type\":\"Article\",\"@id\":\"https:\\\/\\\/kibrisdakik.com\\\/?p=25020#article\",\"isPartOf\":{\"@id\":\"https:\\\/\\\/kibrisdakik.com\\\/?p=25020\"},\"author\":{\"name\":\"admin\",\"@id\":\"https:\\\/\\\/kibrisdakik.com\\\/#\\\/schema\\\/person\\\/9cd9d437bbb44f72b73ba127e06d8e79\"},\"headline\":\"\u0130sias enkaz\u0131nda iki o\u011flunu kaybeden Osman Ak\u0131n&#039;dan Fatih Bozkurt&#039;a: Do\u011frular\u0131 s\u00f6ylemiyorsun\",\"datePublished\":\"2024-01-03T18:55:04+00:00\",\"mainEntityOfPage\":{\"@id\":\"https:\\\/\\\/kibrisdakik.com\\\/?p=25020\"},\"wordCount\":213,\"commentCount\":0,\"image\":{\"@id\":\"https:\\\/\\\/kibrisdakik.com\\\/?p=25020#primaryimage\"},\"thumbnailUrl\":\"https:\\\/\\\/kibrisdakik.com\\\/wp-content\\\/uploads\\\/2024\\\/01\\\/isias-enkazinda-iki-oglunu-kaybeden-osman-akindan-fatih-bozkurta-dogrulari-soylemiyorsun-1704304543.webp.webp\",\"articleSection\":[\"G\u00fcndem\"],\"inLanguage\":\"tr\",\"potentialAction\":[{\"@type\":\"CommentAction\",\"name\":\"Comment\",\"target\":[\"https:\\\/\\\/kibrisdakik.com\\\/?p=25020#respond\"]}]},{\"@type\":\"WebPage\",\"@id\":\"https:\\\/\\\/kibrisdakik.com\\\/?p=25020\",\"url\":\"https:\\\/\\\/kibrisdakik.com\\\/?p=25020\",\"name\":\"\u0130sias enkaz\u0131nda iki o\u011flunu kaybeden Osman Ak\u0131n&#039;dan Fatih Bozkurt&#039;a: Do\u011frular\u0131 s\u00f6ylemiyorsun -\",\"isPartOf\":{\"@id\":\"https:\\\/\\\/kibrisdakik.com\\\/#website\"},\"primaryImageOfPage\":{\"@id\":\"https:\\\/\\\/kibrisdakik.com\\\/?p=25020#primaryimage\"},\"image\":{\"@id\":\"https:\\\/\\\/kibrisdakik.com\\\/?p=25020#primaryimage\"},\"thumbnailUrl\":\"https:\\\/\\\/kibrisdakik.com\\\/wp-content\\\/uploads\\\/2024\\\/01\\\/isias-enkazinda-iki-oglunu-kaybeden-osman-akindan-fatih-bozkurta-dogrulari-soylemiyorsun-1704304543.webp.webp\",\"datePublished\":\"2024-01-03T18:55:04+00:00\",\"author\":{\"@id\":\"https:\\\/\\\/kibrisdakik.com\\\/#\\\/schema\\\/person\\\/9cd9d437bbb44f72b73ba127e06d8e79\"},\"breadcrumb\":{\"@id\":\"https:\\\/\\\/kibrisdakik.com\\\/?p=25020#breadcrumb\"},\"inLanguage\":\"tr\",\"potentialAction\":[{\"@type\":\"ReadAction\",\"target\":[\"https:\\\/\\\/kibrisdakik.com\\\/?p=25020\"]}]},{\"@type\":\"ImageObject\",\"inLanguage\":\"tr\",\"@id\":\"https:\\\/\\\/kibrisdakik.com\\\/?p=25020#primaryimage\",\"url\":\"https:\\\/\\\/kibrisdakik.com\\\/wp-content\\\/uploads\\\/2024\\\/01\\\/isias-enkazinda-iki-oglunu-kaybeden-osman-akindan-fatih-bozkurta-dogrulari-soylemiyorsun-1704304543.webp.webp\",\"contentUrl\":\"https:\\\/\\\/kibrisdakik.com\\\/wp-content\\\/uploads\\\/2024\\\/01\\\/isias-enkazinda-iki-oglunu-kaybeden-osman-akindan-fatih-bozkurta-dogrulari-soylemiyorsun-1704304543.webp.webp\",\"width\":710,\"height\":370},{\"@type\":\"BreadcrumbList\",\"@id\":\"https:\\\/\\\/kibrisdakik.com\\\/?p=25020#breadcrumb\",\"itemListElement\":[{\"@type\":\"ListItem\",\"position\":1,\"name\":\"Home\",\"item\":\"https:\\\/\\\/kibrisdakik.com\\\/\"},{\"@type\":\"ListItem\",\"position\":2,\"name\":\"\u0130sias enkaz\u0131nda iki o\u011flunu kaybeden Osman Ak\u0131n&#039;dan Fatih Bozkurt&#039;a: Do\u011frular\u0131 s\u00f6ylemiyorsun\"}]},{\"@type\":\"WebSite\",\"@id\":\"https:\\\/\\\/kibrisdakik.com\\\/#website\",\"url\":\"https:\\\/\\\/kibrisdakik.com\\\/\",\"name\":\"\",\"description\":\"Tam vaktinde haber\",\"potentialAction\":[{\"@type\":\"SearchAction\",\"target\":{\"@type\":\"EntryPoint\",\"urlTemplate\":\"https:\\\/\\\/kibrisdakik.com\\\/?s={search_term_string}\"},\"query-input\":{\"@type\":\"PropertyValueSpecification\",\"valueRequired\":true,\"valueName\":\"search_term_string\"}}],\"inLanguage\":\"tr\"},{\"@type\":\"Person\",\"@id\":\"https:\\\/\\\/kibrisdakik.com\\\/#\\\/schema\\\/person\\\/9cd9d437bbb44f72b73ba127e06d8e79\",\"name\":\"admin\",\"image\":{\"@type\":\"ImageObject\",\"inLanguage\":\"tr\",\"@id\":\"https:\\\/\\\/secure.gravatar.com\\\/avatar\\\/ccc17943b9d660506c869530f897617f7cb1c21a4bf30023f252596d83e1f007?s=96&d=mm&r=g\",\"url\":\"https:\\\/\\\/secure.gravatar.com\\\/avatar\\\/ccc17943b9d660506c869530f897617f7cb1c21a4bf30023f252596d83e1f007?s=96&d=mm&r=g\",\"contentUrl\":\"https:\\\/\\\/secure.gravatar.com\\\/avatar\\\/ccc17943b9d660506c869530f897617f7cb1c21a4bf30023f252596d83e1f007?s=96&d=mm&r=g\",\"caption\":\"admin\"},\"sameAs\":[\"https:\\\/\\\/kibrisdakik.com\"],\"url\":\"https:\\\/\\\/kibrisdakik.com\\\/?author=1\"}]}<\/script>\n<!-- \/ Yoast SEO plugin. -->","yoast_head_json":{"title":"\u0130sias enkaz\u0131nda iki o\u011flunu kaybeden Osman Ak\u0131n&#039;dan Fatih Bozkurt&#039;a: Do\u011frular\u0131 s\u00f6ylemiyorsun -","robots":{"index":"index","follow":"follow","max-snippet":"max-snippet:-1","max-image-preview":"max-image-preview:large","max-video-preview":"max-video-preview:-1"},"canonical":"https:\/\/kibrisdakik.com\/?p=25020","og_locale":"tr_TR","og_type":"article","og_title":"\u0130sias enkaz\u0131nda iki o\u011flunu kaybeden Osman Ak\u0131n&#039;dan Fatih Bozkurt&#039;a: Do\u011frular\u0131 s\u00f6ylemiyorsun -","og_description":"\u0130sias Otel davas\u0131nda mahkeme san\u0131klar\u0131 dinemeye devam ediyor. Bu kapsamda san\u0131k Mehmet Fatih Bozkurt\u2019un sorgulamas\u0131 yap\u0131ld\u0131. Savunmas\u0131n\u0131n al\u0131nmas\u0131 ve iddianamenin okunmas\u0131n\u0131n ard\u0131ndan m\u00fc\u015ftekilerin avukatlar\u0131n\u0131n sorular\u0131na ge\u00e7ildi. M\u00fc\u015fteki avukatlar\u0131n\u0131n ka\u00e7ak katlarla ilgili sorusunu yan\u0131tlayan san\u0131k Mehmet Fatih Bozkurt, ka\u00e7ak kat\u0131n malzemesinin ne oldu\u011funu bilmedi\u011fini kaydetti ve \u201cBenim bildi\u011fim malzemenin binan\u0131n temeline zarar vermedi\u011fidir\u201d dedi. Kendisinin her","og_url":"https:\/\/kibrisdakik.com\/?p=25020","article_published_time":"2024-01-03T18:55:04+00:00","og_image":[{"width":710,"height":370,"url":"https:\/\/kibrisdakik.com\/wp-content\/uploads\/2024\/01\/isias-enkazinda-iki-oglunu-kaybeden-osman-akindan-fatih-bozkurta-dogrulari-soylemiyorsun-1704304543.webp.webp","type":"image\/webp"}],"author":"admin","twitter_card":"summary_large_image","twitter_misc":{"Yazan:":"admin","Tahmini okuma s\u00fcresi":"1 dakika"},"schema":{"@context":"https:\/\/schema.org","@graph":[{"@type":"Article","@id":"https:\/\/kibrisdakik.com\/?p=25020#article","isPartOf":{"@id":"https:\/\/kibrisdakik.com\/?p=25020"},"author":{"name":"admin","@id":"https:\/\/kibrisdakik.com\/#\/schema\/person\/9cd9d437bbb44f72b73ba127e06d8e79"},"headline":"\u0130sias enkaz\u0131nda iki o\u011flunu kaybeden Osman Ak\u0131n&#039;dan Fatih Bozkurt&#039;a: Do\u011frular\u0131 s\u00f6ylemiyorsun","datePublished":"2024-01-03T18:55:04+00:00","mainEntityOfPage":{"@id":"https:\/\/kibrisdakik.com\/?p=25020"},"wordCount":213,"commentCount":0,"image":{"@id":"https:\/\/kibrisdakik.com\/?p=25020#primaryimage"},"thumbnailUrl":"https:\/\/kibrisdakik.com\/wp-content\/uploads\/2024\/01\/isias-enkazinda-iki-oglunu-kaybeden-osman-akindan-fatih-bozkurta-dogrulari-soylemiyorsun-1704304543.webp.webp","articleSection":["G\u00fcndem"],"inLanguage":"tr","potentialAction":[{"@type":"CommentAction","name":"Comment","target":["https:\/\/kibrisdakik.com\/?p=25020#respond"]}]},{"@type":"WebPage","@id":"https:\/\/kibrisdakik.com\/?p=25020","url":"https:\/\/kibrisdakik.com\/?p=25020","name":"\u0130sias enkaz\u0131nda iki o\u011flunu kaybeden Osman Ak\u0131n&#039;dan Fatih Bozkurt&#039;a: Do\u011frular\u0131 s\u00f6ylemiyorsun -","isPartOf":{"@id":"https:\/\/kibrisdakik.com\/#website"},"primaryImageOfPage":{"@id":"https:\/\/kibrisdakik.com\/?p=25020#primaryimage"},"image":{"@id":"https:\/\/kibrisdakik.com\/?p=25020#primaryimage"},"thumbnailUrl":"https:\/\/kibrisdakik.com\/wp-content\/uploads\/2024\/01\/isias-enkazinda-iki-oglunu-kaybeden-osman-akindan-fatih-bozkurta-dogrulari-soylemiyorsun-1704304543.webp.webp","datePublished":"2024-01-03T18:55:04+00:00","author":{"@id":"https:\/\/kibrisdakik.com\/#\/schema\/person\/9cd9d437bbb44f72b73ba127e06d8e79"},"breadcrumb":{"@id":"https:\/\/kibrisdakik.com\/?p=25020#breadcrumb"},"inLanguage":"tr","potentialAction":[{"@type":"ReadAction","target":["https:\/\/kibrisdakik.com\/?p=25020"]}]},{"@type":"ImageObject","inLanguage":"tr","@id":"https:\/\/kibrisdakik.com\/?p=25020#primaryimage","url":"https:\/\/kibrisdakik.com\/wp-content\/uploads\/2024\/01\/isias-enkazinda-iki-oglunu-kaybeden-osman-akindan-fatih-bozkurta-dogrulari-soylemiyorsun-1704304543.webp.webp","contentUrl":"https:\/\/kibrisdakik.com\/wp-content\/uploads\/2024\/01\/isias-enkazinda-iki-oglunu-kaybeden-osman-akindan-fatih-bozkurta-dogrulari-soylemiyorsun-1704304543.webp.webp","width":710,"height":370},{"@type":"BreadcrumbList","@id":"https:\/\/kibrisdakik.com\/?p=25020#breadcrumb","itemListElement":[{"@type":"ListItem","position":1,"name":"Home","item":"https:\/\/kibrisdakik.com\/"},{"@type":"ListItem","position":2,"name":"\u0130sias enkaz\u0131nda iki o\u011flunu kaybeden Osman Ak\u0131n&#039;dan Fatih Bozkurt&#039;a: Do\u011frular\u0131 s\u00f6ylemiyorsun"}]},{"@type":"WebSite","@id":"https:\/\/kibrisdakik.com\/#website","url":"https:\/\/kibrisdakik.com\/","name":"","description":"Tam vaktinde haber","potentialAction":[{"@type":"SearchAction","target":{"@type":"EntryPoint","urlTemplate":"https:\/\/kibrisdakik.com\/?s={search_term_string}"},"query-input":{"@type":"PropertyValueSpecification","valueRequired":true,"valueName":"search_term_string"}}],"inLanguage":"tr"},{"@type":"Person","@id":"https:\/\/kibrisdakik.com\/#\/schema\/person\/9cd9d437bbb44f72b73ba127e06d8e79","name":"admin","image":{"@type":"ImageObject","inLanguage":"tr","@id":"https:\/\/secure.gravatar.com\/avatar\/ccc17943b9d660506c869530f897617f7cb1c21a4bf30023f252596d83e1f007?s=96&d=mm&r=g","url":"https:\/\/secure.gravatar.com\/avatar\/ccc17943b9d660506c869530f897617f7cb1c21a4bf30023f252596d83e1f007?s=96&d=mm&r=g","contentUrl":"https:\/\/secure.gravatar.com\/avatar\/ccc17943b9d660506c869530f897617f7cb1c21a4bf30023f252596d83e1f007?s=96&d=mm&r=g","caption":"admin"},"sameAs":["https:\/\/kibrisdakik.com"],"url":"https:\/\/kibrisdakik.com\/?author=1"}]}},"_links":{"self":[{"href":"https:\/\/kibrisdakik.com\/index.php?rest_route=\/wp\/v2\/posts\/25020","targetHints":{"allow":["GET"]}}],"collection":[{"href":"https:\/\/kibrisdakik.com\/index.php?rest_route=\/wp\/v2\/posts"}],"about":[{"href":"https:\/\/kibrisdakik.com\/index.php?rest_route=\/wp\/v2\/types\/post"}],"author":[{"embeddable":true,"href":"https:\/\/kibrisdakik.com\/index.php?rest_route=\/wp\/v2\/users\/1"}],"replies":[{"embeddable":true,"href":"https:\/\/kibrisdakik.com\/index.php?rest_route=%2Fwp%2Fv2%2Fcomments&post=25020"}],"version-history":[{"count":0,"href":"https:\/\/kibrisdakik.com\/index.php?rest_route=\/wp\/v2\/posts\/25020\/revisions"}],"wp:featuredmedia":[{"embeddable":true,"href":"https:\/\/kibrisdakik.com\/index.php?rest_route=\/wp\/v2\/media\/25021"}],"wp:attachment":[{"href":"https:\/\/kibrisdakik.com\/index.php?rest_route=%2Fwp%2Fv2%2Fmedia&parent=25020"}],"wp:term":[{"taxonomy":"category","embeddable":true,"href":"https:\/\/kibrisdakik.com\/index.php?rest_route=%2Fwp%2Fv2%2Fcategories&post=25020"},{"taxonomy":"post_tag","embeddable":true,"href":"https:\/\/kibrisdakik.com\/index.php?rest_route=%2Fwp%2Fv2%2Ftags&post=25020"}],"curies":[{"name":"wp","href":"https:\/\/api.w.org\/{rel}","templated":true}]}}