{"id":25086,"date":"2024-01-04T09:16:19","date_gmt":"2024-01-04T09:16:19","guid":{"rendered":"https:\/\/kibrisdakik.com\/index.php\/2024\/01\/04\/israilde-yuksek-mahkemeden-netanyahu-karari\/"},"modified":"2024-01-04T09:16:19","modified_gmt":"2024-01-04T09:16:19","slug":"israilde-yuksek-mahkemeden-netanyahu-karari","status":"publish","type":"post","link":"https:\/\/kibrisdakik.com\/?p=25086","title":{"rendered":"\u0130srail&#039;de Y\u00fcksek Mahkeme&#039;den &quot;Netanyahu&quot; karar\u0131"},"content":{"rendered":"<p><img decoding=\"async\" src=\"https:\/\/www.kibristurk.com\/images\/haberler\/2024\/01\/israilde-yuksek-mahkemeden-netanyahu-karari-1704353965.webp\" \/><\/p>\n<p>\u0130srail devlet televizyonu KAN\u2019a g\u00f6re, \u0130srail Y\u00fcksek Mahkemesi, oy \u00e7oklu\u011fuyla ba\u015fbakan\u0131n g\u00f6revden al\u0131nmas\u0131n\u0131 zorla\u015ft\u0131ran yasan\u0131n uygulanmas\u0131n\u0131n ertelenmesine h\u00fckmetti.<\/p>\n<p>\u0130srail merkezli sivil toplum kurulu\u015fu Kaliteli Y\u00f6netim Hareketi&#8217;nin sundu\u011fu dilek\u00e7e sonras\u0131 al\u0131nan kararla, yasan\u0131n uygulanmas\u0131 gelecek parlamento se\u00e7imlerinden sonraki meclis d\u00f6nemine ertelendi.<\/p>\n<p>Kararda, s\u00f6z konusu yasan\u0131n, \u201c\u0130srail Meclisinin kurucu yetkisini ihlal eden \u015fahsi bir d\u00fczenleme\u201d oldu\u011fu kaydedildi.<\/p>\n<p>Bu arada, \u0130srail&#8217;de Meclis \u00fcyelerinin se\u00e7ilece\u011fi parlamento se\u00e7imlerinin 2026 y\u0131l\u0131nda yap\u0131lmas\u0131 planlan\u0131yor.<\/p>\n<p>Netenyahu liderli\u011findeki Likud Partisinden Bilim ve Teknoloji Bakan\u0131 Ofir Akunis, Y\u00fcksek Mahkemenin karar\u0131na ili\u015fkin, \u201cAskerlerimiz b\u00fct\u00fcn anla\u015fmazl\u0131klar\u0131 bir kenara b\u0131rakarak her cephede sava\u015f\u0131rken, Y\u00fcksek Mahkeme hakimlerinin bu \u015fekilde davranmas\u0131 olduk\u00e7a \u00fcz\u00fcc\u00fc.\u201d ifadesini kulland\u0131.<\/p>\n<p>\u00d6te yandan, muhalif \u0130\u015f\u00e7i&nbsp;Partisi Milletvekili ve Haham Gilad Kariv ise Netanyahu&#8217;nun liderli\u011fini etti\u011fi koalisyon h\u00fck\u00fcmetinin, \u0130srail\u2019i benzeri g\u00f6r\u00fclmemi\u015f bir anayasal krize s\u00fcr\u00fckledi\u011fini ve bunun k\u0131smen Netanyahu\u2019nun \u015fahsi de\u011ferlendirmelerinden kaynakland\u0131\u011f\u0131n\u0131 s\u00f6yledi.<\/p>\n<p>Kariv, \u201cKoalisyonun temel demokratik ilkeleri y\u0131kan, benzeri g\u00f6r\u00fclmemi\u015f d\u00fczenlemelerine kar\u015f\u0131 Y\u00fcksek Mahkemeden demokrasiyi korumak amac\u0131yla benzeri g\u00f6r\u00fclmemi\u015f kararlar almas\u0131 istendi.\u201d ifadesini tulland\u0131.<\/p>\n<p>\u0130srail\u2019de ba\u015fbakan\u0131n g\u00f6revden al\u0131nmas\u0131n\u0131 zorla\u015ft\u0131ran yasa ge\u00e7en y\u0131l 23 Mart\u2019ta kabul edilmi\u015fti.<\/p>\n<p>&#8220;Ba\u015fbakan\u0131n fiziksel veya psikolojik yetersizlik durumlar\u0131 d\u0131\u015f\u0131nda g\u00f6revden al\u0131nmas\u0131n\u0131&#8221; engelleyen yasaya g\u00f6re, ba\u015fbakan\u0131n g\u00f6revini yapamayaca\u011f\u0131n\u0131 duyurma yetkisi, Meclis&#8217;te ba\u015fbakan taraf\u0131ndan yap\u0131lacak duyuru veya kabinenin d\u00f6rtte \u00fc\u00e7\u00fcn\u00fcn onay\u0131yla m\u00fcmk\u00fcn oluyor.<\/p>\n<p>H\u00fck\u00fcmetin d\u00f6rtte \u00fc\u00e7\u00fc taraf\u0131ndan onaylanan karara ba\u015fbakan\u0131n itiraz etmesi halinde ise ba\u015fbakan\u0131n g\u00f6revden al\u0131nmas\u0131 Meclis\u2019te oylamaya g\u00f6t\u00fcr\u00fcl\u00fcyor.<\/p>\n<p>Meclis Ba\u015fkan\u0131 taraf\u0131ndan belirlenecek oturumda 90 milletvekilinin bu y\u00f6nde oy kullanmas\u0131 halinde ba\u015fbakan g\u00f6revden al\u0131nabiliyor.<\/p>\n<p>S\u00f6z konusu yasa, ba\u015fbakan\u0131 g\u00f6revden alma yetkisine dair, Y\u00fcksek Mahkeme dahil yarg\u0131n\u0131n alaca\u011f\u0131 herhangi bir karar\u0131n ge\u00e7ersiz say\u0131lmas\u0131n\u0131 i\u00e7eriyor.<\/p>\n<p>\u0130srail muhalefeti, s\u00f6z konusu yasan\u0131n yolsuzluktan yarg\u0131lanan Netanyahu\u2019ya koruma sa\u011flad\u0131\u011f\u0131n\u0131 belirtiyor.<\/p>\n<p><strong>\u0130srail Y\u00fcksek Mahkemesi, y\u00fcr\u00fctme \u00fczerindeki denetimini kald\u0131racak yasay\u0131 iptal etmi\u015fti<\/strong><\/p>\n<p>\u0130srail Y\u00fcksek Mahkemesi, 2 Ocak\u2019ta da yarg\u0131 reformu&nbsp;kapsam\u0131ndaki &#8220;Akla Yatk\u0131nl\u0131k Yasas\u0131&#8221;n\u0131 iptal etmi\u015fti.<\/p>\n<p>&#8220;Akla uygunluk&#8221; standard\u0131, h\u00fck\u00fcmetin ald\u0131\u011f\u0131 bir karar\u0131n makul g\u00f6r\u00fclmedi\u011fi durumlarda Y\u00fcksek Mahkemeye bu karar\u0131 bozma yetkisi veriyor. Buna g\u00f6re, &#8220;akla uygun olmayan&#8221; bir karar, &#8220;kamu yarar\u0131n\u0131 yeterince dikkate almadan orant\u0131s\u0131z bir \u015fekilde siyasi \u00e7\u0131karlara odaklanan karar&#8221; olarak tan\u0131mlan\u0131yor.<\/p>\n<p>Mecliste \u00e7o\u011funlu\u011fu olu\u015fturan koalisyon h\u00fck\u00fcmeti, yarg\u0131 d\u00fczenlemesine kar\u015f\u0131 b\u00fcy\u00fcyen siyasi ve toplumsal muhalefete ve kitlesel protestolara ra\u011fmen s\u00f6z konusu yasay\u0131 ge\u00e7en y\u0131l 24 Temmuz&#8217;da Meclisten ge\u00e7irmi\u015fti.\u200b\u200b\u200b\u200b<\/p>\n","protected":false},"excerpt":{"rendered":"<p>\u0130srail devlet televizyonu KAN\u2019a g\u00f6re, \u0130srail Y\u00fcksek Mahkemesi, oy \u00e7oklu\u011fuyla ba\u015fbakan\u0131n g\u00f6revden al\u0131nmas\u0131n\u0131 zorla\u015ft\u0131ran yasan\u0131n uygulanmas\u0131n\u0131n ertelenmesine h\u00fckmetti. \u0130srail merkezli sivil toplum kurulu\u015fu Kaliteli Y\u00f6netim Hareketi&#8217;nin sundu\u011fu dilek\u00e7e sonras\u0131 al\u0131nan kararla, yasan\u0131n uygulanmas\u0131 gelecek parlamento se\u00e7imlerinden sonraki meclis d\u00f6nemine ertelendi. Kararda, s\u00f6z konusu yasan\u0131n, \u201c\u0130srail Meclisinin kurucu yetkisini ihlal eden \u015fahsi bir d\u00fczenleme\u201d oldu\u011fu kaydedildi.<\/p>\n","protected":false},"author":1,"featured_media":25087,"comment_status":"open","ping_status":"open","sticky":false,"template":"","format":"standard","meta":{"footnotes":""},"categories":[85],"tags":[],"class_list":["post-25086","post","type-post","status-publish","format-standard","has-post-thumbnail","hentry","category-spor"],"yoast_head":"<!-- This site is optimized with the Yoast SEO plugin v27.5 - https:\/\/yoast.com\/product\/yoast-seo-wordpress\/ -->\n<title>\u0130srail&#039;de Y\u00fcksek Mahkeme&#039;den &quot;Netanyahu&quot; karar\u0131 -<\/title>\n<meta name=\"robots\" content=\"index, follow, max-snippet:-1, max-image-preview:large, max-video-preview:-1\" \/>\n<link rel=\"canonical\" href=\"https:\/\/kibrisdakik.com\/?p=25086\" \/>\n<meta property=\"og:locale\" content=\"tr_TR\" \/>\n<meta property=\"og:type\" content=\"article\" \/>\n<meta property=\"og:title\" content=\"\u0130srail&#039;de Y\u00fcksek Mahkeme&#039;den &quot;Netanyahu&quot; karar\u0131 -\" \/>\n<meta property=\"og:description\" content=\"\u0130srail devlet televizyonu KAN\u2019a g\u00f6re, \u0130srail Y\u00fcksek Mahkemesi, oy \u00e7oklu\u011fuyla ba\u015fbakan\u0131n g\u00f6revden al\u0131nmas\u0131n\u0131 zorla\u015ft\u0131ran yasan\u0131n uygulanmas\u0131n\u0131n ertelenmesine h\u00fckmetti. \u0130srail merkezli sivil toplum kurulu\u015fu Kaliteli Y\u00f6netim Hareketi&#8217;nin sundu\u011fu dilek\u00e7e sonras\u0131 al\u0131nan kararla, yasan\u0131n uygulanmas\u0131 gelecek parlamento se\u00e7imlerinden sonraki meclis d\u00f6nemine ertelendi. Kararda, s\u00f6z konusu yasan\u0131n, \u201c\u0130srail Meclisinin kurucu yetkisini ihlal eden \u015fahsi bir d\u00fczenleme\u201d oldu\u011fu kaydedildi.\" \/>\n<meta property=\"og:url\" content=\"https:\/\/kibrisdakik.com\/?p=25086\" \/>\n<meta property=\"article:published_time\" content=\"2024-01-04T09:16:19+00:00\" \/>\n<meta property=\"og:image\" content=\"https:\/\/kibrisdakik.com\/wp-content\/uploads\/2024\/01\/israilde-yuksek-mahkemeden-netanyahu-karari-1704353965.webp.webp\" \/>\n\t<meta property=\"og:image:width\" content=\"710\" \/>\n\t<meta property=\"og:image:height\" content=\"370\" \/>\n\t<meta property=\"og:image:type\" content=\"image\/webp\" \/>\n<meta name=\"author\" content=\"admin\" \/>\n<meta name=\"twitter:card\" content=\"summary_large_image\" \/>\n<meta name=\"twitter:label1\" content=\"Yazan:\" \/>\n\t<meta name=\"twitter:data1\" content=\"admin\" \/>\n\t<meta name=\"twitter:label2\" content=\"Tahmini okuma s\u00fcresi\" \/>\n\t<meta name=\"twitter:data2\" content=\"3 dakika\" \/>\n<script type=\"application\/ld+json\" class=\"yoast-schema-graph\">{\"@context\":\"https:\\\/\\\/schema.org\",\"@graph\":[{\"@type\":\"Article\",\"@id\":\"https:\\\/\\\/kibrisdakik.com\\\/?p=25086#article\",\"isPartOf\":{\"@id\":\"https:\\\/\\\/kibrisdakik.com\\\/?p=25086\"},\"author\":{\"name\":\"admin\",\"@id\":\"https:\\\/\\\/kibrisdakik.com\\\/#\\\/schema\\\/person\\\/9cd9d437bbb44f72b73ba127e06d8e79\"},\"headline\":\"\u0130srail&#039;de Y\u00fcksek Mahkeme&#039;den &quot;Netanyahu&quot; karar\u0131\",\"datePublished\":\"2024-01-04T09:16:19+00:00\",\"mainEntityOfPage\":{\"@id\":\"https:\\\/\\\/kibrisdakik.com\\\/?p=25086\"},\"wordCount\":528,\"commentCount\":0,\"image\":{\"@id\":\"https:\\\/\\\/kibrisdakik.com\\\/?p=25086#primaryimage\"},\"thumbnailUrl\":\"https:\\\/\\\/kibrisdakik.com\\\/wp-content\\\/uploads\\\/2024\\\/01\\\/israilde-yuksek-mahkemeden-netanyahu-karari-1704353965.webp.webp\",\"articleSection\":[\"Spor\"],\"inLanguage\":\"tr\",\"potentialAction\":[{\"@type\":\"CommentAction\",\"name\":\"Comment\",\"target\":[\"https:\\\/\\\/kibrisdakik.com\\\/?p=25086#respond\"]}]},{\"@type\":\"WebPage\",\"@id\":\"https:\\\/\\\/kibrisdakik.com\\\/?p=25086\",\"url\":\"https:\\\/\\\/kibrisdakik.com\\\/?p=25086\",\"name\":\"\u0130srail&#039;de Y\u00fcksek Mahkeme&#039;den &quot;Netanyahu&quot; karar\u0131 -\",\"isPartOf\":{\"@id\":\"https:\\\/\\\/kibrisdakik.com\\\/#website\"},\"primaryImageOfPage\":{\"@id\":\"https:\\\/\\\/kibrisdakik.com\\\/?p=25086#primaryimage\"},\"image\":{\"@id\":\"https:\\\/\\\/kibrisdakik.com\\\/?p=25086#primaryimage\"},\"thumbnailUrl\":\"https:\\\/\\\/kibrisdakik.com\\\/wp-content\\\/uploads\\\/2024\\\/01\\\/israilde-yuksek-mahkemeden-netanyahu-karari-1704353965.webp.webp\",\"datePublished\":\"2024-01-04T09:16:19+00:00\",\"author\":{\"@id\":\"https:\\\/\\\/kibrisdakik.com\\\/#\\\/schema\\\/person\\\/9cd9d437bbb44f72b73ba127e06d8e79\"},\"breadcrumb\":{\"@id\":\"https:\\\/\\\/kibrisdakik.com\\\/?p=25086#breadcrumb\"},\"inLanguage\":\"tr\",\"potentialAction\":[{\"@type\":\"ReadAction\",\"target\":[\"https:\\\/\\\/kibrisdakik.com\\\/?p=25086\"]}]},{\"@type\":\"ImageObject\",\"inLanguage\":\"tr\",\"@id\":\"https:\\\/\\\/kibrisdakik.com\\\/?p=25086#primaryimage\",\"url\":\"https:\\\/\\\/kibrisdakik.com\\\/wp-content\\\/uploads\\\/2024\\\/01\\\/israilde-yuksek-mahkemeden-netanyahu-karari-1704353965.webp.webp\",\"contentUrl\":\"https:\\\/\\\/kibrisdakik.com\\\/wp-content\\\/uploads\\\/2024\\\/01\\\/israilde-yuksek-mahkemeden-netanyahu-karari-1704353965.webp.webp\",\"width\":710,\"height\":370},{\"@type\":\"BreadcrumbList\",\"@id\":\"https:\\\/\\\/kibrisdakik.com\\\/?p=25086#breadcrumb\",\"itemListElement\":[{\"@type\":\"ListItem\",\"position\":1,\"name\":\"Home\",\"item\":\"https:\\\/\\\/kibrisdakik.com\\\/\"},{\"@type\":\"ListItem\",\"position\":2,\"name\":\"\u0130srail&#039;de Y\u00fcksek Mahkeme&#039;den &quot;Netanyahu&quot; karar\u0131\"}]},{\"@type\":\"WebSite\",\"@id\":\"https:\\\/\\\/kibrisdakik.com\\\/#website\",\"url\":\"https:\\\/\\\/kibrisdakik.com\\\/\",\"name\":\"\",\"description\":\"Tam vaktinde haber\",\"potentialAction\":[{\"@type\":\"SearchAction\",\"target\":{\"@type\":\"EntryPoint\",\"urlTemplate\":\"https:\\\/\\\/kibrisdakik.com\\\/?s={search_term_string}\"},\"query-input\":{\"@type\":\"PropertyValueSpecification\",\"valueRequired\":true,\"valueName\":\"search_term_string\"}}],\"inLanguage\":\"tr\"},{\"@type\":\"Person\",\"@id\":\"https:\\\/\\\/kibrisdakik.com\\\/#\\\/schema\\\/person\\\/9cd9d437bbb44f72b73ba127e06d8e79\",\"name\":\"admin\",\"image\":{\"@type\":\"ImageObject\",\"inLanguage\":\"tr\",\"@id\":\"https:\\\/\\\/secure.gravatar.com\\\/avatar\\\/ccc17943b9d660506c869530f897617f7cb1c21a4bf30023f252596d83e1f007?s=96&d=mm&r=g\",\"url\":\"https:\\\/\\\/secure.gravatar.com\\\/avatar\\\/ccc17943b9d660506c869530f897617f7cb1c21a4bf30023f252596d83e1f007?s=96&d=mm&r=g\",\"contentUrl\":\"https:\\\/\\\/secure.gravatar.com\\\/avatar\\\/ccc17943b9d660506c869530f897617f7cb1c21a4bf30023f252596d83e1f007?s=96&d=mm&r=g\",\"caption\":\"admin\"},\"sameAs\":[\"https:\\\/\\\/kibrisdakik.com\"],\"url\":\"https:\\\/\\\/kibrisdakik.com\\\/?author=1\"}]}<\/script>\n<!-- \/ Yoast SEO plugin. -->","yoast_head_json":{"title":"\u0130srail&#039;de Y\u00fcksek Mahkeme&#039;den &quot;Netanyahu&quot; karar\u0131 -","robots":{"index":"index","follow":"follow","max-snippet":"max-snippet:-1","max-image-preview":"max-image-preview:large","max-video-preview":"max-video-preview:-1"},"canonical":"https:\/\/kibrisdakik.com\/?p=25086","og_locale":"tr_TR","og_type":"article","og_title":"\u0130srail&#039;de Y\u00fcksek Mahkeme&#039;den &quot;Netanyahu&quot; karar\u0131 -","og_description":"\u0130srail devlet televizyonu KAN\u2019a g\u00f6re, \u0130srail Y\u00fcksek Mahkemesi, oy \u00e7oklu\u011fuyla ba\u015fbakan\u0131n g\u00f6revden al\u0131nmas\u0131n\u0131 zorla\u015ft\u0131ran yasan\u0131n uygulanmas\u0131n\u0131n ertelenmesine h\u00fckmetti. \u0130srail merkezli sivil toplum kurulu\u015fu Kaliteli Y\u00f6netim Hareketi&#8217;nin sundu\u011fu dilek\u00e7e sonras\u0131 al\u0131nan kararla, yasan\u0131n uygulanmas\u0131 gelecek parlamento se\u00e7imlerinden sonraki meclis d\u00f6nemine ertelendi. Kararda, s\u00f6z konusu yasan\u0131n, \u201c\u0130srail Meclisinin kurucu yetkisini ihlal eden \u015fahsi bir d\u00fczenleme\u201d oldu\u011fu kaydedildi.","og_url":"https:\/\/kibrisdakik.com\/?p=25086","article_published_time":"2024-01-04T09:16:19+00:00","og_image":[{"width":710,"height":370,"url":"https:\/\/kibrisdakik.com\/wp-content\/uploads\/2024\/01\/israilde-yuksek-mahkemeden-netanyahu-karari-1704353965.webp.webp","type":"image\/webp"}],"author":"admin","twitter_card":"summary_large_image","twitter_misc":{"Yazan:":"admin","Tahmini okuma s\u00fcresi":"3 dakika"},"schema":{"@context":"https:\/\/schema.org","@graph":[{"@type":"Article","@id":"https:\/\/kibrisdakik.com\/?p=25086#article","isPartOf":{"@id":"https:\/\/kibrisdakik.com\/?p=25086"},"author":{"name":"admin","@id":"https:\/\/kibrisdakik.com\/#\/schema\/person\/9cd9d437bbb44f72b73ba127e06d8e79"},"headline":"\u0130srail&#039;de Y\u00fcksek Mahkeme&#039;den &quot;Netanyahu&quot; karar\u0131","datePublished":"2024-01-04T09:16:19+00:00","mainEntityOfPage":{"@id":"https:\/\/kibrisdakik.com\/?p=25086"},"wordCount":528,"commentCount":0,"image":{"@id":"https:\/\/kibrisdakik.com\/?p=25086#primaryimage"},"thumbnailUrl":"https:\/\/kibrisdakik.com\/wp-content\/uploads\/2024\/01\/israilde-yuksek-mahkemeden-netanyahu-karari-1704353965.webp.webp","articleSection":["Spor"],"inLanguage":"tr","potentialAction":[{"@type":"CommentAction","name":"Comment","target":["https:\/\/kibrisdakik.com\/?p=25086#respond"]}]},{"@type":"WebPage","@id":"https:\/\/kibrisdakik.com\/?p=25086","url":"https:\/\/kibrisdakik.com\/?p=25086","name":"\u0130srail&#039;de Y\u00fcksek Mahkeme&#039;den &quot;Netanyahu&quot; karar\u0131 -","isPartOf":{"@id":"https:\/\/kibrisdakik.com\/#website"},"primaryImageOfPage":{"@id":"https:\/\/kibrisdakik.com\/?p=25086#primaryimage"},"image":{"@id":"https:\/\/kibrisdakik.com\/?p=25086#primaryimage"},"thumbnailUrl":"https:\/\/kibrisdakik.com\/wp-content\/uploads\/2024\/01\/israilde-yuksek-mahkemeden-netanyahu-karari-1704353965.webp.webp","datePublished":"2024-01-04T09:16:19+00:00","author":{"@id":"https:\/\/kibrisdakik.com\/#\/schema\/person\/9cd9d437bbb44f72b73ba127e06d8e79"},"breadcrumb":{"@id":"https:\/\/kibrisdakik.com\/?p=25086#breadcrumb"},"inLanguage":"tr","potentialAction":[{"@type":"ReadAction","target":["https:\/\/kibrisdakik.com\/?p=25086"]}]},{"@type":"ImageObject","inLanguage":"tr","@id":"https:\/\/kibrisdakik.com\/?p=25086#primaryimage","url":"https:\/\/kibrisdakik.com\/wp-content\/uploads\/2024\/01\/israilde-yuksek-mahkemeden-netanyahu-karari-1704353965.webp.webp","contentUrl":"https:\/\/kibrisdakik.com\/wp-content\/uploads\/2024\/01\/israilde-yuksek-mahkemeden-netanyahu-karari-1704353965.webp.webp","width":710,"height":370},{"@type":"BreadcrumbList","@id":"https:\/\/kibrisdakik.com\/?p=25086#breadcrumb","itemListElement":[{"@type":"ListItem","position":1,"name":"Home","item":"https:\/\/kibrisdakik.com\/"},{"@type":"ListItem","position":2,"name":"\u0130srail&#039;de Y\u00fcksek Mahkeme&#039;den &quot;Netanyahu&quot; karar\u0131"}]},{"@type":"WebSite","@id":"https:\/\/kibrisdakik.com\/#website","url":"https:\/\/kibrisdakik.com\/","name":"","description":"Tam vaktinde haber","potentialAction":[{"@type":"SearchAction","target":{"@type":"EntryPoint","urlTemplate":"https:\/\/kibrisdakik.com\/?s={search_term_string}"},"query-input":{"@type":"PropertyValueSpecification","valueRequired":true,"valueName":"search_term_string"}}],"inLanguage":"tr"},{"@type":"Person","@id":"https:\/\/kibrisdakik.com\/#\/schema\/person\/9cd9d437bbb44f72b73ba127e06d8e79","name":"admin","image":{"@type":"ImageObject","inLanguage":"tr","@id":"https:\/\/secure.gravatar.com\/avatar\/ccc17943b9d660506c869530f897617f7cb1c21a4bf30023f252596d83e1f007?s=96&d=mm&r=g","url":"https:\/\/secure.gravatar.com\/avatar\/ccc17943b9d660506c869530f897617f7cb1c21a4bf30023f252596d83e1f007?s=96&d=mm&r=g","contentUrl":"https:\/\/secure.gravatar.com\/avatar\/ccc17943b9d660506c869530f897617f7cb1c21a4bf30023f252596d83e1f007?s=96&d=mm&r=g","caption":"admin"},"sameAs":["https:\/\/kibrisdakik.com"],"url":"https:\/\/kibrisdakik.com\/?author=1"}]}},"_links":{"self":[{"href":"https:\/\/kibrisdakik.com\/index.php?rest_route=\/wp\/v2\/posts\/25086","targetHints":{"allow":["GET"]}}],"collection":[{"href":"https:\/\/kibrisdakik.com\/index.php?rest_route=\/wp\/v2\/posts"}],"about":[{"href":"https:\/\/kibrisdakik.com\/index.php?rest_route=\/wp\/v2\/types\/post"}],"author":[{"embeddable":true,"href":"https:\/\/kibrisdakik.com\/index.php?rest_route=\/wp\/v2\/users\/1"}],"replies":[{"embeddable":true,"href":"https:\/\/kibrisdakik.com\/index.php?rest_route=%2Fwp%2Fv2%2Fcomments&post=25086"}],"version-history":[{"count":0,"href":"https:\/\/kibrisdakik.com\/index.php?rest_route=\/wp\/v2\/posts\/25086\/revisions"}],"wp:featuredmedia":[{"embeddable":true,"href":"https:\/\/kibrisdakik.com\/index.php?rest_route=\/wp\/v2\/media\/25087"}],"wp:attachment":[{"href":"https:\/\/kibrisdakik.com\/index.php?rest_route=%2Fwp%2Fv2%2Fmedia&parent=25086"}],"wp:term":[{"taxonomy":"category","embeddable":true,"href":"https:\/\/kibrisdakik.com\/index.php?rest_route=%2Fwp%2Fv2%2Fcategories&post=25086"},{"taxonomy":"post_tag","embeddable":true,"href":"https:\/\/kibrisdakik.com\/index.php?rest_route=%2Fwp%2Fv2%2Ftags&post=25086"}],"curies":[{"name":"wp","href":"https:\/\/api.w.org\/{rel}","templated":true}]}}