{"id":25112,"date":"2024-01-04T12:13:43","date_gmt":"2024-01-04T12:13:43","guid":{"rendered":"https:\/\/kibrisdakik.com\/index.php\/2024\/01\/04\/cumhurbaskani-tatar-ankara-ve-antalyada-temaslarda-bulunmak-uzere-adadan-ayrildi\/"},"modified":"2024-01-04T12:13:43","modified_gmt":"2024-01-04T12:13:43","slug":"cumhurbaskani-tatar-ankara-ve-antalyada-temaslarda-bulunmak-uzere-adadan-ayrildi","status":"publish","type":"post","link":"https:\/\/kibrisdakik.com\/?p=25112","title":{"rendered":"Cumhurba\u015fkan\u0131 Tatar, Ankara ve Antalya\u2019da temaslarda bulunmak \u00fczere adadan ayr\u0131ld\u0131"},"content":{"rendered":"<p><img decoding=\"async\" src=\"https:\/\/www.kibristurk.com\/images\/haberler\/2024\/01\/cumhurbaskani-tatar-ankara-ve-antalyada-temaslarda-bulunmak-uzere-adadan-ayrildi-1704369812.webp\" \/><\/p>\n<p style=\"text-align:left\"><span style=\"font-size:14px\"><span style=\"font-family:Arial,Helvetica,sans-serif\"><span style=\"color:#000000\"><span style=\"background-color:#ffffff\">Cumhurba\u015fkan\u0131 Tatar, Ankara\u2019da T\u00fcrkiye Belediyeler Birli\u011fi ile K\u0131br\u0131s T\u00fcrk Belediyeler Birli\u011fi i\u015f birli\u011finde haz\u0131rlanan \u201c\u0130zler Silinmeden\u201d adl\u0131 foto\u011fraf sergisinin a\u00e7\u0131l\u0131\u015f\u0131 ve resepsiyonuna, Antalya\u2019da ise T\u00fcrkiye Kamu-Sen&#8217;in d\u00fczenledi\u011fi \u0130sti\u015fare Toplant\u0131s\u0131na kat\u0131lacak.<\/span><\/span><\/span><\/span><\/p>\n<p style=\"text-align:left\"><span style=\"font-size:14px\"><span style=\"font-family:Arial,Helvetica,sans-serif\"><span style=\"color:#000000\"><span style=\"background-color:#ffffff\">Cumhurba\u015fkan\u0131 Ersin Tatar, ilk olarak Ankara\u2019ya gidecek ve T.C. \u0130leti\u015fim Ba\u015fkanl\u0131\u011f\u0131 \u201cK\u0131br\u0131s Rum Mezalimi\u201d Sergisini ziyaret edecek. Tatar daha sonra T\u00fcrkiye Belediyeler Birli\u011fi ile K\u0131br\u0131s T\u00fcrk Belediyeler Birli\u011fi i\u015f birli\u011finde K\u0131br\u0131s\u2019\u0131n g\u00fcneyinde kalan Osmanl\u0131-T\u00fcrk eserlerinin izlerinin yok olmadan belgelenmesi amac\u0131yla d\u00fczenlenen \u201c\u0130zler Silinmeden\u201d adl\u0131 foto\u011fraf sergisinin a\u00e7\u0131l\u0131\u015f\u0131nda bulunacak. Sergide, Belediyeler Birli\u011fi ve G\u00fczelyurt Belediye Ba\u015fkan\u0131 Mahmut \u00d6z\u00e7\u0131nar, Erenk\u00f6y Karpaz Belediye Ba\u015fkan\u0131 Hamit Bak\u0131rc\u0131, Mesarya Belediye Ba\u015fkan\u0131 Ahmet Latif, \u00c7atalk\u00f6y Belediye Ba\u015fkan\u0131 Ceyhun K\u0131rok, Mehmet\u00e7ik B\u00fcy\u00fckkonuk Belediye Ba\u015fkan\u0131 Fatma \u00c7imen Tu\u011flu, De\u011firmenlik Ak\u0131nc\u0131lar Belediye Ba\u015fkan\u0131 Ali Karavezirler, Lapta Alsancak Belediye Ba\u015fkan\u0131 F\u0131rat Ataser, Tatl\u0131su Belediye Ba\u015fkan\u0131 Ahmet Hayri Or\u00e7an, Girne Belediye Ba\u015fkan\u0131 Murat \u015eenkul ve G\u00f6nyeli Alayk\u00f6y Belediye Ba\u015fkan\u0131 H\u00fcseyin Amcao\u011flu da haz\u0131r bulunacak.<\/span><\/span><\/span><\/span><\/p>\n<p style=\"text-align:left\"><span style=\"font-size:14px\"><span style=\"font-family:Arial,Helvetica,sans-serif\"><span style=\"color:#000000\"><span style=\"background-color:#ffffff\">Tatar, yar\u0131n sabah Ankara Sosyal Bilimler \u00dcniversitesi\u2019nde yap\u0131lacak T\u00fcrk D\u00fcnyas\u0131 M\u00fchendisler ve Mimarlar Birli\u011fi De\u011ferlendirme Toplant\u0131s\u0131\u2019na kat\u0131lacak.<\/span><\/span><\/span><\/span><\/p>\n<p style=\"text-align:left\"><span style=\"font-size:14px\"><span style=\"font-family:Arial,Helvetica,sans-serif\"><span style=\"color:#000000\"><span style=\"background-color:#ffffff\">Yar\u0131n Antalya\u2019ya hareket edecek olan Cumhurba\u015fkan\u0131, T\u00fcrkiye Kamu-Sen&#8217;in d\u00fczenleyece\u011fi \u0130sti\u015fare Toplant\u0131s\u0131\u2019na kat\u0131larak konu\u015fma yapacak. Sonras\u0131nda, Tatar\u2019a Belek \u00dcniversitesi\u2019nde Fahri Doktora Unvan\u0131 takdim edilecek.<\/span><\/span><\/span><\/span><\/p>\n<p style=\"text-align:left\"><span style=\"font-size:14px\"><span style=\"font-family:Arial,Helvetica,sans-serif\"><span style=\"color:#000000\"><span style=\"background-color:#ffffff\">Cumhurba\u015fkan\u0131 Tatar, cumartesi \u00f6\u011fle saatlerinde \u00fclkeye d\u00f6necek.<\/span><\/span><\/span><\/span><\/p>\n","protected":false},"excerpt":{"rendered":"<p>Cumhurba\u015fkan\u0131 Tatar, Ankara\u2019da T\u00fcrkiye Belediyeler Birli\u011fi ile K\u0131br\u0131s T\u00fcrk Belediyeler Birli\u011fi i\u015f birli\u011finde haz\u0131rlanan \u201c\u0130zler Silinmeden\u201d adl\u0131 foto\u011fraf sergisinin a\u00e7\u0131l\u0131\u015f\u0131 ve resepsiyonuna, Antalya\u2019da ise T\u00fcrkiye Kamu-Sen&#8217;in d\u00fczenledi\u011fi \u0130sti\u015fare Toplant\u0131s\u0131na kat\u0131lacak. Cumhurba\u015fkan\u0131 Ersin Tatar, ilk olarak Ankara\u2019ya gidecek ve T.C. \u0130leti\u015fim Ba\u015fkanl\u0131\u011f\u0131 \u201cK\u0131br\u0131s Rum Mezalimi\u201d Sergisini ziyaret edecek. Tatar daha sonra T\u00fcrkiye Belediyeler Birli\u011fi ile K\u0131br\u0131s<\/p>\n","protected":false},"author":1,"featured_media":25113,"comment_status":"open","ping_status":"open","sticky":false,"template":"","format":"standard","meta":{"footnotes":""},"categories":[1],"tags":[],"class_list":["post-25112","post","type-post","status-publish","format-standard","has-post-thumbnail","hentry","category-gundem"],"yoast_head":"<!-- This site is optimized with the Yoast SEO plugin v27.5 - https:\/\/yoast.com\/product\/yoast-seo-wordpress\/ -->\n<title>Cumhurba\u015fkan\u0131 Tatar, Ankara ve Antalya\u2019da temaslarda bulunmak \u00fczere adadan ayr\u0131ld\u0131 -<\/title>\n<meta name=\"robots\" content=\"index, follow, max-snippet:-1, max-image-preview:large, max-video-preview:-1\" \/>\n<link rel=\"canonical\" href=\"https:\/\/kibrisdakik.com\/?p=25112\" \/>\n<meta property=\"og:locale\" content=\"tr_TR\" \/>\n<meta property=\"og:type\" content=\"article\" \/>\n<meta property=\"og:title\" content=\"Cumhurba\u015fkan\u0131 Tatar, Ankara ve Antalya\u2019da temaslarda bulunmak \u00fczere adadan ayr\u0131ld\u0131 -\" \/>\n<meta property=\"og:description\" content=\"Cumhurba\u015fkan\u0131 Tatar, Ankara\u2019da T\u00fcrkiye Belediyeler Birli\u011fi ile K\u0131br\u0131s T\u00fcrk Belediyeler Birli\u011fi i\u015f birli\u011finde haz\u0131rlanan \u201c\u0130zler Silinmeden\u201d adl\u0131 foto\u011fraf sergisinin a\u00e7\u0131l\u0131\u015f\u0131 ve resepsiyonuna, Antalya\u2019da ise T\u00fcrkiye Kamu-Sen&#8217;in d\u00fczenledi\u011fi \u0130sti\u015fare Toplant\u0131s\u0131na kat\u0131lacak. Cumhurba\u015fkan\u0131 Ersin Tatar, ilk olarak Ankara\u2019ya gidecek ve T.C. \u0130leti\u015fim Ba\u015fkanl\u0131\u011f\u0131 \u201cK\u0131br\u0131s Rum Mezalimi\u201d Sergisini ziyaret edecek. Tatar daha sonra T\u00fcrkiye Belediyeler Birli\u011fi ile K\u0131br\u0131s\" \/>\n<meta property=\"og:url\" content=\"https:\/\/kibrisdakik.com\/?p=25112\" \/>\n<meta property=\"article:published_time\" content=\"2024-01-04T12:13:43+00:00\" \/>\n<meta property=\"og:image\" content=\"https:\/\/kibrisdakik.com\/wp-content\/uploads\/2024\/01\/cumhurbaskani-tatar-ankara-ve-antalyada-temaslarda-bulunmak-uzere-adadan-ayrildi-1704369812.webp.webp\" \/>\n\t<meta property=\"og:image:width\" content=\"710\" \/>\n\t<meta property=\"og:image:height\" content=\"370\" \/>\n\t<meta property=\"og:image:type\" content=\"image\/webp\" \/>\n<meta name=\"author\" content=\"admin\" \/>\n<meta name=\"twitter:card\" content=\"summary_large_image\" \/>\n<meta name=\"twitter:label1\" content=\"Yazan:\" \/>\n\t<meta name=\"twitter:data1\" content=\"admin\" \/>\n\t<meta name=\"twitter:label2\" content=\"Tahmini okuma s\u00fcresi\" \/>\n\t<meta name=\"twitter:data2\" content=\"1 dakika\" \/>\n<script type=\"application\/ld+json\" class=\"yoast-schema-graph\">{\"@context\":\"https:\\\/\\\/schema.org\",\"@graph\":[{\"@type\":\"Article\",\"@id\":\"https:\\\/\\\/kibrisdakik.com\\\/?p=25112#article\",\"isPartOf\":{\"@id\":\"https:\\\/\\\/kibrisdakik.com\\\/?p=25112\"},\"author\":{\"name\":\"admin\",\"@id\":\"https:\\\/\\\/kibrisdakik.com\\\/#\\\/schema\\\/person\\\/9cd9d437bbb44f72b73ba127e06d8e79\"},\"headline\":\"Cumhurba\u015fkan\u0131 Tatar, Ankara ve Antalya\u2019da temaslarda bulunmak \u00fczere adadan ayr\u0131ld\u0131\",\"datePublished\":\"2024-01-04T12:13:43+00:00\",\"mainEntityOfPage\":{\"@id\":\"https:\\\/\\\/kibrisdakik.com\\\/?p=25112\"},\"wordCount\":307,\"commentCount\":0,\"image\":{\"@id\":\"https:\\\/\\\/kibrisdakik.com\\\/?p=25112#primaryimage\"},\"thumbnailUrl\":\"https:\\\/\\\/kibrisdakik.com\\\/wp-content\\\/uploads\\\/2024\\\/01\\\/cumhurbaskani-tatar-ankara-ve-antalyada-temaslarda-bulunmak-uzere-adadan-ayrildi-1704369812.webp.webp\",\"articleSection\":[\"G\u00fcndem\"],\"inLanguage\":\"tr\",\"potentialAction\":[{\"@type\":\"CommentAction\",\"name\":\"Comment\",\"target\":[\"https:\\\/\\\/kibrisdakik.com\\\/?p=25112#respond\"]}]},{\"@type\":\"WebPage\",\"@id\":\"https:\\\/\\\/kibrisdakik.com\\\/?p=25112\",\"url\":\"https:\\\/\\\/kibrisdakik.com\\\/?p=25112\",\"name\":\"Cumhurba\u015fkan\u0131 Tatar, Ankara ve Antalya\u2019da temaslarda bulunmak \u00fczere adadan ayr\u0131ld\u0131 -\",\"isPartOf\":{\"@id\":\"https:\\\/\\\/kibrisdakik.com\\\/#website\"},\"primaryImageOfPage\":{\"@id\":\"https:\\\/\\\/kibrisdakik.com\\\/?p=25112#primaryimage\"},\"image\":{\"@id\":\"https:\\\/\\\/kibrisdakik.com\\\/?p=25112#primaryimage\"},\"thumbnailUrl\":\"https:\\\/\\\/kibrisdakik.com\\\/wp-content\\\/uploads\\\/2024\\\/01\\\/cumhurbaskani-tatar-ankara-ve-antalyada-temaslarda-bulunmak-uzere-adadan-ayrildi-1704369812.webp.webp\",\"datePublished\":\"2024-01-04T12:13:43+00:00\",\"author\":{\"@id\":\"https:\\\/\\\/kibrisdakik.com\\\/#\\\/schema\\\/person\\\/9cd9d437bbb44f72b73ba127e06d8e79\"},\"breadcrumb\":{\"@id\":\"https:\\\/\\\/kibrisdakik.com\\\/?p=25112#breadcrumb\"},\"inLanguage\":\"tr\",\"potentialAction\":[{\"@type\":\"ReadAction\",\"target\":[\"https:\\\/\\\/kibrisdakik.com\\\/?p=25112\"]}]},{\"@type\":\"ImageObject\",\"inLanguage\":\"tr\",\"@id\":\"https:\\\/\\\/kibrisdakik.com\\\/?p=25112#primaryimage\",\"url\":\"https:\\\/\\\/kibrisdakik.com\\\/wp-content\\\/uploads\\\/2024\\\/01\\\/cumhurbaskani-tatar-ankara-ve-antalyada-temaslarda-bulunmak-uzere-adadan-ayrildi-1704369812.webp.webp\",\"contentUrl\":\"https:\\\/\\\/kibrisdakik.com\\\/wp-content\\\/uploads\\\/2024\\\/01\\\/cumhurbaskani-tatar-ankara-ve-antalyada-temaslarda-bulunmak-uzere-adadan-ayrildi-1704369812.webp.webp\",\"width\":710,\"height\":370},{\"@type\":\"BreadcrumbList\",\"@id\":\"https:\\\/\\\/kibrisdakik.com\\\/?p=25112#breadcrumb\",\"itemListElement\":[{\"@type\":\"ListItem\",\"position\":1,\"name\":\"Home\",\"item\":\"https:\\\/\\\/kibrisdakik.com\\\/\"},{\"@type\":\"ListItem\",\"position\":2,\"name\":\"Cumhurba\u015fkan\u0131 Tatar, Ankara ve Antalya\u2019da temaslarda bulunmak \u00fczere adadan ayr\u0131ld\u0131\"}]},{\"@type\":\"WebSite\",\"@id\":\"https:\\\/\\\/kibrisdakik.com\\\/#website\",\"url\":\"https:\\\/\\\/kibrisdakik.com\\\/\",\"name\":\"\",\"description\":\"Tam vaktinde haber\",\"potentialAction\":[{\"@type\":\"SearchAction\",\"target\":{\"@type\":\"EntryPoint\",\"urlTemplate\":\"https:\\\/\\\/kibrisdakik.com\\\/?s={search_term_string}\"},\"query-input\":{\"@type\":\"PropertyValueSpecification\",\"valueRequired\":true,\"valueName\":\"search_term_string\"}}],\"inLanguage\":\"tr\"},{\"@type\":\"Person\",\"@id\":\"https:\\\/\\\/kibrisdakik.com\\\/#\\\/schema\\\/person\\\/9cd9d437bbb44f72b73ba127e06d8e79\",\"name\":\"admin\",\"image\":{\"@type\":\"ImageObject\",\"inLanguage\":\"tr\",\"@id\":\"https:\\\/\\\/secure.gravatar.com\\\/avatar\\\/ccc17943b9d660506c869530f897617f7cb1c21a4bf30023f252596d83e1f007?s=96&d=mm&r=g\",\"url\":\"https:\\\/\\\/secure.gravatar.com\\\/avatar\\\/ccc17943b9d660506c869530f897617f7cb1c21a4bf30023f252596d83e1f007?s=96&d=mm&r=g\",\"contentUrl\":\"https:\\\/\\\/secure.gravatar.com\\\/avatar\\\/ccc17943b9d660506c869530f897617f7cb1c21a4bf30023f252596d83e1f007?s=96&d=mm&r=g\",\"caption\":\"admin\"},\"sameAs\":[\"https:\\\/\\\/kibrisdakik.com\"],\"url\":\"https:\\\/\\\/kibrisdakik.com\\\/?author=1\"}]}<\/script>\n<!-- \/ Yoast SEO plugin. -->","yoast_head_json":{"title":"Cumhurba\u015fkan\u0131 Tatar, Ankara ve Antalya\u2019da temaslarda bulunmak \u00fczere adadan ayr\u0131ld\u0131 -","robots":{"index":"index","follow":"follow","max-snippet":"max-snippet:-1","max-image-preview":"max-image-preview:large","max-video-preview":"max-video-preview:-1"},"canonical":"https:\/\/kibrisdakik.com\/?p=25112","og_locale":"tr_TR","og_type":"article","og_title":"Cumhurba\u015fkan\u0131 Tatar, Ankara ve Antalya\u2019da temaslarda bulunmak \u00fczere adadan ayr\u0131ld\u0131 -","og_description":"Cumhurba\u015fkan\u0131 Tatar, Ankara\u2019da T\u00fcrkiye Belediyeler Birli\u011fi ile K\u0131br\u0131s T\u00fcrk Belediyeler Birli\u011fi i\u015f birli\u011finde haz\u0131rlanan \u201c\u0130zler Silinmeden\u201d adl\u0131 foto\u011fraf sergisinin a\u00e7\u0131l\u0131\u015f\u0131 ve resepsiyonuna, Antalya\u2019da ise T\u00fcrkiye Kamu-Sen&#8217;in d\u00fczenledi\u011fi \u0130sti\u015fare Toplant\u0131s\u0131na kat\u0131lacak. Cumhurba\u015fkan\u0131 Ersin Tatar, ilk olarak Ankara\u2019ya gidecek ve T.C. \u0130leti\u015fim Ba\u015fkanl\u0131\u011f\u0131 \u201cK\u0131br\u0131s Rum Mezalimi\u201d Sergisini ziyaret edecek. Tatar daha sonra T\u00fcrkiye Belediyeler Birli\u011fi ile K\u0131br\u0131s","og_url":"https:\/\/kibrisdakik.com\/?p=25112","article_published_time":"2024-01-04T12:13:43+00:00","og_image":[{"width":710,"height":370,"url":"https:\/\/kibrisdakik.com\/wp-content\/uploads\/2024\/01\/cumhurbaskani-tatar-ankara-ve-antalyada-temaslarda-bulunmak-uzere-adadan-ayrildi-1704369812.webp.webp","type":"image\/webp"}],"author":"admin","twitter_card":"summary_large_image","twitter_misc":{"Yazan:":"admin","Tahmini okuma s\u00fcresi":"1 dakika"},"schema":{"@context":"https:\/\/schema.org","@graph":[{"@type":"Article","@id":"https:\/\/kibrisdakik.com\/?p=25112#article","isPartOf":{"@id":"https:\/\/kibrisdakik.com\/?p=25112"},"author":{"name":"admin","@id":"https:\/\/kibrisdakik.com\/#\/schema\/person\/9cd9d437bbb44f72b73ba127e06d8e79"},"headline":"Cumhurba\u015fkan\u0131 Tatar, Ankara ve Antalya\u2019da temaslarda bulunmak \u00fczere adadan ayr\u0131ld\u0131","datePublished":"2024-01-04T12:13:43+00:00","mainEntityOfPage":{"@id":"https:\/\/kibrisdakik.com\/?p=25112"},"wordCount":307,"commentCount":0,"image":{"@id":"https:\/\/kibrisdakik.com\/?p=25112#primaryimage"},"thumbnailUrl":"https:\/\/kibrisdakik.com\/wp-content\/uploads\/2024\/01\/cumhurbaskani-tatar-ankara-ve-antalyada-temaslarda-bulunmak-uzere-adadan-ayrildi-1704369812.webp.webp","articleSection":["G\u00fcndem"],"inLanguage":"tr","potentialAction":[{"@type":"CommentAction","name":"Comment","target":["https:\/\/kibrisdakik.com\/?p=25112#respond"]}]},{"@type":"WebPage","@id":"https:\/\/kibrisdakik.com\/?p=25112","url":"https:\/\/kibrisdakik.com\/?p=25112","name":"Cumhurba\u015fkan\u0131 Tatar, Ankara ve Antalya\u2019da temaslarda bulunmak \u00fczere adadan ayr\u0131ld\u0131 -","isPartOf":{"@id":"https:\/\/kibrisdakik.com\/#website"},"primaryImageOfPage":{"@id":"https:\/\/kibrisdakik.com\/?p=25112#primaryimage"},"image":{"@id":"https:\/\/kibrisdakik.com\/?p=25112#primaryimage"},"thumbnailUrl":"https:\/\/kibrisdakik.com\/wp-content\/uploads\/2024\/01\/cumhurbaskani-tatar-ankara-ve-antalyada-temaslarda-bulunmak-uzere-adadan-ayrildi-1704369812.webp.webp","datePublished":"2024-01-04T12:13:43+00:00","author":{"@id":"https:\/\/kibrisdakik.com\/#\/schema\/person\/9cd9d437bbb44f72b73ba127e06d8e79"},"breadcrumb":{"@id":"https:\/\/kibrisdakik.com\/?p=25112#breadcrumb"},"inLanguage":"tr","potentialAction":[{"@type":"ReadAction","target":["https:\/\/kibrisdakik.com\/?p=25112"]}]},{"@type":"ImageObject","inLanguage":"tr","@id":"https:\/\/kibrisdakik.com\/?p=25112#primaryimage","url":"https:\/\/kibrisdakik.com\/wp-content\/uploads\/2024\/01\/cumhurbaskani-tatar-ankara-ve-antalyada-temaslarda-bulunmak-uzere-adadan-ayrildi-1704369812.webp.webp","contentUrl":"https:\/\/kibrisdakik.com\/wp-content\/uploads\/2024\/01\/cumhurbaskani-tatar-ankara-ve-antalyada-temaslarda-bulunmak-uzere-adadan-ayrildi-1704369812.webp.webp","width":710,"height":370},{"@type":"BreadcrumbList","@id":"https:\/\/kibrisdakik.com\/?p=25112#breadcrumb","itemListElement":[{"@type":"ListItem","position":1,"name":"Home","item":"https:\/\/kibrisdakik.com\/"},{"@type":"ListItem","position":2,"name":"Cumhurba\u015fkan\u0131 Tatar, Ankara ve Antalya\u2019da temaslarda bulunmak \u00fczere adadan ayr\u0131ld\u0131"}]},{"@type":"WebSite","@id":"https:\/\/kibrisdakik.com\/#website","url":"https:\/\/kibrisdakik.com\/","name":"","description":"Tam vaktinde haber","potentialAction":[{"@type":"SearchAction","target":{"@type":"EntryPoint","urlTemplate":"https:\/\/kibrisdakik.com\/?s={search_term_string}"},"query-input":{"@type":"PropertyValueSpecification","valueRequired":true,"valueName":"search_term_string"}}],"inLanguage":"tr"},{"@type":"Person","@id":"https:\/\/kibrisdakik.com\/#\/schema\/person\/9cd9d437bbb44f72b73ba127e06d8e79","name":"admin","image":{"@type":"ImageObject","inLanguage":"tr","@id":"https:\/\/secure.gravatar.com\/avatar\/ccc17943b9d660506c869530f897617f7cb1c21a4bf30023f252596d83e1f007?s=96&d=mm&r=g","url":"https:\/\/secure.gravatar.com\/avatar\/ccc17943b9d660506c869530f897617f7cb1c21a4bf30023f252596d83e1f007?s=96&d=mm&r=g","contentUrl":"https:\/\/secure.gravatar.com\/avatar\/ccc17943b9d660506c869530f897617f7cb1c21a4bf30023f252596d83e1f007?s=96&d=mm&r=g","caption":"admin"},"sameAs":["https:\/\/kibrisdakik.com"],"url":"https:\/\/kibrisdakik.com\/?author=1"}]}},"_links":{"self":[{"href":"https:\/\/kibrisdakik.com\/index.php?rest_route=\/wp\/v2\/posts\/25112","targetHints":{"allow":["GET"]}}],"collection":[{"href":"https:\/\/kibrisdakik.com\/index.php?rest_route=\/wp\/v2\/posts"}],"about":[{"href":"https:\/\/kibrisdakik.com\/index.php?rest_route=\/wp\/v2\/types\/post"}],"author":[{"embeddable":true,"href":"https:\/\/kibrisdakik.com\/index.php?rest_route=\/wp\/v2\/users\/1"}],"replies":[{"embeddable":true,"href":"https:\/\/kibrisdakik.com\/index.php?rest_route=%2Fwp%2Fv2%2Fcomments&post=25112"}],"version-history":[{"count":0,"href":"https:\/\/kibrisdakik.com\/index.php?rest_route=\/wp\/v2\/posts\/25112\/revisions"}],"wp:featuredmedia":[{"embeddable":true,"href":"https:\/\/kibrisdakik.com\/index.php?rest_route=\/wp\/v2\/media\/25113"}],"wp:attachment":[{"href":"https:\/\/kibrisdakik.com\/index.php?rest_route=%2Fwp%2Fv2%2Fmedia&parent=25112"}],"wp:term":[{"taxonomy":"category","embeddable":true,"href":"https:\/\/kibrisdakik.com\/index.php?rest_route=%2Fwp%2Fv2%2Fcategories&post=25112"},{"taxonomy":"post_tag","embeddable":true,"href":"https:\/\/kibrisdakik.com\/index.php?rest_route=%2Fwp%2Fv2%2Ftags&post=25112"}],"curies":[{"name":"wp","href":"https:\/\/api.w.org\/{rel}","templated":true}]}}