{"id":25191,"date":"2024-01-04T20:51:48","date_gmt":"2024-01-04T20:51:48","guid":{"rendered":"https:\/\/kibrisdakik.com\/index.php\/2024\/01\/04\/cumhurbaskani-ersin-tatar-ingiliz-parlamenterlerle-gorustu\/"},"modified":"2024-01-04T20:51:48","modified_gmt":"2024-01-04T20:51:48","slug":"cumhurbaskani-ersin-tatar-ingiliz-parlamenterlerle-gorustu","status":"publish","type":"post","link":"https:\/\/kibrisdakik.com\/?p=25191","title":{"rendered":"Cumhurba\u015fkan\u0131 Ersin Tatar, \u0130ngiliz parlamenterlerle g\u00f6r\u00fc\u015ft\u00fc"},"content":{"rendered":"<p><img decoding=\"async\" src=\"https:\/\/www.kibristurk.com\/images\/haberler\/2024\/01\/cumhurbaskani-ersin-tatar-ingiliz-parlamenterlerle-gorustu-1704389980.webp\" \/><\/p>\n<p><span style=\"font-size:12pt\"><span style=\"background-color:white\"><span style=\",serif\"><span style=\"font-family:Merriweather\"><span style=\"color:black\">Cumhurba\u015fkan\u0131 Ersin Tatar, KKTC\u2019de temaslarda bulunan \u0130ngiliz parlamenterleri kabul ederek g\u00f6r\u00fc\u015ft\u00fc.<\/span><\/span><br \/>\n&nbsp;<br \/>\nKuzey K\u0131br\u0131s i\u00e7in \u00d6zg\u00fcrl\u00fck ve Adalet Kampanyas\u0131 E\u015f Ba\u015fkan\u0131 \u00c7etin Ramadan\u2019\u0131n e\u015flik etti\u011fi ve Richard Bacon, Lord John Taylor, Sammy Wilson ve Lord Rogan\u2019\u0131n yer ald\u0131\u011f\u0131 \u0130ngiliz parlamenterler heyetle yap\u0131lan g\u00f6r\u00fc\u015fmede, K\u0131br\u0131s sorunu ile ilgili de\u011ferlendirmelerde bulunuldu, K\u0131br\u0131s T\u00fcrk taraf\u0131n\u0131n pozisyonu aktar\u0131ld\u0131.<\/p>\n<p>Garant\u00f6r \u00fclke olan \u0130ngiltere\u2019nin K\u0131br\u0131s T\u00fcrk halk\u0131na adil ve e\u015fit muamele ortaya koymas\u0131 gerekti\u011fi \u00fczerinde durulan g\u00f6r\u00fc\u015fmede, iki devletli \u00e7\u00f6z\u00fcm ile ancak K\u0131br\u0131s\u2019ta adil ve s\u00fcrd\u00fcr\u00fclebilir bir antla\u015fman\u0131n m\u00fcmk\u00fcn olabilece\u011fi, K\u0131br\u0131s T\u00fcrk halk\u0131n\u0131n egemen e\u015fitli\u011finin ve e\u015fit uluslararas\u0131 stat\u00fcs\u00fcn\u00fcn tescil edilmesi gerekti\u011fi vurguland\u0131. &nbsp;<\/p>\n<p>G\u00f6r\u00fc\u015fmede, Cumhurba\u015fkan\u0131 \u00d6zel Temsilcisi G\u00fcne\u015f Onar, G\u00fcven Yarat\u0131c\u0131 \u00d6nlemler ve \u0130ki Tarafl\u0131 Teknik Komiteler Koordinat\u00f6r\u00fc Seniha Birand \u00c7\u0131nar, Cumhurba\u015fkanl\u0131\u011f\u0131 Hukuk \u0130\u015fleri Dan\u0131\u015fman\u0131 S\u00fclen Karabacak, Uluslararas\u0131 \u0130li\u015fkiler ve Diplomasi \u00d6zel Dan\u0131\u015fman\u0131 Prof. Dr. H\u00fcseyin I\u015f\u0131ksal ve D\u0131\u015f Bas\u0131n Sorumlusu Kerem Hasser de haz\u0131r bulundu.<\/span><\/span><\/span><\/p>\n","protected":false},"excerpt":{"rendered":"<p>Cumhurba\u015fkan\u0131 Ersin Tatar, KKTC\u2019de temaslarda bulunan \u0130ngiliz parlamenterleri kabul ederek g\u00f6r\u00fc\u015ft\u00fc. &nbsp; Kuzey K\u0131br\u0131s i\u00e7in \u00d6zg\u00fcrl\u00fck ve Adalet Kampanyas\u0131 E\u015f Ba\u015fkan\u0131 \u00c7etin Ramadan\u2019\u0131n e\u015flik etti\u011fi ve Richard Bacon, Lord John Taylor, Sammy Wilson ve Lord Rogan\u2019\u0131n yer ald\u0131\u011f\u0131 \u0130ngiliz parlamenterler heyetle yap\u0131lan g\u00f6r\u00fc\u015fmede, K\u0131br\u0131s sorunu ile ilgili de\u011ferlendirmelerde bulunuldu, K\u0131br\u0131s T\u00fcrk taraf\u0131n\u0131n pozisyonu aktar\u0131ld\u0131. Garant\u00f6r<\/p>\n","protected":false},"author":1,"featured_media":25192,"comment_status":"open","ping_status":"open","sticky":false,"template":"","format":"standard","meta":{"footnotes":""},"categories":[86],"tags":[],"class_list":["post-25191","post","type-post","status-publish","format-standard","has-post-thumbnail","hentry","category-turkiye"],"yoast_head":"<!-- This site is optimized with the Yoast SEO plugin v27.4 - https:\/\/yoast.com\/product\/yoast-seo-wordpress\/ -->\n<title>Cumhurba\u015fkan\u0131 Ersin Tatar, \u0130ngiliz parlamenterlerle g\u00f6r\u00fc\u015ft\u00fc -<\/title>\n<meta name=\"robots\" content=\"index, follow, max-snippet:-1, max-image-preview:large, max-video-preview:-1\" \/>\n<link rel=\"canonical\" href=\"https:\/\/kibrisdakik.com\/?p=25191\" \/>\n<meta property=\"og:locale\" content=\"tr_TR\" \/>\n<meta property=\"og:type\" content=\"article\" \/>\n<meta property=\"og:title\" content=\"Cumhurba\u015fkan\u0131 Ersin Tatar, \u0130ngiliz parlamenterlerle g\u00f6r\u00fc\u015ft\u00fc -\" \/>\n<meta property=\"og:description\" content=\"Cumhurba\u015fkan\u0131 Ersin Tatar, KKTC\u2019de temaslarda bulunan \u0130ngiliz parlamenterleri kabul ederek g\u00f6r\u00fc\u015ft\u00fc. &nbsp; Kuzey K\u0131br\u0131s i\u00e7in \u00d6zg\u00fcrl\u00fck ve Adalet Kampanyas\u0131 E\u015f Ba\u015fkan\u0131 \u00c7etin Ramadan\u2019\u0131n e\u015flik etti\u011fi ve Richard Bacon, Lord John Taylor, Sammy Wilson ve Lord Rogan\u2019\u0131n yer ald\u0131\u011f\u0131 \u0130ngiliz parlamenterler heyetle yap\u0131lan g\u00f6r\u00fc\u015fmede, K\u0131br\u0131s sorunu ile ilgili de\u011ferlendirmelerde bulunuldu, K\u0131br\u0131s T\u00fcrk taraf\u0131n\u0131n pozisyonu aktar\u0131ld\u0131. Garant\u00f6r\" \/>\n<meta property=\"og:url\" content=\"https:\/\/kibrisdakik.com\/?p=25191\" \/>\n<meta property=\"article:published_time\" content=\"2024-01-04T20:51:48+00:00\" \/>\n<meta property=\"og:image\" content=\"https:\/\/kibrisdakik.com\/wp-content\/uploads\/2024\/01\/cumhurbaskani-ersin-tatar-ingiliz-parlamenterlerle-gorustu-1704389980.webp.webp\" \/>\n\t<meta property=\"og:image:width\" content=\"710\" \/>\n\t<meta property=\"og:image:height\" content=\"370\" \/>\n\t<meta property=\"og:image:type\" content=\"image\/webp\" \/>\n<meta name=\"author\" content=\"admin\" \/>\n<meta name=\"twitter:card\" content=\"summary_large_image\" \/>\n<meta name=\"twitter:label1\" content=\"Yazan:\" \/>\n\t<meta name=\"twitter:data1\" content=\"admin\" \/>\n\t<meta name=\"twitter:label2\" content=\"Tahmini okuma s\u00fcresi\" \/>\n\t<meta name=\"twitter:data2\" content=\"1 dakika\" \/>\n<script type=\"application\/ld+json\" class=\"yoast-schema-graph\">{\"@context\":\"https:\\\/\\\/schema.org\",\"@graph\":[{\"@type\":\"Article\",\"@id\":\"https:\\\/\\\/kibrisdakik.com\\\/?p=25191#article\",\"isPartOf\":{\"@id\":\"https:\\\/\\\/kibrisdakik.com\\\/?p=25191\"},\"author\":{\"name\":\"admin\",\"@id\":\"https:\\\/\\\/kibrisdakik.com\\\/#\\\/schema\\\/person\\\/9cd9d437bbb44f72b73ba127e06d8e79\"},\"headline\":\"Cumhurba\u015fkan\u0131 Ersin Tatar, \u0130ngiliz parlamenterlerle g\u00f6r\u00fc\u015ft\u00fc\",\"datePublished\":\"2024-01-04T20:51:48+00:00\",\"mainEntityOfPage\":{\"@id\":\"https:\\\/\\\/kibrisdakik.com\\\/?p=25191\"},\"wordCount\":226,\"commentCount\":0,\"image\":{\"@id\":\"https:\\\/\\\/kibrisdakik.com\\\/?p=25191#primaryimage\"},\"thumbnailUrl\":\"https:\\\/\\\/kibrisdakik.com\\\/wp-content\\\/uploads\\\/2024\\\/01\\\/cumhurbaskani-ersin-tatar-ingiliz-parlamenterlerle-gorustu-1704389980.webp.webp\",\"articleSection\":[\"T\u00fcrkiye\"],\"inLanguage\":\"tr\",\"potentialAction\":[{\"@type\":\"CommentAction\",\"name\":\"Comment\",\"target\":[\"https:\\\/\\\/kibrisdakik.com\\\/?p=25191#respond\"]}]},{\"@type\":\"WebPage\",\"@id\":\"https:\\\/\\\/kibrisdakik.com\\\/?p=25191\",\"url\":\"https:\\\/\\\/kibrisdakik.com\\\/?p=25191\",\"name\":\"Cumhurba\u015fkan\u0131 Ersin Tatar, \u0130ngiliz parlamenterlerle g\u00f6r\u00fc\u015ft\u00fc -\",\"isPartOf\":{\"@id\":\"https:\\\/\\\/kibrisdakik.com\\\/#website\"},\"primaryImageOfPage\":{\"@id\":\"https:\\\/\\\/kibrisdakik.com\\\/?p=25191#primaryimage\"},\"image\":{\"@id\":\"https:\\\/\\\/kibrisdakik.com\\\/?p=25191#primaryimage\"},\"thumbnailUrl\":\"https:\\\/\\\/kibrisdakik.com\\\/wp-content\\\/uploads\\\/2024\\\/01\\\/cumhurbaskani-ersin-tatar-ingiliz-parlamenterlerle-gorustu-1704389980.webp.webp\",\"datePublished\":\"2024-01-04T20:51:48+00:00\",\"author\":{\"@id\":\"https:\\\/\\\/kibrisdakik.com\\\/#\\\/schema\\\/person\\\/9cd9d437bbb44f72b73ba127e06d8e79\"},\"breadcrumb\":{\"@id\":\"https:\\\/\\\/kibrisdakik.com\\\/?p=25191#breadcrumb\"},\"inLanguage\":\"tr\",\"potentialAction\":[{\"@type\":\"ReadAction\",\"target\":[\"https:\\\/\\\/kibrisdakik.com\\\/?p=25191\"]}]},{\"@type\":\"ImageObject\",\"inLanguage\":\"tr\",\"@id\":\"https:\\\/\\\/kibrisdakik.com\\\/?p=25191#primaryimage\",\"url\":\"https:\\\/\\\/kibrisdakik.com\\\/wp-content\\\/uploads\\\/2024\\\/01\\\/cumhurbaskani-ersin-tatar-ingiliz-parlamenterlerle-gorustu-1704389980.webp.webp\",\"contentUrl\":\"https:\\\/\\\/kibrisdakik.com\\\/wp-content\\\/uploads\\\/2024\\\/01\\\/cumhurbaskani-ersin-tatar-ingiliz-parlamenterlerle-gorustu-1704389980.webp.webp\",\"width\":710,\"height\":370},{\"@type\":\"BreadcrumbList\",\"@id\":\"https:\\\/\\\/kibrisdakik.com\\\/?p=25191#breadcrumb\",\"itemListElement\":[{\"@type\":\"ListItem\",\"position\":1,\"name\":\"Home\",\"item\":\"https:\\\/\\\/kibrisdakik.com\\\/\"},{\"@type\":\"ListItem\",\"position\":2,\"name\":\"Cumhurba\u015fkan\u0131 Ersin Tatar, \u0130ngiliz parlamenterlerle g\u00f6r\u00fc\u015ft\u00fc\"}]},{\"@type\":\"WebSite\",\"@id\":\"https:\\\/\\\/kibrisdakik.com\\\/#website\",\"url\":\"https:\\\/\\\/kibrisdakik.com\\\/\",\"name\":\"\",\"description\":\"Tam vaktinde haber\",\"potentialAction\":[{\"@type\":\"SearchAction\",\"target\":{\"@type\":\"EntryPoint\",\"urlTemplate\":\"https:\\\/\\\/kibrisdakik.com\\\/?s={search_term_string}\"},\"query-input\":{\"@type\":\"PropertyValueSpecification\",\"valueRequired\":true,\"valueName\":\"search_term_string\"}}],\"inLanguage\":\"tr\"},{\"@type\":\"Person\",\"@id\":\"https:\\\/\\\/kibrisdakik.com\\\/#\\\/schema\\\/person\\\/9cd9d437bbb44f72b73ba127e06d8e79\",\"name\":\"admin\",\"image\":{\"@type\":\"ImageObject\",\"inLanguage\":\"tr\",\"@id\":\"https:\\\/\\\/secure.gravatar.com\\\/avatar\\\/ccc17943b9d660506c869530f897617f7cb1c21a4bf30023f252596d83e1f007?s=96&d=mm&r=g\",\"url\":\"https:\\\/\\\/secure.gravatar.com\\\/avatar\\\/ccc17943b9d660506c869530f897617f7cb1c21a4bf30023f252596d83e1f007?s=96&d=mm&r=g\",\"contentUrl\":\"https:\\\/\\\/secure.gravatar.com\\\/avatar\\\/ccc17943b9d660506c869530f897617f7cb1c21a4bf30023f252596d83e1f007?s=96&d=mm&r=g\",\"caption\":\"admin\"},\"sameAs\":[\"https:\\\/\\\/kibrisdakik.com\"],\"url\":\"https:\\\/\\\/kibrisdakik.com\\\/?author=1\"}]}<\/script>\n<!-- \/ Yoast SEO plugin. -->","yoast_head_json":{"title":"Cumhurba\u015fkan\u0131 Ersin Tatar, \u0130ngiliz parlamenterlerle g\u00f6r\u00fc\u015ft\u00fc -","robots":{"index":"index","follow":"follow","max-snippet":"max-snippet:-1","max-image-preview":"max-image-preview:large","max-video-preview":"max-video-preview:-1"},"canonical":"https:\/\/kibrisdakik.com\/?p=25191","og_locale":"tr_TR","og_type":"article","og_title":"Cumhurba\u015fkan\u0131 Ersin Tatar, \u0130ngiliz parlamenterlerle g\u00f6r\u00fc\u015ft\u00fc -","og_description":"Cumhurba\u015fkan\u0131 Ersin Tatar, KKTC\u2019de temaslarda bulunan \u0130ngiliz parlamenterleri kabul ederek g\u00f6r\u00fc\u015ft\u00fc. &nbsp; Kuzey K\u0131br\u0131s i\u00e7in \u00d6zg\u00fcrl\u00fck ve Adalet Kampanyas\u0131 E\u015f Ba\u015fkan\u0131 \u00c7etin Ramadan\u2019\u0131n e\u015flik etti\u011fi ve Richard Bacon, Lord John Taylor, Sammy Wilson ve Lord Rogan\u2019\u0131n yer ald\u0131\u011f\u0131 \u0130ngiliz parlamenterler heyetle yap\u0131lan g\u00f6r\u00fc\u015fmede, K\u0131br\u0131s sorunu ile ilgili de\u011ferlendirmelerde bulunuldu, K\u0131br\u0131s T\u00fcrk taraf\u0131n\u0131n pozisyonu aktar\u0131ld\u0131. Garant\u00f6r","og_url":"https:\/\/kibrisdakik.com\/?p=25191","article_published_time":"2024-01-04T20:51:48+00:00","og_image":[{"width":710,"height":370,"url":"https:\/\/kibrisdakik.com\/wp-content\/uploads\/2024\/01\/cumhurbaskani-ersin-tatar-ingiliz-parlamenterlerle-gorustu-1704389980.webp.webp","type":"image\/webp"}],"author":"admin","twitter_card":"summary_large_image","twitter_misc":{"Yazan:":"admin","Tahmini okuma s\u00fcresi":"1 dakika"},"schema":{"@context":"https:\/\/schema.org","@graph":[{"@type":"Article","@id":"https:\/\/kibrisdakik.com\/?p=25191#article","isPartOf":{"@id":"https:\/\/kibrisdakik.com\/?p=25191"},"author":{"name":"admin","@id":"https:\/\/kibrisdakik.com\/#\/schema\/person\/9cd9d437bbb44f72b73ba127e06d8e79"},"headline":"Cumhurba\u015fkan\u0131 Ersin Tatar, \u0130ngiliz parlamenterlerle g\u00f6r\u00fc\u015ft\u00fc","datePublished":"2024-01-04T20:51:48+00:00","mainEntityOfPage":{"@id":"https:\/\/kibrisdakik.com\/?p=25191"},"wordCount":226,"commentCount":0,"image":{"@id":"https:\/\/kibrisdakik.com\/?p=25191#primaryimage"},"thumbnailUrl":"https:\/\/kibrisdakik.com\/wp-content\/uploads\/2024\/01\/cumhurbaskani-ersin-tatar-ingiliz-parlamenterlerle-gorustu-1704389980.webp.webp","articleSection":["T\u00fcrkiye"],"inLanguage":"tr","potentialAction":[{"@type":"CommentAction","name":"Comment","target":["https:\/\/kibrisdakik.com\/?p=25191#respond"]}]},{"@type":"WebPage","@id":"https:\/\/kibrisdakik.com\/?p=25191","url":"https:\/\/kibrisdakik.com\/?p=25191","name":"Cumhurba\u015fkan\u0131 Ersin Tatar, \u0130ngiliz parlamenterlerle g\u00f6r\u00fc\u015ft\u00fc -","isPartOf":{"@id":"https:\/\/kibrisdakik.com\/#website"},"primaryImageOfPage":{"@id":"https:\/\/kibrisdakik.com\/?p=25191#primaryimage"},"image":{"@id":"https:\/\/kibrisdakik.com\/?p=25191#primaryimage"},"thumbnailUrl":"https:\/\/kibrisdakik.com\/wp-content\/uploads\/2024\/01\/cumhurbaskani-ersin-tatar-ingiliz-parlamenterlerle-gorustu-1704389980.webp.webp","datePublished":"2024-01-04T20:51:48+00:00","author":{"@id":"https:\/\/kibrisdakik.com\/#\/schema\/person\/9cd9d437bbb44f72b73ba127e06d8e79"},"breadcrumb":{"@id":"https:\/\/kibrisdakik.com\/?p=25191#breadcrumb"},"inLanguage":"tr","potentialAction":[{"@type":"ReadAction","target":["https:\/\/kibrisdakik.com\/?p=25191"]}]},{"@type":"ImageObject","inLanguage":"tr","@id":"https:\/\/kibrisdakik.com\/?p=25191#primaryimage","url":"https:\/\/kibrisdakik.com\/wp-content\/uploads\/2024\/01\/cumhurbaskani-ersin-tatar-ingiliz-parlamenterlerle-gorustu-1704389980.webp.webp","contentUrl":"https:\/\/kibrisdakik.com\/wp-content\/uploads\/2024\/01\/cumhurbaskani-ersin-tatar-ingiliz-parlamenterlerle-gorustu-1704389980.webp.webp","width":710,"height":370},{"@type":"BreadcrumbList","@id":"https:\/\/kibrisdakik.com\/?p=25191#breadcrumb","itemListElement":[{"@type":"ListItem","position":1,"name":"Home","item":"https:\/\/kibrisdakik.com\/"},{"@type":"ListItem","position":2,"name":"Cumhurba\u015fkan\u0131 Ersin Tatar, \u0130ngiliz parlamenterlerle g\u00f6r\u00fc\u015ft\u00fc"}]},{"@type":"WebSite","@id":"https:\/\/kibrisdakik.com\/#website","url":"https:\/\/kibrisdakik.com\/","name":"","description":"Tam vaktinde haber","potentialAction":[{"@type":"SearchAction","target":{"@type":"EntryPoint","urlTemplate":"https:\/\/kibrisdakik.com\/?s={search_term_string}"},"query-input":{"@type":"PropertyValueSpecification","valueRequired":true,"valueName":"search_term_string"}}],"inLanguage":"tr"},{"@type":"Person","@id":"https:\/\/kibrisdakik.com\/#\/schema\/person\/9cd9d437bbb44f72b73ba127e06d8e79","name":"admin","image":{"@type":"ImageObject","inLanguage":"tr","@id":"https:\/\/secure.gravatar.com\/avatar\/ccc17943b9d660506c869530f897617f7cb1c21a4bf30023f252596d83e1f007?s=96&d=mm&r=g","url":"https:\/\/secure.gravatar.com\/avatar\/ccc17943b9d660506c869530f897617f7cb1c21a4bf30023f252596d83e1f007?s=96&d=mm&r=g","contentUrl":"https:\/\/secure.gravatar.com\/avatar\/ccc17943b9d660506c869530f897617f7cb1c21a4bf30023f252596d83e1f007?s=96&d=mm&r=g","caption":"admin"},"sameAs":["https:\/\/kibrisdakik.com"],"url":"https:\/\/kibrisdakik.com\/?author=1"}]}},"_links":{"self":[{"href":"https:\/\/kibrisdakik.com\/index.php?rest_route=\/wp\/v2\/posts\/25191","targetHints":{"allow":["GET"]}}],"collection":[{"href":"https:\/\/kibrisdakik.com\/index.php?rest_route=\/wp\/v2\/posts"}],"about":[{"href":"https:\/\/kibrisdakik.com\/index.php?rest_route=\/wp\/v2\/types\/post"}],"author":[{"embeddable":true,"href":"https:\/\/kibrisdakik.com\/index.php?rest_route=\/wp\/v2\/users\/1"}],"replies":[{"embeddable":true,"href":"https:\/\/kibrisdakik.com\/index.php?rest_route=%2Fwp%2Fv2%2Fcomments&post=25191"}],"version-history":[{"count":0,"href":"https:\/\/kibrisdakik.com\/index.php?rest_route=\/wp\/v2\/posts\/25191\/revisions"}],"wp:featuredmedia":[{"embeddable":true,"href":"https:\/\/kibrisdakik.com\/index.php?rest_route=\/wp\/v2\/media\/25192"}],"wp:attachment":[{"href":"https:\/\/kibrisdakik.com\/index.php?rest_route=%2Fwp%2Fv2%2Fmedia&parent=25191"}],"wp:term":[{"taxonomy":"category","embeddable":true,"href":"https:\/\/kibrisdakik.com\/index.php?rest_route=%2Fwp%2Fv2%2Fcategories&post=25191"},{"taxonomy":"post_tag","embeddable":true,"href":"https:\/\/kibrisdakik.com\/index.php?rest_route=%2Fwp%2Fv2%2Ftags&post=25191"}],"curies":[{"name":"wp","href":"https:\/\/api.w.org\/{rel}","templated":true}]}}