{"id":25242,"date":"2024-01-05T10:40:02","date_gmt":"2024-01-05T10:40:02","guid":{"rendered":"https:\/\/kibrisdakik.com\/index.php\/2024\/01\/05\/ithal-urunlerden-ispanak-elma-havucta-yerli-urunlerden-biber-pirasa-ve-enginarda-kalintiya-rastlandi\/"},"modified":"2024-01-05T10:40:02","modified_gmt":"2024-01-05T10:40:02","slug":"ithal-urunlerden-ispanak-elma-havucta-yerli-urunlerden-biber-pirasa-ve-enginarda-kalintiya-rastlandi","status":"publish","type":"post","link":"https:\/\/kibrisdakik.com\/?p=25242","title":{"rendered":"\u0130thal \u00fcr\u00fcnlerden \u0131spanak, elma, havu\u00e7ta, yerli \u00fcr\u00fcnlerden biber, p\u0131rasa ve enginarda kal\u0131nt\u0131ya rastland\u0131"},"content":{"rendered":"<p><img decoding=\"async\" src=\"https:\/\/www.kibristurk.com\/images\/haberler\/2024\/01\/ithal-urunlerden-ispanak-elma-havucta-yerli-urunlerden-biber-pirasa-ve-enginarda-kalintiya-rastlandi-1704450048.webp\" \/><\/p>\n<p style=\"text-align:left\"><span style=\"font-size:16px\"><span style=\"font-family:Merriweather,serif !important\"><span style=\"color:#000000\"><span style=\"background-color:#ffffff\">&nbsp;Tar\u0131m Dairesi, ithal \u00fcr\u00fcnlerden \u0131spanak, elma, havu\u00e7ta, yerli \u00fcr\u00fcnlerden biber, p\u0131rasa ve enginarda kal\u0131nt\u0131ya rastland\u0131\u011f\u0131n\u0131 a\u00e7\u0131klad\u0131.<\/span><\/span><\/span><\/span><\/p>\n<p style=\"text-align:left\">&nbsp;<\/p>\n<p style=\"text-align:left\"><span style=\"font-size:16px\"><span style=\"font-family:Merriweather,serif !important\"><span style=\"color:#000000\"><span style=\"background-color:#ffffff\">Tar\u0131m Dairesi, 29 Aral\u0131k 2023 &#8211; 4 Ocak 2024 tarihleri aras\u0131nda ithal ve yerli \u00fcr\u00fcnlerle ilgili g\u0131da denetim sonu\u00e7lar\u0131n\u0131 payla\u015ft\u0131.<\/span><\/span><\/span><\/span><\/p>\n<p style=\"text-align:left\"><span style=\"font-size:16px\"><span style=\"font-family:Merriweather,serif !important\"><span style=\"color:#000000\"><span style=\"background-color:#ffffff\">Buna g\u00f6re, 19 ithal \u00fcr\u00fcn\u00fcnden 16\u2019s\u0131n\u0131n, 30 yerli \u00fcr\u00fcnden 23\u2019\u00fcn\u00fcn temiz oldu\u011fu bildirildi.<\/span><\/span><\/span><\/span><\/p>\n<p style=\"text-align:left\"><span style=\"font-size:16px\"><span style=\"font-family:Merriweather,serif !important\"><span style=\"color:#000000\"><span style=\"background-color:#ffffff\">\u0130thal \u00fcr\u00fcnlerde \u0131spanak, elma, havu\u00e7ta, yerli \u00fcr\u00fcnlerde biber, p\u0131rasa ve enginarda kal\u0131nt\u0131ya rastland\u0131.<\/span><\/span><\/span><\/span><\/p>\n<p style=\"text-align:left\"><span style=\"font-size:16px\"><span style=\"font-family:Merriweather,serif !important\"><span style=\"color:#000000\"><span style=\"background-color:#ffffff\">-\u0130thal \u00fcr\u00fcnler<\/span><\/span><\/span><\/span><\/p>\n<p style=\"text-align:left\"><span style=\"font-size:16px\"><span style=\"font-family:Merriweather,serif !important\"><span style=\"color:#000000\"><span style=\"background-color:#ffffff\">Limit \u00fcst\u00fc bitki koruma \u00fcr\u00fcn\u00fc belirlenen, men\u015feine iade veya imha edilecek ithal \u00fcr\u00fcnlerin *SVS Tic Ltd.&#8217;e ait \u0131spanak, NON\u2019a ait Golden Elma, Mert Ulu\u015fan\u2019a ait havu\u00e7 oldu\u011fu a\u00e7\u0131kland\u0131.<\/span><\/span><\/span><\/span><\/p>\n<p style=\"text-align:left\"><span style=\"font-size:16px\"><span style=\"font-family:Merriweather,serif !important\"><span style=\"color:#000000\"><span style=\"background-color:#ffffff\">-Yerli \u00fcr\u00fcnler<\/span><\/span><\/span><\/span><\/p>\n<p style=\"text-align:left\"><span style=\"font-size:16px\"><span style=\"font-family:Merriweather,serif !important\"><span style=\"color:#000000\"><span style=\"background-color:#ffffff\">\u00d6te yandan yerli \u00fcr\u00fcnlerden kapya biberin tespit edilen limit \u00fcst\u00fc bitki koruma \u00fcr\u00fcn\u00fc nedeniyle hasad\u0131n\u0131n durduruldu\u011fu, tavsiye d\u0131\u015f\u0131 bitki koruma \u00fcr\u00fcn\u00fc tespit edilen k\u0131rm\u0131z\u0131 ac\u0131 biberin, p\u0131rasan\u0131n, ye\u015fil \u00e7arli biberin ve enginar\u0131n imha edilece\u011fi bildirildi.<\/span><\/span><\/span><\/span><\/p>\n<p style=\"text-align:left\"><span style=\"font-size:16px\"><span style=\"font-family:Merriweather,serif !important\"><span style=\"color:#000000\"><span style=\"background-color:#ffffff\">Kapya biberin Tatl\u0131su k\u00f6y\u00fc sakini Burhan Y\u0131ld\u0131z\u2019a, k\u0131rm\u0131z\u0131 ac\u0131 biberin Ma\u011fusa sakini Ali Tat\u2019a, p\u0131rasan\u0131n Bostanc\u0131\u2019da Yoran Tar\u0131m\u2019a, ye\u015fil \u00e7arli biberin Akdeniz k\u00f6y\u00fc sakini Ertan D\u00f6nmez\u2019e, enginarlar\u0131n \u0130skele sakinlerinden Cemal Nizam, Hasan Nizam ve Tayfun Nizam\u2019a ait oldu\u011fu kaydedildi.<\/span><\/span><\/span><\/span><\/p>\n","protected":false},"excerpt":{"rendered":"<p>&nbsp;Tar\u0131m Dairesi, ithal \u00fcr\u00fcnlerden \u0131spanak, elma, havu\u00e7ta, yerli \u00fcr\u00fcnlerden biber, p\u0131rasa ve enginarda kal\u0131nt\u0131ya rastland\u0131\u011f\u0131n\u0131 a\u00e7\u0131klad\u0131. &nbsp; Tar\u0131m Dairesi, 29 Aral\u0131k 2023 &#8211; 4 Ocak 2024 tarihleri aras\u0131nda ithal ve yerli \u00fcr\u00fcnlerle ilgili g\u0131da denetim sonu\u00e7lar\u0131n\u0131 payla\u015ft\u0131. Buna g\u00f6re, 19 ithal \u00fcr\u00fcn\u00fcnden 16\u2019s\u0131n\u0131n, 30 yerli \u00fcr\u00fcnden 23\u2019\u00fcn\u00fcn temiz oldu\u011fu bildirildi. \u0130thal \u00fcr\u00fcnlerde \u0131spanak, elma, havu\u00e7ta,<\/p>\n","protected":false},"author":1,"featured_media":25243,"comment_status":"open","ping_status":"open","sticky":false,"template":"","format":"standard","meta":{"footnotes":""},"categories":[1],"tags":[],"class_list":["post-25242","post","type-post","status-publish","format-standard","has-post-thumbnail","hentry","category-gundem"],"yoast_head":"<!-- This site is optimized with the Yoast SEO plugin v27.4 - https:\/\/yoast.com\/product\/yoast-seo-wordpress\/ -->\n<title>\u0130thal \u00fcr\u00fcnlerden \u0131spanak, elma, havu\u00e7ta, yerli \u00fcr\u00fcnlerden biber, p\u0131rasa ve enginarda kal\u0131nt\u0131ya rastland\u0131 -<\/title>\n<meta name=\"robots\" content=\"index, follow, max-snippet:-1, max-image-preview:large, max-video-preview:-1\" \/>\n<link rel=\"canonical\" href=\"https:\/\/kibrisdakik.com\/?p=25242\" \/>\n<meta property=\"og:locale\" content=\"tr_TR\" \/>\n<meta property=\"og:type\" content=\"article\" \/>\n<meta property=\"og:title\" content=\"\u0130thal \u00fcr\u00fcnlerden \u0131spanak, elma, havu\u00e7ta, yerli \u00fcr\u00fcnlerden biber, p\u0131rasa ve enginarda kal\u0131nt\u0131ya rastland\u0131 -\" \/>\n<meta property=\"og:description\" content=\"&nbsp;Tar\u0131m Dairesi, ithal \u00fcr\u00fcnlerden \u0131spanak, elma, havu\u00e7ta, yerli \u00fcr\u00fcnlerden biber, p\u0131rasa ve enginarda kal\u0131nt\u0131ya rastland\u0131\u011f\u0131n\u0131 a\u00e7\u0131klad\u0131. &nbsp; Tar\u0131m Dairesi, 29 Aral\u0131k 2023 &#8211; 4 Ocak 2024 tarihleri aras\u0131nda ithal ve yerli \u00fcr\u00fcnlerle ilgili g\u0131da denetim sonu\u00e7lar\u0131n\u0131 payla\u015ft\u0131. Buna g\u00f6re, 19 ithal \u00fcr\u00fcn\u00fcnden 16\u2019s\u0131n\u0131n, 30 yerli \u00fcr\u00fcnden 23\u2019\u00fcn\u00fcn temiz oldu\u011fu bildirildi. \u0130thal \u00fcr\u00fcnlerde \u0131spanak, elma, havu\u00e7ta,\" \/>\n<meta property=\"og:url\" content=\"https:\/\/kibrisdakik.com\/?p=25242\" \/>\n<meta property=\"article:published_time\" content=\"2024-01-05T10:40:02+00:00\" \/>\n<meta property=\"og:image\" content=\"https:\/\/kibrisdakik.com\/wp-content\/uploads\/2024\/01\/ithal-urunlerden-ispanak-elma-havucta-yerli-urunlerden-biber-pirasa-ve-enginarda-kalintiya-rastlandi-1704450048.webp.webp\" \/>\n\t<meta property=\"og:image:width\" content=\"710\" \/>\n\t<meta property=\"og:image:height\" content=\"370\" \/>\n\t<meta property=\"og:image:type\" content=\"image\/webp\" \/>\n<meta name=\"author\" content=\"admin\" \/>\n<meta name=\"twitter:card\" content=\"summary_large_image\" \/>\n<meta name=\"twitter:label1\" content=\"Yazan:\" \/>\n\t<meta name=\"twitter:data1\" content=\"admin\" \/>\n\t<meta name=\"twitter:label2\" content=\"Tahmini okuma s\u00fcresi\" \/>\n\t<meta name=\"twitter:data2\" content=\"1 dakika\" \/>\n<script type=\"application\/ld+json\" class=\"yoast-schema-graph\">{\"@context\":\"https:\\\/\\\/schema.org\",\"@graph\":[{\"@type\":\"Article\",\"@id\":\"https:\\\/\\\/kibrisdakik.com\\\/?p=25242#article\",\"isPartOf\":{\"@id\":\"https:\\\/\\\/kibrisdakik.com\\\/?p=25242\"},\"author\":{\"name\":\"admin\",\"@id\":\"https:\\\/\\\/kibrisdakik.com\\\/#\\\/schema\\\/person\\\/9cd9d437bbb44f72b73ba127e06d8e79\"},\"headline\":\"\u0130thal \u00fcr\u00fcnlerden \u0131spanak, elma, havu\u00e7ta, yerli \u00fcr\u00fcnlerden biber, p\u0131rasa ve enginarda kal\u0131nt\u0131ya rastland\u0131\",\"datePublished\":\"2024-01-05T10:40:02+00:00\",\"mainEntityOfPage\":{\"@id\":\"https:\\\/\\\/kibrisdakik.com\\\/?p=25242\"},\"wordCount\":260,\"commentCount\":0,\"image\":{\"@id\":\"https:\\\/\\\/kibrisdakik.com\\\/?p=25242#primaryimage\"},\"thumbnailUrl\":\"https:\\\/\\\/kibrisdakik.com\\\/wp-content\\\/uploads\\\/2024\\\/01\\\/ithal-urunlerden-ispanak-elma-havucta-yerli-urunlerden-biber-pirasa-ve-enginarda-kalintiya-rastlandi-1704450048.webp.webp\",\"articleSection\":[\"G\u00fcndem\"],\"inLanguage\":\"tr\",\"potentialAction\":[{\"@type\":\"CommentAction\",\"name\":\"Comment\",\"target\":[\"https:\\\/\\\/kibrisdakik.com\\\/?p=25242#respond\"]}]},{\"@type\":\"WebPage\",\"@id\":\"https:\\\/\\\/kibrisdakik.com\\\/?p=25242\",\"url\":\"https:\\\/\\\/kibrisdakik.com\\\/?p=25242\",\"name\":\"\u0130thal \u00fcr\u00fcnlerden \u0131spanak, elma, havu\u00e7ta, yerli \u00fcr\u00fcnlerden biber, p\u0131rasa ve enginarda kal\u0131nt\u0131ya rastland\u0131 -\",\"isPartOf\":{\"@id\":\"https:\\\/\\\/kibrisdakik.com\\\/#website\"},\"primaryImageOfPage\":{\"@id\":\"https:\\\/\\\/kibrisdakik.com\\\/?p=25242#primaryimage\"},\"image\":{\"@id\":\"https:\\\/\\\/kibrisdakik.com\\\/?p=25242#primaryimage\"},\"thumbnailUrl\":\"https:\\\/\\\/kibrisdakik.com\\\/wp-content\\\/uploads\\\/2024\\\/01\\\/ithal-urunlerden-ispanak-elma-havucta-yerli-urunlerden-biber-pirasa-ve-enginarda-kalintiya-rastlandi-1704450048.webp.webp\",\"datePublished\":\"2024-01-05T10:40:02+00:00\",\"author\":{\"@id\":\"https:\\\/\\\/kibrisdakik.com\\\/#\\\/schema\\\/person\\\/9cd9d437bbb44f72b73ba127e06d8e79\"},\"breadcrumb\":{\"@id\":\"https:\\\/\\\/kibrisdakik.com\\\/?p=25242#breadcrumb\"},\"inLanguage\":\"tr\",\"potentialAction\":[{\"@type\":\"ReadAction\",\"target\":[\"https:\\\/\\\/kibrisdakik.com\\\/?p=25242\"]}]},{\"@type\":\"ImageObject\",\"inLanguage\":\"tr\",\"@id\":\"https:\\\/\\\/kibrisdakik.com\\\/?p=25242#primaryimage\",\"url\":\"https:\\\/\\\/kibrisdakik.com\\\/wp-content\\\/uploads\\\/2024\\\/01\\\/ithal-urunlerden-ispanak-elma-havucta-yerli-urunlerden-biber-pirasa-ve-enginarda-kalintiya-rastlandi-1704450048.webp.webp\",\"contentUrl\":\"https:\\\/\\\/kibrisdakik.com\\\/wp-content\\\/uploads\\\/2024\\\/01\\\/ithal-urunlerden-ispanak-elma-havucta-yerli-urunlerden-biber-pirasa-ve-enginarda-kalintiya-rastlandi-1704450048.webp.webp\",\"width\":710,\"height\":370},{\"@type\":\"BreadcrumbList\",\"@id\":\"https:\\\/\\\/kibrisdakik.com\\\/?p=25242#breadcrumb\",\"itemListElement\":[{\"@type\":\"ListItem\",\"position\":1,\"name\":\"Home\",\"item\":\"https:\\\/\\\/kibrisdakik.com\\\/\"},{\"@type\":\"ListItem\",\"position\":2,\"name\":\"\u0130thal \u00fcr\u00fcnlerden \u0131spanak, elma, havu\u00e7ta, yerli \u00fcr\u00fcnlerden biber, p\u0131rasa ve enginarda kal\u0131nt\u0131ya rastland\u0131\"}]},{\"@type\":\"WebSite\",\"@id\":\"https:\\\/\\\/kibrisdakik.com\\\/#website\",\"url\":\"https:\\\/\\\/kibrisdakik.com\\\/\",\"name\":\"\",\"description\":\"Tam vaktinde haber\",\"potentialAction\":[{\"@type\":\"SearchAction\",\"target\":{\"@type\":\"EntryPoint\",\"urlTemplate\":\"https:\\\/\\\/kibrisdakik.com\\\/?s={search_term_string}\"},\"query-input\":{\"@type\":\"PropertyValueSpecification\",\"valueRequired\":true,\"valueName\":\"search_term_string\"}}],\"inLanguage\":\"tr\"},{\"@type\":\"Person\",\"@id\":\"https:\\\/\\\/kibrisdakik.com\\\/#\\\/schema\\\/person\\\/9cd9d437bbb44f72b73ba127e06d8e79\",\"name\":\"admin\",\"image\":{\"@type\":\"ImageObject\",\"inLanguage\":\"tr\",\"@id\":\"https:\\\/\\\/secure.gravatar.com\\\/avatar\\\/ccc17943b9d660506c869530f897617f7cb1c21a4bf30023f252596d83e1f007?s=96&d=mm&r=g\",\"url\":\"https:\\\/\\\/secure.gravatar.com\\\/avatar\\\/ccc17943b9d660506c869530f897617f7cb1c21a4bf30023f252596d83e1f007?s=96&d=mm&r=g\",\"contentUrl\":\"https:\\\/\\\/secure.gravatar.com\\\/avatar\\\/ccc17943b9d660506c869530f897617f7cb1c21a4bf30023f252596d83e1f007?s=96&d=mm&r=g\",\"caption\":\"admin\"},\"sameAs\":[\"https:\\\/\\\/kibrisdakik.com\"],\"url\":\"https:\\\/\\\/kibrisdakik.com\\\/?author=1\"}]}<\/script>\n<!-- \/ Yoast SEO plugin. -->","yoast_head_json":{"title":"\u0130thal \u00fcr\u00fcnlerden \u0131spanak, elma, havu\u00e7ta, yerli \u00fcr\u00fcnlerden biber, p\u0131rasa ve enginarda kal\u0131nt\u0131ya rastland\u0131 -","robots":{"index":"index","follow":"follow","max-snippet":"max-snippet:-1","max-image-preview":"max-image-preview:large","max-video-preview":"max-video-preview:-1"},"canonical":"https:\/\/kibrisdakik.com\/?p=25242","og_locale":"tr_TR","og_type":"article","og_title":"\u0130thal \u00fcr\u00fcnlerden \u0131spanak, elma, havu\u00e7ta, yerli \u00fcr\u00fcnlerden biber, p\u0131rasa ve enginarda kal\u0131nt\u0131ya rastland\u0131 -","og_description":"&nbsp;Tar\u0131m Dairesi, ithal \u00fcr\u00fcnlerden \u0131spanak, elma, havu\u00e7ta, yerli \u00fcr\u00fcnlerden biber, p\u0131rasa ve enginarda kal\u0131nt\u0131ya rastland\u0131\u011f\u0131n\u0131 a\u00e7\u0131klad\u0131. &nbsp; Tar\u0131m Dairesi, 29 Aral\u0131k 2023 &#8211; 4 Ocak 2024 tarihleri aras\u0131nda ithal ve yerli \u00fcr\u00fcnlerle ilgili g\u0131da denetim sonu\u00e7lar\u0131n\u0131 payla\u015ft\u0131. Buna g\u00f6re, 19 ithal \u00fcr\u00fcn\u00fcnden 16\u2019s\u0131n\u0131n, 30 yerli \u00fcr\u00fcnden 23\u2019\u00fcn\u00fcn temiz oldu\u011fu bildirildi. \u0130thal \u00fcr\u00fcnlerde \u0131spanak, elma, havu\u00e7ta,","og_url":"https:\/\/kibrisdakik.com\/?p=25242","article_published_time":"2024-01-05T10:40:02+00:00","og_image":[{"width":710,"height":370,"url":"https:\/\/kibrisdakik.com\/wp-content\/uploads\/2024\/01\/ithal-urunlerden-ispanak-elma-havucta-yerli-urunlerden-biber-pirasa-ve-enginarda-kalintiya-rastlandi-1704450048.webp.webp","type":"image\/webp"}],"author":"admin","twitter_card":"summary_large_image","twitter_misc":{"Yazan:":"admin","Tahmini okuma s\u00fcresi":"1 dakika"},"schema":{"@context":"https:\/\/schema.org","@graph":[{"@type":"Article","@id":"https:\/\/kibrisdakik.com\/?p=25242#article","isPartOf":{"@id":"https:\/\/kibrisdakik.com\/?p=25242"},"author":{"name":"admin","@id":"https:\/\/kibrisdakik.com\/#\/schema\/person\/9cd9d437bbb44f72b73ba127e06d8e79"},"headline":"\u0130thal \u00fcr\u00fcnlerden \u0131spanak, elma, havu\u00e7ta, yerli \u00fcr\u00fcnlerden biber, p\u0131rasa ve enginarda kal\u0131nt\u0131ya rastland\u0131","datePublished":"2024-01-05T10:40:02+00:00","mainEntityOfPage":{"@id":"https:\/\/kibrisdakik.com\/?p=25242"},"wordCount":260,"commentCount":0,"image":{"@id":"https:\/\/kibrisdakik.com\/?p=25242#primaryimage"},"thumbnailUrl":"https:\/\/kibrisdakik.com\/wp-content\/uploads\/2024\/01\/ithal-urunlerden-ispanak-elma-havucta-yerli-urunlerden-biber-pirasa-ve-enginarda-kalintiya-rastlandi-1704450048.webp.webp","articleSection":["G\u00fcndem"],"inLanguage":"tr","potentialAction":[{"@type":"CommentAction","name":"Comment","target":["https:\/\/kibrisdakik.com\/?p=25242#respond"]}]},{"@type":"WebPage","@id":"https:\/\/kibrisdakik.com\/?p=25242","url":"https:\/\/kibrisdakik.com\/?p=25242","name":"\u0130thal \u00fcr\u00fcnlerden \u0131spanak, elma, havu\u00e7ta, yerli \u00fcr\u00fcnlerden biber, p\u0131rasa ve enginarda kal\u0131nt\u0131ya rastland\u0131 -","isPartOf":{"@id":"https:\/\/kibrisdakik.com\/#website"},"primaryImageOfPage":{"@id":"https:\/\/kibrisdakik.com\/?p=25242#primaryimage"},"image":{"@id":"https:\/\/kibrisdakik.com\/?p=25242#primaryimage"},"thumbnailUrl":"https:\/\/kibrisdakik.com\/wp-content\/uploads\/2024\/01\/ithal-urunlerden-ispanak-elma-havucta-yerli-urunlerden-biber-pirasa-ve-enginarda-kalintiya-rastlandi-1704450048.webp.webp","datePublished":"2024-01-05T10:40:02+00:00","author":{"@id":"https:\/\/kibrisdakik.com\/#\/schema\/person\/9cd9d437bbb44f72b73ba127e06d8e79"},"breadcrumb":{"@id":"https:\/\/kibrisdakik.com\/?p=25242#breadcrumb"},"inLanguage":"tr","potentialAction":[{"@type":"ReadAction","target":["https:\/\/kibrisdakik.com\/?p=25242"]}]},{"@type":"ImageObject","inLanguage":"tr","@id":"https:\/\/kibrisdakik.com\/?p=25242#primaryimage","url":"https:\/\/kibrisdakik.com\/wp-content\/uploads\/2024\/01\/ithal-urunlerden-ispanak-elma-havucta-yerli-urunlerden-biber-pirasa-ve-enginarda-kalintiya-rastlandi-1704450048.webp.webp","contentUrl":"https:\/\/kibrisdakik.com\/wp-content\/uploads\/2024\/01\/ithal-urunlerden-ispanak-elma-havucta-yerli-urunlerden-biber-pirasa-ve-enginarda-kalintiya-rastlandi-1704450048.webp.webp","width":710,"height":370},{"@type":"BreadcrumbList","@id":"https:\/\/kibrisdakik.com\/?p=25242#breadcrumb","itemListElement":[{"@type":"ListItem","position":1,"name":"Home","item":"https:\/\/kibrisdakik.com\/"},{"@type":"ListItem","position":2,"name":"\u0130thal \u00fcr\u00fcnlerden \u0131spanak, elma, havu\u00e7ta, yerli \u00fcr\u00fcnlerden biber, p\u0131rasa ve enginarda kal\u0131nt\u0131ya rastland\u0131"}]},{"@type":"WebSite","@id":"https:\/\/kibrisdakik.com\/#website","url":"https:\/\/kibrisdakik.com\/","name":"","description":"Tam vaktinde haber","potentialAction":[{"@type":"SearchAction","target":{"@type":"EntryPoint","urlTemplate":"https:\/\/kibrisdakik.com\/?s={search_term_string}"},"query-input":{"@type":"PropertyValueSpecification","valueRequired":true,"valueName":"search_term_string"}}],"inLanguage":"tr"},{"@type":"Person","@id":"https:\/\/kibrisdakik.com\/#\/schema\/person\/9cd9d437bbb44f72b73ba127e06d8e79","name":"admin","image":{"@type":"ImageObject","inLanguage":"tr","@id":"https:\/\/secure.gravatar.com\/avatar\/ccc17943b9d660506c869530f897617f7cb1c21a4bf30023f252596d83e1f007?s=96&d=mm&r=g","url":"https:\/\/secure.gravatar.com\/avatar\/ccc17943b9d660506c869530f897617f7cb1c21a4bf30023f252596d83e1f007?s=96&d=mm&r=g","contentUrl":"https:\/\/secure.gravatar.com\/avatar\/ccc17943b9d660506c869530f897617f7cb1c21a4bf30023f252596d83e1f007?s=96&d=mm&r=g","caption":"admin"},"sameAs":["https:\/\/kibrisdakik.com"],"url":"https:\/\/kibrisdakik.com\/?author=1"}]}},"_links":{"self":[{"href":"https:\/\/kibrisdakik.com\/index.php?rest_route=\/wp\/v2\/posts\/25242","targetHints":{"allow":["GET"]}}],"collection":[{"href":"https:\/\/kibrisdakik.com\/index.php?rest_route=\/wp\/v2\/posts"}],"about":[{"href":"https:\/\/kibrisdakik.com\/index.php?rest_route=\/wp\/v2\/types\/post"}],"author":[{"embeddable":true,"href":"https:\/\/kibrisdakik.com\/index.php?rest_route=\/wp\/v2\/users\/1"}],"replies":[{"embeddable":true,"href":"https:\/\/kibrisdakik.com\/index.php?rest_route=%2Fwp%2Fv2%2Fcomments&post=25242"}],"version-history":[{"count":0,"href":"https:\/\/kibrisdakik.com\/index.php?rest_route=\/wp\/v2\/posts\/25242\/revisions"}],"wp:featuredmedia":[{"embeddable":true,"href":"https:\/\/kibrisdakik.com\/index.php?rest_route=\/wp\/v2\/media\/25243"}],"wp:attachment":[{"href":"https:\/\/kibrisdakik.com\/index.php?rest_route=%2Fwp%2Fv2%2Fmedia&parent=25242"}],"wp:term":[{"taxonomy":"category","embeddable":true,"href":"https:\/\/kibrisdakik.com\/index.php?rest_route=%2Fwp%2Fv2%2Fcategories&post=25242"},{"taxonomy":"post_tag","embeddable":true,"href":"https:\/\/kibrisdakik.com\/index.php?rest_route=%2Fwp%2Fv2%2Ftags&post=25242"}],"curies":[{"name":"wp","href":"https:\/\/api.w.org\/{rel}","templated":true}]}}