{"id":25250,"date":"2024-01-05T11:07:46","date_gmt":"2024-01-05T11:07:46","guid":{"rendered":"https:\/\/kibrisdakik.com\/index.php\/2024\/01\/05\/46-donem-yedek-subay-ve-cavus-celbi-ant-icti\/"},"modified":"2024-01-05T11:07:46","modified_gmt":"2024-01-05T11:07:46","slug":"46-donem-yedek-subay-ve-cavus-celbi-ant-icti","status":"publish","type":"post","link":"https:\/\/kibrisdakik.com\/?p=25250","title":{"rendered":"46. D\u00f6nem Yedek Subay ve \u00c7avu\u015f Celbi ant i\u00e7ti"},"content":{"rendered":"<p><img decoding=\"async\" src=\"https:\/\/www.kibristurk.com\/images\/haberler\/2024\/01\/46-donem-yedek-subay-ve-cavus-celbi-ant-icti-1704452486.webp\" \/><\/p>\n<p><span style=\"font-size:12pt\"><span style=\"font-family:Calibri,sans-serif\">E\u011fitim Merkez Komutanl\u0131\u011f\u0131nda yer alan t\u00f6reni, Cumhurba\u015fkan\u0131 Vekili, Meclis Ba\u015fkan\u0131 Zorlu T\u00f6re, G\u00fcvenlik Kuvvetleri Komutan\u0131 T\u00fcmgeneral Osman Ayta\u00e7, Yard\u0131mc\u0131s\u0131 Tu\u011fgeneral Kadir Bayrakl\u0131, Sivil Savunma Te\u015fkilat\u0131 Ba\u015fkan\u0131 Atilla Karaca, Polis Genel M\u00fcd\u00fcr\u00fc Kas\u0131m Kuni, aileler, askeri ve sivil yetkililer izledi.<\/span><\/span><\/p>\n<p>&nbsp;<\/p>\n<p><span style=\"font-size:12pt\"><span style=\"font-family:Calibri,sans-serif\">Cumhurba\u015fkan\u0131 Vekili, Meclis Ba\u015fkan\u0131 Zorlu T\u00f6re\u2019nin celbi selamlamas\u0131yla ba\u015flayan t\u00f6ren, sayg\u0131 duru\u015fu, \u0130stiklal Mar\u015f\u0131 e\u015fli\u011finde bayraklar\u0131n g\u00f6ndere \u00e7ekilmesi, 4. Piyade Alay Sanca\u011f\u0131\u2019n\u0131n tan\u0131t\u0131lmas\u0131 ile devam etti.<\/span><\/span><\/p>\n<p>&nbsp;<\/p>\n<p><span style=\"font-size:12pt\"><span style=\"font-family:Calibri,sans-serif\">T\u00f6ren, ant i\u00e7menin icras\u0131, celp ad\u0131na Aste\u011fmen \u015eevki \u00d6ks\u00fczo\u011fullar\u0131\u2019n\u0131n konu\u015fmas\u0131, \u00c7avu\u015f G\u00f6khan Ta\u015fk\u0131ran\u2019\u0131n \u201cK\u0131br\u0131s T\u00fcrk\u00fc\u2019y\u00fcz\u201d adl\u0131 \u015fiiri okumas\u0131, ya\u015f k\u00fct\u00fcklerine d\u00f6nem plaketlerinin \u00e7ak\u0131lmas\u0131, ba\u015far\u0131l\u0131 olan personele \u00f6d\u00fcllerinin protokol taraf\u0131ndan verilmesi, 4. Piyade Alay Komutan\u0131 Piyade Kurmay Albay \u00d6mer Bulut\u2019un konu\u015fmas\u0131, M\u00fccahitler Mar\u015f\u0131\u2019n\u0131n okunmas\u0131 ve t\u00f6ren ge\u00e7i\u015fiyle tamaland\u0131<\/span><\/span><\/p>\n<p>&nbsp;<\/p>\n<p>&nbsp;<\/p>\n<p>&nbsp;<\/p>\n<p><span style=\"font-size:12pt\"><span style=\"font-family:Calibri,sans-serif\">-\u00d6ks\u00fczo\u011fullar\u0131<\/span><\/span><\/p>\n<p>&nbsp;<\/p>\n<p><span style=\"font-size:12pt\"><span style=\"font-family:Calibri,sans-serif\">Aste\u011fmen \u015eevki \u00d6ks\u00fczo\u011fullar\u0131 celp ad\u0131na yapt\u0131\u011f\u0131 konu\u015fmada, askerlik hizmetinin kutsal bir g\u00f6rev oldu\u011funu belirterek, bu g\u00f6revin \u00fcst\u00fcn cesaret, fedakarl\u0131k, d\u00fcr\u00fcstl\u00fck ve mutlak itaatle yerine getirilmesi gerekti\u011fini ifade etti.<\/span><\/span><\/p>\n<p>&nbsp;<\/p>\n<p><span style=\"font-size:12pt\"><span style=\"font-family:Calibri,sans-serif\">\u00d6ks\u00fczo\u011fullar\u0131, ecdad\u0131n kutsal emanetini devralmaktan b\u00fcy\u00fck bir gurur ve \u015feref duyduklar\u0131n\u0131 vurgulayarak, milletin verece\u011fi g\u00f6revi teredd\u00fcts\u00fcz yerine getireceklerini s\u00f6yledi.<\/span><\/span><\/p>\n<p>&nbsp;<\/p>\n<p><span style=\"font-size:12pt\"><span style=\"font-family:Calibri,sans-serif\">M\u00fccahitlere hitaben \u201cArt\u0131k, bayrak, sancak ve vatan\u0131m\u0131z\u0131n n\u00f6bet s\u0131ras\u0131 bizde\u201d diyen \u00d6ks\u00fczo\u011fullar\u0131, \u00e7a\u011fda\u015f KKTC\u2019nin ba\u011f\u0131ms\u0131zl\u0131\u011f\u0131n\u0131n, egemenli\u011finin y\u0131lmaz bek\u00e7ileri olduklar\u0131n\u0131 kaydetti.<\/span><\/span><\/p>\n<p>&nbsp;<\/p>\n<p><span style=\"font-size:12pt\"><span style=\"font-family:Calibri,sans-serif\">\u00d6ks\u00fczo\u011fullar\u0131, devletin ba\u011f\u0131ms\u0131zl\u0131k ve egemenli\u011finin s\u00fcrd\u00fcr\u00fclemsinde vatani g\u00f6revi&nbsp; azim ve inan\u00e7la yerine getireceklerini s\u00f6zlerine ekledi.<\/span><\/span><\/p>\n<p>&nbsp;<\/p>\n<p>&nbsp;<\/p>\n<p>&nbsp;<\/p>\n<p><span style=\"font-size:12pt\"><span style=\"font-family:Calibri,sans-serif\">-Bulut<\/span><\/span><\/p>\n<p>&nbsp;<\/p>\n<p><span style=\"font-size:12pt\"><span style=\"font-family:Calibri,sans-serif\">4. Piyade Alay Komutan\u0131 Piyade Kurmay Albay \u00d6mer Bulut da, KKTC\u2019nin varl\u0131\u011f\u0131n\u0131 ve b\u00fct\u00fcnl\u00fc\u011f\u00fcn\u00fc devam ettirmesi, K\u0131br\u0131s T\u00fcrk halk\u0131n\u0131n huzur ve g\u00fcven i\u00e7erisinde \u00f6zg\u00fcr ve egemen olarak ya\u015fayabilmesi i\u00e7in vatan savunmas\u0131na kat\u0131lan 46. D\u00f6nem 5. Devre Yedek Subay ile 46. D\u00f6nem 6. Devre \u00c7avu\u015f Celbi gen\u00e7 M\u00fccahitlerin huzurda yemin ettiklerini s\u00f6yledi.<\/span><\/span><\/p>\n<p>&nbsp;<\/p>\n<p><span style=\"font-size:12pt\"><span style=\"font-family:Calibri,sans-serif\">Bulut, \u201cG\u00fcc\u00fcn\u00fc miletinden, cesaret ve maharetini milli hasletlerinden, g\u00fcvenini \u015fanl\u0131 ge\u00e7mi\u015finden, gelece\u011fe y\u00f6nelik hedeflerini ise Atat\u00fcrk ilke ve ink\u0131laplar\u0131ndan alan GKK saflar\u0131na kat\u0131ld\u0131lar\u201d diye devam etti.<\/span><\/span><\/p>\n<p>&nbsp;<\/p>\n<p><span style=\"font-size:12pt\"><span style=\"font-family:Calibri,sans-serif\">Bulut, gen\u00e7 M\u00fccahitlerin \u201cHer T\u00fcrk asker do\u011far\u201d \u00f6zdeyi\u015fini do\u011frulad\u0131klar\u0131n\u0131&nbsp; belirtti.<\/span><\/span><\/p>\n<p>&nbsp;<\/p>\n<p><span style=\"font-size:12pt\"><span style=\"font-family:Calibri,sans-serif\">Bulut, ant i\u00e7me t\u00f6reninin askerlikteki t\u00f6renlerin en kutsal\u0131 oldu\u011funu vurgulayarak, \u201cT\u00fcrk gencinin \u00f6z\u00fcnde var olan g\u00f6reve ba\u011fl\u0131l\u0131k, kanun nizam, \u00f6rf ve adetlere uyman\u0131n, vatan i\u00e7in gerekti\u011finde \u2019\u00f6l\u00fcrsem \u015fehit, kal\u0131rsam gazi olurum\u2019 inanc\u0131n\u0131n sesli bir ifadesidir\u201d dedi.<\/span><\/span><\/p>\n<p>&nbsp;<\/p>\n<p><span style=\"font-size:12pt\"><span style=\"font-family:Calibri,sans-serif\">Bulut, M\u00fccahitlerin ant i\u00e7mede namus s\u00f6z\u00fc verdiklerini hat\u0131rlatarak, \u201cBu g\u00fczel vatana g\u00f6z dikmek isteyenlere 1964&#8217;te ve 1974&#8217;te verdi\u011fimiz gibi bir ders vermeye daima haz\u0131r olacaks\u0131n\u0131z\u201d dedi.<\/span><\/span><\/p>\n","protected":false},"excerpt":{"rendered":"<p>E\u011fitim Merkez Komutanl\u0131\u011f\u0131nda yer alan t\u00f6reni, Cumhurba\u015fkan\u0131 Vekili, Meclis Ba\u015fkan\u0131 Zorlu T\u00f6re, G\u00fcvenlik Kuvvetleri Komutan\u0131 T\u00fcmgeneral Osman Ayta\u00e7, Yard\u0131mc\u0131s\u0131 Tu\u011fgeneral Kadir Bayrakl\u0131, Sivil Savunma Te\u015fkilat\u0131 Ba\u015fkan\u0131 Atilla Karaca, Polis Genel M\u00fcd\u00fcr\u00fc Kas\u0131m Kuni, aileler, askeri ve sivil yetkililer izledi. &nbsp; Cumhurba\u015fkan\u0131 Vekili, Meclis Ba\u015fkan\u0131 Zorlu T\u00f6re\u2019nin celbi selamlamas\u0131yla ba\u015flayan t\u00f6ren, sayg\u0131 duru\u015fu, \u0130stiklal Mar\u015f\u0131 e\u015fli\u011finde<\/p>\n","protected":false},"author":1,"featured_media":25251,"comment_status":"open","ping_status":"open","sticky":false,"template":"","format":"standard","meta":{"footnotes":""},"categories":[86],"tags":[],"class_list":["post-25250","post","type-post","status-publish","format-standard","has-post-thumbnail","hentry","category-turkiye"],"yoast_head":"<!-- This site is optimized with the Yoast SEO plugin v27.4 - https:\/\/yoast.com\/product\/yoast-seo-wordpress\/ -->\n<title>46. D\u00f6nem Yedek Subay ve \u00c7avu\u015f Celbi ant i\u00e7ti -<\/title>\n<meta name=\"robots\" content=\"index, follow, max-snippet:-1, max-image-preview:large, max-video-preview:-1\" \/>\n<link rel=\"canonical\" href=\"https:\/\/kibrisdakik.com\/?p=25250\" \/>\n<meta property=\"og:locale\" content=\"tr_TR\" \/>\n<meta property=\"og:type\" content=\"article\" \/>\n<meta property=\"og:title\" content=\"46. D\u00f6nem Yedek Subay ve \u00c7avu\u015f Celbi ant i\u00e7ti -\" \/>\n<meta property=\"og:description\" content=\"E\u011fitim Merkez Komutanl\u0131\u011f\u0131nda yer alan t\u00f6reni, Cumhurba\u015fkan\u0131 Vekili, Meclis Ba\u015fkan\u0131 Zorlu T\u00f6re, G\u00fcvenlik Kuvvetleri Komutan\u0131 T\u00fcmgeneral Osman Ayta\u00e7, Yard\u0131mc\u0131s\u0131 Tu\u011fgeneral Kadir Bayrakl\u0131, Sivil Savunma Te\u015fkilat\u0131 Ba\u015fkan\u0131 Atilla Karaca, Polis Genel M\u00fcd\u00fcr\u00fc Kas\u0131m Kuni, aileler, askeri ve sivil yetkililer izledi. &nbsp; Cumhurba\u015fkan\u0131 Vekili, Meclis Ba\u015fkan\u0131 Zorlu T\u00f6re\u2019nin celbi selamlamas\u0131yla ba\u015flayan t\u00f6ren, sayg\u0131 duru\u015fu, \u0130stiklal Mar\u015f\u0131 e\u015fli\u011finde\" \/>\n<meta property=\"og:url\" content=\"https:\/\/kibrisdakik.com\/?p=25250\" \/>\n<meta property=\"article:published_time\" content=\"2024-01-05T11:07:46+00:00\" \/>\n<meta property=\"og:image\" content=\"https:\/\/kibrisdakik.com\/wp-content\/uploads\/2024\/01\/46-donem-yedek-subay-ve-cavus-celbi-ant-icti-1704452486.webp.webp\" \/>\n\t<meta property=\"og:image:width\" content=\"710\" \/>\n\t<meta property=\"og:image:height\" content=\"370\" \/>\n\t<meta property=\"og:image:type\" content=\"image\/webp\" \/>\n<meta name=\"author\" content=\"admin\" \/>\n<meta name=\"twitter:card\" content=\"summary_large_image\" \/>\n<meta name=\"twitter:label1\" content=\"Yazan:\" \/>\n\t<meta name=\"twitter:data1\" content=\"admin\" \/>\n\t<meta name=\"twitter:label2\" content=\"Tahmini okuma s\u00fcresi\" \/>\n\t<meta name=\"twitter:data2\" content=\"3 dakika\" \/>\n<script type=\"application\/ld+json\" class=\"yoast-schema-graph\">{\"@context\":\"https:\\\/\\\/schema.org\",\"@graph\":[{\"@type\":\"Article\",\"@id\":\"https:\\\/\\\/kibrisdakik.com\\\/?p=25250#article\",\"isPartOf\":{\"@id\":\"https:\\\/\\\/kibrisdakik.com\\\/?p=25250\"},\"author\":{\"name\":\"admin\",\"@id\":\"https:\\\/\\\/kibrisdakik.com\\\/#\\\/schema\\\/person\\\/9cd9d437bbb44f72b73ba127e06d8e79\"},\"headline\":\"46. D\u00f6nem Yedek Subay ve \u00c7avu\u015f Celbi ant i\u00e7ti\",\"datePublished\":\"2024-01-05T11:07:46+00:00\",\"mainEntityOfPage\":{\"@id\":\"https:\\\/\\\/kibrisdakik.com\\\/?p=25250\"},\"wordCount\":560,\"commentCount\":0,\"image\":{\"@id\":\"https:\\\/\\\/kibrisdakik.com\\\/?p=25250#primaryimage\"},\"thumbnailUrl\":\"https:\\\/\\\/kibrisdakik.com\\\/wp-content\\\/uploads\\\/2024\\\/01\\\/46-donem-yedek-subay-ve-cavus-celbi-ant-icti-1704452486.webp.webp\",\"articleSection\":[\"T\u00fcrkiye\"],\"inLanguage\":\"tr\",\"potentialAction\":[{\"@type\":\"CommentAction\",\"name\":\"Comment\",\"target\":[\"https:\\\/\\\/kibrisdakik.com\\\/?p=25250#respond\"]}]},{\"@type\":\"WebPage\",\"@id\":\"https:\\\/\\\/kibrisdakik.com\\\/?p=25250\",\"url\":\"https:\\\/\\\/kibrisdakik.com\\\/?p=25250\",\"name\":\"46. D\u00f6nem Yedek Subay ve \u00c7avu\u015f Celbi ant i\u00e7ti -\",\"isPartOf\":{\"@id\":\"https:\\\/\\\/kibrisdakik.com\\\/#website\"},\"primaryImageOfPage\":{\"@id\":\"https:\\\/\\\/kibrisdakik.com\\\/?p=25250#primaryimage\"},\"image\":{\"@id\":\"https:\\\/\\\/kibrisdakik.com\\\/?p=25250#primaryimage\"},\"thumbnailUrl\":\"https:\\\/\\\/kibrisdakik.com\\\/wp-content\\\/uploads\\\/2024\\\/01\\\/46-donem-yedek-subay-ve-cavus-celbi-ant-icti-1704452486.webp.webp\",\"datePublished\":\"2024-01-05T11:07:46+00:00\",\"author\":{\"@id\":\"https:\\\/\\\/kibrisdakik.com\\\/#\\\/schema\\\/person\\\/9cd9d437bbb44f72b73ba127e06d8e79\"},\"breadcrumb\":{\"@id\":\"https:\\\/\\\/kibrisdakik.com\\\/?p=25250#breadcrumb\"},\"inLanguage\":\"tr\",\"potentialAction\":[{\"@type\":\"ReadAction\",\"target\":[\"https:\\\/\\\/kibrisdakik.com\\\/?p=25250\"]}]},{\"@type\":\"ImageObject\",\"inLanguage\":\"tr\",\"@id\":\"https:\\\/\\\/kibrisdakik.com\\\/?p=25250#primaryimage\",\"url\":\"https:\\\/\\\/kibrisdakik.com\\\/wp-content\\\/uploads\\\/2024\\\/01\\\/46-donem-yedek-subay-ve-cavus-celbi-ant-icti-1704452486.webp.webp\",\"contentUrl\":\"https:\\\/\\\/kibrisdakik.com\\\/wp-content\\\/uploads\\\/2024\\\/01\\\/46-donem-yedek-subay-ve-cavus-celbi-ant-icti-1704452486.webp.webp\",\"width\":710,\"height\":370},{\"@type\":\"BreadcrumbList\",\"@id\":\"https:\\\/\\\/kibrisdakik.com\\\/?p=25250#breadcrumb\",\"itemListElement\":[{\"@type\":\"ListItem\",\"position\":1,\"name\":\"Home\",\"item\":\"https:\\\/\\\/kibrisdakik.com\\\/\"},{\"@type\":\"ListItem\",\"position\":2,\"name\":\"46. D\u00f6nem Yedek Subay ve \u00c7avu\u015f Celbi ant i\u00e7ti\"}]},{\"@type\":\"WebSite\",\"@id\":\"https:\\\/\\\/kibrisdakik.com\\\/#website\",\"url\":\"https:\\\/\\\/kibrisdakik.com\\\/\",\"name\":\"\",\"description\":\"Tam vaktinde haber\",\"potentialAction\":[{\"@type\":\"SearchAction\",\"target\":{\"@type\":\"EntryPoint\",\"urlTemplate\":\"https:\\\/\\\/kibrisdakik.com\\\/?s={search_term_string}\"},\"query-input\":{\"@type\":\"PropertyValueSpecification\",\"valueRequired\":true,\"valueName\":\"search_term_string\"}}],\"inLanguage\":\"tr\"},{\"@type\":\"Person\",\"@id\":\"https:\\\/\\\/kibrisdakik.com\\\/#\\\/schema\\\/person\\\/9cd9d437bbb44f72b73ba127e06d8e79\",\"name\":\"admin\",\"image\":{\"@type\":\"ImageObject\",\"inLanguage\":\"tr\",\"@id\":\"https:\\\/\\\/secure.gravatar.com\\\/avatar\\\/ccc17943b9d660506c869530f897617f7cb1c21a4bf30023f252596d83e1f007?s=96&d=mm&r=g\",\"url\":\"https:\\\/\\\/secure.gravatar.com\\\/avatar\\\/ccc17943b9d660506c869530f897617f7cb1c21a4bf30023f252596d83e1f007?s=96&d=mm&r=g\",\"contentUrl\":\"https:\\\/\\\/secure.gravatar.com\\\/avatar\\\/ccc17943b9d660506c869530f897617f7cb1c21a4bf30023f252596d83e1f007?s=96&d=mm&r=g\",\"caption\":\"admin\"},\"sameAs\":[\"https:\\\/\\\/kibrisdakik.com\"],\"url\":\"https:\\\/\\\/kibrisdakik.com\\\/?author=1\"}]}<\/script>\n<!-- \/ Yoast SEO plugin. -->","yoast_head_json":{"title":"46. D\u00f6nem Yedek Subay ve \u00c7avu\u015f Celbi ant i\u00e7ti -","robots":{"index":"index","follow":"follow","max-snippet":"max-snippet:-1","max-image-preview":"max-image-preview:large","max-video-preview":"max-video-preview:-1"},"canonical":"https:\/\/kibrisdakik.com\/?p=25250","og_locale":"tr_TR","og_type":"article","og_title":"46. D\u00f6nem Yedek Subay ve \u00c7avu\u015f Celbi ant i\u00e7ti -","og_description":"E\u011fitim Merkez Komutanl\u0131\u011f\u0131nda yer alan t\u00f6reni, Cumhurba\u015fkan\u0131 Vekili, Meclis Ba\u015fkan\u0131 Zorlu T\u00f6re, G\u00fcvenlik Kuvvetleri Komutan\u0131 T\u00fcmgeneral Osman Ayta\u00e7, Yard\u0131mc\u0131s\u0131 Tu\u011fgeneral Kadir Bayrakl\u0131, Sivil Savunma Te\u015fkilat\u0131 Ba\u015fkan\u0131 Atilla Karaca, Polis Genel M\u00fcd\u00fcr\u00fc Kas\u0131m Kuni, aileler, askeri ve sivil yetkililer izledi. &nbsp; Cumhurba\u015fkan\u0131 Vekili, Meclis Ba\u015fkan\u0131 Zorlu T\u00f6re\u2019nin celbi selamlamas\u0131yla ba\u015flayan t\u00f6ren, sayg\u0131 duru\u015fu, \u0130stiklal Mar\u015f\u0131 e\u015fli\u011finde","og_url":"https:\/\/kibrisdakik.com\/?p=25250","article_published_time":"2024-01-05T11:07:46+00:00","og_image":[{"width":710,"height":370,"url":"https:\/\/kibrisdakik.com\/wp-content\/uploads\/2024\/01\/46-donem-yedek-subay-ve-cavus-celbi-ant-icti-1704452486.webp.webp","type":"image\/webp"}],"author":"admin","twitter_card":"summary_large_image","twitter_misc":{"Yazan:":"admin","Tahmini okuma s\u00fcresi":"3 dakika"},"schema":{"@context":"https:\/\/schema.org","@graph":[{"@type":"Article","@id":"https:\/\/kibrisdakik.com\/?p=25250#article","isPartOf":{"@id":"https:\/\/kibrisdakik.com\/?p=25250"},"author":{"name":"admin","@id":"https:\/\/kibrisdakik.com\/#\/schema\/person\/9cd9d437bbb44f72b73ba127e06d8e79"},"headline":"46. D\u00f6nem Yedek Subay ve \u00c7avu\u015f Celbi ant i\u00e7ti","datePublished":"2024-01-05T11:07:46+00:00","mainEntityOfPage":{"@id":"https:\/\/kibrisdakik.com\/?p=25250"},"wordCount":560,"commentCount":0,"image":{"@id":"https:\/\/kibrisdakik.com\/?p=25250#primaryimage"},"thumbnailUrl":"https:\/\/kibrisdakik.com\/wp-content\/uploads\/2024\/01\/46-donem-yedek-subay-ve-cavus-celbi-ant-icti-1704452486.webp.webp","articleSection":["T\u00fcrkiye"],"inLanguage":"tr","potentialAction":[{"@type":"CommentAction","name":"Comment","target":["https:\/\/kibrisdakik.com\/?p=25250#respond"]}]},{"@type":"WebPage","@id":"https:\/\/kibrisdakik.com\/?p=25250","url":"https:\/\/kibrisdakik.com\/?p=25250","name":"46. D\u00f6nem Yedek Subay ve \u00c7avu\u015f Celbi ant i\u00e7ti -","isPartOf":{"@id":"https:\/\/kibrisdakik.com\/#website"},"primaryImageOfPage":{"@id":"https:\/\/kibrisdakik.com\/?p=25250#primaryimage"},"image":{"@id":"https:\/\/kibrisdakik.com\/?p=25250#primaryimage"},"thumbnailUrl":"https:\/\/kibrisdakik.com\/wp-content\/uploads\/2024\/01\/46-donem-yedek-subay-ve-cavus-celbi-ant-icti-1704452486.webp.webp","datePublished":"2024-01-05T11:07:46+00:00","author":{"@id":"https:\/\/kibrisdakik.com\/#\/schema\/person\/9cd9d437bbb44f72b73ba127e06d8e79"},"breadcrumb":{"@id":"https:\/\/kibrisdakik.com\/?p=25250#breadcrumb"},"inLanguage":"tr","potentialAction":[{"@type":"ReadAction","target":["https:\/\/kibrisdakik.com\/?p=25250"]}]},{"@type":"ImageObject","inLanguage":"tr","@id":"https:\/\/kibrisdakik.com\/?p=25250#primaryimage","url":"https:\/\/kibrisdakik.com\/wp-content\/uploads\/2024\/01\/46-donem-yedek-subay-ve-cavus-celbi-ant-icti-1704452486.webp.webp","contentUrl":"https:\/\/kibrisdakik.com\/wp-content\/uploads\/2024\/01\/46-donem-yedek-subay-ve-cavus-celbi-ant-icti-1704452486.webp.webp","width":710,"height":370},{"@type":"BreadcrumbList","@id":"https:\/\/kibrisdakik.com\/?p=25250#breadcrumb","itemListElement":[{"@type":"ListItem","position":1,"name":"Home","item":"https:\/\/kibrisdakik.com\/"},{"@type":"ListItem","position":2,"name":"46. D\u00f6nem Yedek Subay ve \u00c7avu\u015f Celbi ant i\u00e7ti"}]},{"@type":"WebSite","@id":"https:\/\/kibrisdakik.com\/#website","url":"https:\/\/kibrisdakik.com\/","name":"","description":"Tam vaktinde haber","potentialAction":[{"@type":"SearchAction","target":{"@type":"EntryPoint","urlTemplate":"https:\/\/kibrisdakik.com\/?s={search_term_string}"},"query-input":{"@type":"PropertyValueSpecification","valueRequired":true,"valueName":"search_term_string"}}],"inLanguage":"tr"},{"@type":"Person","@id":"https:\/\/kibrisdakik.com\/#\/schema\/person\/9cd9d437bbb44f72b73ba127e06d8e79","name":"admin","image":{"@type":"ImageObject","inLanguage":"tr","@id":"https:\/\/secure.gravatar.com\/avatar\/ccc17943b9d660506c869530f897617f7cb1c21a4bf30023f252596d83e1f007?s=96&d=mm&r=g","url":"https:\/\/secure.gravatar.com\/avatar\/ccc17943b9d660506c869530f897617f7cb1c21a4bf30023f252596d83e1f007?s=96&d=mm&r=g","contentUrl":"https:\/\/secure.gravatar.com\/avatar\/ccc17943b9d660506c869530f897617f7cb1c21a4bf30023f252596d83e1f007?s=96&d=mm&r=g","caption":"admin"},"sameAs":["https:\/\/kibrisdakik.com"],"url":"https:\/\/kibrisdakik.com\/?author=1"}]}},"_links":{"self":[{"href":"https:\/\/kibrisdakik.com\/index.php?rest_route=\/wp\/v2\/posts\/25250","targetHints":{"allow":["GET"]}}],"collection":[{"href":"https:\/\/kibrisdakik.com\/index.php?rest_route=\/wp\/v2\/posts"}],"about":[{"href":"https:\/\/kibrisdakik.com\/index.php?rest_route=\/wp\/v2\/types\/post"}],"author":[{"embeddable":true,"href":"https:\/\/kibrisdakik.com\/index.php?rest_route=\/wp\/v2\/users\/1"}],"replies":[{"embeddable":true,"href":"https:\/\/kibrisdakik.com\/index.php?rest_route=%2Fwp%2Fv2%2Fcomments&post=25250"}],"version-history":[{"count":0,"href":"https:\/\/kibrisdakik.com\/index.php?rest_route=\/wp\/v2\/posts\/25250\/revisions"}],"wp:featuredmedia":[{"embeddable":true,"href":"https:\/\/kibrisdakik.com\/index.php?rest_route=\/wp\/v2\/media\/25251"}],"wp:attachment":[{"href":"https:\/\/kibrisdakik.com\/index.php?rest_route=%2Fwp%2Fv2%2Fmedia&parent=25250"}],"wp:term":[{"taxonomy":"category","embeddable":true,"href":"https:\/\/kibrisdakik.com\/index.php?rest_route=%2Fwp%2Fv2%2Fcategories&post=25250"},{"taxonomy":"post_tag","embeddable":true,"href":"https:\/\/kibrisdakik.com\/index.php?rest_route=%2Fwp%2Fv2%2Ftags&post=25250"}],"curies":[{"name":"wp","href":"https:\/\/api.w.org\/{rel}","templated":true}]}}