{"id":25277,"date":"2024-01-05T14:47:38","date_gmt":"2024-01-05T14:47:38","guid":{"rendered":"https:\/\/kibrisdakik.com\/index.php\/2024\/01\/05\/meclis-komitesi-trafik-hizmetlerinin-planlanmasi-koordinasyonu-ve-denetimi-yasasini-gorustu\/"},"modified":"2024-01-05T14:47:38","modified_gmt":"2024-01-05T14:47:38","slug":"meclis-komitesi-trafik-hizmetlerinin-planlanmasi-koordinasyonu-ve-denetimi-yasasini-gorustu","status":"publish","type":"post","link":"https:\/\/kibrisdakik.com\/?p=25277","title":{"rendered":"Meclis Komitesi, Trafik Hizmetlerinin Planlanmas\u0131, Koordinasyonu ve Denetimi Yasas\u0131n\u0131 g\u00f6r\u00fc\u015ft\u00fc"},"content":{"rendered":"<p><img decoding=\"async\" src=\"https:\/\/www.kibristurk.com\/images\/haberler\/2024\/01\/meclis-komitesi-trafik-hizmetlerinin-planlanmasi-koordinasyonu-ve-denetimi-yasasini-gorustu-1704464712.webp\" \/><\/p>\n<p>Meclis Komitesinde Trafik Hizmetlerinin Planlanmas\u0131, Koordinasyonu ve Denetimi Yasa\u2019s\u0131yla ilgili de\u011fi\u015fiklikler g\u00f6r\u00fc\u015f\u00fclmeye ba\u015fland\u0131.<\/p>\n<p>Cumhuriyet Meclisinden yap\u0131lan a\u00e7\u0131klamada, Cumhuriyet Meclisi, \u0130dari, Kamu ve Sa\u011fl\u0131k \u0130\u015fleri Komitesi, bug\u00fcnk\u00fc toplant\u0131s\u0131nda, Trafik Hizmetlerinin Planlanmas\u0131, Koordinasyonu ve Denetimi (De\u011fi\u015fiklik) Yasa Tasar\u0131s\u0131n\u0131 madde madde g\u00f6r\u00fc\u015fmeye ba\u015flad\u0131. Tasar\u0131 ile ilgili g\u00f6r\u00fc\u015fmeler devam edecek.<\/p>\n<p>Toplant\u0131da, Bay\u0131nd\u0131rl\u0131k ve Ula\u015ft\u0131rma Bakanl\u0131\u011f\u0131, Personel Dairesi, Trafik Dairesi, Polis Genel M\u00fcd\u00fcrl\u00fc\u011f\u00fc, Kuzey K\u0131br\u0131s T\u00fcrk Cumhuriyeti Sigorta ve Reas\u00fcrans \u015eirketler Birli\u011fi, K\u0131br\u0131s T\u00fcrk M\u00fchendis ve Mimar Odalar\u0131 Birli\u011fi, K\u0131br\u0131s T\u00fcrk Trafik Kazalar\u0131n\u0131 \u00d6nleme Derne\u011finden yetkililer g\u00f6r\u00fc\u015flerini sundu.<\/p>\n<p>Komite Ba\u015fkan\u0131, UBP Milletvekili Emrah Ye\u015fil\u0131rmak ba\u015fkanl\u0131\u011f\u0131ndaki toplant\u0131ya, Komite Ba\u015fkan Vekili CTP Milletvekili Filiz Besim, UBP milletvekilleri F\u0131rt\u0131na Karanfil ve Ahmet Sava\u015fan kat\u0131ld\u0131. Komite toplant\u0131s\u0131na ayr\u0131ca CTP Milletvekili Sami \u00d6zuslu da kat\u0131ld\u0131.<\/p>\n","protected":false},"excerpt":{"rendered":"<p>Meclis Komitesinde Trafik Hizmetlerinin Planlanmas\u0131, Koordinasyonu ve Denetimi Yasa\u2019s\u0131yla ilgili de\u011fi\u015fiklikler g\u00f6r\u00fc\u015f\u00fclmeye ba\u015fland\u0131. Cumhuriyet Meclisinden yap\u0131lan a\u00e7\u0131klamada, Cumhuriyet Meclisi, \u0130dari, Kamu ve Sa\u011fl\u0131k \u0130\u015fleri Komitesi, bug\u00fcnk\u00fc toplant\u0131s\u0131nda, Trafik Hizmetlerinin Planlanmas\u0131, Koordinasyonu ve Denetimi (De\u011fi\u015fiklik) Yasa Tasar\u0131s\u0131n\u0131 madde madde g\u00f6r\u00fc\u015fmeye ba\u015flad\u0131. Tasar\u0131 ile ilgili g\u00f6r\u00fc\u015fmeler devam edecek. Toplant\u0131da, Bay\u0131nd\u0131rl\u0131k ve Ula\u015ft\u0131rma Bakanl\u0131\u011f\u0131, Personel Dairesi, Trafik Dairesi,<\/p>\n","protected":false},"author":1,"featured_media":25278,"comment_status":"open","ping_status":"open","sticky":false,"template":"","format":"standard","meta":{"footnotes":""},"categories":[1],"tags":[],"class_list":["post-25277","post","type-post","status-publish","format-standard","has-post-thumbnail","hentry","category-gundem"],"yoast_head":"<!-- This site is optimized with the Yoast SEO plugin v27.4 - https:\/\/yoast.com\/product\/yoast-seo-wordpress\/ -->\n<title>Meclis Komitesi, Trafik Hizmetlerinin Planlanmas\u0131, Koordinasyonu ve Denetimi Yasas\u0131n\u0131 g\u00f6r\u00fc\u015ft\u00fc -<\/title>\n<meta name=\"robots\" content=\"index, follow, max-snippet:-1, max-image-preview:large, max-video-preview:-1\" \/>\n<link rel=\"canonical\" href=\"https:\/\/kibrisdakik.com\/?p=25277\" \/>\n<meta property=\"og:locale\" content=\"tr_TR\" \/>\n<meta property=\"og:type\" content=\"article\" \/>\n<meta property=\"og:title\" content=\"Meclis Komitesi, Trafik Hizmetlerinin Planlanmas\u0131, Koordinasyonu ve Denetimi Yasas\u0131n\u0131 g\u00f6r\u00fc\u015ft\u00fc -\" \/>\n<meta property=\"og:description\" content=\"Meclis Komitesinde Trafik Hizmetlerinin Planlanmas\u0131, Koordinasyonu ve Denetimi Yasa\u2019s\u0131yla ilgili de\u011fi\u015fiklikler g\u00f6r\u00fc\u015f\u00fclmeye ba\u015fland\u0131. Cumhuriyet Meclisinden yap\u0131lan a\u00e7\u0131klamada, Cumhuriyet Meclisi, \u0130dari, Kamu ve Sa\u011fl\u0131k \u0130\u015fleri Komitesi, bug\u00fcnk\u00fc toplant\u0131s\u0131nda, Trafik Hizmetlerinin Planlanmas\u0131, Koordinasyonu ve Denetimi (De\u011fi\u015fiklik) Yasa Tasar\u0131s\u0131n\u0131 madde madde g\u00f6r\u00fc\u015fmeye ba\u015flad\u0131. Tasar\u0131 ile ilgili g\u00f6r\u00fc\u015fmeler devam edecek. Toplant\u0131da, Bay\u0131nd\u0131rl\u0131k ve Ula\u015ft\u0131rma Bakanl\u0131\u011f\u0131, Personel Dairesi, Trafik Dairesi,\" \/>\n<meta property=\"og:url\" content=\"https:\/\/kibrisdakik.com\/?p=25277\" \/>\n<meta property=\"article:published_time\" content=\"2024-01-05T14:47:38+00:00\" \/>\n<meta property=\"og:image\" content=\"https:\/\/kibrisdakik.com\/wp-content\/uploads\/2024\/01\/meclis-komitesi-trafik-hizmetlerinin-planlanmasi-koordinasyonu-ve-denetimi-yasasini-gorustu-1704464712.webp.webp\" \/>\n\t<meta property=\"og:image:width\" content=\"710\" \/>\n\t<meta property=\"og:image:height\" content=\"370\" \/>\n\t<meta property=\"og:image:type\" content=\"image\/webp\" \/>\n<meta name=\"author\" content=\"admin\" \/>\n<meta name=\"twitter:card\" content=\"summary_large_image\" \/>\n<meta name=\"twitter:label1\" content=\"Yazan:\" \/>\n\t<meta name=\"twitter:data1\" content=\"admin\" \/>\n\t<meta name=\"twitter:label2\" content=\"Tahmini okuma s\u00fcresi\" \/>\n\t<meta name=\"twitter:data2\" content=\"1 dakika\" \/>\n<script type=\"application\/ld+json\" class=\"yoast-schema-graph\">{\"@context\":\"https:\\\/\\\/schema.org\",\"@graph\":[{\"@type\":\"Article\",\"@id\":\"https:\\\/\\\/kibrisdakik.com\\\/?p=25277#article\",\"isPartOf\":{\"@id\":\"https:\\\/\\\/kibrisdakik.com\\\/?p=25277\"},\"author\":{\"name\":\"admin\",\"@id\":\"https:\\\/\\\/kibrisdakik.com\\\/#\\\/schema\\\/person\\\/9cd9d437bbb44f72b73ba127e06d8e79\"},\"headline\":\"Meclis Komitesi, Trafik Hizmetlerinin Planlanmas\u0131, Koordinasyonu ve Denetimi Yasas\u0131n\u0131 g\u00f6r\u00fc\u015ft\u00fc\",\"datePublished\":\"2024-01-05T14:47:38+00:00\",\"mainEntityOfPage\":{\"@id\":\"https:\\\/\\\/kibrisdakik.com\\\/?p=25277\"},\"wordCount\":191,\"commentCount\":0,\"image\":{\"@id\":\"https:\\\/\\\/kibrisdakik.com\\\/?p=25277#primaryimage\"},\"thumbnailUrl\":\"https:\\\/\\\/kibrisdakik.com\\\/wp-content\\\/uploads\\\/2024\\\/01\\\/meclis-komitesi-trafik-hizmetlerinin-planlanmasi-koordinasyonu-ve-denetimi-yasasini-gorustu-1704464712.webp.webp\",\"articleSection\":[\"G\u00fcndem\"],\"inLanguage\":\"tr\",\"potentialAction\":[{\"@type\":\"CommentAction\",\"name\":\"Comment\",\"target\":[\"https:\\\/\\\/kibrisdakik.com\\\/?p=25277#respond\"]}]},{\"@type\":\"WebPage\",\"@id\":\"https:\\\/\\\/kibrisdakik.com\\\/?p=25277\",\"url\":\"https:\\\/\\\/kibrisdakik.com\\\/?p=25277\",\"name\":\"Meclis Komitesi, Trafik Hizmetlerinin Planlanmas\u0131, Koordinasyonu ve Denetimi Yasas\u0131n\u0131 g\u00f6r\u00fc\u015ft\u00fc -\",\"isPartOf\":{\"@id\":\"https:\\\/\\\/kibrisdakik.com\\\/#website\"},\"primaryImageOfPage\":{\"@id\":\"https:\\\/\\\/kibrisdakik.com\\\/?p=25277#primaryimage\"},\"image\":{\"@id\":\"https:\\\/\\\/kibrisdakik.com\\\/?p=25277#primaryimage\"},\"thumbnailUrl\":\"https:\\\/\\\/kibrisdakik.com\\\/wp-content\\\/uploads\\\/2024\\\/01\\\/meclis-komitesi-trafik-hizmetlerinin-planlanmasi-koordinasyonu-ve-denetimi-yasasini-gorustu-1704464712.webp.webp\",\"datePublished\":\"2024-01-05T14:47:38+00:00\",\"author\":{\"@id\":\"https:\\\/\\\/kibrisdakik.com\\\/#\\\/schema\\\/person\\\/9cd9d437bbb44f72b73ba127e06d8e79\"},\"breadcrumb\":{\"@id\":\"https:\\\/\\\/kibrisdakik.com\\\/?p=25277#breadcrumb\"},\"inLanguage\":\"tr\",\"potentialAction\":[{\"@type\":\"ReadAction\",\"target\":[\"https:\\\/\\\/kibrisdakik.com\\\/?p=25277\"]}]},{\"@type\":\"ImageObject\",\"inLanguage\":\"tr\",\"@id\":\"https:\\\/\\\/kibrisdakik.com\\\/?p=25277#primaryimage\",\"url\":\"https:\\\/\\\/kibrisdakik.com\\\/wp-content\\\/uploads\\\/2024\\\/01\\\/meclis-komitesi-trafik-hizmetlerinin-planlanmasi-koordinasyonu-ve-denetimi-yasasini-gorustu-1704464712.webp.webp\",\"contentUrl\":\"https:\\\/\\\/kibrisdakik.com\\\/wp-content\\\/uploads\\\/2024\\\/01\\\/meclis-komitesi-trafik-hizmetlerinin-planlanmasi-koordinasyonu-ve-denetimi-yasasini-gorustu-1704464712.webp.webp\",\"width\":710,\"height\":370},{\"@type\":\"BreadcrumbList\",\"@id\":\"https:\\\/\\\/kibrisdakik.com\\\/?p=25277#breadcrumb\",\"itemListElement\":[{\"@type\":\"ListItem\",\"position\":1,\"name\":\"Home\",\"item\":\"https:\\\/\\\/kibrisdakik.com\\\/\"},{\"@type\":\"ListItem\",\"position\":2,\"name\":\"Meclis Komitesi, Trafik Hizmetlerinin Planlanmas\u0131, Koordinasyonu ve Denetimi Yasas\u0131n\u0131 g\u00f6r\u00fc\u015ft\u00fc\"}]},{\"@type\":\"WebSite\",\"@id\":\"https:\\\/\\\/kibrisdakik.com\\\/#website\",\"url\":\"https:\\\/\\\/kibrisdakik.com\\\/\",\"name\":\"\",\"description\":\"Tam vaktinde haber\",\"potentialAction\":[{\"@type\":\"SearchAction\",\"target\":{\"@type\":\"EntryPoint\",\"urlTemplate\":\"https:\\\/\\\/kibrisdakik.com\\\/?s={search_term_string}\"},\"query-input\":{\"@type\":\"PropertyValueSpecification\",\"valueRequired\":true,\"valueName\":\"search_term_string\"}}],\"inLanguage\":\"tr\"},{\"@type\":\"Person\",\"@id\":\"https:\\\/\\\/kibrisdakik.com\\\/#\\\/schema\\\/person\\\/9cd9d437bbb44f72b73ba127e06d8e79\",\"name\":\"admin\",\"image\":{\"@type\":\"ImageObject\",\"inLanguage\":\"tr\",\"@id\":\"https:\\\/\\\/secure.gravatar.com\\\/avatar\\\/ccc17943b9d660506c869530f897617f7cb1c21a4bf30023f252596d83e1f007?s=96&d=mm&r=g\",\"url\":\"https:\\\/\\\/secure.gravatar.com\\\/avatar\\\/ccc17943b9d660506c869530f897617f7cb1c21a4bf30023f252596d83e1f007?s=96&d=mm&r=g\",\"contentUrl\":\"https:\\\/\\\/secure.gravatar.com\\\/avatar\\\/ccc17943b9d660506c869530f897617f7cb1c21a4bf30023f252596d83e1f007?s=96&d=mm&r=g\",\"caption\":\"admin\"},\"sameAs\":[\"https:\\\/\\\/kibrisdakik.com\"],\"url\":\"https:\\\/\\\/kibrisdakik.com\\\/?author=1\"}]}<\/script>\n<!-- \/ Yoast SEO plugin. -->","yoast_head_json":{"title":"Meclis Komitesi, Trafik Hizmetlerinin Planlanmas\u0131, Koordinasyonu ve Denetimi Yasas\u0131n\u0131 g\u00f6r\u00fc\u015ft\u00fc -","robots":{"index":"index","follow":"follow","max-snippet":"max-snippet:-1","max-image-preview":"max-image-preview:large","max-video-preview":"max-video-preview:-1"},"canonical":"https:\/\/kibrisdakik.com\/?p=25277","og_locale":"tr_TR","og_type":"article","og_title":"Meclis Komitesi, Trafik Hizmetlerinin Planlanmas\u0131, Koordinasyonu ve Denetimi Yasas\u0131n\u0131 g\u00f6r\u00fc\u015ft\u00fc -","og_description":"Meclis Komitesinde Trafik Hizmetlerinin Planlanmas\u0131, Koordinasyonu ve Denetimi Yasa\u2019s\u0131yla ilgili de\u011fi\u015fiklikler g\u00f6r\u00fc\u015f\u00fclmeye ba\u015fland\u0131. Cumhuriyet Meclisinden yap\u0131lan a\u00e7\u0131klamada, Cumhuriyet Meclisi, \u0130dari, Kamu ve Sa\u011fl\u0131k \u0130\u015fleri Komitesi, bug\u00fcnk\u00fc toplant\u0131s\u0131nda, Trafik Hizmetlerinin Planlanmas\u0131, Koordinasyonu ve Denetimi (De\u011fi\u015fiklik) Yasa Tasar\u0131s\u0131n\u0131 madde madde g\u00f6r\u00fc\u015fmeye ba\u015flad\u0131. Tasar\u0131 ile ilgili g\u00f6r\u00fc\u015fmeler devam edecek. Toplant\u0131da, Bay\u0131nd\u0131rl\u0131k ve Ula\u015ft\u0131rma Bakanl\u0131\u011f\u0131, Personel Dairesi, Trafik Dairesi,","og_url":"https:\/\/kibrisdakik.com\/?p=25277","article_published_time":"2024-01-05T14:47:38+00:00","og_image":[{"width":710,"height":370,"url":"https:\/\/kibrisdakik.com\/wp-content\/uploads\/2024\/01\/meclis-komitesi-trafik-hizmetlerinin-planlanmasi-koordinasyonu-ve-denetimi-yasasini-gorustu-1704464712.webp.webp","type":"image\/webp"}],"author":"admin","twitter_card":"summary_large_image","twitter_misc":{"Yazan:":"admin","Tahmini okuma s\u00fcresi":"1 dakika"},"schema":{"@context":"https:\/\/schema.org","@graph":[{"@type":"Article","@id":"https:\/\/kibrisdakik.com\/?p=25277#article","isPartOf":{"@id":"https:\/\/kibrisdakik.com\/?p=25277"},"author":{"name":"admin","@id":"https:\/\/kibrisdakik.com\/#\/schema\/person\/9cd9d437bbb44f72b73ba127e06d8e79"},"headline":"Meclis Komitesi, Trafik Hizmetlerinin Planlanmas\u0131, Koordinasyonu ve Denetimi Yasas\u0131n\u0131 g\u00f6r\u00fc\u015ft\u00fc","datePublished":"2024-01-05T14:47:38+00:00","mainEntityOfPage":{"@id":"https:\/\/kibrisdakik.com\/?p=25277"},"wordCount":191,"commentCount":0,"image":{"@id":"https:\/\/kibrisdakik.com\/?p=25277#primaryimage"},"thumbnailUrl":"https:\/\/kibrisdakik.com\/wp-content\/uploads\/2024\/01\/meclis-komitesi-trafik-hizmetlerinin-planlanmasi-koordinasyonu-ve-denetimi-yasasini-gorustu-1704464712.webp.webp","articleSection":["G\u00fcndem"],"inLanguage":"tr","potentialAction":[{"@type":"CommentAction","name":"Comment","target":["https:\/\/kibrisdakik.com\/?p=25277#respond"]}]},{"@type":"WebPage","@id":"https:\/\/kibrisdakik.com\/?p=25277","url":"https:\/\/kibrisdakik.com\/?p=25277","name":"Meclis Komitesi, Trafik Hizmetlerinin Planlanmas\u0131, Koordinasyonu ve Denetimi Yasas\u0131n\u0131 g\u00f6r\u00fc\u015ft\u00fc -","isPartOf":{"@id":"https:\/\/kibrisdakik.com\/#website"},"primaryImageOfPage":{"@id":"https:\/\/kibrisdakik.com\/?p=25277#primaryimage"},"image":{"@id":"https:\/\/kibrisdakik.com\/?p=25277#primaryimage"},"thumbnailUrl":"https:\/\/kibrisdakik.com\/wp-content\/uploads\/2024\/01\/meclis-komitesi-trafik-hizmetlerinin-planlanmasi-koordinasyonu-ve-denetimi-yasasini-gorustu-1704464712.webp.webp","datePublished":"2024-01-05T14:47:38+00:00","author":{"@id":"https:\/\/kibrisdakik.com\/#\/schema\/person\/9cd9d437bbb44f72b73ba127e06d8e79"},"breadcrumb":{"@id":"https:\/\/kibrisdakik.com\/?p=25277#breadcrumb"},"inLanguage":"tr","potentialAction":[{"@type":"ReadAction","target":["https:\/\/kibrisdakik.com\/?p=25277"]}]},{"@type":"ImageObject","inLanguage":"tr","@id":"https:\/\/kibrisdakik.com\/?p=25277#primaryimage","url":"https:\/\/kibrisdakik.com\/wp-content\/uploads\/2024\/01\/meclis-komitesi-trafik-hizmetlerinin-planlanmasi-koordinasyonu-ve-denetimi-yasasini-gorustu-1704464712.webp.webp","contentUrl":"https:\/\/kibrisdakik.com\/wp-content\/uploads\/2024\/01\/meclis-komitesi-trafik-hizmetlerinin-planlanmasi-koordinasyonu-ve-denetimi-yasasini-gorustu-1704464712.webp.webp","width":710,"height":370},{"@type":"BreadcrumbList","@id":"https:\/\/kibrisdakik.com\/?p=25277#breadcrumb","itemListElement":[{"@type":"ListItem","position":1,"name":"Home","item":"https:\/\/kibrisdakik.com\/"},{"@type":"ListItem","position":2,"name":"Meclis Komitesi, Trafik Hizmetlerinin Planlanmas\u0131, Koordinasyonu ve Denetimi Yasas\u0131n\u0131 g\u00f6r\u00fc\u015ft\u00fc"}]},{"@type":"WebSite","@id":"https:\/\/kibrisdakik.com\/#website","url":"https:\/\/kibrisdakik.com\/","name":"","description":"Tam vaktinde haber","potentialAction":[{"@type":"SearchAction","target":{"@type":"EntryPoint","urlTemplate":"https:\/\/kibrisdakik.com\/?s={search_term_string}"},"query-input":{"@type":"PropertyValueSpecification","valueRequired":true,"valueName":"search_term_string"}}],"inLanguage":"tr"},{"@type":"Person","@id":"https:\/\/kibrisdakik.com\/#\/schema\/person\/9cd9d437bbb44f72b73ba127e06d8e79","name":"admin","image":{"@type":"ImageObject","inLanguage":"tr","@id":"https:\/\/secure.gravatar.com\/avatar\/ccc17943b9d660506c869530f897617f7cb1c21a4bf30023f252596d83e1f007?s=96&d=mm&r=g","url":"https:\/\/secure.gravatar.com\/avatar\/ccc17943b9d660506c869530f897617f7cb1c21a4bf30023f252596d83e1f007?s=96&d=mm&r=g","contentUrl":"https:\/\/secure.gravatar.com\/avatar\/ccc17943b9d660506c869530f897617f7cb1c21a4bf30023f252596d83e1f007?s=96&d=mm&r=g","caption":"admin"},"sameAs":["https:\/\/kibrisdakik.com"],"url":"https:\/\/kibrisdakik.com\/?author=1"}]}},"_links":{"self":[{"href":"https:\/\/kibrisdakik.com\/index.php?rest_route=\/wp\/v2\/posts\/25277","targetHints":{"allow":["GET"]}}],"collection":[{"href":"https:\/\/kibrisdakik.com\/index.php?rest_route=\/wp\/v2\/posts"}],"about":[{"href":"https:\/\/kibrisdakik.com\/index.php?rest_route=\/wp\/v2\/types\/post"}],"author":[{"embeddable":true,"href":"https:\/\/kibrisdakik.com\/index.php?rest_route=\/wp\/v2\/users\/1"}],"replies":[{"embeddable":true,"href":"https:\/\/kibrisdakik.com\/index.php?rest_route=%2Fwp%2Fv2%2Fcomments&post=25277"}],"version-history":[{"count":0,"href":"https:\/\/kibrisdakik.com\/index.php?rest_route=\/wp\/v2\/posts\/25277\/revisions"}],"wp:featuredmedia":[{"embeddable":true,"href":"https:\/\/kibrisdakik.com\/index.php?rest_route=\/wp\/v2\/media\/25278"}],"wp:attachment":[{"href":"https:\/\/kibrisdakik.com\/index.php?rest_route=%2Fwp%2Fv2%2Fmedia&parent=25277"}],"wp:term":[{"taxonomy":"category","embeddable":true,"href":"https:\/\/kibrisdakik.com\/index.php?rest_route=%2Fwp%2Fv2%2Fcategories&post=25277"},{"taxonomy":"post_tag","embeddable":true,"href":"https:\/\/kibrisdakik.com\/index.php?rest_route=%2Fwp%2Fv2%2Ftags&post=25277"}],"curies":[{"name":"wp","href":"https:\/\/api.w.org\/{rel}","templated":true}]}}