{"id":25347,"date":"2024-01-06T08:04:56","date_gmt":"2024-01-06T08:04:56","guid":{"rendered":"https:\/\/kibrisdakik.com\/index.php\/2024\/01\/06\/deprem-illerinde-de-adaylar-netlesti\/"},"modified":"2024-01-06T08:04:56","modified_gmt":"2024-01-06T08:04:56","slug":"deprem-illerinde-de-adaylar-netlesti","status":"publish","type":"post","link":"https:\/\/kibrisdakik.com\/?p=25347","title":{"rendered":"Deprem illerinde de adaylar netle\u015fti"},"content":{"rendered":"<p><img decoding=\"async\" src=\"https:\/\/www.kibristurk.com\/images\/haberler\/2024\/01\/deprem-illerinde-de-adaylar-netlesti-1704527381.webp\" \/><\/p>\n<p>AK Parti\u2019nin, \u0130stanbul, Kocaeli ve Bursa dahil, 28 ilde belediye ba\u015fkan adaylar\u0131 yar\u0131n \u0130stanbul Hali\u00e7 Kongre Merkezinde d\u00fczenlenecek toplant\u0131 ile a\u00e7\u0131klanacak.<\/p>\n<p>AK Parti kulislerinde, 6 \u015eubat depreminin etkiledi\u011fi illerden bir\u00e7o\u011funun aday\u0131n\u0131n b\u00fcy\u00fck oranda netle\u015fti\u011fi konu\u015fuluyor. Kahramanmara\u015f\u2019ta TUSA\u015e Y\u00f6netim Kurulu Ba\u015fkan\u0131 Rafet Bozda\u011fan\u2019\u0131n, Adana\u2019da eski \u0130l Sa\u011fl\u0131k M\u00fcd\u00fcr\u00fc Halil Nacar\u2019\u0131n, Hatay\u2019da \u0130l Ba\u015fkan\u0131 Mehmet \u00d6nt\u00fcrk\u2019\u00fcn, El\u00e2z\u0131\u011f ve Gaziantep\u2019te mevcut ba\u015fkanlar \u015eahin \u015eerifo\u011flullar\u0131 ve Fatma \u015eahin\u2019in aday g\u00f6sterilece\u011fi belirtiliyor.<\/p>\n<p>T\u00fcrkiye Gazetesi&#8217;nden Emrah \u00d6zcan&#8217;\u0131n haberine g\u00f6re;&nbsp; di\u011fer b\u00fcy\u00fck\u015fehirlerin bir\u00e7o\u011funda da aday isimlerinin b\u00fcy\u00fck oranda belirlendi\u011fi ifade ediliyor. Mevcut ba\u015fkanlardan Konya\u2019da U\u011fur \u0130brahim Atalay, Bal\u0131kesir\u2019de Y\u00fccel Y\u0131lmaz ve Denizli\u2019de Osman Zolan ile yola devam edilmesi bekleniyor.<\/p>\n<p>Tekirda\u011f B\u00fcy\u00fck\u015fehir Belediye Ba\u015fkanl\u0131\u011f\u0131\u2019na ise \u015fark\u0131c\u0131 Melek Mosso\u2019ya konser verdirtti\u011fi i\u00e7in parti te\u015fkilat\u0131ndan tepki g\u00f6ren ve g\u00f6revinden istifa eden eski S\u00fcleymanpa\u015fa Belediye Ba\u015fkan\u0131 C\u00fcneyt Y\u00fcksel\u2019in aday g\u00f6sterilece\u011fi iddia ediliyor.<\/p>\n<h3><strong>MU\u011eLA&#8217;DA S\u00dcRPR\u0130Z \u0130S\u0130M<\/strong><\/h3>\n<p>Mu\u011fla\u2019da da adayl\u0131k i\u00e7in s\u00fcrpriz bir ismin ad\u0131 ge\u00e7iyor. Eski CHP Milletvekili Ayd\u0131n Ayayd\u0131n\u2019\u0131n adayl\u0131\u011f\u0131na kesin g\u00f6z\u00fcyle bak\u0131l\u0131yor.<\/p>\n<p>Sakarya B\u00fcy\u00fck\u015fehir Belediye Ba\u015fkanl\u0131\u011f\u0131 i\u00e7in de R\u00fcstem Kele\u015f, Yusuf Alemdar ve R\u0131dvan Duran isimleri konu\u015fuluyor.<\/p>\n<p>\u00c7anakkale i\u00e7in de J\u00fclide \u0130skendero\u011flu ismi konu\u015fuluyor. AK Parti kaynaklar\u0131 baz\u0131 illerde anketlerin devam etti\u011fini, son gelen g\u00fcncel verilere g\u00f6re aday isimlerinin de\u011fi\u015febilece\u011fini belirtiyor.&nbsp;<\/p>\n","protected":false},"excerpt":{"rendered":"<p>AK Parti\u2019nin, \u0130stanbul, Kocaeli ve Bursa dahil, 28 ilde belediye ba\u015fkan adaylar\u0131 yar\u0131n \u0130stanbul Hali\u00e7 Kongre Merkezinde d\u00fczenlenecek toplant\u0131 ile a\u00e7\u0131klanacak. AK Parti kulislerinde, 6 \u015eubat depreminin etkiledi\u011fi illerden bir\u00e7o\u011funun aday\u0131n\u0131n b\u00fcy\u00fck oranda netle\u015fti\u011fi konu\u015fuluyor. Kahramanmara\u015f\u2019ta TUSA\u015e Y\u00f6netim Kurulu Ba\u015fkan\u0131 Rafet Bozda\u011fan\u2019\u0131n, Adana\u2019da eski \u0130l Sa\u011fl\u0131k M\u00fcd\u00fcr\u00fc Halil Nacar\u2019\u0131n, Hatay\u2019da \u0130l Ba\u015fkan\u0131 Mehmet \u00d6nt\u00fcrk\u2019\u00fcn, El\u00e2z\u0131\u011f<\/p>\n","protected":false},"author":1,"featured_media":25348,"comment_status":"open","ping_status":"open","sticky":false,"template":"","format":"standard","meta":{"footnotes":""},"categories":[1],"tags":[],"class_list":["post-25347","post","type-post","status-publish","format-standard","has-post-thumbnail","hentry","category-gundem"],"yoast_head":"<!-- This site is optimized with the Yoast SEO plugin v27.5 - https:\/\/yoast.com\/product\/yoast-seo-wordpress\/ -->\n<title>Deprem illerinde de adaylar netle\u015fti -<\/title>\n<meta name=\"robots\" content=\"index, follow, max-snippet:-1, max-image-preview:large, max-video-preview:-1\" \/>\n<link rel=\"canonical\" href=\"https:\/\/kibrisdakik.com\/?p=25347\" \/>\n<meta property=\"og:locale\" content=\"tr_TR\" \/>\n<meta property=\"og:type\" content=\"article\" \/>\n<meta property=\"og:title\" content=\"Deprem illerinde de adaylar netle\u015fti -\" \/>\n<meta property=\"og:description\" content=\"AK Parti\u2019nin, \u0130stanbul, Kocaeli ve Bursa dahil, 28 ilde belediye ba\u015fkan adaylar\u0131 yar\u0131n \u0130stanbul Hali\u00e7 Kongre Merkezinde d\u00fczenlenecek toplant\u0131 ile a\u00e7\u0131klanacak. AK Parti kulislerinde, 6 \u015eubat depreminin etkiledi\u011fi illerden bir\u00e7o\u011funun aday\u0131n\u0131n b\u00fcy\u00fck oranda netle\u015fti\u011fi konu\u015fuluyor. Kahramanmara\u015f\u2019ta TUSA\u015e Y\u00f6netim Kurulu Ba\u015fkan\u0131 Rafet Bozda\u011fan\u2019\u0131n, Adana\u2019da eski \u0130l Sa\u011fl\u0131k M\u00fcd\u00fcr\u00fc Halil Nacar\u2019\u0131n, Hatay\u2019da \u0130l Ba\u015fkan\u0131 Mehmet \u00d6nt\u00fcrk\u2019\u00fcn, El\u00e2z\u0131\u011f\" \/>\n<meta property=\"og:url\" content=\"https:\/\/kibrisdakik.com\/?p=25347\" \/>\n<meta property=\"article:published_time\" content=\"2024-01-06T08:04:56+00:00\" \/>\n<meta property=\"og:image\" content=\"https:\/\/kibrisdakik.com\/wp-content\/uploads\/2024\/01\/deprem-illerinde-de-adaylar-netlesti-1704527381.webp.webp\" \/>\n\t<meta property=\"og:image:width\" content=\"710\" \/>\n\t<meta property=\"og:image:height\" content=\"370\" \/>\n\t<meta property=\"og:image:type\" content=\"image\/webp\" \/>\n<meta name=\"author\" content=\"admin\" \/>\n<meta name=\"twitter:card\" content=\"summary_large_image\" \/>\n<meta name=\"twitter:label1\" content=\"Yazan:\" \/>\n\t<meta name=\"twitter:data1\" content=\"admin\" \/>\n\t<meta name=\"twitter:label2\" content=\"Tahmini okuma s\u00fcresi\" \/>\n\t<meta name=\"twitter:data2\" content=\"2 dakika\" \/>\n<script type=\"application\/ld+json\" class=\"yoast-schema-graph\">{\"@context\":\"https:\\\/\\\/schema.org\",\"@graph\":[{\"@type\":\"Article\",\"@id\":\"https:\\\/\\\/kibrisdakik.com\\\/?p=25347#article\",\"isPartOf\":{\"@id\":\"https:\\\/\\\/kibrisdakik.com\\\/?p=25347\"},\"author\":{\"name\":\"admin\",\"@id\":\"https:\\\/\\\/kibrisdakik.com\\\/#\\\/schema\\\/person\\\/9cd9d437bbb44f72b73ba127e06d8e79\"},\"headline\":\"Deprem illerinde de adaylar netle\u015fti\",\"datePublished\":\"2024-01-06T08:04:56+00:00\",\"mainEntityOfPage\":{\"@id\":\"https:\\\/\\\/kibrisdakik.com\\\/?p=25347\"},\"wordCount\":311,\"commentCount\":0,\"image\":{\"@id\":\"https:\\\/\\\/kibrisdakik.com\\\/?p=25347#primaryimage\"},\"thumbnailUrl\":\"https:\\\/\\\/kibrisdakik.com\\\/wp-content\\\/uploads\\\/2024\\\/01\\\/deprem-illerinde-de-adaylar-netlesti-1704527381.webp.webp\",\"articleSection\":[\"G\u00fcndem\"],\"inLanguage\":\"tr\",\"potentialAction\":[{\"@type\":\"CommentAction\",\"name\":\"Comment\",\"target\":[\"https:\\\/\\\/kibrisdakik.com\\\/?p=25347#respond\"]}]},{\"@type\":\"WebPage\",\"@id\":\"https:\\\/\\\/kibrisdakik.com\\\/?p=25347\",\"url\":\"https:\\\/\\\/kibrisdakik.com\\\/?p=25347\",\"name\":\"Deprem illerinde de adaylar netle\u015fti -\",\"isPartOf\":{\"@id\":\"https:\\\/\\\/kibrisdakik.com\\\/#website\"},\"primaryImageOfPage\":{\"@id\":\"https:\\\/\\\/kibrisdakik.com\\\/?p=25347#primaryimage\"},\"image\":{\"@id\":\"https:\\\/\\\/kibrisdakik.com\\\/?p=25347#primaryimage\"},\"thumbnailUrl\":\"https:\\\/\\\/kibrisdakik.com\\\/wp-content\\\/uploads\\\/2024\\\/01\\\/deprem-illerinde-de-adaylar-netlesti-1704527381.webp.webp\",\"datePublished\":\"2024-01-06T08:04:56+00:00\",\"author\":{\"@id\":\"https:\\\/\\\/kibrisdakik.com\\\/#\\\/schema\\\/person\\\/9cd9d437bbb44f72b73ba127e06d8e79\"},\"breadcrumb\":{\"@id\":\"https:\\\/\\\/kibrisdakik.com\\\/?p=25347#breadcrumb\"},\"inLanguage\":\"tr\",\"potentialAction\":[{\"@type\":\"ReadAction\",\"target\":[\"https:\\\/\\\/kibrisdakik.com\\\/?p=25347\"]}]},{\"@type\":\"ImageObject\",\"inLanguage\":\"tr\",\"@id\":\"https:\\\/\\\/kibrisdakik.com\\\/?p=25347#primaryimage\",\"url\":\"https:\\\/\\\/kibrisdakik.com\\\/wp-content\\\/uploads\\\/2024\\\/01\\\/deprem-illerinde-de-adaylar-netlesti-1704527381.webp.webp\",\"contentUrl\":\"https:\\\/\\\/kibrisdakik.com\\\/wp-content\\\/uploads\\\/2024\\\/01\\\/deprem-illerinde-de-adaylar-netlesti-1704527381.webp.webp\",\"width\":710,\"height\":370},{\"@type\":\"BreadcrumbList\",\"@id\":\"https:\\\/\\\/kibrisdakik.com\\\/?p=25347#breadcrumb\",\"itemListElement\":[{\"@type\":\"ListItem\",\"position\":1,\"name\":\"Home\",\"item\":\"https:\\\/\\\/kibrisdakik.com\\\/\"},{\"@type\":\"ListItem\",\"position\":2,\"name\":\"Deprem illerinde de adaylar netle\u015fti\"}]},{\"@type\":\"WebSite\",\"@id\":\"https:\\\/\\\/kibrisdakik.com\\\/#website\",\"url\":\"https:\\\/\\\/kibrisdakik.com\\\/\",\"name\":\"\",\"description\":\"Tam vaktinde haber\",\"potentialAction\":[{\"@type\":\"SearchAction\",\"target\":{\"@type\":\"EntryPoint\",\"urlTemplate\":\"https:\\\/\\\/kibrisdakik.com\\\/?s={search_term_string}\"},\"query-input\":{\"@type\":\"PropertyValueSpecification\",\"valueRequired\":true,\"valueName\":\"search_term_string\"}}],\"inLanguage\":\"tr\"},{\"@type\":\"Person\",\"@id\":\"https:\\\/\\\/kibrisdakik.com\\\/#\\\/schema\\\/person\\\/9cd9d437bbb44f72b73ba127e06d8e79\",\"name\":\"admin\",\"image\":{\"@type\":\"ImageObject\",\"inLanguage\":\"tr\",\"@id\":\"https:\\\/\\\/secure.gravatar.com\\\/avatar\\\/ccc17943b9d660506c869530f897617f7cb1c21a4bf30023f252596d83e1f007?s=96&d=mm&r=g\",\"url\":\"https:\\\/\\\/secure.gravatar.com\\\/avatar\\\/ccc17943b9d660506c869530f897617f7cb1c21a4bf30023f252596d83e1f007?s=96&d=mm&r=g\",\"contentUrl\":\"https:\\\/\\\/secure.gravatar.com\\\/avatar\\\/ccc17943b9d660506c869530f897617f7cb1c21a4bf30023f252596d83e1f007?s=96&d=mm&r=g\",\"caption\":\"admin\"},\"sameAs\":[\"https:\\\/\\\/kibrisdakik.com\"],\"url\":\"https:\\\/\\\/kibrisdakik.com\\\/?author=1\"}]}<\/script>\n<!-- \/ Yoast SEO plugin. -->","yoast_head_json":{"title":"Deprem illerinde de adaylar netle\u015fti -","robots":{"index":"index","follow":"follow","max-snippet":"max-snippet:-1","max-image-preview":"max-image-preview:large","max-video-preview":"max-video-preview:-1"},"canonical":"https:\/\/kibrisdakik.com\/?p=25347","og_locale":"tr_TR","og_type":"article","og_title":"Deprem illerinde de adaylar netle\u015fti -","og_description":"AK Parti\u2019nin, \u0130stanbul, Kocaeli ve Bursa dahil, 28 ilde belediye ba\u015fkan adaylar\u0131 yar\u0131n \u0130stanbul Hali\u00e7 Kongre Merkezinde d\u00fczenlenecek toplant\u0131 ile a\u00e7\u0131klanacak. AK Parti kulislerinde, 6 \u015eubat depreminin etkiledi\u011fi illerden bir\u00e7o\u011funun aday\u0131n\u0131n b\u00fcy\u00fck oranda netle\u015fti\u011fi konu\u015fuluyor. Kahramanmara\u015f\u2019ta TUSA\u015e Y\u00f6netim Kurulu Ba\u015fkan\u0131 Rafet Bozda\u011fan\u2019\u0131n, Adana\u2019da eski \u0130l Sa\u011fl\u0131k M\u00fcd\u00fcr\u00fc Halil Nacar\u2019\u0131n, Hatay\u2019da \u0130l Ba\u015fkan\u0131 Mehmet \u00d6nt\u00fcrk\u2019\u00fcn, El\u00e2z\u0131\u011f","og_url":"https:\/\/kibrisdakik.com\/?p=25347","article_published_time":"2024-01-06T08:04:56+00:00","og_image":[{"width":710,"height":370,"url":"https:\/\/kibrisdakik.com\/wp-content\/uploads\/2024\/01\/deprem-illerinde-de-adaylar-netlesti-1704527381.webp.webp","type":"image\/webp"}],"author":"admin","twitter_card":"summary_large_image","twitter_misc":{"Yazan:":"admin","Tahmini okuma s\u00fcresi":"2 dakika"},"schema":{"@context":"https:\/\/schema.org","@graph":[{"@type":"Article","@id":"https:\/\/kibrisdakik.com\/?p=25347#article","isPartOf":{"@id":"https:\/\/kibrisdakik.com\/?p=25347"},"author":{"name":"admin","@id":"https:\/\/kibrisdakik.com\/#\/schema\/person\/9cd9d437bbb44f72b73ba127e06d8e79"},"headline":"Deprem illerinde de adaylar netle\u015fti","datePublished":"2024-01-06T08:04:56+00:00","mainEntityOfPage":{"@id":"https:\/\/kibrisdakik.com\/?p=25347"},"wordCount":311,"commentCount":0,"image":{"@id":"https:\/\/kibrisdakik.com\/?p=25347#primaryimage"},"thumbnailUrl":"https:\/\/kibrisdakik.com\/wp-content\/uploads\/2024\/01\/deprem-illerinde-de-adaylar-netlesti-1704527381.webp.webp","articleSection":["G\u00fcndem"],"inLanguage":"tr","potentialAction":[{"@type":"CommentAction","name":"Comment","target":["https:\/\/kibrisdakik.com\/?p=25347#respond"]}]},{"@type":"WebPage","@id":"https:\/\/kibrisdakik.com\/?p=25347","url":"https:\/\/kibrisdakik.com\/?p=25347","name":"Deprem illerinde de adaylar netle\u015fti -","isPartOf":{"@id":"https:\/\/kibrisdakik.com\/#website"},"primaryImageOfPage":{"@id":"https:\/\/kibrisdakik.com\/?p=25347#primaryimage"},"image":{"@id":"https:\/\/kibrisdakik.com\/?p=25347#primaryimage"},"thumbnailUrl":"https:\/\/kibrisdakik.com\/wp-content\/uploads\/2024\/01\/deprem-illerinde-de-adaylar-netlesti-1704527381.webp.webp","datePublished":"2024-01-06T08:04:56+00:00","author":{"@id":"https:\/\/kibrisdakik.com\/#\/schema\/person\/9cd9d437bbb44f72b73ba127e06d8e79"},"breadcrumb":{"@id":"https:\/\/kibrisdakik.com\/?p=25347#breadcrumb"},"inLanguage":"tr","potentialAction":[{"@type":"ReadAction","target":["https:\/\/kibrisdakik.com\/?p=25347"]}]},{"@type":"ImageObject","inLanguage":"tr","@id":"https:\/\/kibrisdakik.com\/?p=25347#primaryimage","url":"https:\/\/kibrisdakik.com\/wp-content\/uploads\/2024\/01\/deprem-illerinde-de-adaylar-netlesti-1704527381.webp.webp","contentUrl":"https:\/\/kibrisdakik.com\/wp-content\/uploads\/2024\/01\/deprem-illerinde-de-adaylar-netlesti-1704527381.webp.webp","width":710,"height":370},{"@type":"BreadcrumbList","@id":"https:\/\/kibrisdakik.com\/?p=25347#breadcrumb","itemListElement":[{"@type":"ListItem","position":1,"name":"Home","item":"https:\/\/kibrisdakik.com\/"},{"@type":"ListItem","position":2,"name":"Deprem illerinde de adaylar netle\u015fti"}]},{"@type":"WebSite","@id":"https:\/\/kibrisdakik.com\/#website","url":"https:\/\/kibrisdakik.com\/","name":"","description":"Tam vaktinde haber","potentialAction":[{"@type":"SearchAction","target":{"@type":"EntryPoint","urlTemplate":"https:\/\/kibrisdakik.com\/?s={search_term_string}"},"query-input":{"@type":"PropertyValueSpecification","valueRequired":true,"valueName":"search_term_string"}}],"inLanguage":"tr"},{"@type":"Person","@id":"https:\/\/kibrisdakik.com\/#\/schema\/person\/9cd9d437bbb44f72b73ba127e06d8e79","name":"admin","image":{"@type":"ImageObject","inLanguage":"tr","@id":"https:\/\/secure.gravatar.com\/avatar\/ccc17943b9d660506c869530f897617f7cb1c21a4bf30023f252596d83e1f007?s=96&d=mm&r=g","url":"https:\/\/secure.gravatar.com\/avatar\/ccc17943b9d660506c869530f897617f7cb1c21a4bf30023f252596d83e1f007?s=96&d=mm&r=g","contentUrl":"https:\/\/secure.gravatar.com\/avatar\/ccc17943b9d660506c869530f897617f7cb1c21a4bf30023f252596d83e1f007?s=96&d=mm&r=g","caption":"admin"},"sameAs":["https:\/\/kibrisdakik.com"],"url":"https:\/\/kibrisdakik.com\/?author=1"}]}},"_links":{"self":[{"href":"https:\/\/kibrisdakik.com\/index.php?rest_route=\/wp\/v2\/posts\/25347","targetHints":{"allow":["GET"]}}],"collection":[{"href":"https:\/\/kibrisdakik.com\/index.php?rest_route=\/wp\/v2\/posts"}],"about":[{"href":"https:\/\/kibrisdakik.com\/index.php?rest_route=\/wp\/v2\/types\/post"}],"author":[{"embeddable":true,"href":"https:\/\/kibrisdakik.com\/index.php?rest_route=\/wp\/v2\/users\/1"}],"replies":[{"embeddable":true,"href":"https:\/\/kibrisdakik.com\/index.php?rest_route=%2Fwp%2Fv2%2Fcomments&post=25347"}],"version-history":[{"count":0,"href":"https:\/\/kibrisdakik.com\/index.php?rest_route=\/wp\/v2\/posts\/25347\/revisions"}],"wp:featuredmedia":[{"embeddable":true,"href":"https:\/\/kibrisdakik.com\/index.php?rest_route=\/wp\/v2\/media\/25348"}],"wp:attachment":[{"href":"https:\/\/kibrisdakik.com\/index.php?rest_route=%2Fwp%2Fv2%2Fmedia&parent=25347"}],"wp:term":[{"taxonomy":"category","embeddable":true,"href":"https:\/\/kibrisdakik.com\/index.php?rest_route=%2Fwp%2Fv2%2Fcategories&post=25347"},{"taxonomy":"post_tag","embeddable":true,"href":"https:\/\/kibrisdakik.com\/index.php?rest_route=%2Fwp%2Fv2%2Ftags&post=25347"}],"curies":[{"name":"wp","href":"https:\/\/api.w.org\/{rel}","templated":true}]}}