{"id":25349,"date":"2024-01-06T08:06:51","date_gmt":"2024-01-06T08:06:51","guid":{"rendered":"https:\/\/kibrisdakik.com\/index.php\/2024\/01\/06\/cumhuriyet-savcisi-tutuklu-saniklarin-tutukluluk-hallerinin-devamina-karar-verdi\/"},"modified":"2024-01-06T08:06:51","modified_gmt":"2024-01-06T08:06:51","slug":"cumhuriyet-savcisi-tutuklu-saniklarin-tutukluluk-hallerinin-devamina-karar-verdi","status":"publish","type":"post","link":"https:\/\/kibrisdakik.com\/?p=25349","title":{"rendered":"Cumhuriyet Savc\u0131s\u0131, tutuklu san\u0131klar\u0131n tutukluluk hallerinin devam\u0131na karar verdi"},"content":{"rendered":"<p><img decoding=\"async\" src=\"https:\/\/www.kibristurk.com\/images\/haberler\/2024\/01\/cumhuriyet-savcisi-tutuklu-saniklarin-tutukluluk-hallerinin-devamina-karar-verdi-1704527235.webp\" \/><\/p>\n<p style=\"text-align:left\"><span style=\"font-size:16px\"><span style=\"font-family:Merriweather,serif !important\"><span style=\"color:#000000\"><span style=\"background-color:#ffffff\">Ad\u0131yaman 3. A\u011f\u0131r Ceza Mahkemesinde g\u00f6r\u00fc\u015f\u00fclen \u0130sias Otel davas\u0131 bug\u00fcn de devam ediyor.<\/span><\/span><\/span><\/span><\/p>\n<p style=\"text-align:left\">&nbsp;<\/p>\n<p style=\"text-align:left\"><span style=\"font-size:16px\"><span style=\"font-family:Merriweather,serif !important\"><span style=\"color:#000000\"><span style=\"background-color:#ffffff\">T\u00fcrkiye saatiyle bug\u00fcn saat 10.00 s\u0131ralar\u0131nda ba\u015flayan mahkemede ilk olarak Cumhuriyet Savc\u0131s\u0131\u2019n\u0131n m\u00fctalaas\u0131na yer verildi.<\/span><\/span><\/span><\/span><\/p>\n<p style=\"text-align:left\">&nbsp;<\/p>\n<p style=\"text-align:left\"><span style=\"font-size:16px\"><span style=\"font-family:Merriweather,serif !important\"><span style=\"color:#000000\"><span style=\"background-color:#ffffff\">Cumhuriyet Savc\u0131s\u0131 d\u00fcnden beri delil ve talepleri toplad\u0131\u011f\u0131n\u0131 belirterek, m\u00fc\u015fteki avukatlar\u0131n taleplerini de\u011ferlendirdi. Savc\u0131 san\u0131klar\u0131n tutukluluk hallerinin devam\u0131na karar verdi<\/span><\/span><\/span><\/span><\/p>\n<p style=\"text-align:left\"><span style=\"font-size:16px\"><span style=\"font-family:Merriweather,serif !important\"><span style=\"color:#000000\"><span style=\"background-color:#ffffff\">Cumhuriyet savc\u0131s\u0131 tutuksuz san\u0131klar\u0131n ise tutuklanmas\u0131 talebini ret etti.<\/span><\/span><\/span><\/span><\/p>\n<p style=\"text-align:left\"><span style=\"font-size:16px\"><span style=\"font-family:Merriweather,serif !important\"><span style=\"color:#000000\"><span style=\"background-color:#ffffff\">Savc\u0131, san\u0131klar\u0131n mahkeme huzura gelmesi konusunda ise deprem nedeniyle cezaevi bulunmad\u0131\u011f\u0131ndan talebin reddine karar verdi.<\/span><\/span><\/span><\/span><\/p>\n<p style=\"text-align:left\"><span style=\"font-size:16px\"><span style=\"font-family:Merriweather,serif !important\"><span style=\"color:#000000\"><span style=\"background-color:#ffffff\">Cumhuriyet savc\u0131s\u0131, baz\u0131 tan\u0131klar hakk\u0131ndaki su\u00e7 duyurusu talebi mahkemenin takdirine b\u0131rak\u0131ld\u0131.<\/span><\/span><\/span><\/span><\/p>\n","protected":false},"excerpt":{"rendered":"<p>Ad\u0131yaman 3. A\u011f\u0131r Ceza Mahkemesinde g\u00f6r\u00fc\u015f\u00fclen \u0130sias Otel davas\u0131 bug\u00fcn de devam ediyor. &nbsp; T\u00fcrkiye saatiyle bug\u00fcn saat 10.00 s\u0131ralar\u0131nda ba\u015flayan mahkemede ilk olarak Cumhuriyet Savc\u0131s\u0131\u2019n\u0131n m\u00fctalaas\u0131na yer verildi. &nbsp; Cumhuriyet Savc\u0131s\u0131 d\u00fcnden beri delil ve talepleri toplad\u0131\u011f\u0131n\u0131 belirterek, m\u00fc\u015fteki avukatlar\u0131n taleplerini de\u011ferlendirdi. Savc\u0131 san\u0131klar\u0131n tutukluluk hallerinin devam\u0131na karar verdi Cumhuriyet savc\u0131s\u0131 tutuksuz san\u0131klar\u0131n ise<\/p>\n","protected":false},"author":1,"featured_media":25350,"comment_status":"open","ping_status":"open","sticky":false,"template":"","format":"standard","meta":{"footnotes":""},"categories":[1],"tags":[],"class_list":["post-25349","post","type-post","status-publish","format-standard","has-post-thumbnail","hentry","category-gundem"],"yoast_head":"<!-- This site is optimized with the Yoast SEO plugin v27.4 - https:\/\/yoast.com\/product\/yoast-seo-wordpress\/ -->\n<title>Cumhuriyet Savc\u0131s\u0131, tutuklu san\u0131klar\u0131n tutukluluk hallerinin devam\u0131na karar verdi -<\/title>\n<meta name=\"robots\" content=\"index, follow, max-snippet:-1, max-image-preview:large, max-video-preview:-1\" \/>\n<link rel=\"canonical\" href=\"https:\/\/kibrisdakik.com\/?p=25349\" \/>\n<meta property=\"og:locale\" content=\"tr_TR\" \/>\n<meta property=\"og:type\" content=\"article\" \/>\n<meta property=\"og:title\" content=\"Cumhuriyet Savc\u0131s\u0131, tutuklu san\u0131klar\u0131n tutukluluk hallerinin devam\u0131na karar verdi -\" \/>\n<meta property=\"og:description\" content=\"Ad\u0131yaman 3. A\u011f\u0131r Ceza Mahkemesinde g\u00f6r\u00fc\u015f\u00fclen \u0130sias Otel davas\u0131 bug\u00fcn de devam ediyor. &nbsp; T\u00fcrkiye saatiyle bug\u00fcn saat 10.00 s\u0131ralar\u0131nda ba\u015flayan mahkemede ilk olarak Cumhuriyet Savc\u0131s\u0131\u2019n\u0131n m\u00fctalaas\u0131na yer verildi. &nbsp; Cumhuriyet Savc\u0131s\u0131 d\u00fcnden beri delil ve talepleri toplad\u0131\u011f\u0131n\u0131 belirterek, m\u00fc\u015fteki avukatlar\u0131n taleplerini de\u011ferlendirdi. Savc\u0131 san\u0131klar\u0131n tutukluluk hallerinin devam\u0131na karar verdi Cumhuriyet savc\u0131s\u0131 tutuksuz san\u0131klar\u0131n ise\" \/>\n<meta property=\"og:url\" content=\"https:\/\/kibrisdakik.com\/?p=25349\" \/>\n<meta property=\"article:published_time\" content=\"2024-01-06T08:06:51+00:00\" \/>\n<meta property=\"og:image\" content=\"https:\/\/kibrisdakik.com\/wp-content\/uploads\/2024\/01\/cumhuriyet-savcisi-tutuklu-saniklarin-tutukluluk-hallerinin-devamina-karar-verdi-1704527235.webp.webp\" \/>\n\t<meta property=\"og:image:width\" content=\"710\" \/>\n\t<meta property=\"og:image:height\" content=\"370\" \/>\n\t<meta property=\"og:image:type\" content=\"image\/webp\" \/>\n<meta name=\"author\" content=\"admin\" \/>\n<meta name=\"twitter:card\" content=\"summary_large_image\" \/>\n<meta name=\"twitter:label1\" content=\"Yazan:\" \/>\n\t<meta name=\"twitter:data1\" content=\"admin\" \/>\n\t<meta name=\"twitter:label2\" content=\"Tahmini okuma s\u00fcresi\" \/>\n\t<meta name=\"twitter:data2\" content=\"1 dakika\" \/>\n<script type=\"application\/ld+json\" class=\"yoast-schema-graph\">{\"@context\":\"https:\\\/\\\/schema.org\",\"@graph\":[{\"@type\":\"Article\",\"@id\":\"https:\\\/\\\/kibrisdakik.com\\\/?p=25349#article\",\"isPartOf\":{\"@id\":\"https:\\\/\\\/kibrisdakik.com\\\/?p=25349\"},\"author\":{\"name\":\"admin\",\"@id\":\"https:\\\/\\\/kibrisdakik.com\\\/#\\\/schema\\\/person\\\/9cd9d437bbb44f72b73ba127e06d8e79\"},\"headline\":\"Cumhuriyet Savc\u0131s\u0131, tutuklu san\u0131klar\u0131n tutukluluk hallerinin devam\u0131na karar verdi\",\"datePublished\":\"2024-01-06T08:06:51+00:00\",\"mainEntityOfPage\":{\"@id\":\"https:\\\/\\\/kibrisdakik.com\\\/?p=25349\"},\"wordCount\":131,\"commentCount\":0,\"image\":{\"@id\":\"https:\\\/\\\/kibrisdakik.com\\\/?p=25349#primaryimage\"},\"thumbnailUrl\":\"https:\\\/\\\/kibrisdakik.com\\\/wp-content\\\/uploads\\\/2024\\\/01\\\/cumhuriyet-savcisi-tutuklu-saniklarin-tutukluluk-hallerinin-devamina-karar-verdi-1704527235.webp.webp\",\"articleSection\":[\"G\u00fcndem\"],\"inLanguage\":\"tr\",\"potentialAction\":[{\"@type\":\"CommentAction\",\"name\":\"Comment\",\"target\":[\"https:\\\/\\\/kibrisdakik.com\\\/?p=25349#respond\"]}]},{\"@type\":\"WebPage\",\"@id\":\"https:\\\/\\\/kibrisdakik.com\\\/?p=25349\",\"url\":\"https:\\\/\\\/kibrisdakik.com\\\/?p=25349\",\"name\":\"Cumhuriyet Savc\u0131s\u0131, tutuklu san\u0131klar\u0131n tutukluluk hallerinin devam\u0131na karar verdi -\",\"isPartOf\":{\"@id\":\"https:\\\/\\\/kibrisdakik.com\\\/#website\"},\"primaryImageOfPage\":{\"@id\":\"https:\\\/\\\/kibrisdakik.com\\\/?p=25349#primaryimage\"},\"image\":{\"@id\":\"https:\\\/\\\/kibrisdakik.com\\\/?p=25349#primaryimage\"},\"thumbnailUrl\":\"https:\\\/\\\/kibrisdakik.com\\\/wp-content\\\/uploads\\\/2024\\\/01\\\/cumhuriyet-savcisi-tutuklu-saniklarin-tutukluluk-hallerinin-devamina-karar-verdi-1704527235.webp.webp\",\"datePublished\":\"2024-01-06T08:06:51+00:00\",\"author\":{\"@id\":\"https:\\\/\\\/kibrisdakik.com\\\/#\\\/schema\\\/person\\\/9cd9d437bbb44f72b73ba127e06d8e79\"},\"breadcrumb\":{\"@id\":\"https:\\\/\\\/kibrisdakik.com\\\/?p=25349#breadcrumb\"},\"inLanguage\":\"tr\",\"potentialAction\":[{\"@type\":\"ReadAction\",\"target\":[\"https:\\\/\\\/kibrisdakik.com\\\/?p=25349\"]}]},{\"@type\":\"ImageObject\",\"inLanguage\":\"tr\",\"@id\":\"https:\\\/\\\/kibrisdakik.com\\\/?p=25349#primaryimage\",\"url\":\"https:\\\/\\\/kibrisdakik.com\\\/wp-content\\\/uploads\\\/2024\\\/01\\\/cumhuriyet-savcisi-tutuklu-saniklarin-tutukluluk-hallerinin-devamina-karar-verdi-1704527235.webp.webp\",\"contentUrl\":\"https:\\\/\\\/kibrisdakik.com\\\/wp-content\\\/uploads\\\/2024\\\/01\\\/cumhuriyet-savcisi-tutuklu-saniklarin-tutukluluk-hallerinin-devamina-karar-verdi-1704527235.webp.webp\",\"width\":710,\"height\":370},{\"@type\":\"BreadcrumbList\",\"@id\":\"https:\\\/\\\/kibrisdakik.com\\\/?p=25349#breadcrumb\",\"itemListElement\":[{\"@type\":\"ListItem\",\"position\":1,\"name\":\"Home\",\"item\":\"https:\\\/\\\/kibrisdakik.com\\\/\"},{\"@type\":\"ListItem\",\"position\":2,\"name\":\"Cumhuriyet Savc\u0131s\u0131, tutuklu san\u0131klar\u0131n tutukluluk hallerinin devam\u0131na karar verdi\"}]},{\"@type\":\"WebSite\",\"@id\":\"https:\\\/\\\/kibrisdakik.com\\\/#website\",\"url\":\"https:\\\/\\\/kibrisdakik.com\\\/\",\"name\":\"\",\"description\":\"Tam vaktinde haber\",\"potentialAction\":[{\"@type\":\"SearchAction\",\"target\":{\"@type\":\"EntryPoint\",\"urlTemplate\":\"https:\\\/\\\/kibrisdakik.com\\\/?s={search_term_string}\"},\"query-input\":{\"@type\":\"PropertyValueSpecification\",\"valueRequired\":true,\"valueName\":\"search_term_string\"}}],\"inLanguage\":\"tr\"},{\"@type\":\"Person\",\"@id\":\"https:\\\/\\\/kibrisdakik.com\\\/#\\\/schema\\\/person\\\/9cd9d437bbb44f72b73ba127e06d8e79\",\"name\":\"admin\",\"image\":{\"@type\":\"ImageObject\",\"inLanguage\":\"tr\",\"@id\":\"https:\\\/\\\/secure.gravatar.com\\\/avatar\\\/ccc17943b9d660506c869530f897617f7cb1c21a4bf30023f252596d83e1f007?s=96&d=mm&r=g\",\"url\":\"https:\\\/\\\/secure.gravatar.com\\\/avatar\\\/ccc17943b9d660506c869530f897617f7cb1c21a4bf30023f252596d83e1f007?s=96&d=mm&r=g\",\"contentUrl\":\"https:\\\/\\\/secure.gravatar.com\\\/avatar\\\/ccc17943b9d660506c869530f897617f7cb1c21a4bf30023f252596d83e1f007?s=96&d=mm&r=g\",\"caption\":\"admin\"},\"sameAs\":[\"https:\\\/\\\/kibrisdakik.com\"],\"url\":\"https:\\\/\\\/kibrisdakik.com\\\/?author=1\"}]}<\/script>\n<!-- \/ Yoast SEO plugin. -->","yoast_head_json":{"title":"Cumhuriyet Savc\u0131s\u0131, tutuklu san\u0131klar\u0131n tutukluluk hallerinin devam\u0131na karar verdi -","robots":{"index":"index","follow":"follow","max-snippet":"max-snippet:-1","max-image-preview":"max-image-preview:large","max-video-preview":"max-video-preview:-1"},"canonical":"https:\/\/kibrisdakik.com\/?p=25349","og_locale":"tr_TR","og_type":"article","og_title":"Cumhuriyet Savc\u0131s\u0131, tutuklu san\u0131klar\u0131n tutukluluk hallerinin devam\u0131na karar verdi -","og_description":"Ad\u0131yaman 3. A\u011f\u0131r Ceza Mahkemesinde g\u00f6r\u00fc\u015f\u00fclen \u0130sias Otel davas\u0131 bug\u00fcn de devam ediyor. &nbsp; T\u00fcrkiye saatiyle bug\u00fcn saat 10.00 s\u0131ralar\u0131nda ba\u015flayan mahkemede ilk olarak Cumhuriyet Savc\u0131s\u0131\u2019n\u0131n m\u00fctalaas\u0131na yer verildi. &nbsp; Cumhuriyet Savc\u0131s\u0131 d\u00fcnden beri delil ve talepleri toplad\u0131\u011f\u0131n\u0131 belirterek, m\u00fc\u015fteki avukatlar\u0131n taleplerini de\u011ferlendirdi. Savc\u0131 san\u0131klar\u0131n tutukluluk hallerinin devam\u0131na karar verdi Cumhuriyet savc\u0131s\u0131 tutuksuz san\u0131klar\u0131n ise","og_url":"https:\/\/kibrisdakik.com\/?p=25349","article_published_time":"2024-01-06T08:06:51+00:00","og_image":[{"width":710,"height":370,"url":"https:\/\/kibrisdakik.com\/wp-content\/uploads\/2024\/01\/cumhuriyet-savcisi-tutuklu-saniklarin-tutukluluk-hallerinin-devamina-karar-verdi-1704527235.webp.webp","type":"image\/webp"}],"author":"admin","twitter_card":"summary_large_image","twitter_misc":{"Yazan:":"admin","Tahmini okuma s\u00fcresi":"1 dakika"},"schema":{"@context":"https:\/\/schema.org","@graph":[{"@type":"Article","@id":"https:\/\/kibrisdakik.com\/?p=25349#article","isPartOf":{"@id":"https:\/\/kibrisdakik.com\/?p=25349"},"author":{"name":"admin","@id":"https:\/\/kibrisdakik.com\/#\/schema\/person\/9cd9d437bbb44f72b73ba127e06d8e79"},"headline":"Cumhuriyet Savc\u0131s\u0131, tutuklu san\u0131klar\u0131n tutukluluk hallerinin devam\u0131na karar verdi","datePublished":"2024-01-06T08:06:51+00:00","mainEntityOfPage":{"@id":"https:\/\/kibrisdakik.com\/?p=25349"},"wordCount":131,"commentCount":0,"image":{"@id":"https:\/\/kibrisdakik.com\/?p=25349#primaryimage"},"thumbnailUrl":"https:\/\/kibrisdakik.com\/wp-content\/uploads\/2024\/01\/cumhuriyet-savcisi-tutuklu-saniklarin-tutukluluk-hallerinin-devamina-karar-verdi-1704527235.webp.webp","articleSection":["G\u00fcndem"],"inLanguage":"tr","potentialAction":[{"@type":"CommentAction","name":"Comment","target":["https:\/\/kibrisdakik.com\/?p=25349#respond"]}]},{"@type":"WebPage","@id":"https:\/\/kibrisdakik.com\/?p=25349","url":"https:\/\/kibrisdakik.com\/?p=25349","name":"Cumhuriyet Savc\u0131s\u0131, tutuklu san\u0131klar\u0131n tutukluluk hallerinin devam\u0131na karar verdi -","isPartOf":{"@id":"https:\/\/kibrisdakik.com\/#website"},"primaryImageOfPage":{"@id":"https:\/\/kibrisdakik.com\/?p=25349#primaryimage"},"image":{"@id":"https:\/\/kibrisdakik.com\/?p=25349#primaryimage"},"thumbnailUrl":"https:\/\/kibrisdakik.com\/wp-content\/uploads\/2024\/01\/cumhuriyet-savcisi-tutuklu-saniklarin-tutukluluk-hallerinin-devamina-karar-verdi-1704527235.webp.webp","datePublished":"2024-01-06T08:06:51+00:00","author":{"@id":"https:\/\/kibrisdakik.com\/#\/schema\/person\/9cd9d437bbb44f72b73ba127e06d8e79"},"breadcrumb":{"@id":"https:\/\/kibrisdakik.com\/?p=25349#breadcrumb"},"inLanguage":"tr","potentialAction":[{"@type":"ReadAction","target":["https:\/\/kibrisdakik.com\/?p=25349"]}]},{"@type":"ImageObject","inLanguage":"tr","@id":"https:\/\/kibrisdakik.com\/?p=25349#primaryimage","url":"https:\/\/kibrisdakik.com\/wp-content\/uploads\/2024\/01\/cumhuriyet-savcisi-tutuklu-saniklarin-tutukluluk-hallerinin-devamina-karar-verdi-1704527235.webp.webp","contentUrl":"https:\/\/kibrisdakik.com\/wp-content\/uploads\/2024\/01\/cumhuriyet-savcisi-tutuklu-saniklarin-tutukluluk-hallerinin-devamina-karar-verdi-1704527235.webp.webp","width":710,"height":370},{"@type":"BreadcrumbList","@id":"https:\/\/kibrisdakik.com\/?p=25349#breadcrumb","itemListElement":[{"@type":"ListItem","position":1,"name":"Home","item":"https:\/\/kibrisdakik.com\/"},{"@type":"ListItem","position":2,"name":"Cumhuriyet Savc\u0131s\u0131, tutuklu san\u0131klar\u0131n tutukluluk hallerinin devam\u0131na karar verdi"}]},{"@type":"WebSite","@id":"https:\/\/kibrisdakik.com\/#website","url":"https:\/\/kibrisdakik.com\/","name":"","description":"Tam vaktinde haber","potentialAction":[{"@type":"SearchAction","target":{"@type":"EntryPoint","urlTemplate":"https:\/\/kibrisdakik.com\/?s={search_term_string}"},"query-input":{"@type":"PropertyValueSpecification","valueRequired":true,"valueName":"search_term_string"}}],"inLanguage":"tr"},{"@type":"Person","@id":"https:\/\/kibrisdakik.com\/#\/schema\/person\/9cd9d437bbb44f72b73ba127e06d8e79","name":"admin","image":{"@type":"ImageObject","inLanguage":"tr","@id":"https:\/\/secure.gravatar.com\/avatar\/ccc17943b9d660506c869530f897617f7cb1c21a4bf30023f252596d83e1f007?s=96&d=mm&r=g","url":"https:\/\/secure.gravatar.com\/avatar\/ccc17943b9d660506c869530f897617f7cb1c21a4bf30023f252596d83e1f007?s=96&d=mm&r=g","contentUrl":"https:\/\/secure.gravatar.com\/avatar\/ccc17943b9d660506c869530f897617f7cb1c21a4bf30023f252596d83e1f007?s=96&d=mm&r=g","caption":"admin"},"sameAs":["https:\/\/kibrisdakik.com"],"url":"https:\/\/kibrisdakik.com\/?author=1"}]}},"_links":{"self":[{"href":"https:\/\/kibrisdakik.com\/index.php?rest_route=\/wp\/v2\/posts\/25349","targetHints":{"allow":["GET"]}}],"collection":[{"href":"https:\/\/kibrisdakik.com\/index.php?rest_route=\/wp\/v2\/posts"}],"about":[{"href":"https:\/\/kibrisdakik.com\/index.php?rest_route=\/wp\/v2\/types\/post"}],"author":[{"embeddable":true,"href":"https:\/\/kibrisdakik.com\/index.php?rest_route=\/wp\/v2\/users\/1"}],"replies":[{"embeddable":true,"href":"https:\/\/kibrisdakik.com\/index.php?rest_route=%2Fwp%2Fv2%2Fcomments&post=25349"}],"version-history":[{"count":0,"href":"https:\/\/kibrisdakik.com\/index.php?rest_route=\/wp\/v2\/posts\/25349\/revisions"}],"wp:featuredmedia":[{"embeddable":true,"href":"https:\/\/kibrisdakik.com\/index.php?rest_route=\/wp\/v2\/media\/25350"}],"wp:attachment":[{"href":"https:\/\/kibrisdakik.com\/index.php?rest_route=%2Fwp%2Fv2%2Fmedia&parent=25349"}],"wp:term":[{"taxonomy":"category","embeddable":true,"href":"https:\/\/kibrisdakik.com\/index.php?rest_route=%2Fwp%2Fv2%2Fcategories&post=25349"},{"taxonomy":"post_tag","embeddable":true,"href":"https:\/\/kibrisdakik.com\/index.php?rest_route=%2Fwp%2Fv2%2Ftags&post=25349"}],"curies":[{"name":"wp","href":"https:\/\/api.w.org\/{rel}","templated":true}]}}