{"id":25361,"date":"2024-01-06T09:11:41","date_gmt":"2024-01-06T09:11:41","guid":{"rendered":"https:\/\/kibrisdakik.com\/index.php\/2024\/01\/06\/isias-otel-davasinda-karar-bugune-kaldi\/"},"modified":"2024-01-06T09:11:41","modified_gmt":"2024-01-06T09:11:41","slug":"isias-otel-davasinda-karar-bugune-kaldi","status":"publish","type":"post","link":"https:\/\/kibrisdakik.com\/?p=25361","title":{"rendered":"\u0130sias Otel davas\u0131nda karar bug\u00fcne kald\u0131"},"content":{"rendered":"<p><img decoding=\"async\" src=\"https:\/\/www.kibristurk.com\/images\/haberler\/2024\/01\/isias-otel-davasinda-karar-bugune-kaldi-1704525495.webp\" \/><\/p>\n<p style=\"text-align:left\"><span style=\"font-size:16px\"><span style=\"font-family:Merriweather,serif !important\"><span style=\"color:#000000\"><span style=\"background-color:#ffffff\">Ad\u0131yaman 3. A\u011f\u0131r Ceza Mahkemesi\u2019nde d\u00fcn ara karar\u0131 beklenen \u0130sias Otel davas\u0131nda karar bug\u00fcne kald\u0131.<\/span><\/span><\/span><\/span><\/p>\n<p style=\"text-align:left\"><span style=\"font-size:16px\"><span style=\"font-family:Merriweather,serif !important\"><span style=\"color:#000000\"><span style=\"background-color:#ffffff\">D\u00fcn sabah 09.00\u2019da ba\u015flay\u0131p, gece yakla\u015f\u0131k 00.00\u2019ye kadar devam eden uzun soluklu davada taraflar\u0131n yorulmas\u0131 \u00fczerine mahkeme duru\u015fmaya bug\u00fcne kadar ara verdi.<\/span><\/span><\/span><\/span><\/p>\n<p style=\"text-align:left\"><span style=\"font-size:16px\"><span style=\"font-family:Merriweather,serif !important\"><span style=\"color:#000000\"><span style=\"background-color:#ffffff\">Ad\u0131yaman 3. A\u011f\u0131r Ceza Mahkemesi\u2019nde g\u00f6r\u00fc\u015f\u00fclen \u0130sias Otel davas\u0131n\u0131n 4. g\u00fcn\u00fcnde san\u0131k avukatlar\u0131n\u0131n ve savc\u0131l\u0131\u011f\u0131n m\u00fctalaas\u0131 dinlenecek, sonras\u0131nda da ara karar a\u00e7\u0131klanacak.<\/span><\/span><\/span><\/span><\/p>\n<p style=\"text-align:left\"><span style=\"font-size:16px\"><span style=\"font-family:Merriweather,serif !important\"><span style=\"color:#000000\"><span style=\"background-color:#ffffff\">Mahkeme T\u00fcrkiye saatiyle sabah 10.00\u2019da ba\u015flayacak.<\/span><\/span><\/span><\/span><\/p>\n<p style=\"text-align:left\"><span style=\"font-size:16px\"><span style=\"font-family:Merriweather,serif !important\"><span style=\"color:#000000\"><span style=\"background-color:#ffffff\">D\u00fcn 17 tan\u0131\u011f\u0131n dinlendi\u011fi duru\u015fmada, m\u00fc\u015fteki avukatlar\u0131n\u0131n delil ve tan\u0131k de\u011ferlendirmelerine yer verilmi\u015fti.<\/span><\/span><\/span><\/span><\/p>\n<p style=\"text-align:left\"><span style=\"font-size:16px\"><span style=\"font-family:Merriweather,serif !important\"><span style=\"color:#000000\"><span style=\"background-color:#ffffff\">Mahkeme, taraflar\u0131n \u00e7ok yorulmas\u0131 \u00fczerine duru\u015fmaya bug\u00fcne kadar ara vermi\u015fti.<\/span><\/span><\/span><\/span><\/p>\n","protected":false},"excerpt":{"rendered":"<p>Ad\u0131yaman 3. A\u011f\u0131r Ceza Mahkemesi\u2019nde d\u00fcn ara karar\u0131 beklenen \u0130sias Otel davas\u0131nda karar bug\u00fcne kald\u0131. D\u00fcn sabah 09.00\u2019da ba\u015flay\u0131p, gece yakla\u015f\u0131k 00.00\u2019ye kadar devam eden uzun soluklu davada taraflar\u0131n yorulmas\u0131 \u00fczerine mahkeme duru\u015fmaya bug\u00fcne kadar ara verdi. Ad\u0131yaman 3. A\u011f\u0131r Ceza Mahkemesi\u2019nde g\u00f6r\u00fc\u015f\u00fclen \u0130sias Otel davas\u0131n\u0131n 4. g\u00fcn\u00fcnde san\u0131k avukatlar\u0131n\u0131n ve savc\u0131l\u0131\u011f\u0131n m\u00fctalaas\u0131 dinlenecek, sonras\u0131nda<\/p>\n","protected":false},"author":1,"featured_media":25362,"comment_status":"open","ping_status":"open","sticky":false,"template":"","format":"standard","meta":{"footnotes":""},"categories":[85],"tags":[],"class_list":["post-25361","post","type-post","status-publish","format-standard","has-post-thumbnail","hentry","category-spor"],"yoast_head":"<!-- This site is optimized with the Yoast SEO plugin v27.5 - https:\/\/yoast.com\/product\/yoast-seo-wordpress\/ -->\n<title>\u0130sias Otel davas\u0131nda karar bug\u00fcne kald\u0131 -<\/title>\n<meta name=\"robots\" content=\"index, follow, max-snippet:-1, max-image-preview:large, max-video-preview:-1\" \/>\n<link rel=\"canonical\" href=\"https:\/\/kibrisdakik.com\/?p=25361\" \/>\n<meta property=\"og:locale\" content=\"tr_TR\" \/>\n<meta property=\"og:type\" content=\"article\" \/>\n<meta property=\"og:title\" content=\"\u0130sias Otel davas\u0131nda karar bug\u00fcne kald\u0131 -\" \/>\n<meta property=\"og:description\" content=\"Ad\u0131yaman 3. A\u011f\u0131r Ceza Mahkemesi\u2019nde d\u00fcn ara karar\u0131 beklenen \u0130sias Otel davas\u0131nda karar bug\u00fcne kald\u0131. D\u00fcn sabah 09.00\u2019da ba\u015flay\u0131p, gece yakla\u015f\u0131k 00.00\u2019ye kadar devam eden uzun soluklu davada taraflar\u0131n yorulmas\u0131 \u00fczerine mahkeme duru\u015fmaya bug\u00fcne kadar ara verdi. Ad\u0131yaman 3. A\u011f\u0131r Ceza Mahkemesi\u2019nde g\u00f6r\u00fc\u015f\u00fclen \u0130sias Otel davas\u0131n\u0131n 4. g\u00fcn\u00fcnde san\u0131k avukatlar\u0131n\u0131n ve savc\u0131l\u0131\u011f\u0131n m\u00fctalaas\u0131 dinlenecek, sonras\u0131nda\" \/>\n<meta property=\"og:url\" content=\"https:\/\/kibrisdakik.com\/?p=25361\" \/>\n<meta property=\"article:published_time\" content=\"2024-01-06T09:11:41+00:00\" \/>\n<meta property=\"og:image\" content=\"https:\/\/kibrisdakik.com\/wp-content\/uploads\/2024\/01\/isias-otel-davasinda-karar-bugune-kaldi-1704525495.webp.webp\" \/>\n\t<meta property=\"og:image:width\" content=\"710\" \/>\n\t<meta property=\"og:image:height\" content=\"370\" \/>\n\t<meta property=\"og:image:type\" content=\"image\/webp\" \/>\n<meta name=\"author\" content=\"admin\" \/>\n<meta name=\"twitter:card\" content=\"summary_large_image\" \/>\n<meta name=\"twitter:label1\" content=\"Yazan:\" \/>\n\t<meta name=\"twitter:data1\" content=\"admin\" \/>\n\t<meta name=\"twitter:label2\" content=\"Tahmini okuma s\u00fcresi\" \/>\n\t<meta name=\"twitter:data2\" content=\"1 dakika\" \/>\n<script type=\"application\/ld+json\" class=\"yoast-schema-graph\">{\"@context\":\"https:\\\/\\\/schema.org\",\"@graph\":[{\"@type\":\"Article\",\"@id\":\"https:\\\/\\\/kibrisdakik.com\\\/?p=25361#article\",\"isPartOf\":{\"@id\":\"https:\\\/\\\/kibrisdakik.com\\\/?p=25361\"},\"author\":{\"name\":\"admin\",\"@id\":\"https:\\\/\\\/kibrisdakik.com\\\/#\\\/schema\\\/person\\\/9cd9d437bbb44f72b73ba127e06d8e79\"},\"headline\":\"\u0130sias Otel davas\u0131nda karar bug\u00fcne kald\u0131\",\"datePublished\":\"2024-01-06T09:11:41+00:00\",\"mainEntityOfPage\":{\"@id\":\"https:\\\/\\\/kibrisdakik.com\\\/?p=25361\"},\"wordCount\":138,\"commentCount\":0,\"image\":{\"@id\":\"https:\\\/\\\/kibrisdakik.com\\\/?p=25361#primaryimage\"},\"thumbnailUrl\":\"https:\\\/\\\/kibrisdakik.com\\\/wp-content\\\/uploads\\\/2024\\\/01\\\/isias-otel-davasinda-karar-bugune-kaldi-1704525495.webp.webp\",\"articleSection\":[\"Spor\"],\"inLanguage\":\"tr\",\"potentialAction\":[{\"@type\":\"CommentAction\",\"name\":\"Comment\",\"target\":[\"https:\\\/\\\/kibrisdakik.com\\\/?p=25361#respond\"]}]},{\"@type\":\"WebPage\",\"@id\":\"https:\\\/\\\/kibrisdakik.com\\\/?p=25361\",\"url\":\"https:\\\/\\\/kibrisdakik.com\\\/?p=25361\",\"name\":\"\u0130sias Otel davas\u0131nda karar bug\u00fcne kald\u0131 -\",\"isPartOf\":{\"@id\":\"https:\\\/\\\/kibrisdakik.com\\\/#website\"},\"primaryImageOfPage\":{\"@id\":\"https:\\\/\\\/kibrisdakik.com\\\/?p=25361#primaryimage\"},\"image\":{\"@id\":\"https:\\\/\\\/kibrisdakik.com\\\/?p=25361#primaryimage\"},\"thumbnailUrl\":\"https:\\\/\\\/kibrisdakik.com\\\/wp-content\\\/uploads\\\/2024\\\/01\\\/isias-otel-davasinda-karar-bugune-kaldi-1704525495.webp.webp\",\"datePublished\":\"2024-01-06T09:11:41+00:00\",\"author\":{\"@id\":\"https:\\\/\\\/kibrisdakik.com\\\/#\\\/schema\\\/person\\\/9cd9d437bbb44f72b73ba127e06d8e79\"},\"breadcrumb\":{\"@id\":\"https:\\\/\\\/kibrisdakik.com\\\/?p=25361#breadcrumb\"},\"inLanguage\":\"tr\",\"potentialAction\":[{\"@type\":\"ReadAction\",\"target\":[\"https:\\\/\\\/kibrisdakik.com\\\/?p=25361\"]}]},{\"@type\":\"ImageObject\",\"inLanguage\":\"tr\",\"@id\":\"https:\\\/\\\/kibrisdakik.com\\\/?p=25361#primaryimage\",\"url\":\"https:\\\/\\\/kibrisdakik.com\\\/wp-content\\\/uploads\\\/2024\\\/01\\\/isias-otel-davasinda-karar-bugune-kaldi-1704525495.webp.webp\",\"contentUrl\":\"https:\\\/\\\/kibrisdakik.com\\\/wp-content\\\/uploads\\\/2024\\\/01\\\/isias-otel-davasinda-karar-bugune-kaldi-1704525495.webp.webp\",\"width\":710,\"height\":370},{\"@type\":\"BreadcrumbList\",\"@id\":\"https:\\\/\\\/kibrisdakik.com\\\/?p=25361#breadcrumb\",\"itemListElement\":[{\"@type\":\"ListItem\",\"position\":1,\"name\":\"Home\",\"item\":\"https:\\\/\\\/kibrisdakik.com\\\/\"},{\"@type\":\"ListItem\",\"position\":2,\"name\":\"\u0130sias Otel davas\u0131nda karar bug\u00fcne kald\u0131\"}]},{\"@type\":\"WebSite\",\"@id\":\"https:\\\/\\\/kibrisdakik.com\\\/#website\",\"url\":\"https:\\\/\\\/kibrisdakik.com\\\/\",\"name\":\"\",\"description\":\"Tam vaktinde haber\",\"potentialAction\":[{\"@type\":\"SearchAction\",\"target\":{\"@type\":\"EntryPoint\",\"urlTemplate\":\"https:\\\/\\\/kibrisdakik.com\\\/?s={search_term_string}\"},\"query-input\":{\"@type\":\"PropertyValueSpecification\",\"valueRequired\":true,\"valueName\":\"search_term_string\"}}],\"inLanguage\":\"tr\"},{\"@type\":\"Person\",\"@id\":\"https:\\\/\\\/kibrisdakik.com\\\/#\\\/schema\\\/person\\\/9cd9d437bbb44f72b73ba127e06d8e79\",\"name\":\"admin\",\"image\":{\"@type\":\"ImageObject\",\"inLanguage\":\"tr\",\"@id\":\"https:\\\/\\\/secure.gravatar.com\\\/avatar\\\/ccc17943b9d660506c869530f897617f7cb1c21a4bf30023f252596d83e1f007?s=96&d=mm&r=g\",\"url\":\"https:\\\/\\\/secure.gravatar.com\\\/avatar\\\/ccc17943b9d660506c869530f897617f7cb1c21a4bf30023f252596d83e1f007?s=96&d=mm&r=g\",\"contentUrl\":\"https:\\\/\\\/secure.gravatar.com\\\/avatar\\\/ccc17943b9d660506c869530f897617f7cb1c21a4bf30023f252596d83e1f007?s=96&d=mm&r=g\",\"caption\":\"admin\"},\"sameAs\":[\"https:\\\/\\\/kibrisdakik.com\"],\"url\":\"https:\\\/\\\/kibrisdakik.com\\\/?author=1\"}]}<\/script>\n<!-- \/ Yoast SEO plugin. -->","yoast_head_json":{"title":"\u0130sias Otel davas\u0131nda karar bug\u00fcne kald\u0131 -","robots":{"index":"index","follow":"follow","max-snippet":"max-snippet:-1","max-image-preview":"max-image-preview:large","max-video-preview":"max-video-preview:-1"},"canonical":"https:\/\/kibrisdakik.com\/?p=25361","og_locale":"tr_TR","og_type":"article","og_title":"\u0130sias Otel davas\u0131nda karar bug\u00fcne kald\u0131 -","og_description":"Ad\u0131yaman 3. A\u011f\u0131r Ceza Mahkemesi\u2019nde d\u00fcn ara karar\u0131 beklenen \u0130sias Otel davas\u0131nda karar bug\u00fcne kald\u0131. D\u00fcn sabah 09.00\u2019da ba\u015flay\u0131p, gece yakla\u015f\u0131k 00.00\u2019ye kadar devam eden uzun soluklu davada taraflar\u0131n yorulmas\u0131 \u00fczerine mahkeme duru\u015fmaya bug\u00fcne kadar ara verdi. Ad\u0131yaman 3. A\u011f\u0131r Ceza Mahkemesi\u2019nde g\u00f6r\u00fc\u015f\u00fclen \u0130sias Otel davas\u0131n\u0131n 4. g\u00fcn\u00fcnde san\u0131k avukatlar\u0131n\u0131n ve savc\u0131l\u0131\u011f\u0131n m\u00fctalaas\u0131 dinlenecek, sonras\u0131nda","og_url":"https:\/\/kibrisdakik.com\/?p=25361","article_published_time":"2024-01-06T09:11:41+00:00","og_image":[{"width":710,"height":370,"url":"https:\/\/kibrisdakik.com\/wp-content\/uploads\/2024\/01\/isias-otel-davasinda-karar-bugune-kaldi-1704525495.webp.webp","type":"image\/webp"}],"author":"admin","twitter_card":"summary_large_image","twitter_misc":{"Yazan:":"admin","Tahmini okuma s\u00fcresi":"1 dakika"},"schema":{"@context":"https:\/\/schema.org","@graph":[{"@type":"Article","@id":"https:\/\/kibrisdakik.com\/?p=25361#article","isPartOf":{"@id":"https:\/\/kibrisdakik.com\/?p=25361"},"author":{"name":"admin","@id":"https:\/\/kibrisdakik.com\/#\/schema\/person\/9cd9d437bbb44f72b73ba127e06d8e79"},"headline":"\u0130sias Otel davas\u0131nda karar bug\u00fcne kald\u0131","datePublished":"2024-01-06T09:11:41+00:00","mainEntityOfPage":{"@id":"https:\/\/kibrisdakik.com\/?p=25361"},"wordCount":138,"commentCount":0,"image":{"@id":"https:\/\/kibrisdakik.com\/?p=25361#primaryimage"},"thumbnailUrl":"https:\/\/kibrisdakik.com\/wp-content\/uploads\/2024\/01\/isias-otel-davasinda-karar-bugune-kaldi-1704525495.webp.webp","articleSection":["Spor"],"inLanguage":"tr","potentialAction":[{"@type":"CommentAction","name":"Comment","target":["https:\/\/kibrisdakik.com\/?p=25361#respond"]}]},{"@type":"WebPage","@id":"https:\/\/kibrisdakik.com\/?p=25361","url":"https:\/\/kibrisdakik.com\/?p=25361","name":"\u0130sias Otel davas\u0131nda karar bug\u00fcne kald\u0131 -","isPartOf":{"@id":"https:\/\/kibrisdakik.com\/#website"},"primaryImageOfPage":{"@id":"https:\/\/kibrisdakik.com\/?p=25361#primaryimage"},"image":{"@id":"https:\/\/kibrisdakik.com\/?p=25361#primaryimage"},"thumbnailUrl":"https:\/\/kibrisdakik.com\/wp-content\/uploads\/2024\/01\/isias-otel-davasinda-karar-bugune-kaldi-1704525495.webp.webp","datePublished":"2024-01-06T09:11:41+00:00","author":{"@id":"https:\/\/kibrisdakik.com\/#\/schema\/person\/9cd9d437bbb44f72b73ba127e06d8e79"},"breadcrumb":{"@id":"https:\/\/kibrisdakik.com\/?p=25361#breadcrumb"},"inLanguage":"tr","potentialAction":[{"@type":"ReadAction","target":["https:\/\/kibrisdakik.com\/?p=25361"]}]},{"@type":"ImageObject","inLanguage":"tr","@id":"https:\/\/kibrisdakik.com\/?p=25361#primaryimage","url":"https:\/\/kibrisdakik.com\/wp-content\/uploads\/2024\/01\/isias-otel-davasinda-karar-bugune-kaldi-1704525495.webp.webp","contentUrl":"https:\/\/kibrisdakik.com\/wp-content\/uploads\/2024\/01\/isias-otel-davasinda-karar-bugune-kaldi-1704525495.webp.webp","width":710,"height":370},{"@type":"BreadcrumbList","@id":"https:\/\/kibrisdakik.com\/?p=25361#breadcrumb","itemListElement":[{"@type":"ListItem","position":1,"name":"Home","item":"https:\/\/kibrisdakik.com\/"},{"@type":"ListItem","position":2,"name":"\u0130sias Otel davas\u0131nda karar bug\u00fcne kald\u0131"}]},{"@type":"WebSite","@id":"https:\/\/kibrisdakik.com\/#website","url":"https:\/\/kibrisdakik.com\/","name":"","description":"Tam vaktinde haber","potentialAction":[{"@type":"SearchAction","target":{"@type":"EntryPoint","urlTemplate":"https:\/\/kibrisdakik.com\/?s={search_term_string}"},"query-input":{"@type":"PropertyValueSpecification","valueRequired":true,"valueName":"search_term_string"}}],"inLanguage":"tr"},{"@type":"Person","@id":"https:\/\/kibrisdakik.com\/#\/schema\/person\/9cd9d437bbb44f72b73ba127e06d8e79","name":"admin","image":{"@type":"ImageObject","inLanguage":"tr","@id":"https:\/\/secure.gravatar.com\/avatar\/ccc17943b9d660506c869530f897617f7cb1c21a4bf30023f252596d83e1f007?s=96&d=mm&r=g","url":"https:\/\/secure.gravatar.com\/avatar\/ccc17943b9d660506c869530f897617f7cb1c21a4bf30023f252596d83e1f007?s=96&d=mm&r=g","contentUrl":"https:\/\/secure.gravatar.com\/avatar\/ccc17943b9d660506c869530f897617f7cb1c21a4bf30023f252596d83e1f007?s=96&d=mm&r=g","caption":"admin"},"sameAs":["https:\/\/kibrisdakik.com"],"url":"https:\/\/kibrisdakik.com\/?author=1"}]}},"_links":{"self":[{"href":"https:\/\/kibrisdakik.com\/index.php?rest_route=\/wp\/v2\/posts\/25361","targetHints":{"allow":["GET"]}}],"collection":[{"href":"https:\/\/kibrisdakik.com\/index.php?rest_route=\/wp\/v2\/posts"}],"about":[{"href":"https:\/\/kibrisdakik.com\/index.php?rest_route=\/wp\/v2\/types\/post"}],"author":[{"embeddable":true,"href":"https:\/\/kibrisdakik.com\/index.php?rest_route=\/wp\/v2\/users\/1"}],"replies":[{"embeddable":true,"href":"https:\/\/kibrisdakik.com\/index.php?rest_route=%2Fwp%2Fv2%2Fcomments&post=25361"}],"version-history":[{"count":0,"href":"https:\/\/kibrisdakik.com\/index.php?rest_route=\/wp\/v2\/posts\/25361\/revisions"}],"wp:featuredmedia":[{"embeddable":true,"href":"https:\/\/kibrisdakik.com\/index.php?rest_route=\/wp\/v2\/media\/25362"}],"wp:attachment":[{"href":"https:\/\/kibrisdakik.com\/index.php?rest_route=%2Fwp%2Fv2%2Fmedia&parent=25361"}],"wp:term":[{"taxonomy":"category","embeddable":true,"href":"https:\/\/kibrisdakik.com\/index.php?rest_route=%2Fwp%2Fv2%2Fcategories&post=25361"},{"taxonomy":"post_tag","embeddable":true,"href":"https:\/\/kibrisdakik.com\/index.php?rest_route=%2Fwp%2Fv2%2Ftags&post=25361"}],"curies":[{"name":"wp","href":"https:\/\/api.w.org\/{rel}","templated":true}]}}