{"id":25426,"date":"2024-01-06T17:38:48","date_gmt":"2024-01-06T17:38:48","guid":{"rendered":"https:\/\/kibrisdakik.com\/index.php\/2024\/01\/06\/cumhurbaskani-tatar-kktc-dogu-akdenizde-bagimsiz-bir-turk-devleti-olarak-gelismeye-devam-ediyor\/"},"modified":"2024-01-06T17:38:48","modified_gmt":"2024-01-06T17:38:48","slug":"cumhurbaskani-tatar-kktc-dogu-akdenizde-bagimsiz-bir-turk-devleti-olarak-gelismeye-devam-ediyor","status":"publish","type":"post","link":"https:\/\/kibrisdakik.com\/?p=25426","title":{"rendered":"Cumhurba\u015fkan\u0131 Tatar: &quot;KKTC, Do\u011fu Akdeniz\u2019de ba\u011f\u0131ms\u0131z bir T\u00fcrk devleti olarak geli\u015fmeye devam ediyor&quot;"},"content":{"rendered":"<p><img decoding=\"async\" src=\"https:\/\/www.kibristurk.com\/images\/haberler\/2024\/01\/cumhurbaskani-tatar-kktc-dogu-akdenizde-bagimsiz-bir-turk-devleti-olarak-gelismeye-devam-ediyor-1704561380.webp\" \/><\/p>\n<p style=\"text-align:left\"><span style=\"font-size:16px\"><span style=\"font-family:Merriweather,serif !important\"><span style=\"color:#000000\"><span style=\"background-color:#ffffff\">Cumhurba\u015fkan\u0131 Tatar, bu sabah saatlerinde Antalya&#8217;da bas\u0131n mensuplar\u0131 ile bir araya gelerek a\u00e7\u0131klamalarda bulundu.<\/span><\/span><\/span><\/span><\/p>\n<p style=\"text-align:left\"><span style=\"font-size:16px\"><span style=\"font-family:Merriweather,serif !important\"><span style=\"color:#000000\"><span style=\"background-color:#ffffff\">Antalya&#8217;n\u0131n Akdeniz&#8217;deki en ba\u015far\u0131l\u0131 turizm kenti oldu\u011funu belirten Tatar, &#8220;Antalya\u2019n\u0131n tecr\u00fcbesini KKTC ile de payla\u015fmas\u0131 en b\u00fcy\u00fck temenni ve dile\u011fimdir\u201d dedi.<\/span><\/span><\/span><\/span><\/p>\n<p style=\"text-align:left\"><span style=\"font-size:16px\"><span style=\"font-family:Merriweather,serif !important\"><span style=\"color:#000000\"><span style=\"background-color:#ffffff\">-&#8220;KKTC\u2019nin \u00e7ehresinin de\u011fi\u015fmesi i\u00e7in \u00e7al\u0131\u015f\u0131yoruz&#8221;<\/span><\/span><\/span><\/span><\/p>\n<p style=\"text-align:left\"><span style=\"font-size:16px\"><span style=\"font-family:Merriweather,serif !important\"><span style=\"color:#000000\"><span style=\"background-color:#ffffff\">Kuzey K\u0131br\u0131s T\u00fcrk Cumhuriyeti y\u00f6netimi ile T\u00fcrkiye Cumhuriyeti y\u00f6netiminin isti\u015fare i\u00e7erisinde olduklar\u0131n\u0131 belirten Cumhurba\u015fkan\u0131 Tatar, \u201cKKTC\u2019nin \u00e7ehresinin de\u011fi\u015fmesi, do\u011fas\u0131 ve turizme y\u00f6nelik imk\u00e2nlar\u0131n\u0131n artmas\u0131 i\u00e7in ola\u011fan\u00fcst\u00fc bir \u00e7aba i\u00e7erisindeyiz. KKTC\u2019nin de bu b\u00f6lgede bir destinasyon olarak g\u00f6sterilmesi ve tan\u0131t\u0131lmas\u0131n\u0131n \u00f6nemli oldu\u011funu de\u011ferlendiriyorum. Ercan Havaliman\u0131m\u0131za yeni a\u00e7\u0131lan ek terminallerle art\u0131k daha fazla yolcu ve daha fazla turist KKTC\u2019ye ula\u015fabilecek. Bizim temaslar\u0131m\u0131z\u0131n her iki halk\u0131n kayna\u015fmas\u0131 ve ileride yap\u0131lacak olan i\u015f birliklerine zemin olu\u015fturmas\u0131 bak\u0131m\u0131ndan \u00f6nemli buluyorum. T\u00fcm Antalyal\u0131lara, KKTC\u2019den getirdi\u011fim sevgi ve muhabbetleri payla\u015fmak istiyorum.\u201d \u015feklinde konu\u015ftu.<\/span><\/span><\/span><\/span><\/p>\n<p style=\"text-align:left\"><span style=\"font-size:16px\"><span style=\"font-family:Merriweather,serif !important\"><span style=\"color:#000000\"><span style=\"background-color:#ffffff\">Tatar, Ankara&#8217;daki temaslar\u0131n\u0131n ard\u0131ndan Antalya\u2019daki temaslar\u0131n\u0131 da tamamlayarak 14.15&#8217;te yurda d\u00f6nd\u00fc.<\/span><\/span><\/span><\/span><\/p>\n","protected":false},"excerpt":{"rendered":"<p>Cumhurba\u015fkan\u0131 Tatar, bu sabah saatlerinde Antalya&#8217;da bas\u0131n mensuplar\u0131 ile bir araya gelerek a\u00e7\u0131klamalarda bulundu. Antalya&#8217;n\u0131n Akdeniz&#8217;deki en ba\u015far\u0131l\u0131 turizm kenti oldu\u011funu belirten Tatar, &#8220;Antalya\u2019n\u0131n tecr\u00fcbesini KKTC ile de payla\u015fmas\u0131 en b\u00fcy\u00fck temenni ve dile\u011fimdir\u201d dedi. -&#8220;KKTC\u2019nin \u00e7ehresinin de\u011fi\u015fmesi i\u00e7in \u00e7al\u0131\u015f\u0131yoruz&#8221; Kuzey K\u0131br\u0131s T\u00fcrk Cumhuriyeti y\u00f6netimi ile T\u00fcrkiye Cumhuriyeti y\u00f6netiminin isti\u015fare i\u00e7erisinde olduklar\u0131n\u0131 belirten Cumhurba\u015fkan\u0131 Tatar,<\/p>\n","protected":false},"author":1,"featured_media":25427,"comment_status":"open","ping_status":"open","sticky":false,"template":"","format":"standard","meta":{"footnotes":""},"categories":[79],"tags":[],"class_list":["post-25426","post","type-post","status-publish","format-standard","has-post-thumbnail","hentry","category-ekonomi"],"yoast_head":"<!-- This site is optimized with the Yoast SEO plugin v27.4 - https:\/\/yoast.com\/product\/yoast-seo-wordpress\/ -->\n<title>Cumhurba\u015fkan\u0131 Tatar: &quot;KKTC, Do\u011fu Akdeniz\u2019de ba\u011f\u0131ms\u0131z bir T\u00fcrk devleti olarak geli\u015fmeye devam ediyor&quot; -<\/title>\n<meta name=\"robots\" content=\"index, follow, max-snippet:-1, max-image-preview:large, max-video-preview:-1\" \/>\n<link rel=\"canonical\" href=\"https:\/\/kibrisdakik.com\/?p=25426\" \/>\n<meta property=\"og:locale\" content=\"tr_TR\" \/>\n<meta property=\"og:type\" content=\"article\" \/>\n<meta property=\"og:title\" content=\"Cumhurba\u015fkan\u0131 Tatar: &quot;KKTC, Do\u011fu Akdeniz\u2019de ba\u011f\u0131ms\u0131z bir T\u00fcrk devleti olarak geli\u015fmeye devam ediyor&quot; -\" \/>\n<meta property=\"og:description\" content=\"Cumhurba\u015fkan\u0131 Tatar, bu sabah saatlerinde Antalya&#8217;da bas\u0131n mensuplar\u0131 ile bir araya gelerek a\u00e7\u0131klamalarda bulundu. Antalya&#8217;n\u0131n Akdeniz&#8217;deki en ba\u015far\u0131l\u0131 turizm kenti oldu\u011funu belirten Tatar, &#8220;Antalya\u2019n\u0131n tecr\u00fcbesini KKTC ile de payla\u015fmas\u0131 en b\u00fcy\u00fck temenni ve dile\u011fimdir\u201d dedi. -&#8220;KKTC\u2019nin \u00e7ehresinin de\u011fi\u015fmesi i\u00e7in \u00e7al\u0131\u015f\u0131yoruz&#8221; Kuzey K\u0131br\u0131s T\u00fcrk Cumhuriyeti y\u00f6netimi ile T\u00fcrkiye Cumhuriyeti y\u00f6netiminin isti\u015fare i\u00e7erisinde olduklar\u0131n\u0131 belirten Cumhurba\u015fkan\u0131 Tatar,\" \/>\n<meta property=\"og:url\" content=\"https:\/\/kibrisdakik.com\/?p=25426\" \/>\n<meta property=\"article:published_time\" content=\"2024-01-06T17:38:48+00:00\" \/>\n<meta property=\"og:image\" content=\"https:\/\/kibrisdakik.com\/wp-content\/uploads\/2024\/01\/cumhurbaskani-tatar-kktc-dogu-akdenizde-bagimsiz-bir-turk-devleti-olarak-gelismeye-devam-ediyor-1704561380.webp.webp\" \/>\n\t<meta property=\"og:image:width\" content=\"710\" \/>\n\t<meta property=\"og:image:height\" content=\"370\" \/>\n\t<meta property=\"og:image:type\" content=\"image\/webp\" \/>\n<meta name=\"author\" content=\"admin\" \/>\n<meta name=\"twitter:card\" content=\"summary_large_image\" \/>\n<meta name=\"twitter:label1\" content=\"Yazan:\" \/>\n\t<meta name=\"twitter:data1\" content=\"admin\" \/>\n\t<meta name=\"twitter:label2\" content=\"Tahmini okuma s\u00fcresi\" \/>\n\t<meta name=\"twitter:data2\" content=\"1 dakika\" \/>\n<script type=\"application\/ld+json\" class=\"yoast-schema-graph\">{\"@context\":\"https:\\\/\\\/schema.org\",\"@graph\":[{\"@type\":\"Article\",\"@id\":\"https:\\\/\\\/kibrisdakik.com\\\/?p=25426#article\",\"isPartOf\":{\"@id\":\"https:\\\/\\\/kibrisdakik.com\\\/?p=25426\"},\"author\":{\"name\":\"admin\",\"@id\":\"https:\\\/\\\/kibrisdakik.com\\\/#\\\/schema\\\/person\\\/9cd9d437bbb44f72b73ba127e06d8e79\"},\"headline\":\"Cumhurba\u015fkan\u0131 Tatar: &quot;KKTC, Do\u011fu Akdeniz\u2019de ba\u011f\u0131ms\u0131z bir T\u00fcrk devleti olarak geli\u015fmeye devam ediyor&quot;\",\"datePublished\":\"2024-01-06T17:38:48+00:00\",\"mainEntityOfPage\":{\"@id\":\"https:\\\/\\\/kibrisdakik.com\\\/?p=25426\"},\"wordCount\":237,\"commentCount\":0,\"image\":{\"@id\":\"https:\\\/\\\/kibrisdakik.com\\\/?p=25426#primaryimage\"},\"thumbnailUrl\":\"https:\\\/\\\/kibrisdakik.com\\\/wp-content\\\/uploads\\\/2024\\\/01\\\/cumhurbaskani-tatar-kktc-dogu-akdenizde-bagimsiz-bir-turk-devleti-olarak-gelismeye-devam-ediyor-1704561380.webp.webp\",\"articleSection\":[\"Ekonomi\"],\"inLanguage\":\"tr\",\"potentialAction\":[{\"@type\":\"CommentAction\",\"name\":\"Comment\",\"target\":[\"https:\\\/\\\/kibrisdakik.com\\\/?p=25426#respond\"]}]},{\"@type\":\"WebPage\",\"@id\":\"https:\\\/\\\/kibrisdakik.com\\\/?p=25426\",\"url\":\"https:\\\/\\\/kibrisdakik.com\\\/?p=25426\",\"name\":\"Cumhurba\u015fkan\u0131 Tatar: &quot;KKTC, Do\u011fu Akdeniz\u2019de ba\u011f\u0131ms\u0131z bir T\u00fcrk devleti olarak geli\u015fmeye devam ediyor&quot; -\",\"isPartOf\":{\"@id\":\"https:\\\/\\\/kibrisdakik.com\\\/#website\"},\"primaryImageOfPage\":{\"@id\":\"https:\\\/\\\/kibrisdakik.com\\\/?p=25426#primaryimage\"},\"image\":{\"@id\":\"https:\\\/\\\/kibrisdakik.com\\\/?p=25426#primaryimage\"},\"thumbnailUrl\":\"https:\\\/\\\/kibrisdakik.com\\\/wp-content\\\/uploads\\\/2024\\\/01\\\/cumhurbaskani-tatar-kktc-dogu-akdenizde-bagimsiz-bir-turk-devleti-olarak-gelismeye-devam-ediyor-1704561380.webp.webp\",\"datePublished\":\"2024-01-06T17:38:48+00:00\",\"author\":{\"@id\":\"https:\\\/\\\/kibrisdakik.com\\\/#\\\/schema\\\/person\\\/9cd9d437bbb44f72b73ba127e06d8e79\"},\"breadcrumb\":{\"@id\":\"https:\\\/\\\/kibrisdakik.com\\\/?p=25426#breadcrumb\"},\"inLanguage\":\"tr\",\"potentialAction\":[{\"@type\":\"ReadAction\",\"target\":[\"https:\\\/\\\/kibrisdakik.com\\\/?p=25426\"]}]},{\"@type\":\"ImageObject\",\"inLanguage\":\"tr\",\"@id\":\"https:\\\/\\\/kibrisdakik.com\\\/?p=25426#primaryimage\",\"url\":\"https:\\\/\\\/kibrisdakik.com\\\/wp-content\\\/uploads\\\/2024\\\/01\\\/cumhurbaskani-tatar-kktc-dogu-akdenizde-bagimsiz-bir-turk-devleti-olarak-gelismeye-devam-ediyor-1704561380.webp.webp\",\"contentUrl\":\"https:\\\/\\\/kibrisdakik.com\\\/wp-content\\\/uploads\\\/2024\\\/01\\\/cumhurbaskani-tatar-kktc-dogu-akdenizde-bagimsiz-bir-turk-devleti-olarak-gelismeye-devam-ediyor-1704561380.webp.webp\",\"width\":710,\"height\":370},{\"@type\":\"BreadcrumbList\",\"@id\":\"https:\\\/\\\/kibrisdakik.com\\\/?p=25426#breadcrumb\",\"itemListElement\":[{\"@type\":\"ListItem\",\"position\":1,\"name\":\"Home\",\"item\":\"https:\\\/\\\/kibrisdakik.com\\\/\"},{\"@type\":\"ListItem\",\"position\":2,\"name\":\"Cumhurba\u015fkan\u0131 Tatar: &quot;KKTC, Do\u011fu Akdeniz\u2019de ba\u011f\u0131ms\u0131z bir T\u00fcrk devleti olarak geli\u015fmeye devam ediyor&quot;\"}]},{\"@type\":\"WebSite\",\"@id\":\"https:\\\/\\\/kibrisdakik.com\\\/#website\",\"url\":\"https:\\\/\\\/kibrisdakik.com\\\/\",\"name\":\"\",\"description\":\"Tam vaktinde haber\",\"potentialAction\":[{\"@type\":\"SearchAction\",\"target\":{\"@type\":\"EntryPoint\",\"urlTemplate\":\"https:\\\/\\\/kibrisdakik.com\\\/?s={search_term_string}\"},\"query-input\":{\"@type\":\"PropertyValueSpecification\",\"valueRequired\":true,\"valueName\":\"search_term_string\"}}],\"inLanguage\":\"tr\"},{\"@type\":\"Person\",\"@id\":\"https:\\\/\\\/kibrisdakik.com\\\/#\\\/schema\\\/person\\\/9cd9d437bbb44f72b73ba127e06d8e79\",\"name\":\"admin\",\"image\":{\"@type\":\"ImageObject\",\"inLanguage\":\"tr\",\"@id\":\"https:\\\/\\\/secure.gravatar.com\\\/avatar\\\/ccc17943b9d660506c869530f897617f7cb1c21a4bf30023f252596d83e1f007?s=96&d=mm&r=g\",\"url\":\"https:\\\/\\\/secure.gravatar.com\\\/avatar\\\/ccc17943b9d660506c869530f897617f7cb1c21a4bf30023f252596d83e1f007?s=96&d=mm&r=g\",\"contentUrl\":\"https:\\\/\\\/secure.gravatar.com\\\/avatar\\\/ccc17943b9d660506c869530f897617f7cb1c21a4bf30023f252596d83e1f007?s=96&d=mm&r=g\",\"caption\":\"admin\"},\"sameAs\":[\"https:\\\/\\\/kibrisdakik.com\"],\"url\":\"https:\\\/\\\/kibrisdakik.com\\\/?author=1\"}]}<\/script>\n<!-- \/ Yoast SEO plugin. -->","yoast_head_json":{"title":"Cumhurba\u015fkan\u0131 Tatar: &quot;KKTC, Do\u011fu Akdeniz\u2019de ba\u011f\u0131ms\u0131z bir T\u00fcrk devleti olarak geli\u015fmeye devam ediyor&quot; -","robots":{"index":"index","follow":"follow","max-snippet":"max-snippet:-1","max-image-preview":"max-image-preview:large","max-video-preview":"max-video-preview:-1"},"canonical":"https:\/\/kibrisdakik.com\/?p=25426","og_locale":"tr_TR","og_type":"article","og_title":"Cumhurba\u015fkan\u0131 Tatar: &quot;KKTC, Do\u011fu Akdeniz\u2019de ba\u011f\u0131ms\u0131z bir T\u00fcrk devleti olarak geli\u015fmeye devam ediyor&quot; -","og_description":"Cumhurba\u015fkan\u0131 Tatar, bu sabah saatlerinde Antalya&#8217;da bas\u0131n mensuplar\u0131 ile bir araya gelerek a\u00e7\u0131klamalarda bulundu. Antalya&#8217;n\u0131n Akdeniz&#8217;deki en ba\u015far\u0131l\u0131 turizm kenti oldu\u011funu belirten Tatar, &#8220;Antalya\u2019n\u0131n tecr\u00fcbesini KKTC ile de payla\u015fmas\u0131 en b\u00fcy\u00fck temenni ve dile\u011fimdir\u201d dedi. -&#8220;KKTC\u2019nin \u00e7ehresinin de\u011fi\u015fmesi i\u00e7in \u00e7al\u0131\u015f\u0131yoruz&#8221; Kuzey K\u0131br\u0131s T\u00fcrk Cumhuriyeti y\u00f6netimi ile T\u00fcrkiye Cumhuriyeti y\u00f6netiminin isti\u015fare i\u00e7erisinde olduklar\u0131n\u0131 belirten Cumhurba\u015fkan\u0131 Tatar,","og_url":"https:\/\/kibrisdakik.com\/?p=25426","article_published_time":"2024-01-06T17:38:48+00:00","og_image":[{"width":710,"height":370,"url":"https:\/\/kibrisdakik.com\/wp-content\/uploads\/2024\/01\/cumhurbaskani-tatar-kktc-dogu-akdenizde-bagimsiz-bir-turk-devleti-olarak-gelismeye-devam-ediyor-1704561380.webp.webp","type":"image\/webp"}],"author":"admin","twitter_card":"summary_large_image","twitter_misc":{"Yazan:":"admin","Tahmini okuma s\u00fcresi":"1 dakika"},"schema":{"@context":"https:\/\/schema.org","@graph":[{"@type":"Article","@id":"https:\/\/kibrisdakik.com\/?p=25426#article","isPartOf":{"@id":"https:\/\/kibrisdakik.com\/?p=25426"},"author":{"name":"admin","@id":"https:\/\/kibrisdakik.com\/#\/schema\/person\/9cd9d437bbb44f72b73ba127e06d8e79"},"headline":"Cumhurba\u015fkan\u0131 Tatar: &quot;KKTC, Do\u011fu Akdeniz\u2019de ba\u011f\u0131ms\u0131z bir T\u00fcrk devleti olarak geli\u015fmeye devam ediyor&quot;","datePublished":"2024-01-06T17:38:48+00:00","mainEntityOfPage":{"@id":"https:\/\/kibrisdakik.com\/?p=25426"},"wordCount":237,"commentCount":0,"image":{"@id":"https:\/\/kibrisdakik.com\/?p=25426#primaryimage"},"thumbnailUrl":"https:\/\/kibrisdakik.com\/wp-content\/uploads\/2024\/01\/cumhurbaskani-tatar-kktc-dogu-akdenizde-bagimsiz-bir-turk-devleti-olarak-gelismeye-devam-ediyor-1704561380.webp.webp","articleSection":["Ekonomi"],"inLanguage":"tr","potentialAction":[{"@type":"CommentAction","name":"Comment","target":["https:\/\/kibrisdakik.com\/?p=25426#respond"]}]},{"@type":"WebPage","@id":"https:\/\/kibrisdakik.com\/?p=25426","url":"https:\/\/kibrisdakik.com\/?p=25426","name":"Cumhurba\u015fkan\u0131 Tatar: &quot;KKTC, Do\u011fu Akdeniz\u2019de ba\u011f\u0131ms\u0131z bir T\u00fcrk devleti olarak geli\u015fmeye devam ediyor&quot; -","isPartOf":{"@id":"https:\/\/kibrisdakik.com\/#website"},"primaryImageOfPage":{"@id":"https:\/\/kibrisdakik.com\/?p=25426#primaryimage"},"image":{"@id":"https:\/\/kibrisdakik.com\/?p=25426#primaryimage"},"thumbnailUrl":"https:\/\/kibrisdakik.com\/wp-content\/uploads\/2024\/01\/cumhurbaskani-tatar-kktc-dogu-akdenizde-bagimsiz-bir-turk-devleti-olarak-gelismeye-devam-ediyor-1704561380.webp.webp","datePublished":"2024-01-06T17:38:48+00:00","author":{"@id":"https:\/\/kibrisdakik.com\/#\/schema\/person\/9cd9d437bbb44f72b73ba127e06d8e79"},"breadcrumb":{"@id":"https:\/\/kibrisdakik.com\/?p=25426#breadcrumb"},"inLanguage":"tr","potentialAction":[{"@type":"ReadAction","target":["https:\/\/kibrisdakik.com\/?p=25426"]}]},{"@type":"ImageObject","inLanguage":"tr","@id":"https:\/\/kibrisdakik.com\/?p=25426#primaryimage","url":"https:\/\/kibrisdakik.com\/wp-content\/uploads\/2024\/01\/cumhurbaskani-tatar-kktc-dogu-akdenizde-bagimsiz-bir-turk-devleti-olarak-gelismeye-devam-ediyor-1704561380.webp.webp","contentUrl":"https:\/\/kibrisdakik.com\/wp-content\/uploads\/2024\/01\/cumhurbaskani-tatar-kktc-dogu-akdenizde-bagimsiz-bir-turk-devleti-olarak-gelismeye-devam-ediyor-1704561380.webp.webp","width":710,"height":370},{"@type":"BreadcrumbList","@id":"https:\/\/kibrisdakik.com\/?p=25426#breadcrumb","itemListElement":[{"@type":"ListItem","position":1,"name":"Home","item":"https:\/\/kibrisdakik.com\/"},{"@type":"ListItem","position":2,"name":"Cumhurba\u015fkan\u0131 Tatar: &quot;KKTC, Do\u011fu Akdeniz\u2019de ba\u011f\u0131ms\u0131z bir T\u00fcrk devleti olarak geli\u015fmeye devam ediyor&quot;"}]},{"@type":"WebSite","@id":"https:\/\/kibrisdakik.com\/#website","url":"https:\/\/kibrisdakik.com\/","name":"","description":"Tam vaktinde haber","potentialAction":[{"@type":"SearchAction","target":{"@type":"EntryPoint","urlTemplate":"https:\/\/kibrisdakik.com\/?s={search_term_string}"},"query-input":{"@type":"PropertyValueSpecification","valueRequired":true,"valueName":"search_term_string"}}],"inLanguage":"tr"},{"@type":"Person","@id":"https:\/\/kibrisdakik.com\/#\/schema\/person\/9cd9d437bbb44f72b73ba127e06d8e79","name":"admin","image":{"@type":"ImageObject","inLanguage":"tr","@id":"https:\/\/secure.gravatar.com\/avatar\/ccc17943b9d660506c869530f897617f7cb1c21a4bf30023f252596d83e1f007?s=96&d=mm&r=g","url":"https:\/\/secure.gravatar.com\/avatar\/ccc17943b9d660506c869530f897617f7cb1c21a4bf30023f252596d83e1f007?s=96&d=mm&r=g","contentUrl":"https:\/\/secure.gravatar.com\/avatar\/ccc17943b9d660506c869530f897617f7cb1c21a4bf30023f252596d83e1f007?s=96&d=mm&r=g","caption":"admin"},"sameAs":["https:\/\/kibrisdakik.com"],"url":"https:\/\/kibrisdakik.com\/?author=1"}]}},"_links":{"self":[{"href":"https:\/\/kibrisdakik.com\/index.php?rest_route=\/wp\/v2\/posts\/25426","targetHints":{"allow":["GET"]}}],"collection":[{"href":"https:\/\/kibrisdakik.com\/index.php?rest_route=\/wp\/v2\/posts"}],"about":[{"href":"https:\/\/kibrisdakik.com\/index.php?rest_route=\/wp\/v2\/types\/post"}],"author":[{"embeddable":true,"href":"https:\/\/kibrisdakik.com\/index.php?rest_route=\/wp\/v2\/users\/1"}],"replies":[{"embeddable":true,"href":"https:\/\/kibrisdakik.com\/index.php?rest_route=%2Fwp%2Fv2%2Fcomments&post=25426"}],"version-history":[{"count":0,"href":"https:\/\/kibrisdakik.com\/index.php?rest_route=\/wp\/v2\/posts\/25426\/revisions"}],"wp:featuredmedia":[{"embeddable":true,"href":"https:\/\/kibrisdakik.com\/index.php?rest_route=\/wp\/v2\/media\/25427"}],"wp:attachment":[{"href":"https:\/\/kibrisdakik.com\/index.php?rest_route=%2Fwp%2Fv2%2Fmedia&parent=25426"}],"wp:term":[{"taxonomy":"category","embeddable":true,"href":"https:\/\/kibrisdakik.com\/index.php?rest_route=%2Fwp%2Fv2%2Fcategories&post=25426"},{"taxonomy":"post_tag","embeddable":true,"href":"https:\/\/kibrisdakik.com\/index.php?rest_route=%2Fwp%2Fv2%2Ftags&post=25426"}],"curies":[{"name":"wp","href":"https:\/\/api.w.org\/{rel}","templated":true}]}}