{"id":2545,"date":"2023-03-03T11:49:44","date_gmt":"2023-03-03T11:49:44","guid":{"rendered":"https:\/\/kibrisdakik.com\/index.php\/2023\/03\/03\/baf-direnisi-ve-sehitleri-9-martta-anilacak\/"},"modified":"2023-03-03T11:49:44","modified_gmt":"2023-03-03T11:49:44","slug":"baf-direnisi-ve-sehitleri-9-martta-anilacak","status":"publish","type":"post","link":"https:\/\/kibrisdakik.com\/?p=2545","title":{"rendered":"Baf Direni\u015fi ve \u015fehitleri 9 Mart\u2019ta an\u0131lacak"},"content":{"rendered":"<p><\/p>\n<div>\n<div class=\"mariselle-image-container center\">\n                <img width=\"819\" height=\"545\" class=\"lazy-image\" alt=\"\" decoding=\"async\" loading=\"lazy\" sizes=\"auto, (max-width: 819px) 100vw, 819px\" src=\"https:\/\/brtk.net\/wp-content\/uploads\/2023\/03\/03\/baf-direnisi.jpg?ver=f938bc3bb515fad70ad095034cc2ebd1\" srcset=\"https:\/\/brtk.net\/wp-content\/uploads\/2023\/03\/03\/baf-direnisi.jpg?ver=f938bc3bb515fad70ad095034cc2ebd1 819w, https:\/\/brtk.net\/wp-content\/uploads\/2023\/03\/03\/baf-direnisi-300x200.jpg?ver=f938bc3bb515fad70ad095034cc2ebd1 300w, https:\/\/brtk.net\/wp-content\/uploads\/2023\/03\/03\/baf-direnisi-768x511.jpg?ver=f938bc3bb515fad70ad095034cc2ebd1 768w\"\/>                            <\/div>\n<p>Baf Direni\u015fi ve bu direni\u015fte \u015fehit d\u00fc\u015fenler, 9 Mart Per\u015fembe g\u00fcn\u00fc an\u0131l\u0131yor.<\/p>\n<p>G\u00fczelyurt Kaymakaml\u0131\u011f\u0131ndan yap\u0131lan a\u00e7\u0131klamaya g\u00f6re, Baf Direni\u015fi ve \u015eehitlerini Anma G\u00fcn\u00fc nedeniyle d\u00fczenlenecek t\u00f6ren, G\u00fczelyurt Baf \u015eehitleri An\u0131t\u0131 \u00f6n\u00fcnde ger\u00e7ekle\u015ftirilecek.<\/p>\n<p>Saat 09.30\u2019da \u00e7elenklerin an\u0131ta konmas\u0131yla ba\u015flayacak t\u00f6rende, sayg\u0131 dur\u015fu ve sayg\u0131 at\u0131\u015f\u0131n\u0131n ard\u0131ndan \u0130stiklal Mar\u015f\u0131 e\u015fli\u011finde bayraklar g\u00f6ndere \u00e7ekilecek.<\/p>\n<p>T\u00f6rende, Gazi Baf Dayan\u0131\u015fma Derne\u011fi ad\u0131na T\u00fcrkay Tokel ve  Baf T\u00fcrk Birli\u011fi Ba\u015fkan\u0131 Cenk D\u00f6kmen konu\u015facak.<\/p>\n<p>T\u00f6ren \u015fiirlerin okunmas\u0131yla tamamlanacak<\/p>\n<\/p><\/div>\n<p><script async\n                    defer\n                    crossorigin=\"anonymous\"\n                    src=\"https:\/\/connect.facebook.net\/tr_TR\/sdk.js#xfbml=1&#038;version=v3.3\"\n            ><\/script><\/p>\n","protected":false},"excerpt":{"rendered":"<p>Baf Direni\u015fi ve bu direni\u015fte \u015fehit d\u00fc\u015fenler, 9 Mart Per\u015fembe g\u00fcn\u00fc an\u0131l\u0131yor. G\u00fczelyurt Kaymakaml\u0131\u011f\u0131ndan yap\u0131lan a\u00e7\u0131klamaya g\u00f6re, Baf Direni\u015fi ve \u015eehitlerini Anma G\u00fcn\u00fc nedeniyle d\u00fczenlenecek t\u00f6ren, G\u00fczelyurt Baf \u015eehitleri An\u0131t\u0131 \u00f6n\u00fcnde ger\u00e7ekle\u015ftirilecek. Saat 09.30\u2019da \u00e7elenklerin an\u0131ta konmas\u0131yla ba\u015flayacak t\u00f6rende, sayg\u0131 dur\u015fu ve sayg\u0131 at\u0131\u015f\u0131n\u0131n ard\u0131ndan \u0130stiklal Mar\u015f\u0131 e\u015fli\u011finde bayraklar g\u00f6ndere \u00e7ekilecek. T\u00f6rende, Gazi Baf Dayan\u0131\u015fma<\/p>\n","protected":false},"author":1,"featured_media":2546,"comment_status":"open","ping_status":"open","sticky":false,"template":"","format":"standard","meta":{"footnotes":""},"categories":[1],"tags":[],"class_list":["post-2545","post","type-post","status-publish","format-standard","has-post-thumbnail","hentry","category-gundem"],"yoast_head":"<!-- This site is optimized with the Yoast SEO plugin v27.4 - https:\/\/yoast.com\/product\/yoast-seo-wordpress\/ -->\n<title>Baf Direni\u015fi ve \u015fehitleri 9 Mart\u2019ta an\u0131lacak -<\/title>\n<meta name=\"robots\" content=\"index, follow, max-snippet:-1, max-image-preview:large, max-video-preview:-1\" \/>\n<link rel=\"canonical\" href=\"https:\/\/kibrisdakik.com\/?p=2545\" \/>\n<meta property=\"og:locale\" content=\"tr_TR\" \/>\n<meta property=\"og:type\" content=\"article\" \/>\n<meta property=\"og:title\" content=\"Baf Direni\u015fi ve \u015fehitleri 9 Mart\u2019ta an\u0131lacak -\" \/>\n<meta property=\"og:description\" content=\"Baf Direni\u015fi ve bu direni\u015fte \u015fehit d\u00fc\u015fenler, 9 Mart Per\u015fembe g\u00fcn\u00fc an\u0131l\u0131yor. G\u00fczelyurt Kaymakaml\u0131\u011f\u0131ndan yap\u0131lan a\u00e7\u0131klamaya g\u00f6re, Baf Direni\u015fi ve \u015eehitlerini Anma G\u00fcn\u00fc nedeniyle d\u00fczenlenecek t\u00f6ren, G\u00fczelyurt Baf \u015eehitleri An\u0131t\u0131 \u00f6n\u00fcnde ger\u00e7ekle\u015ftirilecek. Saat 09.30\u2019da \u00e7elenklerin an\u0131ta konmas\u0131yla ba\u015flayacak t\u00f6rende, sayg\u0131 dur\u015fu ve sayg\u0131 at\u0131\u015f\u0131n\u0131n ard\u0131ndan \u0130stiklal Mar\u015f\u0131 e\u015fli\u011finde bayraklar g\u00f6ndere \u00e7ekilecek. T\u00f6rende, Gazi Baf Dayan\u0131\u015fma\" \/>\n<meta property=\"og:url\" content=\"https:\/\/kibrisdakik.com\/?p=2545\" \/>\n<meta property=\"article:published_time\" content=\"2023-03-03T11:49:44+00:00\" \/>\n<meta property=\"og:image\" content=\"https:\/\/kibrisdakik.com\/wp-content\/uploads\/2023\/03\/baf-direnisi-740x420.jpg\" \/>\n\t<meta property=\"og:image:width\" content=\"819\" \/>\n\t<meta property=\"og:image:height\" content=\"545\" \/>\n\t<meta property=\"og:image:type\" content=\"image\/jpeg\" \/>\n<meta name=\"author\" content=\"admin\" \/>\n<meta name=\"twitter:card\" content=\"summary_large_image\" \/>\n<meta name=\"twitter:label1\" content=\"Yazan:\" \/>\n\t<meta name=\"twitter:data1\" content=\"admin\" \/>\n\t<meta name=\"twitter:label2\" content=\"Tahmini okuma s\u00fcresi\" \/>\n\t<meta name=\"twitter:data2\" content=\"1 dakika\" \/>\n<script type=\"application\/ld+json\" class=\"yoast-schema-graph\">{\"@context\":\"https:\\\/\\\/schema.org\",\"@graph\":[{\"@type\":\"Article\",\"@id\":\"https:\\\/\\\/kibrisdakik.com\\\/?p=2545#article\",\"isPartOf\":{\"@id\":\"https:\\\/\\\/kibrisdakik.com\\\/?p=2545\"},\"author\":{\"name\":\"admin\",\"@id\":\"https:\\\/\\\/kibrisdakik.com\\\/#\\\/schema\\\/person\\\/9cd9d437bbb44f72b73ba127e06d8e79\"},\"headline\":\"Baf Direni\u015fi ve \u015fehitleri 9 Mart\u2019ta an\u0131lacak\",\"datePublished\":\"2023-03-03T11:49:44+00:00\",\"mainEntityOfPage\":{\"@id\":\"https:\\\/\\\/kibrisdakik.com\\\/?p=2545\"},\"wordCount\":123,\"commentCount\":0,\"image\":{\"@id\":\"https:\\\/\\\/kibrisdakik.com\\\/?p=2545#primaryimage\"},\"thumbnailUrl\":\"https:\\\/\\\/kibrisdakik.com\\\/wp-content\\\/uploads\\\/2023\\\/03\\\/baf-direnisi-740x420.jpg\",\"articleSection\":[\"G\u00fcndem\"],\"inLanguage\":\"tr\",\"potentialAction\":[{\"@type\":\"CommentAction\",\"name\":\"Comment\",\"target\":[\"https:\\\/\\\/kibrisdakik.com\\\/?p=2545#respond\"]}]},{\"@type\":\"WebPage\",\"@id\":\"https:\\\/\\\/kibrisdakik.com\\\/?p=2545\",\"url\":\"https:\\\/\\\/kibrisdakik.com\\\/?p=2545\",\"name\":\"Baf Direni\u015fi ve \u015fehitleri 9 Mart\u2019ta an\u0131lacak -\",\"isPartOf\":{\"@id\":\"https:\\\/\\\/kibrisdakik.com\\\/#website\"},\"primaryImageOfPage\":{\"@id\":\"https:\\\/\\\/kibrisdakik.com\\\/?p=2545#primaryimage\"},\"image\":{\"@id\":\"https:\\\/\\\/kibrisdakik.com\\\/?p=2545#primaryimage\"},\"thumbnailUrl\":\"https:\\\/\\\/kibrisdakik.com\\\/wp-content\\\/uploads\\\/2023\\\/03\\\/baf-direnisi-740x420.jpg\",\"datePublished\":\"2023-03-03T11:49:44+00:00\",\"author\":{\"@id\":\"https:\\\/\\\/kibrisdakik.com\\\/#\\\/schema\\\/person\\\/9cd9d437bbb44f72b73ba127e06d8e79\"},\"breadcrumb\":{\"@id\":\"https:\\\/\\\/kibrisdakik.com\\\/?p=2545#breadcrumb\"},\"inLanguage\":\"tr\",\"potentialAction\":[{\"@type\":\"ReadAction\",\"target\":[\"https:\\\/\\\/kibrisdakik.com\\\/?p=2545\"]}]},{\"@type\":\"ImageObject\",\"inLanguage\":\"tr\",\"@id\":\"https:\\\/\\\/kibrisdakik.com\\\/?p=2545#primaryimage\",\"url\":\"https:\\\/\\\/kibrisdakik.com\\\/wp-content\\\/uploads\\\/2023\\\/03\\\/baf-direnisi-740x420.jpg\",\"contentUrl\":\"https:\\\/\\\/kibrisdakik.com\\\/wp-content\\\/uploads\\\/2023\\\/03\\\/baf-direnisi-740x420.jpg\",\"width\":819,\"height\":545},{\"@type\":\"BreadcrumbList\",\"@id\":\"https:\\\/\\\/kibrisdakik.com\\\/?p=2545#breadcrumb\",\"itemListElement\":[{\"@type\":\"ListItem\",\"position\":1,\"name\":\"Home\",\"item\":\"https:\\\/\\\/kibrisdakik.com\\\/\"},{\"@type\":\"ListItem\",\"position\":2,\"name\":\"Baf Direni\u015fi ve \u015fehitleri 9 Mart\u2019ta an\u0131lacak\"}]},{\"@type\":\"WebSite\",\"@id\":\"https:\\\/\\\/kibrisdakik.com\\\/#website\",\"url\":\"https:\\\/\\\/kibrisdakik.com\\\/\",\"name\":\"\",\"description\":\"Tam vaktinde haber\",\"potentialAction\":[{\"@type\":\"SearchAction\",\"target\":{\"@type\":\"EntryPoint\",\"urlTemplate\":\"https:\\\/\\\/kibrisdakik.com\\\/?s={search_term_string}\"},\"query-input\":{\"@type\":\"PropertyValueSpecification\",\"valueRequired\":true,\"valueName\":\"search_term_string\"}}],\"inLanguage\":\"tr\"},{\"@type\":\"Person\",\"@id\":\"https:\\\/\\\/kibrisdakik.com\\\/#\\\/schema\\\/person\\\/9cd9d437bbb44f72b73ba127e06d8e79\",\"name\":\"admin\",\"image\":{\"@type\":\"ImageObject\",\"inLanguage\":\"tr\",\"@id\":\"https:\\\/\\\/secure.gravatar.com\\\/avatar\\\/ccc17943b9d660506c869530f897617f7cb1c21a4bf30023f252596d83e1f007?s=96&d=mm&r=g\",\"url\":\"https:\\\/\\\/secure.gravatar.com\\\/avatar\\\/ccc17943b9d660506c869530f897617f7cb1c21a4bf30023f252596d83e1f007?s=96&d=mm&r=g\",\"contentUrl\":\"https:\\\/\\\/secure.gravatar.com\\\/avatar\\\/ccc17943b9d660506c869530f897617f7cb1c21a4bf30023f252596d83e1f007?s=96&d=mm&r=g\",\"caption\":\"admin\"},\"sameAs\":[\"https:\\\/\\\/kibrisdakik.com\"],\"url\":\"https:\\\/\\\/kibrisdakik.com\\\/?author=1\"}]}<\/script>\n<!-- \/ Yoast SEO plugin. -->","yoast_head_json":{"title":"Baf Direni\u015fi ve \u015fehitleri 9 Mart\u2019ta an\u0131lacak -","robots":{"index":"index","follow":"follow","max-snippet":"max-snippet:-1","max-image-preview":"max-image-preview:large","max-video-preview":"max-video-preview:-1"},"canonical":"https:\/\/kibrisdakik.com\/?p=2545","og_locale":"tr_TR","og_type":"article","og_title":"Baf Direni\u015fi ve \u015fehitleri 9 Mart\u2019ta an\u0131lacak -","og_description":"Baf Direni\u015fi ve bu direni\u015fte \u015fehit d\u00fc\u015fenler, 9 Mart Per\u015fembe g\u00fcn\u00fc an\u0131l\u0131yor. G\u00fczelyurt Kaymakaml\u0131\u011f\u0131ndan yap\u0131lan a\u00e7\u0131klamaya g\u00f6re, Baf Direni\u015fi ve \u015eehitlerini Anma G\u00fcn\u00fc nedeniyle d\u00fczenlenecek t\u00f6ren, G\u00fczelyurt Baf \u015eehitleri An\u0131t\u0131 \u00f6n\u00fcnde ger\u00e7ekle\u015ftirilecek. Saat 09.30\u2019da \u00e7elenklerin an\u0131ta konmas\u0131yla ba\u015flayacak t\u00f6rende, sayg\u0131 dur\u015fu ve sayg\u0131 at\u0131\u015f\u0131n\u0131n ard\u0131ndan \u0130stiklal Mar\u015f\u0131 e\u015fli\u011finde bayraklar g\u00f6ndere \u00e7ekilecek. T\u00f6rende, Gazi Baf Dayan\u0131\u015fma","og_url":"https:\/\/kibrisdakik.com\/?p=2545","article_published_time":"2023-03-03T11:49:44+00:00","og_image":[{"width":819,"height":545,"url":"https:\/\/kibrisdakik.com\/wp-content\/uploads\/2023\/03\/baf-direnisi-740x420.jpg","type":"image\/jpeg"}],"author":"admin","twitter_card":"summary_large_image","twitter_misc":{"Yazan:":"admin","Tahmini okuma s\u00fcresi":"1 dakika"},"schema":{"@context":"https:\/\/schema.org","@graph":[{"@type":"Article","@id":"https:\/\/kibrisdakik.com\/?p=2545#article","isPartOf":{"@id":"https:\/\/kibrisdakik.com\/?p=2545"},"author":{"name":"admin","@id":"https:\/\/kibrisdakik.com\/#\/schema\/person\/9cd9d437bbb44f72b73ba127e06d8e79"},"headline":"Baf Direni\u015fi ve \u015fehitleri 9 Mart\u2019ta an\u0131lacak","datePublished":"2023-03-03T11:49:44+00:00","mainEntityOfPage":{"@id":"https:\/\/kibrisdakik.com\/?p=2545"},"wordCount":123,"commentCount":0,"image":{"@id":"https:\/\/kibrisdakik.com\/?p=2545#primaryimage"},"thumbnailUrl":"https:\/\/kibrisdakik.com\/wp-content\/uploads\/2023\/03\/baf-direnisi-740x420.jpg","articleSection":["G\u00fcndem"],"inLanguage":"tr","potentialAction":[{"@type":"CommentAction","name":"Comment","target":["https:\/\/kibrisdakik.com\/?p=2545#respond"]}]},{"@type":"WebPage","@id":"https:\/\/kibrisdakik.com\/?p=2545","url":"https:\/\/kibrisdakik.com\/?p=2545","name":"Baf Direni\u015fi ve \u015fehitleri 9 Mart\u2019ta an\u0131lacak -","isPartOf":{"@id":"https:\/\/kibrisdakik.com\/#website"},"primaryImageOfPage":{"@id":"https:\/\/kibrisdakik.com\/?p=2545#primaryimage"},"image":{"@id":"https:\/\/kibrisdakik.com\/?p=2545#primaryimage"},"thumbnailUrl":"https:\/\/kibrisdakik.com\/wp-content\/uploads\/2023\/03\/baf-direnisi-740x420.jpg","datePublished":"2023-03-03T11:49:44+00:00","author":{"@id":"https:\/\/kibrisdakik.com\/#\/schema\/person\/9cd9d437bbb44f72b73ba127e06d8e79"},"breadcrumb":{"@id":"https:\/\/kibrisdakik.com\/?p=2545#breadcrumb"},"inLanguage":"tr","potentialAction":[{"@type":"ReadAction","target":["https:\/\/kibrisdakik.com\/?p=2545"]}]},{"@type":"ImageObject","inLanguage":"tr","@id":"https:\/\/kibrisdakik.com\/?p=2545#primaryimage","url":"https:\/\/kibrisdakik.com\/wp-content\/uploads\/2023\/03\/baf-direnisi-740x420.jpg","contentUrl":"https:\/\/kibrisdakik.com\/wp-content\/uploads\/2023\/03\/baf-direnisi-740x420.jpg","width":819,"height":545},{"@type":"BreadcrumbList","@id":"https:\/\/kibrisdakik.com\/?p=2545#breadcrumb","itemListElement":[{"@type":"ListItem","position":1,"name":"Home","item":"https:\/\/kibrisdakik.com\/"},{"@type":"ListItem","position":2,"name":"Baf Direni\u015fi ve \u015fehitleri 9 Mart\u2019ta an\u0131lacak"}]},{"@type":"WebSite","@id":"https:\/\/kibrisdakik.com\/#website","url":"https:\/\/kibrisdakik.com\/","name":"","description":"Tam vaktinde haber","potentialAction":[{"@type":"SearchAction","target":{"@type":"EntryPoint","urlTemplate":"https:\/\/kibrisdakik.com\/?s={search_term_string}"},"query-input":{"@type":"PropertyValueSpecification","valueRequired":true,"valueName":"search_term_string"}}],"inLanguage":"tr"},{"@type":"Person","@id":"https:\/\/kibrisdakik.com\/#\/schema\/person\/9cd9d437bbb44f72b73ba127e06d8e79","name":"admin","image":{"@type":"ImageObject","inLanguage":"tr","@id":"https:\/\/secure.gravatar.com\/avatar\/ccc17943b9d660506c869530f897617f7cb1c21a4bf30023f252596d83e1f007?s=96&d=mm&r=g","url":"https:\/\/secure.gravatar.com\/avatar\/ccc17943b9d660506c869530f897617f7cb1c21a4bf30023f252596d83e1f007?s=96&d=mm&r=g","contentUrl":"https:\/\/secure.gravatar.com\/avatar\/ccc17943b9d660506c869530f897617f7cb1c21a4bf30023f252596d83e1f007?s=96&d=mm&r=g","caption":"admin"},"sameAs":["https:\/\/kibrisdakik.com"],"url":"https:\/\/kibrisdakik.com\/?author=1"}]}},"_links":{"self":[{"href":"https:\/\/kibrisdakik.com\/index.php?rest_route=\/wp\/v2\/posts\/2545","targetHints":{"allow":["GET"]}}],"collection":[{"href":"https:\/\/kibrisdakik.com\/index.php?rest_route=\/wp\/v2\/posts"}],"about":[{"href":"https:\/\/kibrisdakik.com\/index.php?rest_route=\/wp\/v2\/types\/post"}],"author":[{"embeddable":true,"href":"https:\/\/kibrisdakik.com\/index.php?rest_route=\/wp\/v2\/users\/1"}],"replies":[{"embeddable":true,"href":"https:\/\/kibrisdakik.com\/index.php?rest_route=%2Fwp%2Fv2%2Fcomments&post=2545"}],"version-history":[{"count":0,"href":"https:\/\/kibrisdakik.com\/index.php?rest_route=\/wp\/v2\/posts\/2545\/revisions"}],"wp:featuredmedia":[{"embeddable":true,"href":"https:\/\/kibrisdakik.com\/index.php?rest_route=\/wp\/v2\/media\/2546"}],"wp:attachment":[{"href":"https:\/\/kibrisdakik.com\/index.php?rest_route=%2Fwp%2Fv2%2Fmedia&parent=2545"}],"wp:term":[{"taxonomy":"category","embeddable":true,"href":"https:\/\/kibrisdakik.com\/index.php?rest_route=%2Fwp%2Fv2%2Fcategories&post=2545"},{"taxonomy":"post_tag","embeddable":true,"href":"https:\/\/kibrisdakik.com\/index.php?rest_route=%2Fwp%2Fv2%2Ftags&post=2545"}],"curies":[{"name":"wp","href":"https:\/\/api.w.org\/{rel}","templated":true}]}}