{"id":25460,"date":"2024-01-07T09:56:03","date_gmt":"2024-01-07T09:56:03","guid":{"rendered":"https:\/\/kibrisdakik.com\/index.php\/2024\/01\/07\/askerlik-degisiklik-yasa-onerisine-ivedilik-talebi-yarin-meclis-genel-kurulunda-ele-alinacak\/"},"modified":"2024-01-07T09:56:03","modified_gmt":"2024-01-07T09:56:03","slug":"askerlik-degisiklik-yasa-onerisine-ivedilik-talebi-yarin-meclis-genel-kurulunda-ele-alinacak","status":"publish","type":"post","link":"https:\/\/kibrisdakik.com\/?p=25460","title":{"rendered":"Askerlik (De\u011fi\u015fiklik) Yasa \u00d6nerisine ivedilik talebi yar\u0131n Meclis Genel Kurulu\u2019nda ele al\u0131nacak"},"content":{"rendered":"<p><img decoding=\"async\" src=\"https:\/\/www.kibristurk.com\/images\/haberler\/2024\/01\/askerlik-degisiklik-yasa-onerisine-ivedilik-talebi-yarin-meclis-genel-kurulunda-ele-alinacak-1704621002.webp\" \/><\/p>\n<p>&nbsp;Cumhuriyet\u00e7i T\u00fcrk Partisi (CTP) taraf\u0131ndan Vicdani Ret Hakk\u0131\u2019n\u0131n tan\u0131nmas\u0131 amac\u0131yla meclise sunulan Askerlik (De\u011fi\u015fiklik) Yasa \u00d6nerisine ivedilik talebi yar\u0131n Meclis Genel Kurulu\u2019nda ele al\u0131nacak.<\/p>\n<p>CTP\u2019den verilen bilgiye g\u00f6re, ivedili\u011fi istenen \u00f6neriyle, vicdani ret\u00e7i kabul edilenlerin askerlik \u00f6devlerini \u2018sivil hizmet\u2019 \u015feklinde yapmas\u0131 hedefleniyor.<\/p>\n<p>A\u00e7\u0131klamada, &nbsp;\u201cVicdani Ret Hakk\u0131\u2019n\u0131n halen g\u00fcndemde olmas\u0131 ve bu konunun mevzuata dahil edilebilmesi amac\u0131yla, halihaz\u0131rda kad\u00fck olmu\u015f Askerlik (De\u011fi\u015fiklik) Yasa \u00d6nerisinin yeniden g\u00fcndeme getirilmesi gere\u011fi has\u0131l olmu\u015ftur\u201d denildi.<\/p>\n<p>CTP milletvekillerinin imzas\u0131 ile ivedili\u011fi talep edilen \u201cVicdani Ret Hakk\u0131\u201d, ilk kez Ocak 2019&#8217;da Cumhuriyet Meclisi g\u00fcndemine ta\u015f\u0131nm\u0131\u015ft\u0131. O d\u00f6nem sunulmu\u015f olan, vicdani ret hakk\u0131 ile ilgili Askerlik Yasas\u0131 de\u011fi\u015fikli\u011fi \u00fczerinde, d\u00f6nemin Meclis Komitesinde Barolar Birli\u011fi, sivil toplum \u00f6rg\u00fctleri, emekli asker \u00f6rg\u00fctleri temsilcileri ile \u00fcst d\u00fczey emekli subaylar dahil farkl\u0131 kesimlerin g\u00f6r\u00fc\u015fleri de al\u0131narak detayl\u0131 bir \u00e7al\u0131\u015fma yap\u0131lm\u0131\u015ft\u0131.<\/p>\n<p>A\u00e7\u0131klamada \u015fu bilgiler verildi:<\/p>\n<p>\u201cYasa alt\u0131nda y\u00fcr\u00fcrl\u00fc\u011fe konacak bir t\u00fcz\u00fckle, istismara a\u00e7\u0131k olmayan ve Avrupa \u0130nsan Haklar\u0131 Mahkemesi\u2019nin vicdani ret hakk\u0131 konusundaki i\u00e7tihatlar\u0131nda yer alan ilkeler \u0131\u015f\u0131\u011f\u0131nda de\u011fi\u015fiklik isteniyor. Yasa \u00f6nerisiyle, vicdani ret\u00e7i kabul edilenlerin askerlik \u00f6devlerini silahl\u0131 kuvvetlerde sivil hizmet veya silahl\u0131 kuvvetlerde olmakla birlikte bir g\u00f6revlendirmeyle, kamu kurumlar\u0131nda sivil hizmet g\u00f6rd\u00fcr\u00fclmesi \u015feklinde yerine getirmeleri ama\u00e7lan\u0131yor. 5 Ocak 2024 tarihli \u00f6nergenin Genel Gerek\u00e7esinde, Avrupa \u0130nsan Haklar\u0131 Mahkemesi kararlar\u0131nda ve uluslararas\u0131 uygulamada, vicdani rettin, din ve vicdan \u00f6zg\u00fcrl\u00fc\u011f\u00fc kapsam\u0131nda bir insan hakk\u0131 olarak g\u00f6r\u00fcld\u00fc\u011f\u00fcne dikkat \u00e7ekiliyor. Avrupa \u00fclkelerinin \u00f6nc\u00fcl\u00fc\u011f\u00fcnde pek \u00e7ok \u00fclkede, vicdani ret hakk\u0131n\u0131 talep edenlere, askerlik hizmetine alternatif kamu hizmeti se\u00e7ene\u011fi sunuldu\u011fu an\u0131msat\u0131lan gerek\u00e7ede, Avrupa \u0130nsan Haklar\u0131 S\u00f6zle\u015fmesi\u2019nin KKTC Anayasas\u0131 ile e\u015f seviyede oldu\u011fu belirtiliyor.\u201d<\/p>\n","protected":false},"excerpt":{"rendered":"<p>&nbsp;Cumhuriyet\u00e7i T\u00fcrk Partisi (CTP) taraf\u0131ndan Vicdani Ret Hakk\u0131\u2019n\u0131n tan\u0131nmas\u0131 amac\u0131yla meclise sunulan Askerlik (De\u011fi\u015fiklik) Yasa \u00d6nerisine ivedilik talebi yar\u0131n Meclis Genel Kurulu\u2019nda ele al\u0131nacak. CTP\u2019den verilen bilgiye g\u00f6re, ivedili\u011fi istenen \u00f6neriyle, vicdani ret\u00e7i kabul edilenlerin askerlik \u00f6devlerini \u2018sivil hizmet\u2019 \u015feklinde yapmas\u0131 hedefleniyor. A\u00e7\u0131klamada, &nbsp;\u201cVicdani Ret Hakk\u0131\u2019n\u0131n halen g\u00fcndemde olmas\u0131 ve bu konunun mevzuata dahil edilebilmesi<\/p>\n","protected":false},"author":1,"featured_media":25461,"comment_status":"open","ping_status":"open","sticky":false,"template":"","format":"standard","meta":{"footnotes":""},"categories":[79],"tags":[],"class_list":["post-25460","post","type-post","status-publish","format-standard","has-post-thumbnail","hentry","category-ekonomi"],"yoast_head":"<!-- This site is optimized with the Yoast SEO plugin v27.5 - https:\/\/yoast.com\/product\/yoast-seo-wordpress\/ -->\n<title>Askerlik (De\u011fi\u015fiklik) Yasa \u00d6nerisine ivedilik talebi yar\u0131n Meclis Genel Kurulu\u2019nda ele al\u0131nacak -<\/title>\n<meta name=\"robots\" content=\"index, follow, max-snippet:-1, max-image-preview:large, max-video-preview:-1\" \/>\n<link rel=\"canonical\" href=\"https:\/\/kibrisdakik.com\/?p=25460\" \/>\n<meta property=\"og:locale\" content=\"tr_TR\" \/>\n<meta property=\"og:type\" content=\"article\" \/>\n<meta property=\"og:title\" content=\"Askerlik (De\u011fi\u015fiklik) Yasa \u00d6nerisine ivedilik talebi yar\u0131n Meclis Genel Kurulu\u2019nda ele al\u0131nacak -\" \/>\n<meta property=\"og:description\" content=\"&nbsp;Cumhuriyet\u00e7i T\u00fcrk Partisi (CTP) taraf\u0131ndan Vicdani Ret Hakk\u0131\u2019n\u0131n tan\u0131nmas\u0131 amac\u0131yla meclise sunulan Askerlik (De\u011fi\u015fiklik) Yasa \u00d6nerisine ivedilik talebi yar\u0131n Meclis Genel Kurulu\u2019nda ele al\u0131nacak. CTP\u2019den verilen bilgiye g\u00f6re, ivedili\u011fi istenen \u00f6neriyle, vicdani ret\u00e7i kabul edilenlerin askerlik \u00f6devlerini \u2018sivil hizmet\u2019 \u015feklinde yapmas\u0131 hedefleniyor. A\u00e7\u0131klamada, &nbsp;\u201cVicdani Ret Hakk\u0131\u2019n\u0131n halen g\u00fcndemde olmas\u0131 ve bu konunun mevzuata dahil edilebilmesi\" \/>\n<meta property=\"og:url\" content=\"https:\/\/kibrisdakik.com\/?p=25460\" \/>\n<meta property=\"article:published_time\" content=\"2024-01-07T09:56:03+00:00\" \/>\n<meta property=\"og:image\" content=\"https:\/\/kibrisdakik.com\/wp-content\/uploads\/2024\/01\/askerlik-degisiklik-yasa-onerisine-ivedilik-talebi-yarin-meclis-genel-kurulunda-ele-alinacak-1704621002.webp.webp\" \/>\n\t<meta property=\"og:image:width\" content=\"710\" \/>\n\t<meta property=\"og:image:height\" content=\"370\" \/>\n\t<meta property=\"og:image:type\" content=\"image\/webp\" \/>\n<meta name=\"author\" content=\"admin\" \/>\n<meta name=\"twitter:card\" content=\"summary_large_image\" \/>\n<meta name=\"twitter:label1\" content=\"Yazan:\" \/>\n\t<meta name=\"twitter:data1\" content=\"admin\" \/>\n\t<meta name=\"twitter:label2\" content=\"Tahmini okuma s\u00fcresi\" \/>\n\t<meta name=\"twitter:data2\" content=\"2 dakika\" \/>\n<script type=\"application\/ld+json\" class=\"yoast-schema-graph\">{\"@context\":\"https:\\\/\\\/schema.org\",\"@graph\":[{\"@type\":\"Article\",\"@id\":\"https:\\\/\\\/kibrisdakik.com\\\/?p=25460#article\",\"isPartOf\":{\"@id\":\"https:\\\/\\\/kibrisdakik.com\\\/?p=25460\"},\"author\":{\"name\":\"admin\",\"@id\":\"https:\\\/\\\/kibrisdakik.com\\\/#\\\/schema\\\/person\\\/9cd9d437bbb44f72b73ba127e06d8e79\"},\"headline\":\"Askerlik (De\u011fi\u015fiklik) Yasa \u00d6nerisine ivedilik talebi yar\u0131n Meclis Genel Kurulu\u2019nda ele al\u0131nacak\",\"datePublished\":\"2024-01-07T09:56:03+00:00\",\"mainEntityOfPage\":{\"@id\":\"https:\\\/\\\/kibrisdakik.com\\\/?p=25460\"},\"wordCount\":351,\"commentCount\":0,\"image\":{\"@id\":\"https:\\\/\\\/kibrisdakik.com\\\/?p=25460#primaryimage\"},\"thumbnailUrl\":\"https:\\\/\\\/kibrisdakik.com\\\/wp-content\\\/uploads\\\/2024\\\/01\\\/askerlik-degisiklik-yasa-onerisine-ivedilik-talebi-yarin-meclis-genel-kurulunda-ele-alinacak-1704621002.webp.webp\",\"articleSection\":[\"Ekonomi\"],\"inLanguage\":\"tr\",\"potentialAction\":[{\"@type\":\"CommentAction\",\"name\":\"Comment\",\"target\":[\"https:\\\/\\\/kibrisdakik.com\\\/?p=25460#respond\"]}]},{\"@type\":\"WebPage\",\"@id\":\"https:\\\/\\\/kibrisdakik.com\\\/?p=25460\",\"url\":\"https:\\\/\\\/kibrisdakik.com\\\/?p=25460\",\"name\":\"Askerlik (De\u011fi\u015fiklik) Yasa \u00d6nerisine ivedilik talebi yar\u0131n Meclis Genel Kurulu\u2019nda ele al\u0131nacak -\",\"isPartOf\":{\"@id\":\"https:\\\/\\\/kibrisdakik.com\\\/#website\"},\"primaryImageOfPage\":{\"@id\":\"https:\\\/\\\/kibrisdakik.com\\\/?p=25460#primaryimage\"},\"image\":{\"@id\":\"https:\\\/\\\/kibrisdakik.com\\\/?p=25460#primaryimage\"},\"thumbnailUrl\":\"https:\\\/\\\/kibrisdakik.com\\\/wp-content\\\/uploads\\\/2024\\\/01\\\/askerlik-degisiklik-yasa-onerisine-ivedilik-talebi-yarin-meclis-genel-kurulunda-ele-alinacak-1704621002.webp.webp\",\"datePublished\":\"2024-01-07T09:56:03+00:00\",\"author\":{\"@id\":\"https:\\\/\\\/kibrisdakik.com\\\/#\\\/schema\\\/person\\\/9cd9d437bbb44f72b73ba127e06d8e79\"},\"breadcrumb\":{\"@id\":\"https:\\\/\\\/kibrisdakik.com\\\/?p=25460#breadcrumb\"},\"inLanguage\":\"tr\",\"potentialAction\":[{\"@type\":\"ReadAction\",\"target\":[\"https:\\\/\\\/kibrisdakik.com\\\/?p=25460\"]}]},{\"@type\":\"ImageObject\",\"inLanguage\":\"tr\",\"@id\":\"https:\\\/\\\/kibrisdakik.com\\\/?p=25460#primaryimage\",\"url\":\"https:\\\/\\\/kibrisdakik.com\\\/wp-content\\\/uploads\\\/2024\\\/01\\\/askerlik-degisiklik-yasa-onerisine-ivedilik-talebi-yarin-meclis-genel-kurulunda-ele-alinacak-1704621002.webp.webp\",\"contentUrl\":\"https:\\\/\\\/kibrisdakik.com\\\/wp-content\\\/uploads\\\/2024\\\/01\\\/askerlik-degisiklik-yasa-onerisine-ivedilik-talebi-yarin-meclis-genel-kurulunda-ele-alinacak-1704621002.webp.webp\",\"width\":710,\"height\":370},{\"@type\":\"BreadcrumbList\",\"@id\":\"https:\\\/\\\/kibrisdakik.com\\\/?p=25460#breadcrumb\",\"itemListElement\":[{\"@type\":\"ListItem\",\"position\":1,\"name\":\"Home\",\"item\":\"https:\\\/\\\/kibrisdakik.com\\\/\"},{\"@type\":\"ListItem\",\"position\":2,\"name\":\"Askerlik (De\u011fi\u015fiklik) Yasa \u00d6nerisine ivedilik talebi yar\u0131n Meclis Genel Kurulu\u2019nda ele al\u0131nacak\"}]},{\"@type\":\"WebSite\",\"@id\":\"https:\\\/\\\/kibrisdakik.com\\\/#website\",\"url\":\"https:\\\/\\\/kibrisdakik.com\\\/\",\"name\":\"\",\"description\":\"Tam vaktinde haber\",\"potentialAction\":[{\"@type\":\"SearchAction\",\"target\":{\"@type\":\"EntryPoint\",\"urlTemplate\":\"https:\\\/\\\/kibrisdakik.com\\\/?s={search_term_string}\"},\"query-input\":{\"@type\":\"PropertyValueSpecification\",\"valueRequired\":true,\"valueName\":\"search_term_string\"}}],\"inLanguage\":\"tr\"},{\"@type\":\"Person\",\"@id\":\"https:\\\/\\\/kibrisdakik.com\\\/#\\\/schema\\\/person\\\/9cd9d437bbb44f72b73ba127e06d8e79\",\"name\":\"admin\",\"image\":{\"@type\":\"ImageObject\",\"inLanguage\":\"tr\",\"@id\":\"https:\\\/\\\/secure.gravatar.com\\\/avatar\\\/ccc17943b9d660506c869530f897617f7cb1c21a4bf30023f252596d83e1f007?s=96&d=mm&r=g\",\"url\":\"https:\\\/\\\/secure.gravatar.com\\\/avatar\\\/ccc17943b9d660506c869530f897617f7cb1c21a4bf30023f252596d83e1f007?s=96&d=mm&r=g\",\"contentUrl\":\"https:\\\/\\\/secure.gravatar.com\\\/avatar\\\/ccc17943b9d660506c869530f897617f7cb1c21a4bf30023f252596d83e1f007?s=96&d=mm&r=g\",\"caption\":\"admin\"},\"sameAs\":[\"https:\\\/\\\/kibrisdakik.com\"],\"url\":\"https:\\\/\\\/kibrisdakik.com\\\/?author=1\"}]}<\/script>\n<!-- \/ Yoast SEO plugin. -->","yoast_head_json":{"title":"Askerlik (De\u011fi\u015fiklik) Yasa \u00d6nerisine ivedilik talebi yar\u0131n Meclis Genel Kurulu\u2019nda ele al\u0131nacak -","robots":{"index":"index","follow":"follow","max-snippet":"max-snippet:-1","max-image-preview":"max-image-preview:large","max-video-preview":"max-video-preview:-1"},"canonical":"https:\/\/kibrisdakik.com\/?p=25460","og_locale":"tr_TR","og_type":"article","og_title":"Askerlik (De\u011fi\u015fiklik) Yasa \u00d6nerisine ivedilik talebi yar\u0131n Meclis Genel Kurulu\u2019nda ele al\u0131nacak -","og_description":"&nbsp;Cumhuriyet\u00e7i T\u00fcrk Partisi (CTP) taraf\u0131ndan Vicdani Ret Hakk\u0131\u2019n\u0131n tan\u0131nmas\u0131 amac\u0131yla meclise sunulan Askerlik (De\u011fi\u015fiklik) Yasa \u00d6nerisine ivedilik talebi yar\u0131n Meclis Genel Kurulu\u2019nda ele al\u0131nacak. CTP\u2019den verilen bilgiye g\u00f6re, ivedili\u011fi istenen \u00f6neriyle, vicdani ret\u00e7i kabul edilenlerin askerlik \u00f6devlerini \u2018sivil hizmet\u2019 \u015feklinde yapmas\u0131 hedefleniyor. A\u00e7\u0131klamada, &nbsp;\u201cVicdani Ret Hakk\u0131\u2019n\u0131n halen g\u00fcndemde olmas\u0131 ve bu konunun mevzuata dahil edilebilmesi","og_url":"https:\/\/kibrisdakik.com\/?p=25460","article_published_time":"2024-01-07T09:56:03+00:00","og_image":[{"width":710,"height":370,"url":"https:\/\/kibrisdakik.com\/wp-content\/uploads\/2024\/01\/askerlik-degisiklik-yasa-onerisine-ivedilik-talebi-yarin-meclis-genel-kurulunda-ele-alinacak-1704621002.webp.webp","type":"image\/webp"}],"author":"admin","twitter_card":"summary_large_image","twitter_misc":{"Yazan:":"admin","Tahmini okuma s\u00fcresi":"2 dakika"},"schema":{"@context":"https:\/\/schema.org","@graph":[{"@type":"Article","@id":"https:\/\/kibrisdakik.com\/?p=25460#article","isPartOf":{"@id":"https:\/\/kibrisdakik.com\/?p=25460"},"author":{"name":"admin","@id":"https:\/\/kibrisdakik.com\/#\/schema\/person\/9cd9d437bbb44f72b73ba127e06d8e79"},"headline":"Askerlik (De\u011fi\u015fiklik) Yasa \u00d6nerisine ivedilik talebi yar\u0131n Meclis Genel Kurulu\u2019nda ele al\u0131nacak","datePublished":"2024-01-07T09:56:03+00:00","mainEntityOfPage":{"@id":"https:\/\/kibrisdakik.com\/?p=25460"},"wordCount":351,"commentCount":0,"image":{"@id":"https:\/\/kibrisdakik.com\/?p=25460#primaryimage"},"thumbnailUrl":"https:\/\/kibrisdakik.com\/wp-content\/uploads\/2024\/01\/askerlik-degisiklik-yasa-onerisine-ivedilik-talebi-yarin-meclis-genel-kurulunda-ele-alinacak-1704621002.webp.webp","articleSection":["Ekonomi"],"inLanguage":"tr","potentialAction":[{"@type":"CommentAction","name":"Comment","target":["https:\/\/kibrisdakik.com\/?p=25460#respond"]}]},{"@type":"WebPage","@id":"https:\/\/kibrisdakik.com\/?p=25460","url":"https:\/\/kibrisdakik.com\/?p=25460","name":"Askerlik (De\u011fi\u015fiklik) Yasa \u00d6nerisine ivedilik talebi yar\u0131n Meclis Genel Kurulu\u2019nda ele al\u0131nacak -","isPartOf":{"@id":"https:\/\/kibrisdakik.com\/#website"},"primaryImageOfPage":{"@id":"https:\/\/kibrisdakik.com\/?p=25460#primaryimage"},"image":{"@id":"https:\/\/kibrisdakik.com\/?p=25460#primaryimage"},"thumbnailUrl":"https:\/\/kibrisdakik.com\/wp-content\/uploads\/2024\/01\/askerlik-degisiklik-yasa-onerisine-ivedilik-talebi-yarin-meclis-genel-kurulunda-ele-alinacak-1704621002.webp.webp","datePublished":"2024-01-07T09:56:03+00:00","author":{"@id":"https:\/\/kibrisdakik.com\/#\/schema\/person\/9cd9d437bbb44f72b73ba127e06d8e79"},"breadcrumb":{"@id":"https:\/\/kibrisdakik.com\/?p=25460#breadcrumb"},"inLanguage":"tr","potentialAction":[{"@type":"ReadAction","target":["https:\/\/kibrisdakik.com\/?p=25460"]}]},{"@type":"ImageObject","inLanguage":"tr","@id":"https:\/\/kibrisdakik.com\/?p=25460#primaryimage","url":"https:\/\/kibrisdakik.com\/wp-content\/uploads\/2024\/01\/askerlik-degisiklik-yasa-onerisine-ivedilik-talebi-yarin-meclis-genel-kurulunda-ele-alinacak-1704621002.webp.webp","contentUrl":"https:\/\/kibrisdakik.com\/wp-content\/uploads\/2024\/01\/askerlik-degisiklik-yasa-onerisine-ivedilik-talebi-yarin-meclis-genel-kurulunda-ele-alinacak-1704621002.webp.webp","width":710,"height":370},{"@type":"BreadcrumbList","@id":"https:\/\/kibrisdakik.com\/?p=25460#breadcrumb","itemListElement":[{"@type":"ListItem","position":1,"name":"Home","item":"https:\/\/kibrisdakik.com\/"},{"@type":"ListItem","position":2,"name":"Askerlik (De\u011fi\u015fiklik) Yasa \u00d6nerisine ivedilik talebi yar\u0131n Meclis Genel Kurulu\u2019nda ele al\u0131nacak"}]},{"@type":"WebSite","@id":"https:\/\/kibrisdakik.com\/#website","url":"https:\/\/kibrisdakik.com\/","name":"","description":"Tam vaktinde haber","potentialAction":[{"@type":"SearchAction","target":{"@type":"EntryPoint","urlTemplate":"https:\/\/kibrisdakik.com\/?s={search_term_string}"},"query-input":{"@type":"PropertyValueSpecification","valueRequired":true,"valueName":"search_term_string"}}],"inLanguage":"tr"},{"@type":"Person","@id":"https:\/\/kibrisdakik.com\/#\/schema\/person\/9cd9d437bbb44f72b73ba127e06d8e79","name":"admin","image":{"@type":"ImageObject","inLanguage":"tr","@id":"https:\/\/secure.gravatar.com\/avatar\/ccc17943b9d660506c869530f897617f7cb1c21a4bf30023f252596d83e1f007?s=96&d=mm&r=g","url":"https:\/\/secure.gravatar.com\/avatar\/ccc17943b9d660506c869530f897617f7cb1c21a4bf30023f252596d83e1f007?s=96&d=mm&r=g","contentUrl":"https:\/\/secure.gravatar.com\/avatar\/ccc17943b9d660506c869530f897617f7cb1c21a4bf30023f252596d83e1f007?s=96&d=mm&r=g","caption":"admin"},"sameAs":["https:\/\/kibrisdakik.com"],"url":"https:\/\/kibrisdakik.com\/?author=1"}]}},"_links":{"self":[{"href":"https:\/\/kibrisdakik.com\/index.php?rest_route=\/wp\/v2\/posts\/25460","targetHints":{"allow":["GET"]}}],"collection":[{"href":"https:\/\/kibrisdakik.com\/index.php?rest_route=\/wp\/v2\/posts"}],"about":[{"href":"https:\/\/kibrisdakik.com\/index.php?rest_route=\/wp\/v2\/types\/post"}],"author":[{"embeddable":true,"href":"https:\/\/kibrisdakik.com\/index.php?rest_route=\/wp\/v2\/users\/1"}],"replies":[{"embeddable":true,"href":"https:\/\/kibrisdakik.com\/index.php?rest_route=%2Fwp%2Fv2%2Fcomments&post=25460"}],"version-history":[{"count":0,"href":"https:\/\/kibrisdakik.com\/index.php?rest_route=\/wp\/v2\/posts\/25460\/revisions"}],"wp:featuredmedia":[{"embeddable":true,"href":"https:\/\/kibrisdakik.com\/index.php?rest_route=\/wp\/v2\/media\/25461"}],"wp:attachment":[{"href":"https:\/\/kibrisdakik.com\/index.php?rest_route=%2Fwp%2Fv2%2Fmedia&parent=25460"}],"wp:term":[{"taxonomy":"category","embeddable":true,"href":"https:\/\/kibrisdakik.com\/index.php?rest_route=%2Fwp%2Fv2%2Fcategories&post=25460"},{"taxonomy":"post_tag","embeddable":true,"href":"https:\/\/kibrisdakik.com\/index.php?rest_route=%2Fwp%2Fv2%2Ftags&post=25460"}],"curies":[{"name":"wp","href":"https:\/\/api.w.org\/{rel}","templated":true}]}}