{"id":25534,"date":"2024-01-08T07:13:09","date_gmt":"2024-01-08T07:13:09","guid":{"rendered":"https:\/\/kibrisdakik.com\/index.php\/2024\/01\/08\/yenibogazici-kavsagi-yakinlarinda-trafik-kazasi-1-kisi-hayatini-kaybetti\/"},"modified":"2024-01-08T07:13:09","modified_gmt":"2024-01-08T07:13:09","slug":"yenibogazici-kavsagi-yakinlarinda-trafik-kazasi-1-kisi-hayatini-kaybetti","status":"publish","type":"post","link":"https:\/\/kibrisdakik.com\/?p=25534","title":{"rendered":"Yenibo\u011fazi\u00e7i kav\u015fa\u011f\u0131 yak\u0131nlar\u0131nda trafik kazas\u0131: 1 ki\u015fi hayat\u0131n\u0131 kaybetti"},"content":{"rendered":"<p><img decoding=\"async\" src=\"https:\/\/www.kibristurk.com\/images\/haberler\/2024\/01\/yenibogazici-kavsagi-yakinlarinda-trafik-kazasi-1-kisi-hayatini-kaybetti-1704697444.webp\" \/><\/p>\n<p>Gazima\u011fusa &#8211; \u0130skele ana yolu, Yenibo\u011fazi\u00e7i kav\u015fa\u011f\u0131 yak\u0131nlar\u0131nda yoldan \u00e7\u0131kan ara\u00e7, a\u011faca \u00e7arpt\u0131. Kaza ihbar\u0131 \u00fczerine polis sa\u011fl\u0131k ve itfaiye ekipleri olay yerine sevk edildi. Olay yerinden edinilen ilk bilgilere g\u00f6re, bir ki\u015fi ya\u015fam\u0131n\u0131 yitirdi.<\/p>\n","protected":false},"excerpt":{"rendered":"<p>Gazima\u011fusa &#8211; \u0130skele ana yolu, Yenibo\u011fazi\u00e7i kav\u015fa\u011f\u0131 yak\u0131nlar\u0131nda yoldan \u00e7\u0131kan ara\u00e7, a\u011faca \u00e7arpt\u0131. Kaza ihbar\u0131 \u00fczerine polis sa\u011fl\u0131k ve itfaiye ekipleri olay yerine sevk edildi. Olay yerinden edinilen ilk bilgilere g\u00f6re, bir ki\u015fi ya\u015fam\u0131n\u0131 yitirdi.<\/p>\n","protected":false},"author":1,"featured_media":25535,"comment_status":"open","ping_status":"open","sticky":false,"template":"","format":"standard","meta":{"footnotes":""},"categories":[1],"tags":[],"class_list":["post-25534","post","type-post","status-publish","format-standard","has-post-thumbnail","hentry","category-gundem"],"yoast_head":"<!-- This site is optimized with the Yoast SEO plugin v27.5 - https:\/\/yoast.com\/product\/yoast-seo-wordpress\/ -->\n<title>Yenibo\u011fazi\u00e7i kav\u015fa\u011f\u0131 yak\u0131nlar\u0131nda trafik kazas\u0131: 1 ki\u015fi hayat\u0131n\u0131 kaybetti -<\/title>\n<meta name=\"robots\" content=\"index, follow, max-snippet:-1, max-image-preview:large, max-video-preview:-1\" \/>\n<link rel=\"canonical\" href=\"https:\/\/kibrisdakik.com\/?p=25534\" \/>\n<meta property=\"og:locale\" content=\"tr_TR\" \/>\n<meta property=\"og:type\" content=\"article\" \/>\n<meta property=\"og:title\" content=\"Yenibo\u011fazi\u00e7i kav\u015fa\u011f\u0131 yak\u0131nlar\u0131nda trafik kazas\u0131: 1 ki\u015fi hayat\u0131n\u0131 kaybetti -\" \/>\n<meta property=\"og:description\" content=\"Gazima\u011fusa &#8211; \u0130skele ana yolu, Yenibo\u011fazi\u00e7i kav\u015fa\u011f\u0131 yak\u0131nlar\u0131nda yoldan \u00e7\u0131kan ara\u00e7, a\u011faca \u00e7arpt\u0131. Kaza ihbar\u0131 \u00fczerine polis sa\u011fl\u0131k ve itfaiye ekipleri olay yerine sevk edildi. Olay yerinden edinilen ilk bilgilere g\u00f6re, bir ki\u015fi ya\u015fam\u0131n\u0131 yitirdi.\" \/>\n<meta property=\"og:url\" content=\"https:\/\/kibrisdakik.com\/?p=25534\" \/>\n<meta property=\"article:published_time\" content=\"2024-01-08T07:13:09+00:00\" \/>\n<meta property=\"og:image\" content=\"https:\/\/kibrisdakik.com\/wp-content\/uploads\/2024\/01\/yenibogazici-kavsagi-yakinlarinda-trafik-kazasi-1-kisi-hayatini-kaybetti-1704697444.webp.webp\" \/>\n\t<meta property=\"og:image:width\" content=\"710\" \/>\n\t<meta property=\"og:image:height\" content=\"370\" \/>\n\t<meta property=\"og:image:type\" content=\"image\/webp\" \/>\n<meta name=\"author\" content=\"admin\" \/>\n<meta name=\"twitter:card\" content=\"summary_large_image\" \/>\n<meta name=\"twitter:label1\" content=\"Yazan:\" \/>\n\t<meta name=\"twitter:data1\" content=\"admin\" \/>\n<script type=\"application\/ld+json\" class=\"yoast-schema-graph\">{\"@context\":\"https:\\\/\\\/schema.org\",\"@graph\":[{\"@type\":\"Article\",\"@id\":\"https:\\\/\\\/kibrisdakik.com\\\/?p=25534#article\",\"isPartOf\":{\"@id\":\"https:\\\/\\\/kibrisdakik.com\\\/?p=25534\"},\"author\":{\"name\":\"admin\",\"@id\":\"https:\\\/\\\/kibrisdakik.com\\\/#\\\/schema\\\/person\\\/9cd9d437bbb44f72b73ba127e06d8e79\"},\"headline\":\"Yenibo\u011fazi\u00e7i kav\u015fa\u011f\u0131 yak\u0131nlar\u0131nda trafik kazas\u0131: 1 ki\u015fi hayat\u0131n\u0131 kaybetti\",\"datePublished\":\"2024-01-08T07:13:09+00:00\",\"mainEntityOfPage\":{\"@id\":\"https:\\\/\\\/kibrisdakik.com\\\/?p=25534\"},\"wordCount\":63,\"commentCount\":0,\"image\":{\"@id\":\"https:\\\/\\\/kibrisdakik.com\\\/?p=25534#primaryimage\"},\"thumbnailUrl\":\"https:\\\/\\\/kibrisdakik.com\\\/wp-content\\\/uploads\\\/2024\\\/01\\\/yenibogazici-kavsagi-yakinlarinda-trafik-kazasi-1-kisi-hayatini-kaybetti-1704697444.webp.webp\",\"articleSection\":[\"G\u00fcndem\"],\"inLanguage\":\"tr\",\"potentialAction\":[{\"@type\":\"CommentAction\",\"name\":\"Comment\",\"target\":[\"https:\\\/\\\/kibrisdakik.com\\\/?p=25534#respond\"]}]},{\"@type\":\"WebPage\",\"@id\":\"https:\\\/\\\/kibrisdakik.com\\\/?p=25534\",\"url\":\"https:\\\/\\\/kibrisdakik.com\\\/?p=25534\",\"name\":\"Yenibo\u011fazi\u00e7i kav\u015fa\u011f\u0131 yak\u0131nlar\u0131nda trafik kazas\u0131: 1 ki\u015fi hayat\u0131n\u0131 kaybetti -\",\"isPartOf\":{\"@id\":\"https:\\\/\\\/kibrisdakik.com\\\/#website\"},\"primaryImageOfPage\":{\"@id\":\"https:\\\/\\\/kibrisdakik.com\\\/?p=25534#primaryimage\"},\"image\":{\"@id\":\"https:\\\/\\\/kibrisdakik.com\\\/?p=25534#primaryimage\"},\"thumbnailUrl\":\"https:\\\/\\\/kibrisdakik.com\\\/wp-content\\\/uploads\\\/2024\\\/01\\\/yenibogazici-kavsagi-yakinlarinda-trafik-kazasi-1-kisi-hayatini-kaybetti-1704697444.webp.webp\",\"datePublished\":\"2024-01-08T07:13:09+00:00\",\"author\":{\"@id\":\"https:\\\/\\\/kibrisdakik.com\\\/#\\\/schema\\\/person\\\/9cd9d437bbb44f72b73ba127e06d8e79\"},\"breadcrumb\":{\"@id\":\"https:\\\/\\\/kibrisdakik.com\\\/?p=25534#breadcrumb\"},\"inLanguage\":\"tr\",\"potentialAction\":[{\"@type\":\"ReadAction\",\"target\":[\"https:\\\/\\\/kibrisdakik.com\\\/?p=25534\"]}]},{\"@type\":\"ImageObject\",\"inLanguage\":\"tr\",\"@id\":\"https:\\\/\\\/kibrisdakik.com\\\/?p=25534#primaryimage\",\"url\":\"https:\\\/\\\/kibrisdakik.com\\\/wp-content\\\/uploads\\\/2024\\\/01\\\/yenibogazici-kavsagi-yakinlarinda-trafik-kazasi-1-kisi-hayatini-kaybetti-1704697444.webp.webp\",\"contentUrl\":\"https:\\\/\\\/kibrisdakik.com\\\/wp-content\\\/uploads\\\/2024\\\/01\\\/yenibogazici-kavsagi-yakinlarinda-trafik-kazasi-1-kisi-hayatini-kaybetti-1704697444.webp.webp\",\"width\":710,\"height\":370},{\"@type\":\"BreadcrumbList\",\"@id\":\"https:\\\/\\\/kibrisdakik.com\\\/?p=25534#breadcrumb\",\"itemListElement\":[{\"@type\":\"ListItem\",\"position\":1,\"name\":\"Home\",\"item\":\"https:\\\/\\\/kibrisdakik.com\\\/\"},{\"@type\":\"ListItem\",\"position\":2,\"name\":\"Yenibo\u011fazi\u00e7i kav\u015fa\u011f\u0131 yak\u0131nlar\u0131nda trafik kazas\u0131: 1 ki\u015fi hayat\u0131n\u0131 kaybetti\"}]},{\"@type\":\"WebSite\",\"@id\":\"https:\\\/\\\/kibrisdakik.com\\\/#website\",\"url\":\"https:\\\/\\\/kibrisdakik.com\\\/\",\"name\":\"\",\"description\":\"Tam vaktinde haber\",\"potentialAction\":[{\"@type\":\"SearchAction\",\"target\":{\"@type\":\"EntryPoint\",\"urlTemplate\":\"https:\\\/\\\/kibrisdakik.com\\\/?s={search_term_string}\"},\"query-input\":{\"@type\":\"PropertyValueSpecification\",\"valueRequired\":true,\"valueName\":\"search_term_string\"}}],\"inLanguage\":\"tr\"},{\"@type\":\"Person\",\"@id\":\"https:\\\/\\\/kibrisdakik.com\\\/#\\\/schema\\\/person\\\/9cd9d437bbb44f72b73ba127e06d8e79\",\"name\":\"admin\",\"image\":{\"@type\":\"ImageObject\",\"inLanguage\":\"tr\",\"@id\":\"https:\\\/\\\/secure.gravatar.com\\\/avatar\\\/ccc17943b9d660506c869530f897617f7cb1c21a4bf30023f252596d83e1f007?s=96&d=mm&r=g\",\"url\":\"https:\\\/\\\/secure.gravatar.com\\\/avatar\\\/ccc17943b9d660506c869530f897617f7cb1c21a4bf30023f252596d83e1f007?s=96&d=mm&r=g\",\"contentUrl\":\"https:\\\/\\\/secure.gravatar.com\\\/avatar\\\/ccc17943b9d660506c869530f897617f7cb1c21a4bf30023f252596d83e1f007?s=96&d=mm&r=g\",\"caption\":\"admin\"},\"sameAs\":[\"https:\\\/\\\/kibrisdakik.com\"],\"url\":\"https:\\\/\\\/kibrisdakik.com\\\/?author=1\"}]}<\/script>\n<!-- \/ Yoast SEO plugin. -->","yoast_head_json":{"title":"Yenibo\u011fazi\u00e7i kav\u015fa\u011f\u0131 yak\u0131nlar\u0131nda trafik kazas\u0131: 1 ki\u015fi hayat\u0131n\u0131 kaybetti -","robots":{"index":"index","follow":"follow","max-snippet":"max-snippet:-1","max-image-preview":"max-image-preview:large","max-video-preview":"max-video-preview:-1"},"canonical":"https:\/\/kibrisdakik.com\/?p=25534","og_locale":"tr_TR","og_type":"article","og_title":"Yenibo\u011fazi\u00e7i kav\u015fa\u011f\u0131 yak\u0131nlar\u0131nda trafik kazas\u0131: 1 ki\u015fi hayat\u0131n\u0131 kaybetti -","og_description":"Gazima\u011fusa &#8211; \u0130skele ana yolu, Yenibo\u011fazi\u00e7i kav\u015fa\u011f\u0131 yak\u0131nlar\u0131nda yoldan \u00e7\u0131kan ara\u00e7, a\u011faca \u00e7arpt\u0131. Kaza ihbar\u0131 \u00fczerine polis sa\u011fl\u0131k ve itfaiye ekipleri olay yerine sevk edildi. Olay yerinden edinilen ilk bilgilere g\u00f6re, bir ki\u015fi ya\u015fam\u0131n\u0131 yitirdi.","og_url":"https:\/\/kibrisdakik.com\/?p=25534","article_published_time":"2024-01-08T07:13:09+00:00","og_image":[{"width":710,"height":370,"url":"https:\/\/kibrisdakik.com\/wp-content\/uploads\/2024\/01\/yenibogazici-kavsagi-yakinlarinda-trafik-kazasi-1-kisi-hayatini-kaybetti-1704697444.webp.webp","type":"image\/webp"}],"author":"admin","twitter_card":"summary_large_image","twitter_misc":{"Yazan:":"admin"},"schema":{"@context":"https:\/\/schema.org","@graph":[{"@type":"Article","@id":"https:\/\/kibrisdakik.com\/?p=25534#article","isPartOf":{"@id":"https:\/\/kibrisdakik.com\/?p=25534"},"author":{"name":"admin","@id":"https:\/\/kibrisdakik.com\/#\/schema\/person\/9cd9d437bbb44f72b73ba127e06d8e79"},"headline":"Yenibo\u011fazi\u00e7i kav\u015fa\u011f\u0131 yak\u0131nlar\u0131nda trafik kazas\u0131: 1 ki\u015fi hayat\u0131n\u0131 kaybetti","datePublished":"2024-01-08T07:13:09+00:00","mainEntityOfPage":{"@id":"https:\/\/kibrisdakik.com\/?p=25534"},"wordCount":63,"commentCount":0,"image":{"@id":"https:\/\/kibrisdakik.com\/?p=25534#primaryimage"},"thumbnailUrl":"https:\/\/kibrisdakik.com\/wp-content\/uploads\/2024\/01\/yenibogazici-kavsagi-yakinlarinda-trafik-kazasi-1-kisi-hayatini-kaybetti-1704697444.webp.webp","articleSection":["G\u00fcndem"],"inLanguage":"tr","potentialAction":[{"@type":"CommentAction","name":"Comment","target":["https:\/\/kibrisdakik.com\/?p=25534#respond"]}]},{"@type":"WebPage","@id":"https:\/\/kibrisdakik.com\/?p=25534","url":"https:\/\/kibrisdakik.com\/?p=25534","name":"Yenibo\u011fazi\u00e7i kav\u015fa\u011f\u0131 yak\u0131nlar\u0131nda trafik kazas\u0131: 1 ki\u015fi hayat\u0131n\u0131 kaybetti -","isPartOf":{"@id":"https:\/\/kibrisdakik.com\/#website"},"primaryImageOfPage":{"@id":"https:\/\/kibrisdakik.com\/?p=25534#primaryimage"},"image":{"@id":"https:\/\/kibrisdakik.com\/?p=25534#primaryimage"},"thumbnailUrl":"https:\/\/kibrisdakik.com\/wp-content\/uploads\/2024\/01\/yenibogazici-kavsagi-yakinlarinda-trafik-kazasi-1-kisi-hayatini-kaybetti-1704697444.webp.webp","datePublished":"2024-01-08T07:13:09+00:00","author":{"@id":"https:\/\/kibrisdakik.com\/#\/schema\/person\/9cd9d437bbb44f72b73ba127e06d8e79"},"breadcrumb":{"@id":"https:\/\/kibrisdakik.com\/?p=25534#breadcrumb"},"inLanguage":"tr","potentialAction":[{"@type":"ReadAction","target":["https:\/\/kibrisdakik.com\/?p=25534"]}]},{"@type":"ImageObject","inLanguage":"tr","@id":"https:\/\/kibrisdakik.com\/?p=25534#primaryimage","url":"https:\/\/kibrisdakik.com\/wp-content\/uploads\/2024\/01\/yenibogazici-kavsagi-yakinlarinda-trafik-kazasi-1-kisi-hayatini-kaybetti-1704697444.webp.webp","contentUrl":"https:\/\/kibrisdakik.com\/wp-content\/uploads\/2024\/01\/yenibogazici-kavsagi-yakinlarinda-trafik-kazasi-1-kisi-hayatini-kaybetti-1704697444.webp.webp","width":710,"height":370},{"@type":"BreadcrumbList","@id":"https:\/\/kibrisdakik.com\/?p=25534#breadcrumb","itemListElement":[{"@type":"ListItem","position":1,"name":"Home","item":"https:\/\/kibrisdakik.com\/"},{"@type":"ListItem","position":2,"name":"Yenibo\u011fazi\u00e7i kav\u015fa\u011f\u0131 yak\u0131nlar\u0131nda trafik kazas\u0131: 1 ki\u015fi hayat\u0131n\u0131 kaybetti"}]},{"@type":"WebSite","@id":"https:\/\/kibrisdakik.com\/#website","url":"https:\/\/kibrisdakik.com\/","name":"","description":"Tam vaktinde haber","potentialAction":[{"@type":"SearchAction","target":{"@type":"EntryPoint","urlTemplate":"https:\/\/kibrisdakik.com\/?s={search_term_string}"},"query-input":{"@type":"PropertyValueSpecification","valueRequired":true,"valueName":"search_term_string"}}],"inLanguage":"tr"},{"@type":"Person","@id":"https:\/\/kibrisdakik.com\/#\/schema\/person\/9cd9d437bbb44f72b73ba127e06d8e79","name":"admin","image":{"@type":"ImageObject","inLanguage":"tr","@id":"https:\/\/secure.gravatar.com\/avatar\/ccc17943b9d660506c869530f897617f7cb1c21a4bf30023f252596d83e1f007?s=96&d=mm&r=g","url":"https:\/\/secure.gravatar.com\/avatar\/ccc17943b9d660506c869530f897617f7cb1c21a4bf30023f252596d83e1f007?s=96&d=mm&r=g","contentUrl":"https:\/\/secure.gravatar.com\/avatar\/ccc17943b9d660506c869530f897617f7cb1c21a4bf30023f252596d83e1f007?s=96&d=mm&r=g","caption":"admin"},"sameAs":["https:\/\/kibrisdakik.com"],"url":"https:\/\/kibrisdakik.com\/?author=1"}]}},"_links":{"self":[{"href":"https:\/\/kibrisdakik.com\/index.php?rest_route=\/wp\/v2\/posts\/25534","targetHints":{"allow":["GET"]}}],"collection":[{"href":"https:\/\/kibrisdakik.com\/index.php?rest_route=\/wp\/v2\/posts"}],"about":[{"href":"https:\/\/kibrisdakik.com\/index.php?rest_route=\/wp\/v2\/types\/post"}],"author":[{"embeddable":true,"href":"https:\/\/kibrisdakik.com\/index.php?rest_route=\/wp\/v2\/users\/1"}],"replies":[{"embeddable":true,"href":"https:\/\/kibrisdakik.com\/index.php?rest_route=%2Fwp%2Fv2%2Fcomments&post=25534"}],"version-history":[{"count":0,"href":"https:\/\/kibrisdakik.com\/index.php?rest_route=\/wp\/v2\/posts\/25534\/revisions"}],"wp:featuredmedia":[{"embeddable":true,"href":"https:\/\/kibrisdakik.com\/index.php?rest_route=\/wp\/v2\/media\/25535"}],"wp:attachment":[{"href":"https:\/\/kibrisdakik.com\/index.php?rest_route=%2Fwp%2Fv2%2Fmedia&parent=25534"}],"wp:term":[{"taxonomy":"category","embeddable":true,"href":"https:\/\/kibrisdakik.com\/index.php?rest_route=%2Fwp%2Fv2%2Fcategories&post=25534"},{"taxonomy":"post_tag","embeddable":true,"href":"https:\/\/kibrisdakik.com\/index.php?rest_route=%2Fwp%2Fv2%2Ftags&post=25534"}],"curies":[{"name":"wp","href":"https:\/\/api.w.org\/{rel}","templated":true}]}}