{"id":25582,"date":"2024-01-08T12:25:50","date_gmt":"2024-01-08T12:25:50","guid":{"rendered":"https:\/\/kibrisdakik.com\/index.php\/2024\/01\/08\/istanbulda-suc-orgutu-operasyonunda-65-zanli-adliyede-busranin-olumu-dahil-25-eyleme-karistilar\/"},"modified":"2024-01-08T12:25:50","modified_gmt":"2024-01-08T12:25:50","slug":"istanbulda-suc-orgutu-operasyonunda-65-zanli-adliyede-busranin-olumu-dahil-25-eyleme-karistilar","status":"publish","type":"post","link":"https:\/\/kibrisdakik.com\/?p=25582","title":{"rendered":"\u0130stanbul\u2019da su\u00e7 \u00f6rg\u00fct\u00fc operasyonunda 65 zanl\u0131 adliyede (B\u00fc\u015fra\u2019n\u0131n \u00f6l\u00fcm\u00fc dahil 25 eyleme kar\u0131\u015ft\u0131lar)"},"content":{"rendered":"<p><\/p>\n<p>\u0130stanbul\u2019da faaliyet g\u00f6steren iki farkl\u0131 su\u00e7 \u00f6rg\u00fct\u00fcne y\u00f6nelik 7 ilde d\u00fczenlenen operasyonlarda g\u00f6zalt\u0131na al\u0131nan 65 \u015f\u00fcpheli adliyeye sevk edildi.<\/p>\n<p>\u0130stanbul Organize Su\u00e7larla M\u00fccadele \u015eube M\u00fcd\u00fcrl\u00fc\u011f\u00fc taraf\u0131ndan d\u00fczenlenen operasyonda, eleba\u015f\u0131l\u0131\u011f\u0131n\u0131 hakk\u0131nda k\u0131rm\u0131z\u0131 b\u00fcltenle yakalama karar\u0131 bulunan Volkan Re\u00e7ber\u2019in yapt\u0131\u011f\u0131 su\u00e7 \u00f6rg\u00fct\u00fc ile eleba\u015f\u0131l\u0131\u011f\u0131n\u0131 Emrah Sever\u2019in yapt\u0131\u011f\u0131 su\u00e7 \u00f6rg\u00fct\u00fcne y\u00f6nelik operasyonlarda yakalanan 65 \u015f\u00fcphelinin emniyetteki i\u015flemleri tamamland\u0131.<\/p>\n<p>Sa\u011fl\u0131k kontrol\u00fcnden ge\u00e7irilen \u015f\u00fcpheliler daha sonra adliyeye sevk edildi.<\/p>\n<p><strong>B\u00dc\u015eRA\u2019NIN \u00d6LD\u00dc\u011e\u00dc OLAYDA KULLANILAN S\u0130LAH ELE GE\u00c7\u0130R\u0130LD\u0130<\/strong><\/p>\n<p>Aralar\u0131nda daha \u00f6nce husumet bulunan ve son zamanlarda silahl\u0131 \u00e7at\u0131\u015fma ya\u015fanan iki su\u00e7 \u00f6rg\u00fct\u00fc \u00fcyelerinin kasten \u00f6ld\u00fcrme, kasten \u00f6ld\u00fcrmeye te\u015febb\u00fcs etme ve silahla kasten yaralama gibi 25 ayr\u0131 eyleme kar\u0131\u015ft\u0131klar\u0131 \u00f6\u011frenildi.<\/p>\n<p>Haklar\u0131nda g\u00f6zalt\u0131 karar\u0131 verilen 87 \u015f\u00fcphelinin belirlenen adreslerine 5 Ocak\u2019ta d\u00fczenlenen e\u015f zamanl\u0131 operasyonlarda ele ge\u00e7irilen 30 ruhsats\u0131z tabanca, 6 uzun namlulu silah, 1 otomatik tabanca ile 4 \u00e7elik yelek, \u0130stanbul Emniyet M\u00fcd\u00fcrl\u00fc\u011f\u00fcn\u00fcn Vatan Caddesi\u2019ndeki yerle\u015fkesinde sergilendi.<\/p>\n<p>Ele ge\u00e7irilen silahlar aras\u0131nda Sultangazi\u2019de iki grup aras\u0131nda \u00e7\u0131kan silahl\u0131 \u00e7at\u0131\u015fman\u0131n ortas\u0131nda kalarak a\u011f\u0131r yaralanan ve tedavi g\u00f6rd\u00fc\u011f\u00fc hastanede ya\u015fam\u0131n\u0131 yitiren 15 ya\u015f\u0131ndaki B\u00fc\u015fra Polat\u2019\u0131n \u00f6l\u00fcm\u00fcne neden olan silah da yer ald\u0131.<\/p>\n<p><img decoding=\"async\" alt=\"\u0130stanbul\u2019da su\u00e7 \u00f6rg\u00fct\u00fc operasyonunda 65 zanl\u0131 adliyede (B\u00fc\u015fra\u2019n\u0131n \u00f6l\u00fcm\u00fc dahil 25 eyleme kar\u0131\u015ft\u0131lar) - 1\" src=\"https:\/\/cdn1.ntv.com.tr\/gorsel\/j7pGPzUCx0GtFmA7FjhotQ.jpg?width=960&amp;mode=crop&amp;scale=both\" \/><\/p>\n<p><strong>NE OLMU\u015eTU?<\/strong><\/p>\n<p>\u0130stanbul Organize Su\u00e7larla M\u00fccadele \u015eube M\u00fcd\u00fcrl\u00fc\u011f\u00fcnce \u0130stanbul merkezli 7 ilde d\u00fczenlenen e\u015f zamanl\u0131 operasyonlarda eleba\u015fl\u0131\u011f\u0131n\u0131 Emrah Sever ve Volkan Re\u00e7ber&#8217;in yapt\u0131\u011f\u0131 iki ayr\u0131 su\u00e7 \u00f6rg\u00fct\u00fcne y\u00f6nelik e\u015f zamanl\u0131 operasyonlarda haklar\u0131nda g\u00f6zalt\u0131 karar\u0131 bulunan 87 \u015f\u00fcpheliden 65\u2019i yakalanm\u0131\u015ft\u0131.<\/p>\n<p>\u0130\u00e7i\u015fleri Bakan\u0131 Ali Yerlikaya 5 Ocak\u2019ta X sosyal medya hesab\u0131ndan yapt\u0131\u011f\u0131 payla\u015f\u0131mda, \u0130stanbul merkezli 7 ilde e\u015f zamanl\u0131 d\u00fczenlenen Kafes-29 operasyonlar\u0131nda Volkan Re\u00e7ber ve Emrah Sever&#8217;in eleba\u015f\u0131 oldu\u011fu 2 b\u00f6lgesel organize su\u00e7 \u00f6rg\u00fct\u00fcn\u00fcn \u00e7\u00f6kertildi\u011fini a\u00e7\u0131klam\u0131\u015ft\u0131.<\/p>\n<p>Sultangazi\u2019de s\u00f6z konusu su\u00e7 \u00f6rg\u00fct\u00fc \u00fcyeleri aras\u0131nda 30 Aral\u0131k 2023\u2019te \u00e7\u0131kan silahl\u0131 \u00e7at\u0131\u015fmada, ailesiyle otomobille seyir halindeyken ba\u015f\u0131na isabet eden mermiyle a\u011f\u0131r yaralanan 15 ya\u015f\u0131ndaki B\u00fc\u015fra Polat, kald\u0131r\u0131ld\u0131\u011f\u0131 Sultangazi Haseki E\u011fitim ve Ara\u015ft\u0131rma Hastanesi\u2019nde 2 Ocak\u2019ta ya\u015fam\u0131n\u0131 yitirmi\u015fti.<\/p>\n","protected":false},"excerpt":{"rendered":"<p>\u0130stanbul\u2019da faaliyet g\u00f6steren iki farkl\u0131 su\u00e7 \u00f6rg\u00fct\u00fcne y\u00f6nelik 7 ilde d\u00fczenlenen operasyonlarda g\u00f6zalt\u0131na al\u0131nan 65 \u015f\u00fcpheli adliyeye sevk edildi. \u0130stanbul Organize Su\u00e7larla M\u00fccadele \u015eube M\u00fcd\u00fcrl\u00fc\u011f\u00fc taraf\u0131ndan d\u00fczenlenen operasyonda, eleba\u015f\u0131l\u0131\u011f\u0131n\u0131 hakk\u0131nda k\u0131rm\u0131z\u0131 b\u00fcltenle yakalama karar\u0131 bulunan Volkan Re\u00e7ber\u2019in yapt\u0131\u011f\u0131 su\u00e7 \u00f6rg\u00fct\u00fc ile eleba\u015f\u0131l\u0131\u011f\u0131n\u0131 Emrah Sever\u2019in yapt\u0131\u011f\u0131 su\u00e7 \u00f6rg\u00fct\u00fcne y\u00f6nelik operasyonlarda yakalanan 65 \u015f\u00fcphelinin emniyetteki i\u015flemleri tamamland\u0131.<\/p>\n","protected":false},"author":1,"featured_media":25583,"comment_status":"open","ping_status":"open","sticky":false,"template":"","format":"standard","meta":{"footnotes":""},"categories":[85],"tags":[],"class_list":["post-25582","post","type-post","status-publish","format-standard","has-post-thumbnail","hentry","category-spor"],"yoast_head":"<!-- This site is optimized with the Yoast SEO plugin v27.4 - https:\/\/yoast.com\/product\/yoast-seo-wordpress\/ -->\n<title>\u0130stanbul\u2019da su\u00e7 \u00f6rg\u00fct\u00fc operasyonunda 65 zanl\u0131 adliyede (B\u00fc\u015fra\u2019n\u0131n \u00f6l\u00fcm\u00fc dahil 25 eyleme kar\u0131\u015ft\u0131lar) -<\/title>\n<meta name=\"robots\" content=\"index, follow, max-snippet:-1, max-image-preview:large, max-video-preview:-1\" \/>\n<link rel=\"canonical\" href=\"https:\/\/kibrisdakik.com\/?p=25582\" \/>\n<meta property=\"og:locale\" content=\"tr_TR\" \/>\n<meta property=\"og:type\" content=\"article\" \/>\n<meta property=\"og:title\" content=\"\u0130stanbul\u2019da su\u00e7 \u00f6rg\u00fct\u00fc operasyonunda 65 zanl\u0131 adliyede (B\u00fc\u015fra\u2019n\u0131n \u00f6l\u00fcm\u00fc dahil 25 eyleme kar\u0131\u015ft\u0131lar) -\" \/>\n<meta property=\"og:description\" content=\"\u0130stanbul\u2019da faaliyet g\u00f6steren iki farkl\u0131 su\u00e7 \u00f6rg\u00fct\u00fcne y\u00f6nelik 7 ilde d\u00fczenlenen operasyonlarda g\u00f6zalt\u0131na al\u0131nan 65 \u015f\u00fcpheli adliyeye sevk edildi. \u0130stanbul Organize Su\u00e7larla M\u00fccadele \u015eube M\u00fcd\u00fcrl\u00fc\u011f\u00fc taraf\u0131ndan d\u00fczenlenen operasyonda, eleba\u015f\u0131l\u0131\u011f\u0131n\u0131 hakk\u0131nda k\u0131rm\u0131z\u0131 b\u00fcltenle yakalama karar\u0131 bulunan Volkan Re\u00e7ber\u2019in yapt\u0131\u011f\u0131 su\u00e7 \u00f6rg\u00fct\u00fc ile eleba\u015f\u0131l\u0131\u011f\u0131n\u0131 Emrah Sever\u2019in yapt\u0131\u011f\u0131 su\u00e7 \u00f6rg\u00fct\u00fcne y\u00f6nelik operasyonlarda yakalanan 65 \u015f\u00fcphelinin emniyetteki i\u015flemleri tamamland\u0131.\" \/>\n<meta property=\"og:url\" content=\"https:\/\/kibrisdakik.com\/?p=25582\" \/>\n<meta property=\"article:published_time\" content=\"2024-01-08T12:25:50+00:00\" \/>\n<meta property=\"og:image\" content=\"https:\/\/kibrisdakik.com\/wp-content\/uploads\/2024\/01\/j7pGPzUCx0GtFmA7FjhotQ-740x420.jpg\" \/>\n\t<meta property=\"og:image:width\" content=\"960\" \/>\n\t<meta property=\"og:image:height\" content=\"540\" \/>\n\t<meta property=\"og:image:type\" content=\"image\/jpeg\" \/>\n<meta name=\"author\" content=\"admin\" \/>\n<meta name=\"twitter:card\" content=\"summary_large_image\" \/>\n<meta name=\"twitter:label1\" content=\"Yazan:\" \/>\n\t<meta name=\"twitter:data1\" content=\"admin\" \/>\n\t<meta name=\"twitter:label2\" content=\"Tahmini okuma s\u00fcresi\" \/>\n\t<meta name=\"twitter:data2\" content=\"2 dakika\" \/>\n<script type=\"application\/ld+json\" class=\"yoast-schema-graph\">{\"@context\":\"https:\\\/\\\/schema.org\",\"@graph\":[{\"@type\":\"Article\",\"@id\":\"https:\\\/\\\/kibrisdakik.com\\\/?p=25582#article\",\"isPartOf\":{\"@id\":\"https:\\\/\\\/kibrisdakik.com\\\/?p=25582\"},\"author\":{\"name\":\"admin\",\"@id\":\"https:\\\/\\\/kibrisdakik.com\\\/#\\\/schema\\\/person\\\/9cd9d437bbb44f72b73ba127e06d8e79\"},\"headline\":\"\u0130stanbul\u2019da su\u00e7 \u00f6rg\u00fct\u00fc operasyonunda 65 zanl\u0131 adliyede (B\u00fc\u015fra\u2019n\u0131n \u00f6l\u00fcm\u00fc dahil 25 eyleme kar\u0131\u015ft\u0131lar)\",\"datePublished\":\"2024-01-08T12:25:50+00:00\",\"mainEntityOfPage\":{\"@id\":\"https:\\\/\\\/kibrisdakik.com\\\/?p=25582\"},\"wordCount\":412,\"commentCount\":0,\"image\":{\"@id\":\"https:\\\/\\\/kibrisdakik.com\\\/?p=25582#primaryimage\"},\"thumbnailUrl\":\"https:\\\/\\\/kibrisdakik.com\\\/wp-content\\\/uploads\\\/2024\\\/01\\\/j7pGPzUCx0GtFmA7FjhotQ-740x420.jpg\",\"articleSection\":[\"Spor\"],\"inLanguage\":\"tr\",\"potentialAction\":[{\"@type\":\"CommentAction\",\"name\":\"Comment\",\"target\":[\"https:\\\/\\\/kibrisdakik.com\\\/?p=25582#respond\"]}]},{\"@type\":\"WebPage\",\"@id\":\"https:\\\/\\\/kibrisdakik.com\\\/?p=25582\",\"url\":\"https:\\\/\\\/kibrisdakik.com\\\/?p=25582\",\"name\":\"\u0130stanbul\u2019da su\u00e7 \u00f6rg\u00fct\u00fc operasyonunda 65 zanl\u0131 adliyede (B\u00fc\u015fra\u2019n\u0131n \u00f6l\u00fcm\u00fc dahil 25 eyleme kar\u0131\u015ft\u0131lar) -\",\"isPartOf\":{\"@id\":\"https:\\\/\\\/kibrisdakik.com\\\/#website\"},\"primaryImageOfPage\":{\"@id\":\"https:\\\/\\\/kibrisdakik.com\\\/?p=25582#primaryimage\"},\"image\":{\"@id\":\"https:\\\/\\\/kibrisdakik.com\\\/?p=25582#primaryimage\"},\"thumbnailUrl\":\"https:\\\/\\\/kibrisdakik.com\\\/wp-content\\\/uploads\\\/2024\\\/01\\\/j7pGPzUCx0GtFmA7FjhotQ-740x420.jpg\",\"datePublished\":\"2024-01-08T12:25:50+00:00\",\"author\":{\"@id\":\"https:\\\/\\\/kibrisdakik.com\\\/#\\\/schema\\\/person\\\/9cd9d437bbb44f72b73ba127e06d8e79\"},\"breadcrumb\":{\"@id\":\"https:\\\/\\\/kibrisdakik.com\\\/?p=25582#breadcrumb\"},\"inLanguage\":\"tr\",\"potentialAction\":[{\"@type\":\"ReadAction\",\"target\":[\"https:\\\/\\\/kibrisdakik.com\\\/?p=25582\"]}]},{\"@type\":\"ImageObject\",\"inLanguage\":\"tr\",\"@id\":\"https:\\\/\\\/kibrisdakik.com\\\/?p=25582#primaryimage\",\"url\":\"https:\\\/\\\/kibrisdakik.com\\\/wp-content\\\/uploads\\\/2024\\\/01\\\/j7pGPzUCx0GtFmA7FjhotQ-740x420.jpg\",\"contentUrl\":\"https:\\\/\\\/kibrisdakik.com\\\/wp-content\\\/uploads\\\/2024\\\/01\\\/j7pGPzUCx0GtFmA7FjhotQ-740x420.jpg\",\"width\":960,\"height\":540},{\"@type\":\"BreadcrumbList\",\"@id\":\"https:\\\/\\\/kibrisdakik.com\\\/?p=25582#breadcrumb\",\"itemListElement\":[{\"@type\":\"ListItem\",\"position\":1,\"name\":\"Home\",\"item\":\"https:\\\/\\\/kibrisdakik.com\\\/\"},{\"@type\":\"ListItem\",\"position\":2,\"name\":\"\u0130stanbul\u2019da su\u00e7 \u00f6rg\u00fct\u00fc operasyonunda 65 zanl\u0131 adliyede (B\u00fc\u015fra\u2019n\u0131n \u00f6l\u00fcm\u00fc dahil 25 eyleme kar\u0131\u015ft\u0131lar)\"}]},{\"@type\":\"WebSite\",\"@id\":\"https:\\\/\\\/kibrisdakik.com\\\/#website\",\"url\":\"https:\\\/\\\/kibrisdakik.com\\\/\",\"name\":\"\",\"description\":\"Tam vaktinde haber\",\"potentialAction\":[{\"@type\":\"SearchAction\",\"target\":{\"@type\":\"EntryPoint\",\"urlTemplate\":\"https:\\\/\\\/kibrisdakik.com\\\/?s={search_term_string}\"},\"query-input\":{\"@type\":\"PropertyValueSpecification\",\"valueRequired\":true,\"valueName\":\"search_term_string\"}}],\"inLanguage\":\"tr\"},{\"@type\":\"Person\",\"@id\":\"https:\\\/\\\/kibrisdakik.com\\\/#\\\/schema\\\/person\\\/9cd9d437bbb44f72b73ba127e06d8e79\",\"name\":\"admin\",\"image\":{\"@type\":\"ImageObject\",\"inLanguage\":\"tr\",\"@id\":\"https:\\\/\\\/secure.gravatar.com\\\/avatar\\\/ccc17943b9d660506c869530f897617f7cb1c21a4bf30023f252596d83e1f007?s=96&d=mm&r=g\",\"url\":\"https:\\\/\\\/secure.gravatar.com\\\/avatar\\\/ccc17943b9d660506c869530f897617f7cb1c21a4bf30023f252596d83e1f007?s=96&d=mm&r=g\",\"contentUrl\":\"https:\\\/\\\/secure.gravatar.com\\\/avatar\\\/ccc17943b9d660506c869530f897617f7cb1c21a4bf30023f252596d83e1f007?s=96&d=mm&r=g\",\"caption\":\"admin\"},\"sameAs\":[\"https:\\\/\\\/kibrisdakik.com\"],\"url\":\"https:\\\/\\\/kibrisdakik.com\\\/?author=1\"}]}<\/script>\n<!-- \/ Yoast SEO plugin. -->","yoast_head_json":{"title":"\u0130stanbul\u2019da su\u00e7 \u00f6rg\u00fct\u00fc operasyonunda 65 zanl\u0131 adliyede (B\u00fc\u015fra\u2019n\u0131n \u00f6l\u00fcm\u00fc dahil 25 eyleme kar\u0131\u015ft\u0131lar) -","robots":{"index":"index","follow":"follow","max-snippet":"max-snippet:-1","max-image-preview":"max-image-preview:large","max-video-preview":"max-video-preview:-1"},"canonical":"https:\/\/kibrisdakik.com\/?p=25582","og_locale":"tr_TR","og_type":"article","og_title":"\u0130stanbul\u2019da su\u00e7 \u00f6rg\u00fct\u00fc operasyonunda 65 zanl\u0131 adliyede (B\u00fc\u015fra\u2019n\u0131n \u00f6l\u00fcm\u00fc dahil 25 eyleme kar\u0131\u015ft\u0131lar) -","og_description":"\u0130stanbul\u2019da faaliyet g\u00f6steren iki farkl\u0131 su\u00e7 \u00f6rg\u00fct\u00fcne y\u00f6nelik 7 ilde d\u00fczenlenen operasyonlarda g\u00f6zalt\u0131na al\u0131nan 65 \u015f\u00fcpheli adliyeye sevk edildi. \u0130stanbul Organize Su\u00e7larla M\u00fccadele \u015eube M\u00fcd\u00fcrl\u00fc\u011f\u00fc taraf\u0131ndan d\u00fczenlenen operasyonda, eleba\u015f\u0131l\u0131\u011f\u0131n\u0131 hakk\u0131nda k\u0131rm\u0131z\u0131 b\u00fcltenle yakalama karar\u0131 bulunan Volkan Re\u00e7ber\u2019in yapt\u0131\u011f\u0131 su\u00e7 \u00f6rg\u00fct\u00fc ile eleba\u015f\u0131l\u0131\u011f\u0131n\u0131 Emrah Sever\u2019in yapt\u0131\u011f\u0131 su\u00e7 \u00f6rg\u00fct\u00fcne y\u00f6nelik operasyonlarda yakalanan 65 \u015f\u00fcphelinin emniyetteki i\u015flemleri tamamland\u0131.","og_url":"https:\/\/kibrisdakik.com\/?p=25582","article_published_time":"2024-01-08T12:25:50+00:00","og_image":[{"width":960,"height":540,"url":"https:\/\/kibrisdakik.com\/wp-content\/uploads\/2024\/01\/j7pGPzUCx0GtFmA7FjhotQ-740x420.jpg","type":"image\/jpeg"}],"author":"admin","twitter_card":"summary_large_image","twitter_misc":{"Yazan:":"admin","Tahmini okuma s\u00fcresi":"2 dakika"},"schema":{"@context":"https:\/\/schema.org","@graph":[{"@type":"Article","@id":"https:\/\/kibrisdakik.com\/?p=25582#article","isPartOf":{"@id":"https:\/\/kibrisdakik.com\/?p=25582"},"author":{"name":"admin","@id":"https:\/\/kibrisdakik.com\/#\/schema\/person\/9cd9d437bbb44f72b73ba127e06d8e79"},"headline":"\u0130stanbul\u2019da su\u00e7 \u00f6rg\u00fct\u00fc operasyonunda 65 zanl\u0131 adliyede (B\u00fc\u015fra\u2019n\u0131n \u00f6l\u00fcm\u00fc dahil 25 eyleme kar\u0131\u015ft\u0131lar)","datePublished":"2024-01-08T12:25:50+00:00","mainEntityOfPage":{"@id":"https:\/\/kibrisdakik.com\/?p=25582"},"wordCount":412,"commentCount":0,"image":{"@id":"https:\/\/kibrisdakik.com\/?p=25582#primaryimage"},"thumbnailUrl":"https:\/\/kibrisdakik.com\/wp-content\/uploads\/2024\/01\/j7pGPzUCx0GtFmA7FjhotQ-740x420.jpg","articleSection":["Spor"],"inLanguage":"tr","potentialAction":[{"@type":"CommentAction","name":"Comment","target":["https:\/\/kibrisdakik.com\/?p=25582#respond"]}]},{"@type":"WebPage","@id":"https:\/\/kibrisdakik.com\/?p=25582","url":"https:\/\/kibrisdakik.com\/?p=25582","name":"\u0130stanbul\u2019da su\u00e7 \u00f6rg\u00fct\u00fc operasyonunda 65 zanl\u0131 adliyede (B\u00fc\u015fra\u2019n\u0131n \u00f6l\u00fcm\u00fc dahil 25 eyleme kar\u0131\u015ft\u0131lar) -","isPartOf":{"@id":"https:\/\/kibrisdakik.com\/#website"},"primaryImageOfPage":{"@id":"https:\/\/kibrisdakik.com\/?p=25582#primaryimage"},"image":{"@id":"https:\/\/kibrisdakik.com\/?p=25582#primaryimage"},"thumbnailUrl":"https:\/\/kibrisdakik.com\/wp-content\/uploads\/2024\/01\/j7pGPzUCx0GtFmA7FjhotQ-740x420.jpg","datePublished":"2024-01-08T12:25:50+00:00","author":{"@id":"https:\/\/kibrisdakik.com\/#\/schema\/person\/9cd9d437bbb44f72b73ba127e06d8e79"},"breadcrumb":{"@id":"https:\/\/kibrisdakik.com\/?p=25582#breadcrumb"},"inLanguage":"tr","potentialAction":[{"@type":"ReadAction","target":["https:\/\/kibrisdakik.com\/?p=25582"]}]},{"@type":"ImageObject","inLanguage":"tr","@id":"https:\/\/kibrisdakik.com\/?p=25582#primaryimage","url":"https:\/\/kibrisdakik.com\/wp-content\/uploads\/2024\/01\/j7pGPzUCx0GtFmA7FjhotQ-740x420.jpg","contentUrl":"https:\/\/kibrisdakik.com\/wp-content\/uploads\/2024\/01\/j7pGPzUCx0GtFmA7FjhotQ-740x420.jpg","width":960,"height":540},{"@type":"BreadcrumbList","@id":"https:\/\/kibrisdakik.com\/?p=25582#breadcrumb","itemListElement":[{"@type":"ListItem","position":1,"name":"Home","item":"https:\/\/kibrisdakik.com\/"},{"@type":"ListItem","position":2,"name":"\u0130stanbul\u2019da su\u00e7 \u00f6rg\u00fct\u00fc operasyonunda 65 zanl\u0131 adliyede (B\u00fc\u015fra\u2019n\u0131n \u00f6l\u00fcm\u00fc dahil 25 eyleme kar\u0131\u015ft\u0131lar)"}]},{"@type":"WebSite","@id":"https:\/\/kibrisdakik.com\/#website","url":"https:\/\/kibrisdakik.com\/","name":"","description":"Tam vaktinde haber","potentialAction":[{"@type":"SearchAction","target":{"@type":"EntryPoint","urlTemplate":"https:\/\/kibrisdakik.com\/?s={search_term_string}"},"query-input":{"@type":"PropertyValueSpecification","valueRequired":true,"valueName":"search_term_string"}}],"inLanguage":"tr"},{"@type":"Person","@id":"https:\/\/kibrisdakik.com\/#\/schema\/person\/9cd9d437bbb44f72b73ba127e06d8e79","name":"admin","image":{"@type":"ImageObject","inLanguage":"tr","@id":"https:\/\/secure.gravatar.com\/avatar\/ccc17943b9d660506c869530f897617f7cb1c21a4bf30023f252596d83e1f007?s=96&d=mm&r=g","url":"https:\/\/secure.gravatar.com\/avatar\/ccc17943b9d660506c869530f897617f7cb1c21a4bf30023f252596d83e1f007?s=96&d=mm&r=g","contentUrl":"https:\/\/secure.gravatar.com\/avatar\/ccc17943b9d660506c869530f897617f7cb1c21a4bf30023f252596d83e1f007?s=96&d=mm&r=g","caption":"admin"},"sameAs":["https:\/\/kibrisdakik.com"],"url":"https:\/\/kibrisdakik.com\/?author=1"}]}},"_links":{"self":[{"href":"https:\/\/kibrisdakik.com\/index.php?rest_route=\/wp\/v2\/posts\/25582","targetHints":{"allow":["GET"]}}],"collection":[{"href":"https:\/\/kibrisdakik.com\/index.php?rest_route=\/wp\/v2\/posts"}],"about":[{"href":"https:\/\/kibrisdakik.com\/index.php?rest_route=\/wp\/v2\/types\/post"}],"author":[{"embeddable":true,"href":"https:\/\/kibrisdakik.com\/index.php?rest_route=\/wp\/v2\/users\/1"}],"replies":[{"embeddable":true,"href":"https:\/\/kibrisdakik.com\/index.php?rest_route=%2Fwp%2Fv2%2Fcomments&post=25582"}],"version-history":[{"count":0,"href":"https:\/\/kibrisdakik.com\/index.php?rest_route=\/wp\/v2\/posts\/25582\/revisions"}],"wp:featuredmedia":[{"embeddable":true,"href":"https:\/\/kibrisdakik.com\/index.php?rest_route=\/wp\/v2\/media\/25583"}],"wp:attachment":[{"href":"https:\/\/kibrisdakik.com\/index.php?rest_route=%2Fwp%2Fv2%2Fmedia&parent=25582"}],"wp:term":[{"taxonomy":"category","embeddable":true,"href":"https:\/\/kibrisdakik.com\/index.php?rest_route=%2Fwp%2Fv2%2Fcategories&post=25582"},{"taxonomy":"post_tag","embeddable":true,"href":"https:\/\/kibrisdakik.com\/index.php?rest_route=%2Fwp%2Fv2%2Ftags&post=25582"}],"curies":[{"name":"wp","href":"https:\/\/api.w.org\/{rel}","templated":true}]}}