{"id":25618,"date":"2024-01-08T15:32:51","date_gmt":"2024-01-08T15:32:51","guid":{"rendered":"https:\/\/kibrisdakik.com\/index.php\/2024\/01\/08\/ctp-genel-baskani-erhurman-mecliste-konustu\/"},"modified":"2024-01-08T15:32:51","modified_gmt":"2024-01-08T15:32:51","slug":"ctp-genel-baskani-erhurman-mecliste-konustu","status":"publish","type":"post","link":"https:\/\/kibrisdakik.com\/?p=25618","title":{"rendered":"CTP Genel Ba\u015fkan\u0131 Erh\u00fcrman Meclis\u2019te konu\u015ftu"},"content":{"rendered":"<p><img decoding=\"async\" src=\"https:\/\/www.kibristurk.com\/images\/haberler\/2024\/01\/ctp-genel-baskani-erhurman-mecliste-konustu-1704720891.webp\" \/><\/p>\n<p style=\"text-align:left\"><span style=\"font-size:16px\"><span style=\"font-family:Merriweather,serif !important\"><span style=\"color:#000000\"><span style=\"background-color:#ffffff\"><span style=\"font-size:16px !important\"><span style=\"font-family:Merriweather,serif !important\"><span style=\"color:#000000 !important\">Erh\u00fcrman, ilk olarak h\u00fck\u00fcmetin vergi dilimleri ile ilgili yapmak istedi\u011fi d\u00fczenlemelere de\u011findi. Erh\u00fcrman, vergi d\u00fczenlemesinin az kazanandan az \u00e7ok kazanandan \u00e7ok al\u0131nacak \u015fekilde yap\u0131laca\u011f\u0131n\u0131n s\u00f6ylendi\u011fini ifade ederek, \u00fclkede kay\u0131t d\u0131\u015f\u0131 bir kesim oldu\u011funu ancak kay\u0131t i\u00e7indekilere \u201cbindirildi\u011fini\u201d s\u00f6yledi.<\/span><\/span><\/span><\/span><\/span><\/span><\/span><\/p>\n<p style=\"text-align:left\"><span style=\"font-size:16px\"><span style=\"font-family:Merriweather,serif !important\"><span style=\"color:#000000\"><span style=\"background-color:#ffffff\"><span style=\"font-size:16px !important\"><span style=\"font-family:Merriweather,serif !important\"><span style=\"color:#000000 !important\">Sistemin daha da karma\u015f\u0131k bir ortam getirece\u011fini, kay\u0131t d\u0131\u015f\u0131l\u0131\u011f\u0131n artaca\u011f\u0131n\u0131, vergiden ka\u00e7a\u011f\u0131n artaca\u011f\u0131n\u0131 anlatan Erh\u00fcrman, amac\u0131n kay\u0131t i\u00e7ili\u011fi art\u0131rmak olmas\u0131 gerekti\u011fini kaydetti. Erh\u00fcrman, bu konuda h\u00fck\u00fcmeti ele\u015ftirerek, kay\u0131t d\u0131\u015f\u0131 kesimi kay\u0131t alt\u0131na almak i\u00e7in meseleyi do\u011fru yerden tutmak gerekti\u011fini, sadece maa\u015fl\u0131 \u00e7al\u0131\u015fana vergi d\u00fczenlemesi yap\u0131lmas\u0131n\u0131n yanl\u0131\u015fl\u0131\u011f\u0131n\u0131 anlatt\u0131.<\/span><\/span><\/span><\/span><\/span><\/span><\/span><\/p>\n<p style=\"text-align:left\"><span style=\"font-size:16px\"><span style=\"font-family:Merriweather,serif !important\"><span style=\"color:#000000\"><span style=\"background-color:#ffffff\"><span style=\"font-size:16px !important\"><span style=\"font-family:Merriweather,serif !important\"><span style=\"color:#000000 !important\">Ad\u0131yaman\u2019da g\u00f6r\u00fclen ve zor bir s\u00fcre\u00e7 olan \u0130sias Otel davas\u0131na da de\u011finen Erh\u00fcrman, insan \u00fcst\u00fc sab\u0131r g\u00f6steren aileleri bu zor s\u00fcre\u00e7te takdir etti\u011fini, gurur duydu\u011funu s\u00f6yledi, duru\u015fman\u0131n y\u00fcz y\u00fcze yap\u0131lmas\u0131n\u0131n \u00f6nemine i\u015faret etti. Erh\u00fcrman, bu seferki duru\u015fman\u0131n bu y\u00fcz y\u00fcze&nbsp; yap\u0131lmas\u0131n\u0131 temenni ederek, Ad\u0131yaman\u2019da bulunduklar\u0131 s\u00fcrede, otelin y\u0131k\u0131nt\u0131s\u0131yla yan\u0131ndaki binalara bakt\u0131klar\u0131nda konunun sadece depremin \u015fiddetiyle ilgili olmad\u0131\u011f\u0131n\u0131 g\u00f6rd\u00fcklerini kaydetti.<\/span><\/span><\/span><\/span><\/span><\/span><\/span><\/p>\n<p style=\"text-align:left\"><span style=\"font-size:16px\"><span style=\"font-family:Merriweather,serif !important\"><span style=\"color:#000000\"><span style=\"background-color:#ffffff\"><span style=\"font-size:16px !important\"><span style=\"font-family:Merriweather,serif !important\"><span style=\"color:#000000 !important\">\u0130talya\u2019da bir ki\u015finin tutuklanmas\u0131 olay\u0131na da de\u011finen Erh\u00fcrman, Rum D\u0131\u015fi\u015fleri Bakan\u0131\u2019n\u0131n a\u00e7\u0131klamalar\u0131na i\u015faret etti, bu konunun bireysel olmad\u0131\u011f\u0131n\u0131, Rum y\u00f6netiminin \u201cendi\u015fe ko\u015fullar\u0131\u201d yaratma amac\u0131nda oldu\u011funu belirtti.<\/span><\/span><\/span><\/span><\/span><\/span><\/span><\/p>\n<p style=\"text-align:left\"><span style=\"font-size:16px\"><span style=\"font-family:Merriweather,serif !important\"><span style=\"color:#000000\"><span style=\"background-color:#ffffff\"><span style=\"font-size:16px !important\"><span style=\"font-family:Merriweather,serif !important\"><span style=\"color:#000000 !important\">Erh\u00fcrman,&nbsp; Rum mallar\u0131n\u0131n al\u0131nmas\u0131 sat\u0131lmas\u0131 veya bir bi\u00e7imde ili\u015fkisi olanlarla ilgili endi\u015fe yaratma amac\u0131 ta\u015f\u0131nd\u0131\u011f\u0131n\u0131, bunun siyasi bir \u00e7al\u0131\u015fma oldu\u011funa i\u015faret etti.<\/span><\/span><\/span><\/span><\/span><\/span><\/span><\/p>\n<p style=\"text-align:left\"><span style=\"font-size:16px\"><span style=\"font-family:Merriweather,serif !important\"><span style=\"color:#000000\"><span style=\"background-color:#ffffff\"><span style=\"font-size:16px !important\"><span style=\"font-family:Merriweather,serif !important\"><span style=\"color:#000000 !important\">Sadece hukuki de\u011fil siyasi ama\u00e7larla yap\u0131lan bu giri\u015fimlere kar\u015f\u0131 yabanc\u0131lara mal sat\u0131\u015f\u0131n\u0131n do\u011fru olmayaca\u011f\u0131n\u0131 s\u00f6ylediklerini ifade eden Erh\u00fcrman, bug\u00fcn bir ki\u015fi ile ba\u015flayan olay\u0131n, Kuzey\u2019deki m\u00fclk sat\u0131\u015flar\u0131n\u0131 kapsad\u0131\u011f\u0131n\u0131 ifade etti, Rum mallar\u0131 ile ilgili ge\u00e7mi\u015fteki davalar\u0131 hat\u0131rlatt\u0131.<\/span><\/span><\/span><\/span><\/span><\/span><\/span><\/p>\n<p style=\"text-align:left\"><span style=\"font-size:16px\"><span style=\"font-family:Merriweather,serif !important\"><span style=\"color:#000000\"><span style=\"background-color:#ffffff\"><span style=\"font-size:16px !important\"><span style=\"font-family:Merriweather,serif !important\"><span style=\"color:#000000 !important\">Erh\u00fcrman, Ta\u015f\u0131nmaz Mal Komisyonu\u2019nun bu \u00e7er\u00e7evede \u00f6nemine i\u015faret ederek, K\u0131br\u0131s sorunu \u00e7\u00f6z\u00fclmedik\u00e7e m\u00fclkiyete ili\u015fkin \u00f6ng\u00f6r\u00fclebilir bir yap\u0131ya kavu\u015famayacaklar\u0131n\u0131 s\u00f6yledi. Erh\u00fcrman, bu y\u00fczden konunun bireysel olmad\u0131\u011f\u0131n\u0131 i\u015faret ederek, Rum y\u00f6netiminin bunu bireysele d\u00f6n\u00fc\u015ft\u00fcrme \u00e7abalar\u0131n\u0131 samimiyetsizlik olarak niteledi.<\/span><\/span><\/span><\/span><\/span><\/span><\/span><\/p>\n<p style=\"text-align:left\"><span style=\"font-size:16px\"><span style=\"font-family:Merriweather,serif !important\"><span style=\"color:#000000\"><span style=\"background-color:#ffffff\"><span style=\"font-size:16px !important\"><span style=\"font-family:Merriweather,serif !important\"><span style=\"color:#000000 !important\">BM federal \u00e7\u00f6z\u00fcm zemininin tek \u00e7\u00f6z\u00fcm yolu oldu\u011funu, zemin kayd\u0131rmaya \u00e7al\u0131\u015fman\u0131n bu gibi s\u0131k\u0131nt\u0131lar\u0131 getirece\u011fini belirten Erh\u00fcrman, \u201cTren \u00fczerimize \u00fczerimize geliyor. Bu konu burada durmayacak gibi g\u00f6r\u00fcn\u00fcyor&#8221; dedi.<\/span><\/span><\/span><\/span><\/span><\/span><\/span><\/p>\n<p style=\"text-align:left\"><span style=\"font-size:16px\"><span style=\"font-family:Merriweather,serif !important\"><span style=\"color:#000000\"><span style=\"background-color:#ffffff\">Erh\u00fcrman, avukat\u0131n, Rum kesiminde de\u011fil de \u0130talya\u2019da nas\u0131l tutukland\u0131\u011f\u0131 ile ilgili net bir bilgileri olmad\u0131\u011f\u0131n\u0131 ifade ederek, davan\u0131n 16 Ocak\u2019ta oldu\u011funu ve daha net bilgiye sahip olacaklar\u0131n\u0131 kaydetti.<\/span><\/span><\/span><\/span><\/p>\n<p style=\"text-align:left\"><span style=\"font-size:16px\"><span style=\"font-family:Merriweather,serif !important\"><span style=\"color:#000000\"><span style=\"background-color:#ffffff\"><span style=\"font-size:16px !important\"><span style=\"font-family:Merriweather,serif !important\"><span style=\"color:#000000 !important\">Erh\u00fcrman, K\u0131br\u0131s T\u00fcrk halk\u0131n\u0131n \u00e7\u00f6z\u00fcm iradesinin ortada oldu\u011funu, bu y\u00fczden \u00e7\u00f6z\u00fcm iradesini s\u00fcrd\u00fcrerek, i\u00e7 d\u00fczenini sa\u011flamaya devam etmesi gerekti\u011fini belirterek,&nbsp; ancak ba\u015fka denemeler yap\u0131l\u0131rken bu gibi s\u0131k\u0131nt\u0131lar\u0131n ya\u015fanabilece\u011fi uyar\u0131s\u0131nda bulundu.<\/span><\/span><\/span><\/span><\/span><\/span><\/span><\/p>\n<p style=\"text-align:left\"><span style=\"font-size:16px\"><span style=\"font-family:Merriweather,serif !important\"><span style=\"color:#000000\"><span style=\"background-color:#ffffff\"><span style=\"font-size:16px !important\"><span style=\"font-family:Merriweather,serif !important\"><span style=\"color:#000000 !important\">Erh\u00fcrman, Rum taraf\u0131n\u0131n, K\u0131br\u0131s sorununun g\u00f6r\u00fc\u015f\u00fclmesinde, kal\u0131nan yerden devam etmesi talebinin de sorgulanmas\u0131 gerekti\u011fini ifade ederek, \u201cmadem oradan devam edilebiliyordu neden devam edilmedi\u011fini ve valizlerin toplan\u0131p toplant\u0131dan \u00e7\u0131k\u0131ld\u0131\u011f\u0131n\u0131\u201d sordu.<\/span><\/span><\/span><\/span><\/span><\/span><\/span><\/p>\n<p style=\"text-align:left\"><span style=\"font-size:16px\"><span style=\"font-family:Merriweather,serif !important\"><span style=\"color:#000000\"><span style=\"background-color:#ffffff\"><span style=\"font-size:16px !important\"><span style=\"font-family:Merriweather,serif !important\"><span style=\"color:#000000 !important\">Bu konunun geni\u015f \u015fekilde ele al\u0131nmas\u0131 gerekti\u011fini de ifade eden Erh\u00fcrman, in\u015faat sekt\u00f6r\u00fcn\u00fcn; h\u00fck\u00fcmetin \u201cvurdumduymaz\u201d tav\u0131rlar\u0131 ve \u00f6ng\u00f6rmezli\u011fi nedeniyle sorunlar \u00e7\u0131karabilece\u011fini kaydetti. Rum taraf\u0131ndan birilerinin bu konuda \u201cendi\u015fe\u201d yaratmak amac\u0131yla bu \u00e7al\u0131\u015fmalar\u0131 yapt\u0131\u011f\u0131n\u0131 da ifade eden Erh\u00fcrman, K\u0131br\u0131s sorununun \u00e7\u00f6z\u00fcm\u00fcnde samimiyet varsa \u201cendi\u015fe yaratmak\u201d i\u00e7in de\u011fil, ili\u015fkileri iyi seviyeye ta\u015f\u0131mak, geli\u015ftirmek gerekti\u011fini kaydetti. Erh\u00fcrman, BM ve Rum taraf\u0131na, K\u0131br\u0131s\u2019ta iki halk aras\u0131ndaki g\u00fcven ortam\u0131n\u0131 geli\u015ftirecek ad\u0131mlar atmas\u0131n\u0131 istedi.<\/span><\/span><\/span><\/span><\/span><\/span><\/span><\/p>\n<p style=\"text-align:left\"><span style=\"font-size:16px\"><span style=\"font-family:Merriweather,serif !important\"><span style=\"color:#000000\"><span style=\"background-color:#ffffff\"><span style=\"font-size:16px !important\"><span style=\"font-family:Merriweather,serif !important\"><span style=\"color:#000000 !important\">Maliye Bakan\u0131 \u00d6zdemir Berova da, yeniden s\u00f6z alarak, vergi dilimleri ile ilgili \u00e7al\u0131\u015fmay\u0131 anlatt\u0131, kay\u0131t d\u0131\u015f\u0131l\u0131\u011f\u0131 art\u0131rmayaca\u011f\u0131n\u0131, \u00f6zel sekt\u00f6r\u00fc kay\u0131t alt\u0131na almak i\u00e7in te\u015fvik olaca\u011f\u0131n\u0131 s\u00f6yledi. Berova, yasan\u0131n Meclis Komitesinde g\u00f6r\u00fc\u015f\u00fclece\u011fini ve Genel Kurula getirilece\u011fini belirterek, hayat pahal\u0131l\u0131\u011f\u0131 ile birlikte yap\u0131lacak vergi d\u00fczenlemesinin, hayat pahal\u0131l\u0131\u011f\u0131n\u0131n alt kazanan gruba daha y\u00fcksek \u00fcst gruplara ise nispeten daha az yans\u0131mas\u0131n\u0131 getirece\u011fini kaydetti.<\/span><\/span><\/span><\/span><\/span><\/span><\/span><\/p>\n<p style=\"text-align:left\"><span style=\"font-size:16px\"><span style=\"font-family:Merriweather,serif !important\"><span style=\"color:#000000\"><span style=\"background-color:#ffffff\"><span style=\"font-size:16px !important\"><span style=\"font-family:Merriweather,serif !important\"><span style=\"color:#000000 !important\">Erh\u00fcrman da, yeniden k\u00fcrs\u00fcye \u00e7\u0131karak, yap\u0131lan vergi d\u00fczenlemesinin amac\u0131n\u0131n, kay\u0131t d\u0131\u015f\u0131l\u0131\u011f\u0131 kay\u0131t alt\u0131na almak olmas\u0131 gerekti\u011fini ifade ederek, \u00f6zel sekt\u00f6r \u00e7al\u0131\u015fanlar\u0131n\u0131n gelir kay\u0131tlar\u0131n\u0131 artan vergi alt\u0131nda g\u00f6stermesine sebep olunaca\u011f\u0131n\u0131 anlatt\u0131. Erh\u00fcrman, az kazanandan az \u00e7ok kazanandan \u00e7ok vergi al\u0131nmas\u0131nda bir s\u0131k\u0131nt\u0131 olmad\u0131\u011f\u0131n\u0131 kaydetti, bu d\u00fczenlemenin neden son g\u00fcne b\u0131rak\u0131ld\u0131\u011f\u0131n\u0131 sordu, kararname \u00e7\u0131kar\u0131lmas\u0131n\u0131 ele\u015ftirdi.<\/span><\/span><\/span><\/span><\/span><\/span><\/span><\/p>\n","protected":false},"excerpt":{"rendered":"<p>Erh\u00fcrman, ilk olarak h\u00fck\u00fcmetin vergi dilimleri ile ilgili yapmak istedi\u011fi d\u00fczenlemelere de\u011findi. Erh\u00fcrman, vergi d\u00fczenlemesinin az kazanandan az \u00e7ok kazanandan \u00e7ok al\u0131nacak \u015fekilde yap\u0131laca\u011f\u0131n\u0131n s\u00f6ylendi\u011fini ifade ederek, \u00fclkede kay\u0131t d\u0131\u015f\u0131 bir kesim oldu\u011funu ancak kay\u0131t i\u00e7indekilere \u201cbindirildi\u011fini\u201d s\u00f6yledi. Sistemin daha da karma\u015f\u0131k bir ortam getirece\u011fini, kay\u0131t d\u0131\u015f\u0131l\u0131\u011f\u0131n artaca\u011f\u0131n\u0131, vergiden ka\u00e7a\u011f\u0131n artaca\u011f\u0131n\u0131 anlatan Erh\u00fcrman, amac\u0131n kay\u0131t<\/p>\n","protected":false},"author":1,"featured_media":25619,"comment_status":"open","ping_status":"open","sticky":false,"template":"","format":"standard","meta":{"footnotes":""},"categories":[86],"tags":[],"class_list":["post-25618","post","type-post","status-publish","format-standard","has-post-thumbnail","hentry","category-turkiye"],"yoast_head":"<!-- This site is optimized with the Yoast SEO plugin v27.4 - https:\/\/yoast.com\/product\/yoast-seo-wordpress\/ -->\n<title>CTP Genel Ba\u015fkan\u0131 Erh\u00fcrman Meclis\u2019te konu\u015ftu -<\/title>\n<meta name=\"robots\" content=\"index, follow, max-snippet:-1, max-image-preview:large, max-video-preview:-1\" \/>\n<link rel=\"canonical\" href=\"https:\/\/kibrisdakik.com\/?p=25618\" \/>\n<meta property=\"og:locale\" content=\"tr_TR\" \/>\n<meta property=\"og:type\" content=\"article\" \/>\n<meta property=\"og:title\" content=\"CTP Genel Ba\u015fkan\u0131 Erh\u00fcrman Meclis\u2019te konu\u015ftu -\" \/>\n<meta property=\"og:description\" content=\"Erh\u00fcrman, ilk olarak h\u00fck\u00fcmetin vergi dilimleri ile ilgili yapmak istedi\u011fi d\u00fczenlemelere de\u011findi. Erh\u00fcrman, vergi d\u00fczenlemesinin az kazanandan az \u00e7ok kazanandan \u00e7ok al\u0131nacak \u015fekilde yap\u0131laca\u011f\u0131n\u0131n s\u00f6ylendi\u011fini ifade ederek, \u00fclkede kay\u0131t d\u0131\u015f\u0131 bir kesim oldu\u011funu ancak kay\u0131t i\u00e7indekilere \u201cbindirildi\u011fini\u201d s\u00f6yledi. Sistemin daha da karma\u015f\u0131k bir ortam getirece\u011fini, kay\u0131t d\u0131\u015f\u0131l\u0131\u011f\u0131n artaca\u011f\u0131n\u0131, vergiden ka\u00e7a\u011f\u0131n artaca\u011f\u0131n\u0131 anlatan Erh\u00fcrman, amac\u0131n kay\u0131t\" \/>\n<meta property=\"og:url\" content=\"https:\/\/kibrisdakik.com\/?p=25618\" \/>\n<meta property=\"article:published_time\" content=\"2024-01-08T15:32:51+00:00\" \/>\n<meta property=\"og:image\" content=\"https:\/\/kibrisdakik.com\/wp-content\/uploads\/2024\/01\/ctp-genel-baskani-erhurman-mecliste-konustu-1704720891.webp.webp\" \/>\n\t<meta property=\"og:image:width\" content=\"710\" \/>\n\t<meta property=\"og:image:height\" content=\"370\" \/>\n\t<meta property=\"og:image:type\" content=\"image\/webp\" \/>\n<meta name=\"author\" content=\"admin\" \/>\n<meta name=\"twitter:card\" content=\"summary_large_image\" \/>\n<meta name=\"twitter:label1\" content=\"Yazan:\" \/>\n\t<meta name=\"twitter:data1\" content=\"admin\" \/>\n\t<meta name=\"twitter:label2\" content=\"Tahmini okuma s\u00fcresi\" \/>\n\t<meta name=\"twitter:data2\" content=\"5 dakika\" \/>\n<script type=\"application\/ld+json\" class=\"yoast-schema-graph\">{\"@context\":\"https:\\\/\\\/schema.org\",\"@graph\":[{\"@type\":\"Article\",\"@id\":\"https:\\\/\\\/kibrisdakik.com\\\/?p=25618#article\",\"isPartOf\":{\"@id\":\"https:\\\/\\\/kibrisdakik.com\\\/?p=25618\"},\"author\":{\"name\":\"admin\",\"@id\":\"https:\\\/\\\/kibrisdakik.com\\\/#\\\/schema\\\/person\\\/9cd9d437bbb44f72b73ba127e06d8e79\"},\"headline\":\"CTP Genel Ba\u015fkan\u0131 Erh\u00fcrman Meclis\u2019te konu\u015ftu\",\"datePublished\":\"2024-01-08T15:32:51+00:00\",\"mainEntityOfPage\":{\"@id\":\"https:\\\/\\\/kibrisdakik.com\\\/?p=25618\"},\"wordCount\":917,\"commentCount\":0,\"image\":{\"@id\":\"https:\\\/\\\/kibrisdakik.com\\\/?p=25618#primaryimage\"},\"thumbnailUrl\":\"https:\\\/\\\/kibrisdakik.com\\\/wp-content\\\/uploads\\\/2024\\\/01\\\/ctp-genel-baskani-erhurman-mecliste-konustu-1704720891.webp.webp\",\"articleSection\":[\"T\u00fcrkiye\"],\"inLanguage\":\"tr\",\"potentialAction\":[{\"@type\":\"CommentAction\",\"name\":\"Comment\",\"target\":[\"https:\\\/\\\/kibrisdakik.com\\\/?p=25618#respond\"]}]},{\"@type\":\"WebPage\",\"@id\":\"https:\\\/\\\/kibrisdakik.com\\\/?p=25618\",\"url\":\"https:\\\/\\\/kibrisdakik.com\\\/?p=25618\",\"name\":\"CTP Genel Ba\u015fkan\u0131 Erh\u00fcrman Meclis\u2019te konu\u015ftu -\",\"isPartOf\":{\"@id\":\"https:\\\/\\\/kibrisdakik.com\\\/#website\"},\"primaryImageOfPage\":{\"@id\":\"https:\\\/\\\/kibrisdakik.com\\\/?p=25618#primaryimage\"},\"image\":{\"@id\":\"https:\\\/\\\/kibrisdakik.com\\\/?p=25618#primaryimage\"},\"thumbnailUrl\":\"https:\\\/\\\/kibrisdakik.com\\\/wp-content\\\/uploads\\\/2024\\\/01\\\/ctp-genel-baskani-erhurman-mecliste-konustu-1704720891.webp.webp\",\"datePublished\":\"2024-01-08T15:32:51+00:00\",\"author\":{\"@id\":\"https:\\\/\\\/kibrisdakik.com\\\/#\\\/schema\\\/person\\\/9cd9d437bbb44f72b73ba127e06d8e79\"},\"breadcrumb\":{\"@id\":\"https:\\\/\\\/kibrisdakik.com\\\/?p=25618#breadcrumb\"},\"inLanguage\":\"tr\",\"potentialAction\":[{\"@type\":\"ReadAction\",\"target\":[\"https:\\\/\\\/kibrisdakik.com\\\/?p=25618\"]}]},{\"@type\":\"ImageObject\",\"inLanguage\":\"tr\",\"@id\":\"https:\\\/\\\/kibrisdakik.com\\\/?p=25618#primaryimage\",\"url\":\"https:\\\/\\\/kibrisdakik.com\\\/wp-content\\\/uploads\\\/2024\\\/01\\\/ctp-genel-baskani-erhurman-mecliste-konustu-1704720891.webp.webp\",\"contentUrl\":\"https:\\\/\\\/kibrisdakik.com\\\/wp-content\\\/uploads\\\/2024\\\/01\\\/ctp-genel-baskani-erhurman-mecliste-konustu-1704720891.webp.webp\",\"width\":710,\"height\":370},{\"@type\":\"BreadcrumbList\",\"@id\":\"https:\\\/\\\/kibrisdakik.com\\\/?p=25618#breadcrumb\",\"itemListElement\":[{\"@type\":\"ListItem\",\"position\":1,\"name\":\"Home\",\"item\":\"https:\\\/\\\/kibrisdakik.com\\\/\"},{\"@type\":\"ListItem\",\"position\":2,\"name\":\"CTP Genel Ba\u015fkan\u0131 Erh\u00fcrman Meclis\u2019te konu\u015ftu\"}]},{\"@type\":\"WebSite\",\"@id\":\"https:\\\/\\\/kibrisdakik.com\\\/#website\",\"url\":\"https:\\\/\\\/kibrisdakik.com\\\/\",\"name\":\"\",\"description\":\"Tam vaktinde haber\",\"potentialAction\":[{\"@type\":\"SearchAction\",\"target\":{\"@type\":\"EntryPoint\",\"urlTemplate\":\"https:\\\/\\\/kibrisdakik.com\\\/?s={search_term_string}\"},\"query-input\":{\"@type\":\"PropertyValueSpecification\",\"valueRequired\":true,\"valueName\":\"search_term_string\"}}],\"inLanguage\":\"tr\"},{\"@type\":\"Person\",\"@id\":\"https:\\\/\\\/kibrisdakik.com\\\/#\\\/schema\\\/person\\\/9cd9d437bbb44f72b73ba127e06d8e79\",\"name\":\"admin\",\"image\":{\"@type\":\"ImageObject\",\"inLanguage\":\"tr\",\"@id\":\"https:\\\/\\\/secure.gravatar.com\\\/avatar\\\/ccc17943b9d660506c869530f897617f7cb1c21a4bf30023f252596d83e1f007?s=96&d=mm&r=g\",\"url\":\"https:\\\/\\\/secure.gravatar.com\\\/avatar\\\/ccc17943b9d660506c869530f897617f7cb1c21a4bf30023f252596d83e1f007?s=96&d=mm&r=g\",\"contentUrl\":\"https:\\\/\\\/secure.gravatar.com\\\/avatar\\\/ccc17943b9d660506c869530f897617f7cb1c21a4bf30023f252596d83e1f007?s=96&d=mm&r=g\",\"caption\":\"admin\"},\"sameAs\":[\"https:\\\/\\\/kibrisdakik.com\"],\"url\":\"https:\\\/\\\/kibrisdakik.com\\\/?author=1\"}]}<\/script>\n<!-- \/ Yoast SEO plugin. -->","yoast_head_json":{"title":"CTP Genel Ba\u015fkan\u0131 Erh\u00fcrman Meclis\u2019te konu\u015ftu -","robots":{"index":"index","follow":"follow","max-snippet":"max-snippet:-1","max-image-preview":"max-image-preview:large","max-video-preview":"max-video-preview:-1"},"canonical":"https:\/\/kibrisdakik.com\/?p=25618","og_locale":"tr_TR","og_type":"article","og_title":"CTP Genel Ba\u015fkan\u0131 Erh\u00fcrman Meclis\u2019te konu\u015ftu -","og_description":"Erh\u00fcrman, ilk olarak h\u00fck\u00fcmetin vergi dilimleri ile ilgili yapmak istedi\u011fi d\u00fczenlemelere de\u011findi. Erh\u00fcrman, vergi d\u00fczenlemesinin az kazanandan az \u00e7ok kazanandan \u00e7ok al\u0131nacak \u015fekilde yap\u0131laca\u011f\u0131n\u0131n s\u00f6ylendi\u011fini ifade ederek, \u00fclkede kay\u0131t d\u0131\u015f\u0131 bir kesim oldu\u011funu ancak kay\u0131t i\u00e7indekilere \u201cbindirildi\u011fini\u201d s\u00f6yledi. Sistemin daha da karma\u015f\u0131k bir ortam getirece\u011fini, kay\u0131t d\u0131\u015f\u0131l\u0131\u011f\u0131n artaca\u011f\u0131n\u0131, vergiden ka\u00e7a\u011f\u0131n artaca\u011f\u0131n\u0131 anlatan Erh\u00fcrman, amac\u0131n kay\u0131t","og_url":"https:\/\/kibrisdakik.com\/?p=25618","article_published_time":"2024-01-08T15:32:51+00:00","og_image":[{"width":710,"height":370,"url":"https:\/\/kibrisdakik.com\/wp-content\/uploads\/2024\/01\/ctp-genel-baskani-erhurman-mecliste-konustu-1704720891.webp.webp","type":"image\/webp"}],"author":"admin","twitter_card":"summary_large_image","twitter_misc":{"Yazan:":"admin","Tahmini okuma s\u00fcresi":"5 dakika"},"schema":{"@context":"https:\/\/schema.org","@graph":[{"@type":"Article","@id":"https:\/\/kibrisdakik.com\/?p=25618#article","isPartOf":{"@id":"https:\/\/kibrisdakik.com\/?p=25618"},"author":{"name":"admin","@id":"https:\/\/kibrisdakik.com\/#\/schema\/person\/9cd9d437bbb44f72b73ba127e06d8e79"},"headline":"CTP Genel Ba\u015fkan\u0131 Erh\u00fcrman Meclis\u2019te konu\u015ftu","datePublished":"2024-01-08T15:32:51+00:00","mainEntityOfPage":{"@id":"https:\/\/kibrisdakik.com\/?p=25618"},"wordCount":917,"commentCount":0,"image":{"@id":"https:\/\/kibrisdakik.com\/?p=25618#primaryimage"},"thumbnailUrl":"https:\/\/kibrisdakik.com\/wp-content\/uploads\/2024\/01\/ctp-genel-baskani-erhurman-mecliste-konustu-1704720891.webp.webp","articleSection":["T\u00fcrkiye"],"inLanguage":"tr","potentialAction":[{"@type":"CommentAction","name":"Comment","target":["https:\/\/kibrisdakik.com\/?p=25618#respond"]}]},{"@type":"WebPage","@id":"https:\/\/kibrisdakik.com\/?p=25618","url":"https:\/\/kibrisdakik.com\/?p=25618","name":"CTP Genel Ba\u015fkan\u0131 Erh\u00fcrman Meclis\u2019te konu\u015ftu -","isPartOf":{"@id":"https:\/\/kibrisdakik.com\/#website"},"primaryImageOfPage":{"@id":"https:\/\/kibrisdakik.com\/?p=25618#primaryimage"},"image":{"@id":"https:\/\/kibrisdakik.com\/?p=25618#primaryimage"},"thumbnailUrl":"https:\/\/kibrisdakik.com\/wp-content\/uploads\/2024\/01\/ctp-genel-baskani-erhurman-mecliste-konustu-1704720891.webp.webp","datePublished":"2024-01-08T15:32:51+00:00","author":{"@id":"https:\/\/kibrisdakik.com\/#\/schema\/person\/9cd9d437bbb44f72b73ba127e06d8e79"},"breadcrumb":{"@id":"https:\/\/kibrisdakik.com\/?p=25618#breadcrumb"},"inLanguage":"tr","potentialAction":[{"@type":"ReadAction","target":["https:\/\/kibrisdakik.com\/?p=25618"]}]},{"@type":"ImageObject","inLanguage":"tr","@id":"https:\/\/kibrisdakik.com\/?p=25618#primaryimage","url":"https:\/\/kibrisdakik.com\/wp-content\/uploads\/2024\/01\/ctp-genel-baskani-erhurman-mecliste-konustu-1704720891.webp.webp","contentUrl":"https:\/\/kibrisdakik.com\/wp-content\/uploads\/2024\/01\/ctp-genel-baskani-erhurman-mecliste-konustu-1704720891.webp.webp","width":710,"height":370},{"@type":"BreadcrumbList","@id":"https:\/\/kibrisdakik.com\/?p=25618#breadcrumb","itemListElement":[{"@type":"ListItem","position":1,"name":"Home","item":"https:\/\/kibrisdakik.com\/"},{"@type":"ListItem","position":2,"name":"CTP Genel Ba\u015fkan\u0131 Erh\u00fcrman Meclis\u2019te konu\u015ftu"}]},{"@type":"WebSite","@id":"https:\/\/kibrisdakik.com\/#website","url":"https:\/\/kibrisdakik.com\/","name":"","description":"Tam vaktinde haber","potentialAction":[{"@type":"SearchAction","target":{"@type":"EntryPoint","urlTemplate":"https:\/\/kibrisdakik.com\/?s={search_term_string}"},"query-input":{"@type":"PropertyValueSpecification","valueRequired":true,"valueName":"search_term_string"}}],"inLanguage":"tr"},{"@type":"Person","@id":"https:\/\/kibrisdakik.com\/#\/schema\/person\/9cd9d437bbb44f72b73ba127e06d8e79","name":"admin","image":{"@type":"ImageObject","inLanguage":"tr","@id":"https:\/\/secure.gravatar.com\/avatar\/ccc17943b9d660506c869530f897617f7cb1c21a4bf30023f252596d83e1f007?s=96&d=mm&r=g","url":"https:\/\/secure.gravatar.com\/avatar\/ccc17943b9d660506c869530f897617f7cb1c21a4bf30023f252596d83e1f007?s=96&d=mm&r=g","contentUrl":"https:\/\/secure.gravatar.com\/avatar\/ccc17943b9d660506c869530f897617f7cb1c21a4bf30023f252596d83e1f007?s=96&d=mm&r=g","caption":"admin"},"sameAs":["https:\/\/kibrisdakik.com"],"url":"https:\/\/kibrisdakik.com\/?author=1"}]}},"_links":{"self":[{"href":"https:\/\/kibrisdakik.com\/index.php?rest_route=\/wp\/v2\/posts\/25618","targetHints":{"allow":["GET"]}}],"collection":[{"href":"https:\/\/kibrisdakik.com\/index.php?rest_route=\/wp\/v2\/posts"}],"about":[{"href":"https:\/\/kibrisdakik.com\/index.php?rest_route=\/wp\/v2\/types\/post"}],"author":[{"embeddable":true,"href":"https:\/\/kibrisdakik.com\/index.php?rest_route=\/wp\/v2\/users\/1"}],"replies":[{"embeddable":true,"href":"https:\/\/kibrisdakik.com\/index.php?rest_route=%2Fwp%2Fv2%2Fcomments&post=25618"}],"version-history":[{"count":0,"href":"https:\/\/kibrisdakik.com\/index.php?rest_route=\/wp\/v2\/posts\/25618\/revisions"}],"wp:featuredmedia":[{"embeddable":true,"href":"https:\/\/kibrisdakik.com\/index.php?rest_route=\/wp\/v2\/media\/25619"}],"wp:attachment":[{"href":"https:\/\/kibrisdakik.com\/index.php?rest_route=%2Fwp%2Fv2%2Fmedia&parent=25618"}],"wp:term":[{"taxonomy":"category","embeddable":true,"href":"https:\/\/kibrisdakik.com\/index.php?rest_route=%2Fwp%2Fv2%2Fcategories&post=25618"},{"taxonomy":"post_tag","embeddable":true,"href":"https:\/\/kibrisdakik.com\/index.php?rest_route=%2Fwp%2Fv2%2Ftags&post=25618"}],"curies":[{"name":"wp","href":"https:\/\/api.w.org\/{rel}","templated":true}]}}