{"id":25690,"date":"2024-01-09T08:34:48","date_gmt":"2024-01-09T08:34:48","guid":{"rendered":"https:\/\/kibrisdakik.com\/index.php\/2024\/01\/09\/arkhe-ilk-ziyaretini-kultur-dairesine-yapti\/"},"modified":"2024-01-09T08:34:48","modified_gmt":"2024-01-09T08:34:48","slug":"arkhe-ilk-ziyaretini-kultur-dairesine-yapti","status":"publish","type":"post","link":"https:\/\/kibrisdakik.com\/?p=25690","title":{"rendered":"Arkhe ilk ziyaretini K\u00fclt\u00fcr Dairesi&#039;ne yapt\u0131"},"content":{"rendered":"<p><img decoding=\"async\" src=\"https:\/\/www.kibristurk.com\/images\/haberler\/2024\/01\/arkhe-ilk-ziyaretini-kultur-dairesine-yapti-1704788511.webp\" \/><\/p>\n<p>LTB\u2019den verilen bilgiye g\u00f6re, K\u00fclt\u00fcr Dairesi ve Arrkhe aras\u0131nda olas\u0131 i\u015f birlikleri ve ortak projelerin g\u00f6r\u00fc\u015f\u00fcld\u00fc\u011f\u00fc ziyarette K\u00fclt\u00fcr Dairesi M\u00fcd\u00fcr\u00fc \u015eirin Zaima\u011fao\u011flu, Arkhe Direkt\u00f6r\u00fc Halil Duranay, K\u00fclt\u00fcr Merkezi y\u00f6neticisi Ceyhan \u00d6zy\u0131ld\u0131z ve Arkhe Koordinat\u00f6r\u00fc \u0130lkem Tunar bir araya geldi.<\/p>\n","protected":false},"excerpt":{"rendered":"<p>LTB\u2019den verilen bilgiye g\u00f6re, K\u00fclt\u00fcr Dairesi ve Arrkhe aras\u0131nda olas\u0131 i\u015f birlikleri ve ortak projelerin g\u00f6r\u00fc\u015f\u00fcld\u00fc\u011f\u00fc ziyarette K\u00fclt\u00fcr Dairesi M\u00fcd\u00fcr\u00fc \u015eirin Zaima\u011fao\u011flu, Arkhe Direkt\u00f6r\u00fc Halil Duranay, K\u00fclt\u00fcr Merkezi y\u00f6neticisi Ceyhan \u00d6zy\u0131ld\u0131z ve Arkhe Koordinat\u00f6r\u00fc \u0130lkem Tunar bir araya geldi.<\/p>\n","protected":false},"author":1,"featured_media":25691,"comment_status":"open","ping_status":"open","sticky":false,"template":"","format":"standard","meta":{"footnotes":""},"categories":[1],"tags":[],"class_list":["post-25690","post","type-post","status-publish","format-standard","has-post-thumbnail","hentry","category-gundem"],"yoast_head":"<!-- This site is optimized with the Yoast SEO plugin v27.4 - https:\/\/yoast.com\/product\/yoast-seo-wordpress\/ -->\n<title>Arkhe ilk ziyaretini K\u00fclt\u00fcr Dairesi&#039;ne yapt\u0131 -<\/title>\n<meta name=\"robots\" content=\"index, follow, max-snippet:-1, max-image-preview:large, max-video-preview:-1\" \/>\n<link rel=\"canonical\" href=\"https:\/\/kibrisdakik.com\/?p=25690\" \/>\n<meta property=\"og:locale\" content=\"tr_TR\" \/>\n<meta property=\"og:type\" content=\"article\" \/>\n<meta property=\"og:title\" content=\"Arkhe ilk ziyaretini K\u00fclt\u00fcr Dairesi&#039;ne yapt\u0131 -\" \/>\n<meta property=\"og:description\" content=\"LTB\u2019den verilen bilgiye g\u00f6re, K\u00fclt\u00fcr Dairesi ve Arrkhe aras\u0131nda olas\u0131 i\u015f birlikleri ve ortak projelerin g\u00f6r\u00fc\u015f\u00fcld\u00fc\u011f\u00fc ziyarette K\u00fclt\u00fcr Dairesi M\u00fcd\u00fcr\u00fc \u015eirin Zaima\u011fao\u011flu, Arkhe Direkt\u00f6r\u00fc Halil Duranay, K\u00fclt\u00fcr Merkezi y\u00f6neticisi Ceyhan \u00d6zy\u0131ld\u0131z ve Arkhe Koordinat\u00f6r\u00fc \u0130lkem Tunar bir araya geldi.\" \/>\n<meta property=\"og:url\" content=\"https:\/\/kibrisdakik.com\/?p=25690\" \/>\n<meta property=\"article:published_time\" content=\"2024-01-09T08:34:48+00:00\" \/>\n<meta property=\"og:image\" content=\"https:\/\/kibrisdakik.com\/wp-content\/uploads\/2024\/01\/arkhe-ilk-ziyaretini-kultur-dairesine-yapti-1704788511.webp.webp\" \/>\n\t<meta property=\"og:image:width\" content=\"710\" \/>\n\t<meta property=\"og:image:height\" content=\"370\" \/>\n\t<meta property=\"og:image:type\" content=\"image\/webp\" \/>\n<meta name=\"author\" content=\"admin\" \/>\n<meta name=\"twitter:card\" content=\"summary_large_image\" \/>\n<meta name=\"twitter:label1\" content=\"Yazan:\" \/>\n\t<meta name=\"twitter:data1\" content=\"admin\" \/>\n<script type=\"application\/ld+json\" class=\"yoast-schema-graph\">{\"@context\":\"https:\\\/\\\/schema.org\",\"@graph\":[{\"@type\":\"Article\",\"@id\":\"https:\\\/\\\/kibrisdakik.com\\\/?p=25690#article\",\"isPartOf\":{\"@id\":\"https:\\\/\\\/kibrisdakik.com\\\/?p=25690\"},\"author\":{\"name\":\"admin\",\"@id\":\"https:\\\/\\\/kibrisdakik.com\\\/#\\\/schema\\\/person\\\/9cd9d437bbb44f72b73ba127e06d8e79\"},\"headline\":\"Arkhe ilk ziyaretini K\u00fclt\u00fcr Dairesi&#039;ne yapt\u0131\",\"datePublished\":\"2024-01-09T08:34:48+00:00\",\"mainEntityOfPage\":{\"@id\":\"https:\\\/\\\/kibrisdakik.com\\\/?p=25690\"},\"wordCount\":68,\"commentCount\":0,\"image\":{\"@id\":\"https:\\\/\\\/kibrisdakik.com\\\/?p=25690#primaryimage\"},\"thumbnailUrl\":\"https:\\\/\\\/kibrisdakik.com\\\/wp-content\\\/uploads\\\/2024\\\/01\\\/arkhe-ilk-ziyaretini-kultur-dairesine-yapti-1704788511.webp.webp\",\"articleSection\":[\"G\u00fcndem\"],\"inLanguage\":\"tr\",\"potentialAction\":[{\"@type\":\"CommentAction\",\"name\":\"Comment\",\"target\":[\"https:\\\/\\\/kibrisdakik.com\\\/?p=25690#respond\"]}]},{\"@type\":\"WebPage\",\"@id\":\"https:\\\/\\\/kibrisdakik.com\\\/?p=25690\",\"url\":\"https:\\\/\\\/kibrisdakik.com\\\/?p=25690\",\"name\":\"Arkhe ilk ziyaretini K\u00fclt\u00fcr Dairesi&#039;ne yapt\u0131 -\",\"isPartOf\":{\"@id\":\"https:\\\/\\\/kibrisdakik.com\\\/#website\"},\"primaryImageOfPage\":{\"@id\":\"https:\\\/\\\/kibrisdakik.com\\\/?p=25690#primaryimage\"},\"image\":{\"@id\":\"https:\\\/\\\/kibrisdakik.com\\\/?p=25690#primaryimage\"},\"thumbnailUrl\":\"https:\\\/\\\/kibrisdakik.com\\\/wp-content\\\/uploads\\\/2024\\\/01\\\/arkhe-ilk-ziyaretini-kultur-dairesine-yapti-1704788511.webp.webp\",\"datePublished\":\"2024-01-09T08:34:48+00:00\",\"author\":{\"@id\":\"https:\\\/\\\/kibrisdakik.com\\\/#\\\/schema\\\/person\\\/9cd9d437bbb44f72b73ba127e06d8e79\"},\"breadcrumb\":{\"@id\":\"https:\\\/\\\/kibrisdakik.com\\\/?p=25690#breadcrumb\"},\"inLanguage\":\"tr\",\"potentialAction\":[{\"@type\":\"ReadAction\",\"target\":[\"https:\\\/\\\/kibrisdakik.com\\\/?p=25690\"]}]},{\"@type\":\"ImageObject\",\"inLanguage\":\"tr\",\"@id\":\"https:\\\/\\\/kibrisdakik.com\\\/?p=25690#primaryimage\",\"url\":\"https:\\\/\\\/kibrisdakik.com\\\/wp-content\\\/uploads\\\/2024\\\/01\\\/arkhe-ilk-ziyaretini-kultur-dairesine-yapti-1704788511.webp.webp\",\"contentUrl\":\"https:\\\/\\\/kibrisdakik.com\\\/wp-content\\\/uploads\\\/2024\\\/01\\\/arkhe-ilk-ziyaretini-kultur-dairesine-yapti-1704788511.webp.webp\",\"width\":710,\"height\":370},{\"@type\":\"BreadcrumbList\",\"@id\":\"https:\\\/\\\/kibrisdakik.com\\\/?p=25690#breadcrumb\",\"itemListElement\":[{\"@type\":\"ListItem\",\"position\":1,\"name\":\"Home\",\"item\":\"https:\\\/\\\/kibrisdakik.com\\\/\"},{\"@type\":\"ListItem\",\"position\":2,\"name\":\"Arkhe ilk ziyaretini K\u00fclt\u00fcr Dairesi&#039;ne yapt\u0131\"}]},{\"@type\":\"WebSite\",\"@id\":\"https:\\\/\\\/kibrisdakik.com\\\/#website\",\"url\":\"https:\\\/\\\/kibrisdakik.com\\\/\",\"name\":\"\",\"description\":\"Tam vaktinde haber\",\"potentialAction\":[{\"@type\":\"SearchAction\",\"target\":{\"@type\":\"EntryPoint\",\"urlTemplate\":\"https:\\\/\\\/kibrisdakik.com\\\/?s={search_term_string}\"},\"query-input\":{\"@type\":\"PropertyValueSpecification\",\"valueRequired\":true,\"valueName\":\"search_term_string\"}}],\"inLanguage\":\"tr\"},{\"@type\":\"Person\",\"@id\":\"https:\\\/\\\/kibrisdakik.com\\\/#\\\/schema\\\/person\\\/9cd9d437bbb44f72b73ba127e06d8e79\",\"name\":\"admin\",\"image\":{\"@type\":\"ImageObject\",\"inLanguage\":\"tr\",\"@id\":\"https:\\\/\\\/secure.gravatar.com\\\/avatar\\\/ccc17943b9d660506c869530f897617f7cb1c21a4bf30023f252596d83e1f007?s=96&d=mm&r=g\",\"url\":\"https:\\\/\\\/secure.gravatar.com\\\/avatar\\\/ccc17943b9d660506c869530f897617f7cb1c21a4bf30023f252596d83e1f007?s=96&d=mm&r=g\",\"contentUrl\":\"https:\\\/\\\/secure.gravatar.com\\\/avatar\\\/ccc17943b9d660506c869530f897617f7cb1c21a4bf30023f252596d83e1f007?s=96&d=mm&r=g\",\"caption\":\"admin\"},\"sameAs\":[\"https:\\\/\\\/kibrisdakik.com\"],\"url\":\"https:\\\/\\\/kibrisdakik.com\\\/?author=1\"}]}<\/script>\n<!-- \/ Yoast SEO plugin. -->","yoast_head_json":{"title":"Arkhe ilk ziyaretini K\u00fclt\u00fcr Dairesi&#039;ne yapt\u0131 -","robots":{"index":"index","follow":"follow","max-snippet":"max-snippet:-1","max-image-preview":"max-image-preview:large","max-video-preview":"max-video-preview:-1"},"canonical":"https:\/\/kibrisdakik.com\/?p=25690","og_locale":"tr_TR","og_type":"article","og_title":"Arkhe ilk ziyaretini K\u00fclt\u00fcr Dairesi&#039;ne yapt\u0131 -","og_description":"LTB\u2019den verilen bilgiye g\u00f6re, K\u00fclt\u00fcr Dairesi ve Arrkhe aras\u0131nda olas\u0131 i\u015f birlikleri ve ortak projelerin g\u00f6r\u00fc\u015f\u00fcld\u00fc\u011f\u00fc ziyarette K\u00fclt\u00fcr Dairesi M\u00fcd\u00fcr\u00fc \u015eirin Zaima\u011fao\u011flu, Arkhe Direkt\u00f6r\u00fc Halil Duranay, K\u00fclt\u00fcr Merkezi y\u00f6neticisi Ceyhan \u00d6zy\u0131ld\u0131z ve Arkhe Koordinat\u00f6r\u00fc \u0130lkem Tunar bir araya geldi.","og_url":"https:\/\/kibrisdakik.com\/?p=25690","article_published_time":"2024-01-09T08:34:48+00:00","og_image":[{"width":710,"height":370,"url":"https:\/\/kibrisdakik.com\/wp-content\/uploads\/2024\/01\/arkhe-ilk-ziyaretini-kultur-dairesine-yapti-1704788511.webp.webp","type":"image\/webp"}],"author":"admin","twitter_card":"summary_large_image","twitter_misc":{"Yazan:":"admin"},"schema":{"@context":"https:\/\/schema.org","@graph":[{"@type":"Article","@id":"https:\/\/kibrisdakik.com\/?p=25690#article","isPartOf":{"@id":"https:\/\/kibrisdakik.com\/?p=25690"},"author":{"name":"admin","@id":"https:\/\/kibrisdakik.com\/#\/schema\/person\/9cd9d437bbb44f72b73ba127e06d8e79"},"headline":"Arkhe ilk ziyaretini K\u00fclt\u00fcr Dairesi&#039;ne yapt\u0131","datePublished":"2024-01-09T08:34:48+00:00","mainEntityOfPage":{"@id":"https:\/\/kibrisdakik.com\/?p=25690"},"wordCount":68,"commentCount":0,"image":{"@id":"https:\/\/kibrisdakik.com\/?p=25690#primaryimage"},"thumbnailUrl":"https:\/\/kibrisdakik.com\/wp-content\/uploads\/2024\/01\/arkhe-ilk-ziyaretini-kultur-dairesine-yapti-1704788511.webp.webp","articleSection":["G\u00fcndem"],"inLanguage":"tr","potentialAction":[{"@type":"CommentAction","name":"Comment","target":["https:\/\/kibrisdakik.com\/?p=25690#respond"]}]},{"@type":"WebPage","@id":"https:\/\/kibrisdakik.com\/?p=25690","url":"https:\/\/kibrisdakik.com\/?p=25690","name":"Arkhe ilk ziyaretini K\u00fclt\u00fcr Dairesi&#039;ne yapt\u0131 -","isPartOf":{"@id":"https:\/\/kibrisdakik.com\/#website"},"primaryImageOfPage":{"@id":"https:\/\/kibrisdakik.com\/?p=25690#primaryimage"},"image":{"@id":"https:\/\/kibrisdakik.com\/?p=25690#primaryimage"},"thumbnailUrl":"https:\/\/kibrisdakik.com\/wp-content\/uploads\/2024\/01\/arkhe-ilk-ziyaretini-kultur-dairesine-yapti-1704788511.webp.webp","datePublished":"2024-01-09T08:34:48+00:00","author":{"@id":"https:\/\/kibrisdakik.com\/#\/schema\/person\/9cd9d437bbb44f72b73ba127e06d8e79"},"breadcrumb":{"@id":"https:\/\/kibrisdakik.com\/?p=25690#breadcrumb"},"inLanguage":"tr","potentialAction":[{"@type":"ReadAction","target":["https:\/\/kibrisdakik.com\/?p=25690"]}]},{"@type":"ImageObject","inLanguage":"tr","@id":"https:\/\/kibrisdakik.com\/?p=25690#primaryimage","url":"https:\/\/kibrisdakik.com\/wp-content\/uploads\/2024\/01\/arkhe-ilk-ziyaretini-kultur-dairesine-yapti-1704788511.webp.webp","contentUrl":"https:\/\/kibrisdakik.com\/wp-content\/uploads\/2024\/01\/arkhe-ilk-ziyaretini-kultur-dairesine-yapti-1704788511.webp.webp","width":710,"height":370},{"@type":"BreadcrumbList","@id":"https:\/\/kibrisdakik.com\/?p=25690#breadcrumb","itemListElement":[{"@type":"ListItem","position":1,"name":"Home","item":"https:\/\/kibrisdakik.com\/"},{"@type":"ListItem","position":2,"name":"Arkhe ilk ziyaretini K\u00fclt\u00fcr Dairesi&#039;ne yapt\u0131"}]},{"@type":"WebSite","@id":"https:\/\/kibrisdakik.com\/#website","url":"https:\/\/kibrisdakik.com\/","name":"","description":"Tam vaktinde haber","potentialAction":[{"@type":"SearchAction","target":{"@type":"EntryPoint","urlTemplate":"https:\/\/kibrisdakik.com\/?s={search_term_string}"},"query-input":{"@type":"PropertyValueSpecification","valueRequired":true,"valueName":"search_term_string"}}],"inLanguage":"tr"},{"@type":"Person","@id":"https:\/\/kibrisdakik.com\/#\/schema\/person\/9cd9d437bbb44f72b73ba127e06d8e79","name":"admin","image":{"@type":"ImageObject","inLanguage":"tr","@id":"https:\/\/secure.gravatar.com\/avatar\/ccc17943b9d660506c869530f897617f7cb1c21a4bf30023f252596d83e1f007?s=96&d=mm&r=g","url":"https:\/\/secure.gravatar.com\/avatar\/ccc17943b9d660506c869530f897617f7cb1c21a4bf30023f252596d83e1f007?s=96&d=mm&r=g","contentUrl":"https:\/\/secure.gravatar.com\/avatar\/ccc17943b9d660506c869530f897617f7cb1c21a4bf30023f252596d83e1f007?s=96&d=mm&r=g","caption":"admin"},"sameAs":["https:\/\/kibrisdakik.com"],"url":"https:\/\/kibrisdakik.com\/?author=1"}]}},"_links":{"self":[{"href":"https:\/\/kibrisdakik.com\/index.php?rest_route=\/wp\/v2\/posts\/25690","targetHints":{"allow":["GET"]}}],"collection":[{"href":"https:\/\/kibrisdakik.com\/index.php?rest_route=\/wp\/v2\/posts"}],"about":[{"href":"https:\/\/kibrisdakik.com\/index.php?rest_route=\/wp\/v2\/types\/post"}],"author":[{"embeddable":true,"href":"https:\/\/kibrisdakik.com\/index.php?rest_route=\/wp\/v2\/users\/1"}],"replies":[{"embeddable":true,"href":"https:\/\/kibrisdakik.com\/index.php?rest_route=%2Fwp%2Fv2%2Fcomments&post=25690"}],"version-history":[{"count":0,"href":"https:\/\/kibrisdakik.com\/index.php?rest_route=\/wp\/v2\/posts\/25690\/revisions"}],"wp:featuredmedia":[{"embeddable":true,"href":"https:\/\/kibrisdakik.com\/index.php?rest_route=\/wp\/v2\/media\/25691"}],"wp:attachment":[{"href":"https:\/\/kibrisdakik.com\/index.php?rest_route=%2Fwp%2Fv2%2Fmedia&parent=25690"}],"wp:term":[{"taxonomy":"category","embeddable":true,"href":"https:\/\/kibrisdakik.com\/index.php?rest_route=%2Fwp%2Fv2%2Fcategories&post=25690"},{"taxonomy":"post_tag","embeddable":true,"href":"https:\/\/kibrisdakik.com\/index.php?rest_route=%2Fwp%2Fv2%2Ftags&post=25690"}],"curies":[{"name":"wp","href":"https:\/\/api.w.org\/{rel}","templated":true}]}}