{"id":25726,"date":"2024-01-09T12:45:51","date_gmt":"2024-01-09T12:45:51","guid":{"rendered":"https:\/\/kibrisdakik.com\/index.php\/2024\/01\/09\/karavezirler-beldedeki-tum-okullara-ve-egitime-destek-devam-edecek\/"},"modified":"2024-01-09T12:45:51","modified_gmt":"2024-01-09T12:45:51","slug":"karavezirler-beldedeki-tum-okullara-ve-egitime-destek-devam-edecek","status":"publish","type":"post","link":"https:\/\/kibrisdakik.com\/?p=25726","title":{"rendered":"Karavezirler: \u201cBeldedeki t\u00fcm okullara ve e\u011fitime destek devam edecek\u201d"},"content":{"rendered":"<p><img decoding=\"async\" src=\"https:\/\/www.kibristurk.com\/images\/haberler\/2024\/01\/karavezirler-beldedeki-tum-okullara-ve-egitime-destek-devam-edecek-1704803879.webp\" \/><\/p>\n<p style=\"text-align:left\"><span style=\"font-size:14px\"><span style=\"font-family:Arial,Helvetica,sans-serif\"><span style=\"color:#000000\"><span style=\"background-color:#ffffff\">De\u011firmenlik \u0130lkokulu\u2019nu ziyaret edip, yap\u0131lan in\u015faat\u0131 yerinde inceleyen De\u011firmenlik Ak\u0131nc\u0131lar Belediye Ba\u015fkan\u0131 Ali Karavezirler, in\u015faat\u0131n sorunsuz bir \u015fekilde ilerledi\u011fini ve k\u0131sa zamanda tamamlan\u0131p e\u011fitime hizmet vermesini hedeflediklerini ifade etti.<\/span><\/span><\/span><\/span><\/p>\n<p style=\"text-align:left\">&nbsp;<\/p>\n<div style=\"text-align:left\"><span style=\"font-size:14px\"><span style=\"font-family:Arial,Helvetica,sans-serif\"><span style=\"color:#000000\"><span style=\"background-color:#ffffff\"><span style=\"color:#797979\">Karavezirler,&nbsp;<\/span>bakanl\u0131kla imzalad\u0131klar\u0131 protokol \u00e7er\u00e7evesinde t\u00fcm okullara ve e\u011fitime destek ile katk\u0131lar\u0131n her zaman devam edece\u011fini belirtti.<\/span><\/span><\/span><\/span><\/div>\n<p style=\"text-align:left\">&nbsp;<\/p>\n<p style=\"text-align:left\"><span style=\"font-size:14px\"><span style=\"font-family:Arial,Helvetica,sans-serif\"><span style=\"color:#000000\"><span style=\"background-color:#ffffff\">Belediyeden yap\u0131lan a\u00e7\u0131klamaya g\u00f6re, Ali Karavezirler, e\u011fitimin \u00f6nemine de\u011finerek, beldedeki t\u00fcm okullara ve e\u011fitime destek ve katk\u0131lar\u0131n her zaman devam edece\u011fini, e\u011fitim i\u00e7in yap\u0131lan her yat\u0131r\u0131m\u0131n gelece\u011fe yap\u0131lan en de\u011ferli katk\u0131 oldu\u011funu belirtti. Karavezirler, \u201c\u00c7ocuklar bizim gelece\u011fimizdir, her zaman onlar\u0131n yan\u0131nda olaca\u011f\u0131z\u201d dedi.<\/span><\/span><\/span><\/span><\/p>\n","protected":false},"excerpt":{"rendered":"<p>De\u011firmenlik \u0130lkokulu\u2019nu ziyaret edip, yap\u0131lan in\u015faat\u0131 yerinde inceleyen De\u011firmenlik Ak\u0131nc\u0131lar Belediye Ba\u015fkan\u0131 Ali Karavezirler, in\u015faat\u0131n sorunsuz bir \u015fekilde ilerledi\u011fini ve k\u0131sa zamanda tamamlan\u0131p e\u011fitime hizmet vermesini hedeflediklerini ifade etti. &nbsp; Karavezirler,&nbsp;bakanl\u0131kla imzalad\u0131klar\u0131 protokol \u00e7er\u00e7evesinde t\u00fcm okullara ve e\u011fitime destek ile katk\u0131lar\u0131n her zaman devam edece\u011fini belirtti. &nbsp; Belediyeden yap\u0131lan a\u00e7\u0131klamaya g\u00f6re, Ali Karavezirler, e\u011fitimin \u00f6nemine<\/p>\n","protected":false},"author":1,"featured_media":25727,"comment_status":"open","ping_status":"open","sticky":false,"template":"","format":"standard","meta":{"footnotes":""},"categories":[1],"tags":[],"class_list":["post-25726","post","type-post","status-publish","format-standard","has-post-thumbnail","hentry","category-gundem"],"yoast_head":"<!-- This site is optimized with the Yoast SEO plugin v27.5 - https:\/\/yoast.com\/product\/yoast-seo-wordpress\/ -->\n<title>Karavezirler: \u201cBeldedeki t\u00fcm okullara ve e\u011fitime destek devam edecek\u201d -<\/title>\n<meta name=\"robots\" content=\"index, follow, max-snippet:-1, max-image-preview:large, max-video-preview:-1\" \/>\n<link rel=\"canonical\" href=\"https:\/\/kibrisdakik.com\/?p=25726\" \/>\n<meta property=\"og:locale\" content=\"tr_TR\" \/>\n<meta property=\"og:type\" content=\"article\" \/>\n<meta property=\"og:title\" content=\"Karavezirler: \u201cBeldedeki t\u00fcm okullara ve e\u011fitime destek devam edecek\u201d -\" \/>\n<meta property=\"og:description\" content=\"De\u011firmenlik \u0130lkokulu\u2019nu ziyaret edip, yap\u0131lan in\u015faat\u0131 yerinde inceleyen De\u011firmenlik Ak\u0131nc\u0131lar Belediye Ba\u015fkan\u0131 Ali Karavezirler, in\u015faat\u0131n sorunsuz bir \u015fekilde ilerledi\u011fini ve k\u0131sa zamanda tamamlan\u0131p e\u011fitime hizmet vermesini hedeflediklerini ifade etti. &nbsp; Karavezirler,&nbsp;bakanl\u0131kla imzalad\u0131klar\u0131 protokol \u00e7er\u00e7evesinde t\u00fcm okullara ve e\u011fitime destek ile katk\u0131lar\u0131n her zaman devam edece\u011fini belirtti. &nbsp; Belediyeden yap\u0131lan a\u00e7\u0131klamaya g\u00f6re, Ali Karavezirler, e\u011fitimin \u00f6nemine\" \/>\n<meta property=\"og:url\" content=\"https:\/\/kibrisdakik.com\/?p=25726\" \/>\n<meta property=\"article:published_time\" content=\"2024-01-09T12:45:51+00:00\" \/>\n<meta property=\"og:image\" content=\"https:\/\/kibrisdakik.com\/wp-content\/uploads\/2024\/01\/karavezirler-beldedeki-tum-okullara-ve-egitime-destek-devam-edecek-1704803879.webp.webp\" \/>\n\t<meta property=\"og:image:width\" content=\"710\" \/>\n\t<meta property=\"og:image:height\" content=\"370\" \/>\n\t<meta property=\"og:image:type\" content=\"image\/webp\" \/>\n<meta name=\"author\" content=\"admin\" \/>\n<meta name=\"twitter:card\" content=\"summary_large_image\" \/>\n<meta name=\"twitter:label1\" content=\"Yazan:\" \/>\n\t<meta name=\"twitter:data1\" content=\"admin\" \/>\n\t<meta name=\"twitter:label2\" content=\"Tahmini okuma s\u00fcresi\" \/>\n\t<meta name=\"twitter:data2\" content=\"1 dakika\" \/>\n<script type=\"application\/ld+json\" class=\"yoast-schema-graph\">{\"@context\":\"https:\\\/\\\/schema.org\",\"@graph\":[{\"@type\":\"Article\",\"@id\":\"https:\\\/\\\/kibrisdakik.com\\\/?p=25726#article\",\"isPartOf\":{\"@id\":\"https:\\\/\\\/kibrisdakik.com\\\/?p=25726\"},\"author\":{\"name\":\"admin\",\"@id\":\"https:\\\/\\\/kibrisdakik.com\\\/#\\\/schema\\\/person\\\/9cd9d437bbb44f72b73ba127e06d8e79\"},\"headline\":\"Karavezirler: \u201cBeldedeki t\u00fcm okullara ve e\u011fitime destek devam edecek\u201d\",\"datePublished\":\"2024-01-09T12:45:51+00:00\",\"mainEntityOfPage\":{\"@id\":\"https:\\\/\\\/kibrisdakik.com\\\/?p=25726\"},\"wordCount\":149,\"commentCount\":0,\"image\":{\"@id\":\"https:\\\/\\\/kibrisdakik.com\\\/?p=25726#primaryimage\"},\"thumbnailUrl\":\"https:\\\/\\\/kibrisdakik.com\\\/wp-content\\\/uploads\\\/2024\\\/01\\\/karavezirler-beldedeki-tum-okullara-ve-egitime-destek-devam-edecek-1704803879.webp.webp\",\"articleSection\":[\"G\u00fcndem\"],\"inLanguage\":\"tr\",\"potentialAction\":[{\"@type\":\"CommentAction\",\"name\":\"Comment\",\"target\":[\"https:\\\/\\\/kibrisdakik.com\\\/?p=25726#respond\"]}]},{\"@type\":\"WebPage\",\"@id\":\"https:\\\/\\\/kibrisdakik.com\\\/?p=25726\",\"url\":\"https:\\\/\\\/kibrisdakik.com\\\/?p=25726\",\"name\":\"Karavezirler: \u201cBeldedeki t\u00fcm okullara ve e\u011fitime destek devam edecek\u201d -\",\"isPartOf\":{\"@id\":\"https:\\\/\\\/kibrisdakik.com\\\/#website\"},\"primaryImageOfPage\":{\"@id\":\"https:\\\/\\\/kibrisdakik.com\\\/?p=25726#primaryimage\"},\"image\":{\"@id\":\"https:\\\/\\\/kibrisdakik.com\\\/?p=25726#primaryimage\"},\"thumbnailUrl\":\"https:\\\/\\\/kibrisdakik.com\\\/wp-content\\\/uploads\\\/2024\\\/01\\\/karavezirler-beldedeki-tum-okullara-ve-egitime-destek-devam-edecek-1704803879.webp.webp\",\"datePublished\":\"2024-01-09T12:45:51+00:00\",\"author\":{\"@id\":\"https:\\\/\\\/kibrisdakik.com\\\/#\\\/schema\\\/person\\\/9cd9d437bbb44f72b73ba127e06d8e79\"},\"breadcrumb\":{\"@id\":\"https:\\\/\\\/kibrisdakik.com\\\/?p=25726#breadcrumb\"},\"inLanguage\":\"tr\",\"potentialAction\":[{\"@type\":\"ReadAction\",\"target\":[\"https:\\\/\\\/kibrisdakik.com\\\/?p=25726\"]}]},{\"@type\":\"ImageObject\",\"inLanguage\":\"tr\",\"@id\":\"https:\\\/\\\/kibrisdakik.com\\\/?p=25726#primaryimage\",\"url\":\"https:\\\/\\\/kibrisdakik.com\\\/wp-content\\\/uploads\\\/2024\\\/01\\\/karavezirler-beldedeki-tum-okullara-ve-egitime-destek-devam-edecek-1704803879.webp.webp\",\"contentUrl\":\"https:\\\/\\\/kibrisdakik.com\\\/wp-content\\\/uploads\\\/2024\\\/01\\\/karavezirler-beldedeki-tum-okullara-ve-egitime-destek-devam-edecek-1704803879.webp.webp\",\"width\":710,\"height\":370},{\"@type\":\"BreadcrumbList\",\"@id\":\"https:\\\/\\\/kibrisdakik.com\\\/?p=25726#breadcrumb\",\"itemListElement\":[{\"@type\":\"ListItem\",\"position\":1,\"name\":\"Home\",\"item\":\"https:\\\/\\\/kibrisdakik.com\\\/\"},{\"@type\":\"ListItem\",\"position\":2,\"name\":\"Karavezirler: \u201cBeldedeki t\u00fcm okullara ve e\u011fitime destek devam edecek\u201d\"}]},{\"@type\":\"WebSite\",\"@id\":\"https:\\\/\\\/kibrisdakik.com\\\/#website\",\"url\":\"https:\\\/\\\/kibrisdakik.com\\\/\",\"name\":\"\",\"description\":\"Tam vaktinde haber\",\"potentialAction\":[{\"@type\":\"SearchAction\",\"target\":{\"@type\":\"EntryPoint\",\"urlTemplate\":\"https:\\\/\\\/kibrisdakik.com\\\/?s={search_term_string}\"},\"query-input\":{\"@type\":\"PropertyValueSpecification\",\"valueRequired\":true,\"valueName\":\"search_term_string\"}}],\"inLanguage\":\"tr\"},{\"@type\":\"Person\",\"@id\":\"https:\\\/\\\/kibrisdakik.com\\\/#\\\/schema\\\/person\\\/9cd9d437bbb44f72b73ba127e06d8e79\",\"name\":\"admin\",\"image\":{\"@type\":\"ImageObject\",\"inLanguage\":\"tr\",\"@id\":\"https:\\\/\\\/secure.gravatar.com\\\/avatar\\\/ccc17943b9d660506c869530f897617f7cb1c21a4bf30023f252596d83e1f007?s=96&d=mm&r=g\",\"url\":\"https:\\\/\\\/secure.gravatar.com\\\/avatar\\\/ccc17943b9d660506c869530f897617f7cb1c21a4bf30023f252596d83e1f007?s=96&d=mm&r=g\",\"contentUrl\":\"https:\\\/\\\/secure.gravatar.com\\\/avatar\\\/ccc17943b9d660506c869530f897617f7cb1c21a4bf30023f252596d83e1f007?s=96&d=mm&r=g\",\"caption\":\"admin\"},\"sameAs\":[\"https:\\\/\\\/kibrisdakik.com\"],\"url\":\"https:\\\/\\\/kibrisdakik.com\\\/?author=1\"}]}<\/script>\n<!-- \/ Yoast SEO plugin. -->","yoast_head_json":{"title":"Karavezirler: \u201cBeldedeki t\u00fcm okullara ve e\u011fitime destek devam edecek\u201d -","robots":{"index":"index","follow":"follow","max-snippet":"max-snippet:-1","max-image-preview":"max-image-preview:large","max-video-preview":"max-video-preview:-1"},"canonical":"https:\/\/kibrisdakik.com\/?p=25726","og_locale":"tr_TR","og_type":"article","og_title":"Karavezirler: \u201cBeldedeki t\u00fcm okullara ve e\u011fitime destek devam edecek\u201d -","og_description":"De\u011firmenlik \u0130lkokulu\u2019nu ziyaret edip, yap\u0131lan in\u015faat\u0131 yerinde inceleyen De\u011firmenlik Ak\u0131nc\u0131lar Belediye Ba\u015fkan\u0131 Ali Karavezirler, in\u015faat\u0131n sorunsuz bir \u015fekilde ilerledi\u011fini ve k\u0131sa zamanda tamamlan\u0131p e\u011fitime hizmet vermesini hedeflediklerini ifade etti. &nbsp; Karavezirler,&nbsp;bakanl\u0131kla imzalad\u0131klar\u0131 protokol \u00e7er\u00e7evesinde t\u00fcm okullara ve e\u011fitime destek ile katk\u0131lar\u0131n her zaman devam edece\u011fini belirtti. &nbsp; Belediyeden yap\u0131lan a\u00e7\u0131klamaya g\u00f6re, Ali Karavezirler, e\u011fitimin \u00f6nemine","og_url":"https:\/\/kibrisdakik.com\/?p=25726","article_published_time":"2024-01-09T12:45:51+00:00","og_image":[{"width":710,"height":370,"url":"https:\/\/kibrisdakik.com\/wp-content\/uploads\/2024\/01\/karavezirler-beldedeki-tum-okullara-ve-egitime-destek-devam-edecek-1704803879.webp.webp","type":"image\/webp"}],"author":"admin","twitter_card":"summary_large_image","twitter_misc":{"Yazan:":"admin","Tahmini okuma s\u00fcresi":"1 dakika"},"schema":{"@context":"https:\/\/schema.org","@graph":[{"@type":"Article","@id":"https:\/\/kibrisdakik.com\/?p=25726#article","isPartOf":{"@id":"https:\/\/kibrisdakik.com\/?p=25726"},"author":{"name":"admin","@id":"https:\/\/kibrisdakik.com\/#\/schema\/person\/9cd9d437bbb44f72b73ba127e06d8e79"},"headline":"Karavezirler: \u201cBeldedeki t\u00fcm okullara ve e\u011fitime destek devam edecek\u201d","datePublished":"2024-01-09T12:45:51+00:00","mainEntityOfPage":{"@id":"https:\/\/kibrisdakik.com\/?p=25726"},"wordCount":149,"commentCount":0,"image":{"@id":"https:\/\/kibrisdakik.com\/?p=25726#primaryimage"},"thumbnailUrl":"https:\/\/kibrisdakik.com\/wp-content\/uploads\/2024\/01\/karavezirler-beldedeki-tum-okullara-ve-egitime-destek-devam-edecek-1704803879.webp.webp","articleSection":["G\u00fcndem"],"inLanguage":"tr","potentialAction":[{"@type":"CommentAction","name":"Comment","target":["https:\/\/kibrisdakik.com\/?p=25726#respond"]}]},{"@type":"WebPage","@id":"https:\/\/kibrisdakik.com\/?p=25726","url":"https:\/\/kibrisdakik.com\/?p=25726","name":"Karavezirler: \u201cBeldedeki t\u00fcm okullara ve e\u011fitime destek devam edecek\u201d -","isPartOf":{"@id":"https:\/\/kibrisdakik.com\/#website"},"primaryImageOfPage":{"@id":"https:\/\/kibrisdakik.com\/?p=25726#primaryimage"},"image":{"@id":"https:\/\/kibrisdakik.com\/?p=25726#primaryimage"},"thumbnailUrl":"https:\/\/kibrisdakik.com\/wp-content\/uploads\/2024\/01\/karavezirler-beldedeki-tum-okullara-ve-egitime-destek-devam-edecek-1704803879.webp.webp","datePublished":"2024-01-09T12:45:51+00:00","author":{"@id":"https:\/\/kibrisdakik.com\/#\/schema\/person\/9cd9d437bbb44f72b73ba127e06d8e79"},"breadcrumb":{"@id":"https:\/\/kibrisdakik.com\/?p=25726#breadcrumb"},"inLanguage":"tr","potentialAction":[{"@type":"ReadAction","target":["https:\/\/kibrisdakik.com\/?p=25726"]}]},{"@type":"ImageObject","inLanguage":"tr","@id":"https:\/\/kibrisdakik.com\/?p=25726#primaryimage","url":"https:\/\/kibrisdakik.com\/wp-content\/uploads\/2024\/01\/karavezirler-beldedeki-tum-okullara-ve-egitime-destek-devam-edecek-1704803879.webp.webp","contentUrl":"https:\/\/kibrisdakik.com\/wp-content\/uploads\/2024\/01\/karavezirler-beldedeki-tum-okullara-ve-egitime-destek-devam-edecek-1704803879.webp.webp","width":710,"height":370},{"@type":"BreadcrumbList","@id":"https:\/\/kibrisdakik.com\/?p=25726#breadcrumb","itemListElement":[{"@type":"ListItem","position":1,"name":"Home","item":"https:\/\/kibrisdakik.com\/"},{"@type":"ListItem","position":2,"name":"Karavezirler: \u201cBeldedeki t\u00fcm okullara ve e\u011fitime destek devam edecek\u201d"}]},{"@type":"WebSite","@id":"https:\/\/kibrisdakik.com\/#website","url":"https:\/\/kibrisdakik.com\/","name":"","description":"Tam vaktinde haber","potentialAction":[{"@type":"SearchAction","target":{"@type":"EntryPoint","urlTemplate":"https:\/\/kibrisdakik.com\/?s={search_term_string}"},"query-input":{"@type":"PropertyValueSpecification","valueRequired":true,"valueName":"search_term_string"}}],"inLanguage":"tr"},{"@type":"Person","@id":"https:\/\/kibrisdakik.com\/#\/schema\/person\/9cd9d437bbb44f72b73ba127e06d8e79","name":"admin","image":{"@type":"ImageObject","inLanguage":"tr","@id":"https:\/\/secure.gravatar.com\/avatar\/ccc17943b9d660506c869530f897617f7cb1c21a4bf30023f252596d83e1f007?s=96&d=mm&r=g","url":"https:\/\/secure.gravatar.com\/avatar\/ccc17943b9d660506c869530f897617f7cb1c21a4bf30023f252596d83e1f007?s=96&d=mm&r=g","contentUrl":"https:\/\/secure.gravatar.com\/avatar\/ccc17943b9d660506c869530f897617f7cb1c21a4bf30023f252596d83e1f007?s=96&d=mm&r=g","caption":"admin"},"sameAs":["https:\/\/kibrisdakik.com"],"url":"https:\/\/kibrisdakik.com\/?author=1"}]}},"_links":{"self":[{"href":"https:\/\/kibrisdakik.com\/index.php?rest_route=\/wp\/v2\/posts\/25726","targetHints":{"allow":["GET"]}}],"collection":[{"href":"https:\/\/kibrisdakik.com\/index.php?rest_route=\/wp\/v2\/posts"}],"about":[{"href":"https:\/\/kibrisdakik.com\/index.php?rest_route=\/wp\/v2\/types\/post"}],"author":[{"embeddable":true,"href":"https:\/\/kibrisdakik.com\/index.php?rest_route=\/wp\/v2\/users\/1"}],"replies":[{"embeddable":true,"href":"https:\/\/kibrisdakik.com\/index.php?rest_route=%2Fwp%2Fv2%2Fcomments&post=25726"}],"version-history":[{"count":0,"href":"https:\/\/kibrisdakik.com\/index.php?rest_route=\/wp\/v2\/posts\/25726\/revisions"}],"wp:featuredmedia":[{"embeddable":true,"href":"https:\/\/kibrisdakik.com\/index.php?rest_route=\/wp\/v2\/media\/25727"}],"wp:attachment":[{"href":"https:\/\/kibrisdakik.com\/index.php?rest_route=%2Fwp%2Fv2%2Fmedia&parent=25726"}],"wp:term":[{"taxonomy":"category","embeddable":true,"href":"https:\/\/kibrisdakik.com\/index.php?rest_route=%2Fwp%2Fv2%2Fcategories&post=25726"},{"taxonomy":"post_tag","embeddable":true,"href":"https:\/\/kibrisdakik.com\/index.php?rest_route=%2Fwp%2Fv2%2Ftags&post=25726"}],"curies":[{"name":"wp","href":"https:\/\/api.w.org\/{rel}","templated":true}]}}