{"id":25764,"date":"2024-01-09T16:44:06","date_gmt":"2024-01-09T16:44:06","guid":{"rendered":"https:\/\/kibrisdakik.com\/index.php\/2024\/01\/09\/alman-biontech-kanser-ilacina-odaklaniyor\/"},"modified":"2024-01-09T16:44:06","modified_gmt":"2024-01-09T16:44:06","slug":"alman-biontech-kanser-ilacina-odaklaniyor","status":"publish","type":"post","link":"https:\/\/kibrisdakik.com\/?p=25764","title":{"rendered":"Alman BioNTech, kanser ilac\u0131na odaklan\u0131yor"},"content":{"rendered":"<p><img decoding=\"async\" src=\"https:\/\/www.kibristurk.com\/images\/haberler\/2024\/01\/alman-biontech-kanser-ilacina-odaklaniyor-1704816195.webp\" \/><\/p>\n<p>Kovid-19 salg\u0131n\u0131na kar\u015f\u0131 a\u015f\u0131lar\u0131 ilk geli\u015ftiren \u015firketler aras\u0131nda yer alan Alman biyoteknoloji \u015firketi BioNTech, gelecek y\u0131llarda kanser ara\u015ft\u0131rmalar\u0131na daha fazla odaklanaca\u011f\u0131n\u0131 duyurdu.<\/p>\n<p>BioNTech\u2019den yap\u0131lan a\u00e7\u0131klamada, bug\u00fcn San Francisco&#8217;da d\u00fczenlenen JP Morgan sa\u011fl\u0131k hizmetleri konferans\u0131nda \u015firketin \u201c2024 stratejik \u00f6ncelikleri ve gelir beklentisine\u201d ili\u015fkin sunum yap\u0131laca\u011f\u0131 belirtildi.<\/p>\n<p>A\u00e7\u0131klamada g\u00f6r\u00fc\u015flerine yerilen BioNTech \u00dcst Y\u00f6neticisi (CEO) ve kurucu orta\u011f\u0131 Prof. Dr. U\u011fur \u015eahin, \u015fu anda \u00e7e\u015fitli kanser t\u00fcrleri i\u00e7in ileri bir geli\u015ftirme a\u015famas\u0131nda olan \u00e7al\u0131\u015fmalar yapt\u0131klar\u0131n\u0131, 2024 sonuna kadar on veya daha fazla potansiyel olarak onayla ilgili \u00e7al\u0131\u015fmaya sahip olmay\u0131 hedeflediklerini belirtti.<\/p>\n<p>\u015eahin, \u201cBu y\u0131l, 2026&#8217;dan itibaren beklenen ilk onkoloji tan\u0131t\u0131mlar\u0131m\u0131za do\u011fru yenilik\u00e7i \u00fcr\u00fcnlerimizi geni\u015fletmeye ve geli\u015ftirmeye devam ederken BioNTech&#8217;te \u00f6nemli bir uygulama y\u0131l\u0131 olacak.\u201d dedi.<\/p>\n<p>\u015eirket, bu y\u0131l b\u00fcy\u00fck \u00f6l\u00e7\u00fcde Kovid-19 a\u015f\u0131lar\u0131ndan elde edece\u011fi yakla\u015f\u0131k 3 milyar avroluk gelir hedefliyor.<\/p>\n<p>A\u00e7\u0131klamada, Biontech\u2019in 2023 sonu itibar\u0131yla yakla\u015f\u0131k 17,5 milyar avro nakit ve menkul k\u0131ymet yat\u0131r\u0131m\u0131 oldu\u011fu ve \u015firketin Kovid-19 a\u015f\u0131lar\u0131n\u0131n d\u00fc\u015fen sat\u0131\u015flar\u0131na ra\u011fmen ara\u015ft\u0131rma ve geli\u015ftirmeye yat\u0131r\u0131m yapmaya devam edece\u011fi vurguland\u0131.<\/p>\n","protected":false},"excerpt":{"rendered":"<p>Kovid-19 salg\u0131n\u0131na kar\u015f\u0131 a\u015f\u0131lar\u0131 ilk geli\u015ftiren \u015firketler aras\u0131nda yer alan Alman biyoteknoloji \u015firketi BioNTech, gelecek y\u0131llarda kanser ara\u015ft\u0131rmalar\u0131na daha fazla odaklanaca\u011f\u0131n\u0131 duyurdu. BioNTech\u2019den yap\u0131lan a\u00e7\u0131klamada, bug\u00fcn San Francisco&#8217;da d\u00fczenlenen JP Morgan sa\u011fl\u0131k hizmetleri konferans\u0131nda \u015firketin \u201c2024 stratejik \u00f6ncelikleri ve gelir beklentisine\u201d ili\u015fkin sunum yap\u0131laca\u011f\u0131 belirtildi. A\u00e7\u0131klamada g\u00f6r\u00fc\u015flerine yerilen BioNTech \u00dcst Y\u00f6neticisi (CEO) ve kurucu orta\u011f\u0131<\/p>\n","protected":false},"author":1,"featured_media":25765,"comment_status":"open","ping_status":"open","sticky":false,"template":"","format":"standard","meta":{"footnotes":""},"categories":[1],"tags":[],"class_list":["post-25764","post","type-post","status-publish","format-standard","has-post-thumbnail","hentry","category-gundem"],"yoast_head":"<!-- This site is optimized with the Yoast SEO plugin v27.5 - https:\/\/yoast.com\/product\/yoast-seo-wordpress\/ -->\n<title>Alman BioNTech, kanser ilac\u0131na odaklan\u0131yor -<\/title>\n<meta name=\"robots\" content=\"index, follow, max-snippet:-1, max-image-preview:large, max-video-preview:-1\" \/>\n<link rel=\"canonical\" href=\"https:\/\/kibrisdakik.com\/?p=25764\" \/>\n<meta property=\"og:locale\" content=\"tr_TR\" \/>\n<meta property=\"og:type\" content=\"article\" \/>\n<meta property=\"og:title\" content=\"Alman BioNTech, kanser ilac\u0131na odaklan\u0131yor -\" \/>\n<meta property=\"og:description\" content=\"Kovid-19 salg\u0131n\u0131na kar\u015f\u0131 a\u015f\u0131lar\u0131 ilk geli\u015ftiren \u015firketler aras\u0131nda yer alan Alman biyoteknoloji \u015firketi BioNTech, gelecek y\u0131llarda kanser ara\u015ft\u0131rmalar\u0131na daha fazla odaklanaca\u011f\u0131n\u0131 duyurdu. BioNTech\u2019den yap\u0131lan a\u00e7\u0131klamada, bug\u00fcn San Francisco&#8217;da d\u00fczenlenen JP Morgan sa\u011fl\u0131k hizmetleri konferans\u0131nda \u015firketin \u201c2024 stratejik \u00f6ncelikleri ve gelir beklentisine\u201d ili\u015fkin sunum yap\u0131laca\u011f\u0131 belirtildi. A\u00e7\u0131klamada g\u00f6r\u00fc\u015flerine yerilen BioNTech \u00dcst Y\u00f6neticisi (CEO) ve kurucu orta\u011f\u0131\" \/>\n<meta property=\"og:url\" content=\"https:\/\/kibrisdakik.com\/?p=25764\" \/>\n<meta property=\"article:published_time\" content=\"2024-01-09T16:44:06+00:00\" \/>\n<meta property=\"og:image\" content=\"https:\/\/kibrisdakik.com\/wp-content\/uploads\/2024\/01\/alman-biontech-kanser-ilacina-odaklaniyor-1704816195.webp.webp\" \/>\n\t<meta property=\"og:image:width\" content=\"710\" \/>\n\t<meta property=\"og:image:height\" content=\"370\" \/>\n\t<meta property=\"og:image:type\" content=\"image\/webp\" \/>\n<meta name=\"author\" content=\"admin\" \/>\n<meta name=\"twitter:card\" content=\"summary_large_image\" \/>\n<meta name=\"twitter:label1\" content=\"Yazan:\" \/>\n\t<meta name=\"twitter:data1\" content=\"admin\" \/>\n\t<meta name=\"twitter:label2\" content=\"Tahmini okuma s\u00fcresi\" \/>\n\t<meta name=\"twitter:data2\" content=\"1 dakika\" \/>\n<script type=\"application\/ld+json\" class=\"yoast-schema-graph\">{\"@context\":\"https:\\\/\\\/schema.org\",\"@graph\":[{\"@type\":\"Article\",\"@id\":\"https:\\\/\\\/kibrisdakik.com\\\/?p=25764#article\",\"isPartOf\":{\"@id\":\"https:\\\/\\\/kibrisdakik.com\\\/?p=25764\"},\"author\":{\"name\":\"admin\",\"@id\":\"https:\\\/\\\/kibrisdakik.com\\\/#\\\/schema\\\/person\\\/9cd9d437bbb44f72b73ba127e06d8e79\"},\"headline\":\"Alman BioNTech, kanser ilac\u0131na odaklan\u0131yor\",\"datePublished\":\"2024-01-09T16:44:06+00:00\",\"mainEntityOfPage\":{\"@id\":\"https:\\\/\\\/kibrisdakik.com\\\/?p=25764\"},\"wordCount\":234,\"commentCount\":0,\"image\":{\"@id\":\"https:\\\/\\\/kibrisdakik.com\\\/?p=25764#primaryimage\"},\"thumbnailUrl\":\"https:\\\/\\\/kibrisdakik.com\\\/wp-content\\\/uploads\\\/2024\\\/01\\\/alman-biontech-kanser-ilacina-odaklaniyor-1704816195.webp.webp\",\"articleSection\":[\"G\u00fcndem\"],\"inLanguage\":\"tr\",\"potentialAction\":[{\"@type\":\"CommentAction\",\"name\":\"Comment\",\"target\":[\"https:\\\/\\\/kibrisdakik.com\\\/?p=25764#respond\"]}]},{\"@type\":\"WebPage\",\"@id\":\"https:\\\/\\\/kibrisdakik.com\\\/?p=25764\",\"url\":\"https:\\\/\\\/kibrisdakik.com\\\/?p=25764\",\"name\":\"Alman BioNTech, kanser ilac\u0131na odaklan\u0131yor -\",\"isPartOf\":{\"@id\":\"https:\\\/\\\/kibrisdakik.com\\\/#website\"},\"primaryImageOfPage\":{\"@id\":\"https:\\\/\\\/kibrisdakik.com\\\/?p=25764#primaryimage\"},\"image\":{\"@id\":\"https:\\\/\\\/kibrisdakik.com\\\/?p=25764#primaryimage\"},\"thumbnailUrl\":\"https:\\\/\\\/kibrisdakik.com\\\/wp-content\\\/uploads\\\/2024\\\/01\\\/alman-biontech-kanser-ilacina-odaklaniyor-1704816195.webp.webp\",\"datePublished\":\"2024-01-09T16:44:06+00:00\",\"author\":{\"@id\":\"https:\\\/\\\/kibrisdakik.com\\\/#\\\/schema\\\/person\\\/9cd9d437bbb44f72b73ba127e06d8e79\"},\"breadcrumb\":{\"@id\":\"https:\\\/\\\/kibrisdakik.com\\\/?p=25764#breadcrumb\"},\"inLanguage\":\"tr\",\"potentialAction\":[{\"@type\":\"ReadAction\",\"target\":[\"https:\\\/\\\/kibrisdakik.com\\\/?p=25764\"]}]},{\"@type\":\"ImageObject\",\"inLanguage\":\"tr\",\"@id\":\"https:\\\/\\\/kibrisdakik.com\\\/?p=25764#primaryimage\",\"url\":\"https:\\\/\\\/kibrisdakik.com\\\/wp-content\\\/uploads\\\/2024\\\/01\\\/alman-biontech-kanser-ilacina-odaklaniyor-1704816195.webp.webp\",\"contentUrl\":\"https:\\\/\\\/kibrisdakik.com\\\/wp-content\\\/uploads\\\/2024\\\/01\\\/alman-biontech-kanser-ilacina-odaklaniyor-1704816195.webp.webp\",\"width\":710,\"height\":370},{\"@type\":\"BreadcrumbList\",\"@id\":\"https:\\\/\\\/kibrisdakik.com\\\/?p=25764#breadcrumb\",\"itemListElement\":[{\"@type\":\"ListItem\",\"position\":1,\"name\":\"Home\",\"item\":\"https:\\\/\\\/kibrisdakik.com\\\/\"},{\"@type\":\"ListItem\",\"position\":2,\"name\":\"Alman BioNTech, kanser ilac\u0131na odaklan\u0131yor\"}]},{\"@type\":\"WebSite\",\"@id\":\"https:\\\/\\\/kibrisdakik.com\\\/#website\",\"url\":\"https:\\\/\\\/kibrisdakik.com\\\/\",\"name\":\"\",\"description\":\"Tam vaktinde haber\",\"potentialAction\":[{\"@type\":\"SearchAction\",\"target\":{\"@type\":\"EntryPoint\",\"urlTemplate\":\"https:\\\/\\\/kibrisdakik.com\\\/?s={search_term_string}\"},\"query-input\":{\"@type\":\"PropertyValueSpecification\",\"valueRequired\":true,\"valueName\":\"search_term_string\"}}],\"inLanguage\":\"tr\"},{\"@type\":\"Person\",\"@id\":\"https:\\\/\\\/kibrisdakik.com\\\/#\\\/schema\\\/person\\\/9cd9d437bbb44f72b73ba127e06d8e79\",\"name\":\"admin\",\"image\":{\"@type\":\"ImageObject\",\"inLanguage\":\"tr\",\"@id\":\"https:\\\/\\\/secure.gravatar.com\\\/avatar\\\/ccc17943b9d660506c869530f897617f7cb1c21a4bf30023f252596d83e1f007?s=96&d=mm&r=g\",\"url\":\"https:\\\/\\\/secure.gravatar.com\\\/avatar\\\/ccc17943b9d660506c869530f897617f7cb1c21a4bf30023f252596d83e1f007?s=96&d=mm&r=g\",\"contentUrl\":\"https:\\\/\\\/secure.gravatar.com\\\/avatar\\\/ccc17943b9d660506c869530f897617f7cb1c21a4bf30023f252596d83e1f007?s=96&d=mm&r=g\",\"caption\":\"admin\"},\"sameAs\":[\"https:\\\/\\\/kibrisdakik.com\"],\"url\":\"https:\\\/\\\/kibrisdakik.com\\\/?author=1\"}]}<\/script>\n<!-- \/ Yoast SEO plugin. -->","yoast_head_json":{"title":"Alman BioNTech, kanser ilac\u0131na odaklan\u0131yor -","robots":{"index":"index","follow":"follow","max-snippet":"max-snippet:-1","max-image-preview":"max-image-preview:large","max-video-preview":"max-video-preview:-1"},"canonical":"https:\/\/kibrisdakik.com\/?p=25764","og_locale":"tr_TR","og_type":"article","og_title":"Alman BioNTech, kanser ilac\u0131na odaklan\u0131yor -","og_description":"Kovid-19 salg\u0131n\u0131na kar\u015f\u0131 a\u015f\u0131lar\u0131 ilk geli\u015ftiren \u015firketler aras\u0131nda yer alan Alman biyoteknoloji \u015firketi BioNTech, gelecek y\u0131llarda kanser ara\u015ft\u0131rmalar\u0131na daha fazla odaklanaca\u011f\u0131n\u0131 duyurdu. BioNTech\u2019den yap\u0131lan a\u00e7\u0131klamada, bug\u00fcn San Francisco&#8217;da d\u00fczenlenen JP Morgan sa\u011fl\u0131k hizmetleri konferans\u0131nda \u015firketin \u201c2024 stratejik \u00f6ncelikleri ve gelir beklentisine\u201d ili\u015fkin sunum yap\u0131laca\u011f\u0131 belirtildi. A\u00e7\u0131klamada g\u00f6r\u00fc\u015flerine yerilen BioNTech \u00dcst Y\u00f6neticisi (CEO) ve kurucu orta\u011f\u0131","og_url":"https:\/\/kibrisdakik.com\/?p=25764","article_published_time":"2024-01-09T16:44:06+00:00","og_image":[{"width":710,"height":370,"url":"https:\/\/kibrisdakik.com\/wp-content\/uploads\/2024\/01\/alman-biontech-kanser-ilacina-odaklaniyor-1704816195.webp.webp","type":"image\/webp"}],"author":"admin","twitter_card":"summary_large_image","twitter_misc":{"Yazan:":"admin","Tahmini okuma s\u00fcresi":"1 dakika"},"schema":{"@context":"https:\/\/schema.org","@graph":[{"@type":"Article","@id":"https:\/\/kibrisdakik.com\/?p=25764#article","isPartOf":{"@id":"https:\/\/kibrisdakik.com\/?p=25764"},"author":{"name":"admin","@id":"https:\/\/kibrisdakik.com\/#\/schema\/person\/9cd9d437bbb44f72b73ba127e06d8e79"},"headline":"Alman BioNTech, kanser ilac\u0131na odaklan\u0131yor","datePublished":"2024-01-09T16:44:06+00:00","mainEntityOfPage":{"@id":"https:\/\/kibrisdakik.com\/?p=25764"},"wordCount":234,"commentCount":0,"image":{"@id":"https:\/\/kibrisdakik.com\/?p=25764#primaryimage"},"thumbnailUrl":"https:\/\/kibrisdakik.com\/wp-content\/uploads\/2024\/01\/alman-biontech-kanser-ilacina-odaklaniyor-1704816195.webp.webp","articleSection":["G\u00fcndem"],"inLanguage":"tr","potentialAction":[{"@type":"CommentAction","name":"Comment","target":["https:\/\/kibrisdakik.com\/?p=25764#respond"]}]},{"@type":"WebPage","@id":"https:\/\/kibrisdakik.com\/?p=25764","url":"https:\/\/kibrisdakik.com\/?p=25764","name":"Alman BioNTech, kanser ilac\u0131na odaklan\u0131yor -","isPartOf":{"@id":"https:\/\/kibrisdakik.com\/#website"},"primaryImageOfPage":{"@id":"https:\/\/kibrisdakik.com\/?p=25764#primaryimage"},"image":{"@id":"https:\/\/kibrisdakik.com\/?p=25764#primaryimage"},"thumbnailUrl":"https:\/\/kibrisdakik.com\/wp-content\/uploads\/2024\/01\/alman-biontech-kanser-ilacina-odaklaniyor-1704816195.webp.webp","datePublished":"2024-01-09T16:44:06+00:00","author":{"@id":"https:\/\/kibrisdakik.com\/#\/schema\/person\/9cd9d437bbb44f72b73ba127e06d8e79"},"breadcrumb":{"@id":"https:\/\/kibrisdakik.com\/?p=25764#breadcrumb"},"inLanguage":"tr","potentialAction":[{"@type":"ReadAction","target":["https:\/\/kibrisdakik.com\/?p=25764"]}]},{"@type":"ImageObject","inLanguage":"tr","@id":"https:\/\/kibrisdakik.com\/?p=25764#primaryimage","url":"https:\/\/kibrisdakik.com\/wp-content\/uploads\/2024\/01\/alman-biontech-kanser-ilacina-odaklaniyor-1704816195.webp.webp","contentUrl":"https:\/\/kibrisdakik.com\/wp-content\/uploads\/2024\/01\/alman-biontech-kanser-ilacina-odaklaniyor-1704816195.webp.webp","width":710,"height":370},{"@type":"BreadcrumbList","@id":"https:\/\/kibrisdakik.com\/?p=25764#breadcrumb","itemListElement":[{"@type":"ListItem","position":1,"name":"Home","item":"https:\/\/kibrisdakik.com\/"},{"@type":"ListItem","position":2,"name":"Alman BioNTech, kanser ilac\u0131na odaklan\u0131yor"}]},{"@type":"WebSite","@id":"https:\/\/kibrisdakik.com\/#website","url":"https:\/\/kibrisdakik.com\/","name":"","description":"Tam vaktinde haber","potentialAction":[{"@type":"SearchAction","target":{"@type":"EntryPoint","urlTemplate":"https:\/\/kibrisdakik.com\/?s={search_term_string}"},"query-input":{"@type":"PropertyValueSpecification","valueRequired":true,"valueName":"search_term_string"}}],"inLanguage":"tr"},{"@type":"Person","@id":"https:\/\/kibrisdakik.com\/#\/schema\/person\/9cd9d437bbb44f72b73ba127e06d8e79","name":"admin","image":{"@type":"ImageObject","inLanguage":"tr","@id":"https:\/\/secure.gravatar.com\/avatar\/ccc17943b9d660506c869530f897617f7cb1c21a4bf30023f252596d83e1f007?s=96&d=mm&r=g","url":"https:\/\/secure.gravatar.com\/avatar\/ccc17943b9d660506c869530f897617f7cb1c21a4bf30023f252596d83e1f007?s=96&d=mm&r=g","contentUrl":"https:\/\/secure.gravatar.com\/avatar\/ccc17943b9d660506c869530f897617f7cb1c21a4bf30023f252596d83e1f007?s=96&d=mm&r=g","caption":"admin"},"sameAs":["https:\/\/kibrisdakik.com"],"url":"https:\/\/kibrisdakik.com\/?author=1"}]}},"_links":{"self":[{"href":"https:\/\/kibrisdakik.com\/index.php?rest_route=\/wp\/v2\/posts\/25764","targetHints":{"allow":["GET"]}}],"collection":[{"href":"https:\/\/kibrisdakik.com\/index.php?rest_route=\/wp\/v2\/posts"}],"about":[{"href":"https:\/\/kibrisdakik.com\/index.php?rest_route=\/wp\/v2\/types\/post"}],"author":[{"embeddable":true,"href":"https:\/\/kibrisdakik.com\/index.php?rest_route=\/wp\/v2\/users\/1"}],"replies":[{"embeddable":true,"href":"https:\/\/kibrisdakik.com\/index.php?rest_route=%2Fwp%2Fv2%2Fcomments&post=25764"}],"version-history":[{"count":0,"href":"https:\/\/kibrisdakik.com\/index.php?rest_route=\/wp\/v2\/posts\/25764\/revisions"}],"wp:featuredmedia":[{"embeddable":true,"href":"https:\/\/kibrisdakik.com\/index.php?rest_route=\/wp\/v2\/media\/25765"}],"wp:attachment":[{"href":"https:\/\/kibrisdakik.com\/index.php?rest_route=%2Fwp%2Fv2%2Fmedia&parent=25764"}],"wp:term":[{"taxonomy":"category","embeddable":true,"href":"https:\/\/kibrisdakik.com\/index.php?rest_route=%2Fwp%2Fv2%2Fcategories&post=25764"},{"taxonomy":"post_tag","embeddable":true,"href":"https:\/\/kibrisdakik.com\/index.php?rest_route=%2Fwp%2Fv2%2Ftags&post=25764"}],"curies":[{"name":"wp","href":"https:\/\/api.w.org\/{rel}","templated":true}]}}