{"id":25788,"date":"2024-01-09T21:57:38","date_gmt":"2024-01-09T21:57:38","guid":{"rendered":"https:\/\/kibrisdakik.com\/index.php\/2024\/01\/09\/2023-kayitlara-gecen-en-sicak-yil-oldu\/"},"modified":"2024-01-09T21:57:38","modified_gmt":"2024-01-09T21:57:38","slug":"2023-kayitlara-gecen-en-sicak-yil-oldu","status":"publish","type":"post","link":"https:\/\/kibrisdakik.com\/?p=25788","title":{"rendered":"2023 kay\u0131tlara ge\u00e7en en s\u0131cak y\u0131l oldu"},"content":{"rendered":"<p><img decoding=\"async\" src=\"https:\/\/www.kibristurk.com\/images\/haberler\/2024\/01\/2023-kayitlara-gecen-en-sicak-yil-oldu-1704830581.webp\" \/><\/p>\n<p>Bilim insanlar\u0131 uzun zamand\u0131r bundan \u015f\u00fcpheleniyordu ama art\u0131k resmile\u015fti 2023 y\u0131l\u0131 kay\u0131tlara ge\u00e7en en s\u0131cak y\u0131l oldu.<\/p>\n<p><strong>AB&#8217;nin Copernicus iklim de\u011fi\u015fikli\u011fi program\u0131 (C3S) uzmanlar\u0131,<\/strong>&nbsp;ge\u00e7en y\u0131l k\u00fcresel ortalama s\u0131cakl\u0131\u011f\u0131n 14.98 derece ile bir \u00f6nceki en s\u0131cak y\u0131l olan 2016&#8217;dan yakla\u015f\u0131k 0.17 derece daha y\u00fcksek oldu\u011funu a\u00e7\u0131klad\u0131.<\/p>\n<p>Bilim insanlar\u0131 ge\u00e7ti\u011fimiz yaz\u0131n kay\u0131tlara ge\u00e7en en s\u0131cak mevsim oldu\u011funu, Temmuz ay\u0131n\u0131n ise kay\u0131tlara ge\u00e7en en s\u0131cak ay oldu\u011funu a\u00e7\u0131klad\u0131lar.<\/p>\n<p><strong>K\u00dcRESEL SICAKLIKLARIN SINIRINA YAKLA\u015eMA NEDEN\u0130 SERA GAZI EM\u0130SYONLARI<\/strong><\/p>\n<p>Uzmanlar k\u00fcresel s\u0131cakl\u0131klar\u0131n 1.5 derece s\u0131n\u0131r\u0131na yakla\u015ft\u0131\u011f\u0131 konusunda uyard\u0131 ve bunun nedeni olarak sera gaz\u0131 emisyonlar\u0131n\u0131 i\u015faret etti.<\/p>\n<p>2023 y\u0131l\u0131, b\u00fcy\u00fck \u00f6l\u00e7\u00fcde bu emisyonlar nedeniyle D\u00fcnya&#8217;n\u0131n kurakl\u0131klar, seller, orman yang\u0131nlar\u0131 ve \u00f6l\u00fcmc\u00fcl s\u0131cak hava dalgalar\u0131 gibi en maliyetli iklim felaketlerini ya\u015fad\u0131\u011f\u0131 y\u0131l olarak adland\u0131r\u0131ld\u0131.<\/p>\n<p><strong>SON 100 B\u0130N YILIN SICAKLIKLARINI A\u015eMI\u015e OLMALI<\/strong><\/p>\n<p>C3S direkt\u00f6r yard\u0131mc\u0131s\u0131 Samantha Burgess, &#8220;2023, iklim rekorlar\u0131n\u0131n domino ta\u015flar\u0131 gibi devrildi\u011fi ola\u011fan\u00fcst\u00fc bir y\u0131l oldu. 2023 y\u0131l\u0131ndaki s\u0131cakl\u0131klar muhtemelen en az\u0131ndan son 100.000 y\u0131l\u0131n herhangi bir d\u00f6nemindeki s\u0131cakl\u0131klar\u0131 a\u015fm\u0131\u015f olmal\u0131.&#8221; diye konu\u015ftu.<\/p>\n<p>Avrupa Komisyonu taraf\u0131ndan y\u00f6netilen C3S, meteoroloji istasyonlar\u0131ndan meteoroloji balonlar\u0131na ve uydulara kadar \u00e7e\u015fitli platform ve ara\u00e7lara dayal\u0131 s\u0131cakl\u0131k \u00f6l\u00e7\u00fcmlerini incelemektedir.<\/p>\n<p>Departman\u0131n \u00f6l\u00e7\u00fcmleri, t\u00fcm y\u0131l boyunca t\u00fcm gezegenin ortalama hava s\u0131cakl\u0131\u011f\u0131n\u0131 tespit eder.&nbsp;<\/p>\n<p><strong>\u0130LK KEZ B\u0130R YIL \u0130\u00c7\u0130NDE HER G\u00dcN ORTALAMA DERECE \u00dcZER\u0130NE \u00c7IKTI<\/strong><\/p>\n<p>2023 sadece kay\u0131tlara ge\u00e7en en s\u0131cak y\u0131l olmakla kalmad\u0131, ayn\u0131 zamanda ilk kez bir y\u0131l i\u00e7indeki her g\u00fcn 1850 ile 1900 y\u0131llar\u0131 aras\u0131ndaki ortalama 1 derecenin \u00fczerine \u00e7\u0131kt\u0131.<\/p>\n<p>Asl\u0131nda, 2023 y\u0131l\u0131ndaki 365 g\u00fcn\u00fcn neredeyse yar\u0131s\u0131 1850-1900 seviyesinden 1,5 derece daha s\u0131cak ge\u00e7erken, Kas\u0131m ay\u0131nda iki g\u00fcn ilk kez 2 derece daha s\u0131cak ge\u00e7mi\u015ftir.<\/p>\n<p><strong>PAR\u0130S ANLA\u015eMASI&#8217;NIN HEDEFLER\u0130<\/strong><\/p>\n<p>Bu endi\u015fe verici bir durum \u00e7\u00fcnk\u00fc 2016 y\u0131l\u0131nda imzalanan ba\u011flay\u0131c\u0131 bir iklim anla\u015fmas\u0131 olan Paris Anla\u015fmas\u0131&#8217;n\u0131n bir par\u00e7as\u0131 olarak ortalama k\u00fcresel s\u0131cakl\u0131\u011f\u0131n 2 derece&nbsp;ve m\u00fcmk\u00fcnse 1,5 derece aras\u0131nda tutulmas\u0131 hedefleniyor.<\/p>\n<p>C3S Direkt\u00f6r\u00fc Carlo Buontempo, &#8220;Son birka\u00e7 ayd\u0131r g\u00f6zlemledi\u011fimiz a\u015f\u0131r\u0131l\u0131klar, uygarl\u0131\u011f\u0131m\u0131z\u0131n geli\u015fti\u011fi iklimden ne kadar uzakta oldu\u011fumuzun dramatik bir kan\u0131t\u0131d\u0131r. Bunun Paris Anla\u015fmas\u0131 ve t\u00fcm insani \u00e7abalar a\u00e7\u0131s\u0131ndan derin sonu\u00e7lar\u0131 olacakt\u0131r.&#8221; diye konu\u015ftu.<\/p>\n<p><strong>2023 EN SICAK YIL REKORUNU KIRDI<\/strong><\/p>\n<p>2023 y\u0131l\u0131, b\u00fcy\u00fck \u00f6l\u00e7\u00fcde sera gazlar\u0131n\u0131n etkisiyle Haziran ay\u0131ndan itibaren ya\u015fanan &#8216;e\u015fi benzeri g\u00f6r\u00fclmemi\u015f&#8217; k\u00fcresel s\u0131cakl\u0131klar nedeniyle \u015fimdiye kadarki en s\u0131cak y\u0131l olarak rekor k\u0131rd\u0131.<\/p>\n<p><strong>KARBOND\u0130OKS\u0130T VE METAN GAZI ARTMAYA DEVAM ETT\u0130<\/strong><\/p>\n<p>Karbondioksit ve metan\u0131n (en \u00f6nemli iki sera gaz\u0131) atmosferik konsantrasyonlar\u0131 artmaya devam etmi\u015f ve 2023 y\u0131l\u0131nda rekor seviyelere ula\u015fm\u0131\u015ft\u0131r.<\/p>\n<p>Ayr\u0131ca 2023&#8217;te Haziran&#8217;dan Aral\u0131k&#8217;a kadar her ay, bir \u00f6nceki y\u0131l\u0131n ilgili ay\u0131ndan daha s\u0131cak oldu\u011fu kaydedildi.<\/p>\n","protected":false},"excerpt":{"rendered":"<p>Bilim insanlar\u0131 uzun zamand\u0131r bundan \u015f\u00fcpheleniyordu ama art\u0131k resmile\u015fti 2023 y\u0131l\u0131 kay\u0131tlara ge\u00e7en en s\u0131cak y\u0131l oldu. AB&#8217;nin Copernicus iklim de\u011fi\u015fikli\u011fi program\u0131 (C3S) uzmanlar\u0131,&nbsp;ge\u00e7en y\u0131l k\u00fcresel ortalama s\u0131cakl\u0131\u011f\u0131n 14.98 derece ile bir \u00f6nceki en s\u0131cak y\u0131l olan 2016&#8217;dan yakla\u015f\u0131k 0.17 derece daha y\u00fcksek oldu\u011funu a\u00e7\u0131klad\u0131. Bilim insanlar\u0131 ge\u00e7ti\u011fimiz yaz\u0131n kay\u0131tlara ge\u00e7en en s\u0131cak mevsim oldu\u011funu,<\/p>\n","protected":false},"author":1,"featured_media":25789,"comment_status":"open","ping_status":"open","sticky":false,"template":"","format":"standard","meta":{"footnotes":""},"categories":[1],"tags":[],"class_list":["post-25788","post","type-post","status-publish","format-standard","has-post-thumbnail","hentry","category-gundem"],"yoast_head":"<!-- This site is optimized with the Yoast SEO plugin v27.4 - https:\/\/yoast.com\/product\/yoast-seo-wordpress\/ -->\n<title>2023 kay\u0131tlara ge\u00e7en en s\u0131cak y\u0131l oldu -<\/title>\n<meta name=\"robots\" content=\"index, follow, max-snippet:-1, max-image-preview:large, max-video-preview:-1\" \/>\n<link rel=\"canonical\" href=\"https:\/\/kibrisdakik.com\/?p=25788\" \/>\n<meta property=\"og:locale\" content=\"tr_TR\" \/>\n<meta property=\"og:type\" content=\"article\" \/>\n<meta property=\"og:title\" content=\"2023 kay\u0131tlara ge\u00e7en en s\u0131cak y\u0131l oldu -\" \/>\n<meta property=\"og:description\" content=\"Bilim insanlar\u0131 uzun zamand\u0131r bundan \u015f\u00fcpheleniyordu ama art\u0131k resmile\u015fti 2023 y\u0131l\u0131 kay\u0131tlara ge\u00e7en en s\u0131cak y\u0131l oldu. AB&#8217;nin Copernicus iklim de\u011fi\u015fikli\u011fi program\u0131 (C3S) uzmanlar\u0131,&nbsp;ge\u00e7en y\u0131l k\u00fcresel ortalama s\u0131cakl\u0131\u011f\u0131n 14.98 derece ile bir \u00f6nceki en s\u0131cak y\u0131l olan 2016&#8217;dan yakla\u015f\u0131k 0.17 derece daha y\u00fcksek oldu\u011funu a\u00e7\u0131klad\u0131. Bilim insanlar\u0131 ge\u00e7ti\u011fimiz yaz\u0131n kay\u0131tlara ge\u00e7en en s\u0131cak mevsim oldu\u011funu,\" \/>\n<meta property=\"og:url\" content=\"https:\/\/kibrisdakik.com\/?p=25788\" \/>\n<meta property=\"article:published_time\" content=\"2024-01-09T21:57:38+00:00\" \/>\n<meta property=\"og:image\" content=\"https:\/\/kibrisdakik.com\/wp-content\/uploads\/2024\/01\/2023-kayitlara-gecen-en-sicak-yil-oldu-1704830581.webp.webp\" \/>\n\t<meta property=\"og:image:width\" content=\"710\" \/>\n\t<meta property=\"og:image:height\" content=\"370\" \/>\n\t<meta property=\"og:image:type\" content=\"image\/webp\" \/>\n<meta name=\"author\" content=\"admin\" \/>\n<meta name=\"twitter:card\" content=\"summary_large_image\" \/>\n<meta name=\"twitter:label1\" content=\"Yazan:\" \/>\n\t<meta name=\"twitter:data1\" content=\"admin\" \/>\n\t<meta name=\"twitter:label2\" content=\"Tahmini okuma s\u00fcresi\" \/>\n\t<meta name=\"twitter:data2\" content=\"3 dakika\" \/>\n<script type=\"application\/ld+json\" class=\"yoast-schema-graph\">{\"@context\":\"https:\\\/\\\/schema.org\",\"@graph\":[{\"@type\":\"Article\",\"@id\":\"https:\\\/\\\/kibrisdakik.com\\\/?p=25788#article\",\"isPartOf\":{\"@id\":\"https:\\\/\\\/kibrisdakik.com\\\/?p=25788\"},\"author\":{\"name\":\"admin\",\"@id\":\"https:\\\/\\\/kibrisdakik.com\\\/#\\\/schema\\\/person\\\/9cd9d437bbb44f72b73ba127e06d8e79\"},\"headline\":\"2023 kay\u0131tlara ge\u00e7en en s\u0131cak y\u0131l oldu\",\"datePublished\":\"2024-01-09T21:57:38+00:00\",\"mainEntityOfPage\":{\"@id\":\"https:\\\/\\\/kibrisdakik.com\\\/?p=25788\"},\"wordCount\":592,\"commentCount\":0,\"image\":{\"@id\":\"https:\\\/\\\/kibrisdakik.com\\\/?p=25788#primaryimage\"},\"thumbnailUrl\":\"https:\\\/\\\/kibrisdakik.com\\\/wp-content\\\/uploads\\\/2024\\\/01\\\/2023-kayitlara-gecen-en-sicak-yil-oldu-1704830581.webp.webp\",\"articleSection\":[\"G\u00fcndem\"],\"inLanguage\":\"tr\",\"potentialAction\":[{\"@type\":\"CommentAction\",\"name\":\"Comment\",\"target\":[\"https:\\\/\\\/kibrisdakik.com\\\/?p=25788#respond\"]}]},{\"@type\":\"WebPage\",\"@id\":\"https:\\\/\\\/kibrisdakik.com\\\/?p=25788\",\"url\":\"https:\\\/\\\/kibrisdakik.com\\\/?p=25788\",\"name\":\"2023 kay\u0131tlara ge\u00e7en en s\u0131cak y\u0131l oldu -\",\"isPartOf\":{\"@id\":\"https:\\\/\\\/kibrisdakik.com\\\/#website\"},\"primaryImageOfPage\":{\"@id\":\"https:\\\/\\\/kibrisdakik.com\\\/?p=25788#primaryimage\"},\"image\":{\"@id\":\"https:\\\/\\\/kibrisdakik.com\\\/?p=25788#primaryimage\"},\"thumbnailUrl\":\"https:\\\/\\\/kibrisdakik.com\\\/wp-content\\\/uploads\\\/2024\\\/01\\\/2023-kayitlara-gecen-en-sicak-yil-oldu-1704830581.webp.webp\",\"datePublished\":\"2024-01-09T21:57:38+00:00\",\"author\":{\"@id\":\"https:\\\/\\\/kibrisdakik.com\\\/#\\\/schema\\\/person\\\/9cd9d437bbb44f72b73ba127e06d8e79\"},\"breadcrumb\":{\"@id\":\"https:\\\/\\\/kibrisdakik.com\\\/?p=25788#breadcrumb\"},\"inLanguage\":\"tr\",\"potentialAction\":[{\"@type\":\"ReadAction\",\"target\":[\"https:\\\/\\\/kibrisdakik.com\\\/?p=25788\"]}]},{\"@type\":\"ImageObject\",\"inLanguage\":\"tr\",\"@id\":\"https:\\\/\\\/kibrisdakik.com\\\/?p=25788#primaryimage\",\"url\":\"https:\\\/\\\/kibrisdakik.com\\\/wp-content\\\/uploads\\\/2024\\\/01\\\/2023-kayitlara-gecen-en-sicak-yil-oldu-1704830581.webp.webp\",\"contentUrl\":\"https:\\\/\\\/kibrisdakik.com\\\/wp-content\\\/uploads\\\/2024\\\/01\\\/2023-kayitlara-gecen-en-sicak-yil-oldu-1704830581.webp.webp\",\"width\":710,\"height\":370},{\"@type\":\"BreadcrumbList\",\"@id\":\"https:\\\/\\\/kibrisdakik.com\\\/?p=25788#breadcrumb\",\"itemListElement\":[{\"@type\":\"ListItem\",\"position\":1,\"name\":\"Home\",\"item\":\"https:\\\/\\\/kibrisdakik.com\\\/\"},{\"@type\":\"ListItem\",\"position\":2,\"name\":\"2023 kay\u0131tlara ge\u00e7en en s\u0131cak y\u0131l oldu\"}]},{\"@type\":\"WebSite\",\"@id\":\"https:\\\/\\\/kibrisdakik.com\\\/#website\",\"url\":\"https:\\\/\\\/kibrisdakik.com\\\/\",\"name\":\"\",\"description\":\"Tam vaktinde haber\",\"potentialAction\":[{\"@type\":\"SearchAction\",\"target\":{\"@type\":\"EntryPoint\",\"urlTemplate\":\"https:\\\/\\\/kibrisdakik.com\\\/?s={search_term_string}\"},\"query-input\":{\"@type\":\"PropertyValueSpecification\",\"valueRequired\":true,\"valueName\":\"search_term_string\"}}],\"inLanguage\":\"tr\"},{\"@type\":\"Person\",\"@id\":\"https:\\\/\\\/kibrisdakik.com\\\/#\\\/schema\\\/person\\\/9cd9d437bbb44f72b73ba127e06d8e79\",\"name\":\"admin\",\"image\":{\"@type\":\"ImageObject\",\"inLanguage\":\"tr\",\"@id\":\"https:\\\/\\\/secure.gravatar.com\\\/avatar\\\/ccc17943b9d660506c869530f897617f7cb1c21a4bf30023f252596d83e1f007?s=96&d=mm&r=g\",\"url\":\"https:\\\/\\\/secure.gravatar.com\\\/avatar\\\/ccc17943b9d660506c869530f897617f7cb1c21a4bf30023f252596d83e1f007?s=96&d=mm&r=g\",\"contentUrl\":\"https:\\\/\\\/secure.gravatar.com\\\/avatar\\\/ccc17943b9d660506c869530f897617f7cb1c21a4bf30023f252596d83e1f007?s=96&d=mm&r=g\",\"caption\":\"admin\"},\"sameAs\":[\"https:\\\/\\\/kibrisdakik.com\"],\"url\":\"https:\\\/\\\/kibrisdakik.com\\\/?author=1\"}]}<\/script>\n<!-- \/ Yoast SEO plugin. -->","yoast_head_json":{"title":"2023 kay\u0131tlara ge\u00e7en en s\u0131cak y\u0131l oldu -","robots":{"index":"index","follow":"follow","max-snippet":"max-snippet:-1","max-image-preview":"max-image-preview:large","max-video-preview":"max-video-preview:-1"},"canonical":"https:\/\/kibrisdakik.com\/?p=25788","og_locale":"tr_TR","og_type":"article","og_title":"2023 kay\u0131tlara ge\u00e7en en s\u0131cak y\u0131l oldu -","og_description":"Bilim insanlar\u0131 uzun zamand\u0131r bundan \u015f\u00fcpheleniyordu ama art\u0131k resmile\u015fti 2023 y\u0131l\u0131 kay\u0131tlara ge\u00e7en en s\u0131cak y\u0131l oldu. AB&#8217;nin Copernicus iklim de\u011fi\u015fikli\u011fi program\u0131 (C3S) uzmanlar\u0131,&nbsp;ge\u00e7en y\u0131l k\u00fcresel ortalama s\u0131cakl\u0131\u011f\u0131n 14.98 derece ile bir \u00f6nceki en s\u0131cak y\u0131l olan 2016&#8217;dan yakla\u015f\u0131k 0.17 derece daha y\u00fcksek oldu\u011funu a\u00e7\u0131klad\u0131. Bilim insanlar\u0131 ge\u00e7ti\u011fimiz yaz\u0131n kay\u0131tlara ge\u00e7en en s\u0131cak mevsim oldu\u011funu,","og_url":"https:\/\/kibrisdakik.com\/?p=25788","article_published_time":"2024-01-09T21:57:38+00:00","og_image":[{"width":710,"height":370,"url":"https:\/\/kibrisdakik.com\/wp-content\/uploads\/2024\/01\/2023-kayitlara-gecen-en-sicak-yil-oldu-1704830581.webp.webp","type":"image\/webp"}],"author":"admin","twitter_card":"summary_large_image","twitter_misc":{"Yazan:":"admin","Tahmini okuma s\u00fcresi":"3 dakika"},"schema":{"@context":"https:\/\/schema.org","@graph":[{"@type":"Article","@id":"https:\/\/kibrisdakik.com\/?p=25788#article","isPartOf":{"@id":"https:\/\/kibrisdakik.com\/?p=25788"},"author":{"name":"admin","@id":"https:\/\/kibrisdakik.com\/#\/schema\/person\/9cd9d437bbb44f72b73ba127e06d8e79"},"headline":"2023 kay\u0131tlara ge\u00e7en en s\u0131cak y\u0131l oldu","datePublished":"2024-01-09T21:57:38+00:00","mainEntityOfPage":{"@id":"https:\/\/kibrisdakik.com\/?p=25788"},"wordCount":592,"commentCount":0,"image":{"@id":"https:\/\/kibrisdakik.com\/?p=25788#primaryimage"},"thumbnailUrl":"https:\/\/kibrisdakik.com\/wp-content\/uploads\/2024\/01\/2023-kayitlara-gecen-en-sicak-yil-oldu-1704830581.webp.webp","articleSection":["G\u00fcndem"],"inLanguage":"tr","potentialAction":[{"@type":"CommentAction","name":"Comment","target":["https:\/\/kibrisdakik.com\/?p=25788#respond"]}]},{"@type":"WebPage","@id":"https:\/\/kibrisdakik.com\/?p=25788","url":"https:\/\/kibrisdakik.com\/?p=25788","name":"2023 kay\u0131tlara ge\u00e7en en s\u0131cak y\u0131l oldu -","isPartOf":{"@id":"https:\/\/kibrisdakik.com\/#website"},"primaryImageOfPage":{"@id":"https:\/\/kibrisdakik.com\/?p=25788#primaryimage"},"image":{"@id":"https:\/\/kibrisdakik.com\/?p=25788#primaryimage"},"thumbnailUrl":"https:\/\/kibrisdakik.com\/wp-content\/uploads\/2024\/01\/2023-kayitlara-gecen-en-sicak-yil-oldu-1704830581.webp.webp","datePublished":"2024-01-09T21:57:38+00:00","author":{"@id":"https:\/\/kibrisdakik.com\/#\/schema\/person\/9cd9d437bbb44f72b73ba127e06d8e79"},"breadcrumb":{"@id":"https:\/\/kibrisdakik.com\/?p=25788#breadcrumb"},"inLanguage":"tr","potentialAction":[{"@type":"ReadAction","target":["https:\/\/kibrisdakik.com\/?p=25788"]}]},{"@type":"ImageObject","inLanguage":"tr","@id":"https:\/\/kibrisdakik.com\/?p=25788#primaryimage","url":"https:\/\/kibrisdakik.com\/wp-content\/uploads\/2024\/01\/2023-kayitlara-gecen-en-sicak-yil-oldu-1704830581.webp.webp","contentUrl":"https:\/\/kibrisdakik.com\/wp-content\/uploads\/2024\/01\/2023-kayitlara-gecen-en-sicak-yil-oldu-1704830581.webp.webp","width":710,"height":370},{"@type":"BreadcrumbList","@id":"https:\/\/kibrisdakik.com\/?p=25788#breadcrumb","itemListElement":[{"@type":"ListItem","position":1,"name":"Home","item":"https:\/\/kibrisdakik.com\/"},{"@type":"ListItem","position":2,"name":"2023 kay\u0131tlara ge\u00e7en en s\u0131cak y\u0131l oldu"}]},{"@type":"WebSite","@id":"https:\/\/kibrisdakik.com\/#website","url":"https:\/\/kibrisdakik.com\/","name":"","description":"Tam vaktinde haber","potentialAction":[{"@type":"SearchAction","target":{"@type":"EntryPoint","urlTemplate":"https:\/\/kibrisdakik.com\/?s={search_term_string}"},"query-input":{"@type":"PropertyValueSpecification","valueRequired":true,"valueName":"search_term_string"}}],"inLanguage":"tr"},{"@type":"Person","@id":"https:\/\/kibrisdakik.com\/#\/schema\/person\/9cd9d437bbb44f72b73ba127e06d8e79","name":"admin","image":{"@type":"ImageObject","inLanguage":"tr","@id":"https:\/\/secure.gravatar.com\/avatar\/ccc17943b9d660506c869530f897617f7cb1c21a4bf30023f252596d83e1f007?s=96&d=mm&r=g","url":"https:\/\/secure.gravatar.com\/avatar\/ccc17943b9d660506c869530f897617f7cb1c21a4bf30023f252596d83e1f007?s=96&d=mm&r=g","contentUrl":"https:\/\/secure.gravatar.com\/avatar\/ccc17943b9d660506c869530f897617f7cb1c21a4bf30023f252596d83e1f007?s=96&d=mm&r=g","caption":"admin"},"sameAs":["https:\/\/kibrisdakik.com"],"url":"https:\/\/kibrisdakik.com\/?author=1"}]}},"_links":{"self":[{"href":"https:\/\/kibrisdakik.com\/index.php?rest_route=\/wp\/v2\/posts\/25788","targetHints":{"allow":["GET"]}}],"collection":[{"href":"https:\/\/kibrisdakik.com\/index.php?rest_route=\/wp\/v2\/posts"}],"about":[{"href":"https:\/\/kibrisdakik.com\/index.php?rest_route=\/wp\/v2\/types\/post"}],"author":[{"embeddable":true,"href":"https:\/\/kibrisdakik.com\/index.php?rest_route=\/wp\/v2\/users\/1"}],"replies":[{"embeddable":true,"href":"https:\/\/kibrisdakik.com\/index.php?rest_route=%2Fwp%2Fv2%2Fcomments&post=25788"}],"version-history":[{"count":0,"href":"https:\/\/kibrisdakik.com\/index.php?rest_route=\/wp\/v2\/posts\/25788\/revisions"}],"wp:featuredmedia":[{"embeddable":true,"href":"https:\/\/kibrisdakik.com\/index.php?rest_route=\/wp\/v2\/media\/25789"}],"wp:attachment":[{"href":"https:\/\/kibrisdakik.com\/index.php?rest_route=%2Fwp%2Fv2%2Fmedia&parent=25788"}],"wp:term":[{"taxonomy":"category","embeddable":true,"href":"https:\/\/kibrisdakik.com\/index.php?rest_route=%2Fwp%2Fv2%2Fcategories&post=25788"},{"taxonomy":"post_tag","embeddable":true,"href":"https:\/\/kibrisdakik.com\/index.php?rest_route=%2Fwp%2Fv2%2Ftags&post=25788"}],"curies":[{"name":"wp","href":"https:\/\/api.w.org\/{rel}","templated":true}]}}