{"id":2587,"date":"2023-03-03T23:02:41","date_gmt":"2023-03-03T23:02:41","guid":{"rendered":"https:\/\/kibrisdakik.com\/index.php\/2023\/03\/03\/ekonomi-ve-enerji-bakani-amcaoglu-hal-yasasi-13-mart-pazartesi-meclis-genel-kuruluna-sunulacak-duruma-getirildi\/"},"modified":"2023-03-03T23:02:41","modified_gmt":"2023-03-03T23:02:41","slug":"ekonomi-ve-enerji-bakani-amcaoglu-hal-yasasi-13-mart-pazartesi-meclis-genel-kuruluna-sunulacak-duruma-getirildi","status":"publish","type":"post","link":"https:\/\/kibrisdakik.com\/?p=2587","title":{"rendered":"Ekonomi ve Enerji Bakan\u0131 Amcao\u011flu: Hal Yasas\u0131, 13 Mart Pazartesi Meclis Genel Kurulu\u2019na sunulacak duruma getirildi"},"content":{"rendered":"<p><\/p>\n<div>\n<div class=\"mariselle-image-container center\">\n                <img width=\"768\" height=\"1024\" class=\"lazy-image\" alt=\"\" decoding=\"async\" loading=\"lazy\" sizes=\"auto, (max-width: 768px) 100vw, 768px\" src=\"https:\/\/brtk.net\/wp-content\/uploads\/2023\/03\/03\/amcaoglu3.jpeg?ver=8e2c687e600bc82624b6e33202c21f4d\" srcset=\"https:\/\/brtk.net\/wp-content\/uploads\/2023\/03\/03\/amcaoglu3.jpeg?ver=8e2c687e600bc82624b6e33202c21f4d 768w, https:\/\/brtk.net\/wp-content\/uploads\/2023\/03\/03\/amcaoglu3-225x300.jpeg?ver=8e2c687e600bc82624b6e33202c21f4d 225w\"\/>                            <\/div>\n<p>Ekonomi ve Enerji Bakan\u0131 Olgun Amcao\u011flu, 20 y\u0131l\u0131 a\u015fk\u0131n s\u00fcredir \u00e7e\u015fitli nedenlerle bir t\u00fcrl\u00fc ya\u015fama ge\u00e7irilemeyen Hal Yasas\u0131\u2019n\u0131n 13 Mart Pazartesi Meclis Genel Kurulu\u2019na sunulacak duruma getirildi\u011fini a\u00e7\u0131klad\u0131.<\/p>\n<p>Amcao\u011flu, bakanl\u0131k bas\u0131n b\u00fcrosu arac\u0131l\u0131\u011f\u0131yla yapt\u0131\u011f\u0131 yaz\u0131l\u0131 a\u00e7\u0131klamada, Hal Yasas\u0131 Tasar\u0131s\u0131\u2019n\u0131n AB Uyum Yasa Tasar\u0131lar\u0131n\u0131 G\u00f6r\u00fc\u015fmek \u00dczere Olu\u015fturulan Ge\u00e7ici ve \u00d6zel Komite\u2019de onayland\u0131\u011f\u0131n\u0131 ve Meclis Genel Kurulu\u2019na sunulaca\u011f\u0131n\u0131 belirtti.<\/p>\n<p>Olgun Amcao\u011flu, \u201c\u00c7ok \u00e7al\u0131\u015ft\u0131k, arkada\u015flar\u0131m\u0131z ve payda\u015flar\u0131m\u0131z \u00e7ok yoruldu ama de\u011fdi, t\u00fcm\u00fcne, Meclis Komitesi\u2019ndeki t\u00fcm \u00fcye arkada\u015flara te\u015fekk\u00fcr ederim, \u00fclkemiz kazanacak\u201d dedi.<\/p>\n<p>-21 y\u0131ld\u0131r tart\u0131\u015f\u0131lan yasa<\/p>\n<p>Ekonomi ve Enerji Bakan\u0131 Olgun Amcao\u011flu, \u015f\u00f6yle devam etti:<\/p>\n<p>\u201c21 y\u0131ld\u0131r tart\u0131\u015f\u0131lan hal yasas\u0131 tasla\u011f\u0131 bir t\u00fcrl\u00fc ya\u015fama ge\u00e7irilemiyordu. Gerek toptanc\u0131lar, gerek \u00fcreticiler, gerekse yerel y\u00f6netimler ve genel siyaset aras\u0131nda uzla\u015f\u0131 sa\u011flanam\u0131yordu. Bir y\u0131ldan beri s\u00fcrd\u00fcrd\u00fc\u011f\u00fcm\u00fcz \u00e7al\u0131\u015fmalar sonras\u0131nda Ekonomi ve Enerji Bakanl\u0131\u011f\u0131 olarak, bilimsel ara\u015ft\u0131rmalar e\u015fli\u011finde b\u00fct\u00fcn payda\u015flar\u0131n isteklerini ve murat ettiklerini bir noktaya getirmeyi ba\u015fard\u0131k.\u201d<\/p>\n<p>Amcao\u011flu, g\u00f6reve geldikleri yakla\u015f\u0131k 9 ay \u00f6ncesinden beri \u00fczerinde \u00e7al\u0131\u015ft\u0131klar\u0131 Hal Yasa Tasar\u0131s\u0131\u2019n\u0131n 13 Mart Pazartesi g\u00fcnk\u00fc Meclis Genel Kurulu g\u00fcndeminde olaca\u011f\u0131n\u0131 kaydetti.<\/p>\n<p>-\u201cHer b\u00f6lgede ayr\u0131 ayr\u0131 2 bin istihdam yarat\u0131lacak\u201d<\/p>\n<p>Bakan Amcao\u011flu, \u015funlar\u0131 ifade etti:<\/p>\n<p>\u201cBu yasan\u0131n \u00fclkemize, \u00fcreticimize, en ba\u015fta da t\u00fcm t\u00fcketicilere sa\u011flayaca\u011f\u0131 temel kazan\u0131mlar \u00e7ok \u00f6nemlidir. \u00d6rne\u011fin, halk sa\u011fl\u0131\u011f\u0131 ve g\u0131da g\u00fcvenli\u011fi anlam\u0131nda \u00e7ok daha denetimli bir yap\u0131ya kavu\u015faca\u011f\u0131z. Tar\u0131msal \u00fcr\u00fcnlerin izlenmesi, denetlenmesi ve ayn\u0131 zamanda kay\u0131t d\u0131\u015f\u0131l\u0131\u011f\u0131n kay\u0131t alt\u0131na girmesi art\u0131k hayal olmaktan \u00e7\u0131km\u0131\u015ft\u0131r. Gerek vergi anlam\u0131nda, gerekse benzer devlet gelirlerinde \u00e7ok ciddi, kayda de\u011fer bir art\u0131\u015f olacakt\u0131r. Ya\u015f sebze ve meyve ve daha sonra et ve s\u00fct \u00fcr\u00fcnleri gibi t\u00fcm \u00fcr\u00fcnlerle yap\u0131lan ticaret, y\u00fczde y\u00fcz\u00fc kay\u0131t alt\u0131na girecektir. Tar\u0131m \u00fcr\u00fcnlerindeki ka\u00e7ak\u00e7\u0131l\u0131\u011f\u0131n ve pahal\u0131l\u0131\u011f\u0131n \u00f6n\u00fcne ge\u00e7ilecek, denetlenmesi sa\u011flanacakt\u0131r. Yap\u0131lacak hallerin her b\u00f6lgeye yakla\u015f\u0131k 2 biner istihdam yaratmas\u0131 s\u00f6z konusudur. Ayr\u0131ca bir \u00e7ok i\u015f alan\u0131 ve farkl\u0131 i\u015f kollar\u0131 ortaya \u00e7\u0131kacakt\u0131r. Tar\u0131msal \u00fcretim ba\u011flam\u0131nda \u00e7ok daha g\u00fcvenilir, gelece\u011fi g\u00f6rebilen bir sistem kurulaca\u011f\u0131ndan, tar\u0131msal \u00fcretim artacak, \u00fcr\u00fcn \u00e7e\u015fitlili\u011fi \u00e7o\u011falacak, hal b\u00f6lgelerinde ekonomik bir geli\u015fme olacakt\u0131r. K\u0131rsal b\u00f6lgelerde yeni sistemin gelmesiyle beraber \u00f6ng\u00f6r\u00fclebilirlik ve ekonomik katma de\u011fer y\u00fckselece\u011finden, k\u0131rsal b\u00f6lgelerde istihdam art\u0131\u015f\u0131 \u00e7ok de\u011ferli bir geli\u015fme olarak kar\u015f\u0131m\u0131za \u00e7\u0131kacakt\u0131r.\u201d<\/p>\n<p>-\u201cBir y\u0131l i\u00e7inde haller kurulacak\u201d<\/p>\n<p>\u201cHal Yasas\u0131 ge\u00e7tikten sonra ihaleye \u00e7\u0131k\u0131lacak ve bir y\u0131l i\u00e7erisinde, tespit edilen yerlerde haller kurulacak\u201d diyen Amcao\u011flu, \u015f\u00f6yle devam etti:<\/p>\n<p>\u201cKomitede g\u00f6rev alan Komite Ba\u015fkan\u0131 <a href=\"https:\/\/brtk.net\/\"\/><a href=\"https:\/\/brtk.net\/\"\/><a href=\"https:\/\/brtk.net\/\">UBP<\/a> Milletvekili O\u011fuzhan Hasipo\u011flu, Komite Ba\u015fkan Vekili <a href=\"https:\/\/brtk.net\/\"\/><a href=\"https:\/\/brtk.net\/\"\/><a href=\"https:\/\/brtk.net\/\">CTP<\/a> Milletvekili \u015eifa \u00c7olako\u011flu, <a href=\"https:\/\/brtk.net\/\"\/><a href=\"https:\/\/brtk.net\/\"\/><a href=\"https:\/\/brtk.net\/\">UBP<\/a> Milletvekili H\u00fcseyin \u00c7avu\u015f, <a href=\"https:\/\/brtk.net\/\"\/><a href=\"https:\/\/brtk.net\/\"\/><a href=\"https:\/\/brtk.net\/\">UBP<\/a> Milletvekili Ahmet Sava\u015fan, <a href=\"https:\/\/brtk.net\/\"\/><a href=\"https:\/\/brtk.net\/\"\/><a href=\"https:\/\/brtk.net\/\">CTP<\/a> Milletvekili Fide K\u00fcr\u015fat ile toplant\u0131lara katk\u0131 koyan <a href=\"https:\/\/brtk.net\/\"\/><a href=\"https:\/\/brtk.net\/\"\/><a href=\"https:\/\/brtk.net\/\">UBP<\/a> Milletvekili Hasan K\u00fc\u00e7\u00fck, <a href=\"https:\/\/brtk.net\/\"\/><a href=\"https:\/\/brtk.net\/\"\/><a href=\"https:\/\/brtk.net\/\">CTP<\/a> Milletvekili Erkut \u015eahali ve  <a href=\"https:\/\/brtk.net\/\"\/><a href=\"https:\/\/brtk.net\/\"\/><a href=\"https:\/\/brtk.net\/\">CTP<\/a> Milletvekili Salahi \u015eahiner\u2019e, Tar\u0131m Bakanl\u0131\u011f\u0131 b\u00fcrokratlar\u0131na, Ziraat M\u00fchendisleri Odas\u0131\u2019na, \u00fcretici \u00f6rg\u00fctlerimize, toptanc\u0131lar\u0131m\u0131za, serac\u0131lar\u0131m\u0131za ve katk\u0131 koyan herkese \u00e7ok te\u015fekk\u00fcr ederim\u201d<\/p>\n<\/p><\/div>\n<p><script async\n                    defer\n                    crossorigin=\"anonymous\"\n                    src=\"https:\/\/connect.facebook.net\/tr_TR\/sdk.js#xfbml=1&#038;version=v3.3\"\n            ><\/script><\/p>\n","protected":false},"excerpt":{"rendered":"<p>Ekonomi ve Enerji Bakan\u0131 Olgun Amcao\u011flu, 20 y\u0131l\u0131 a\u015fk\u0131n s\u00fcredir \u00e7e\u015fitli nedenlerle bir t\u00fcrl\u00fc ya\u015fama ge\u00e7irilemeyen Hal Yasas\u0131\u2019n\u0131n 13 Mart Pazartesi Meclis Genel Kurulu\u2019na sunulacak duruma getirildi\u011fini a\u00e7\u0131klad\u0131. Amcao\u011flu, bakanl\u0131k bas\u0131n b\u00fcrosu arac\u0131l\u0131\u011f\u0131yla yapt\u0131\u011f\u0131 yaz\u0131l\u0131 a\u00e7\u0131klamada, Hal Yasas\u0131 Tasar\u0131s\u0131\u2019n\u0131n AB Uyum Yasa Tasar\u0131lar\u0131n\u0131 G\u00f6r\u00fc\u015fmek \u00dczere Olu\u015fturulan Ge\u00e7ici ve \u00d6zel Komite\u2019de onayland\u0131\u011f\u0131n\u0131 ve Meclis Genel Kurulu\u2019na<\/p>\n","protected":false},"author":1,"featured_media":2588,"comment_status":"open","ping_status":"open","sticky":false,"template":"","format":"standard","meta":{"footnotes":""},"categories":[1],"tags":[],"class_list":["post-2587","post","type-post","status-publish","format-standard","has-post-thumbnail","hentry","category-gundem"],"yoast_head":"<!-- This site is optimized with the Yoast SEO plugin v27.5 - https:\/\/yoast.com\/product\/yoast-seo-wordpress\/ -->\n<title>Ekonomi ve Enerji Bakan\u0131 Amcao\u011flu: Hal Yasas\u0131, 13 Mart Pazartesi Meclis Genel Kurulu\u2019na sunulacak duruma getirildi -<\/title>\n<meta name=\"robots\" content=\"index, follow, max-snippet:-1, max-image-preview:large, max-video-preview:-1\" \/>\n<link rel=\"canonical\" href=\"https:\/\/kibrisdakik.com\/?p=2587\" \/>\n<meta property=\"og:locale\" content=\"tr_TR\" \/>\n<meta property=\"og:type\" content=\"article\" \/>\n<meta property=\"og:title\" content=\"Ekonomi ve Enerji Bakan\u0131 Amcao\u011flu: Hal Yasas\u0131, 13 Mart Pazartesi Meclis Genel Kurulu\u2019na sunulacak duruma getirildi -\" \/>\n<meta property=\"og:description\" content=\"Ekonomi ve Enerji Bakan\u0131 Olgun Amcao\u011flu, 20 y\u0131l\u0131 a\u015fk\u0131n s\u00fcredir \u00e7e\u015fitli nedenlerle bir t\u00fcrl\u00fc ya\u015fama ge\u00e7irilemeyen Hal Yasas\u0131\u2019n\u0131n 13 Mart Pazartesi Meclis Genel Kurulu\u2019na sunulacak duruma getirildi\u011fini a\u00e7\u0131klad\u0131. Amcao\u011flu, bakanl\u0131k bas\u0131n b\u00fcrosu arac\u0131l\u0131\u011f\u0131yla yapt\u0131\u011f\u0131 yaz\u0131l\u0131 a\u00e7\u0131klamada, Hal Yasas\u0131 Tasar\u0131s\u0131\u2019n\u0131n AB Uyum Yasa Tasar\u0131lar\u0131n\u0131 G\u00f6r\u00fc\u015fmek \u00dczere Olu\u015fturulan Ge\u00e7ici ve \u00d6zel Komite\u2019de onayland\u0131\u011f\u0131n\u0131 ve Meclis Genel Kurulu\u2019na\" \/>\n<meta property=\"og:url\" content=\"https:\/\/kibrisdakik.com\/?p=2587\" \/>\n<meta property=\"article:published_time\" content=\"2023-03-03T23:02:41+00:00\" \/>\n<meta property=\"og:image\" content=\"https:\/\/kibrisdakik.com\/wp-content\/uploads\/2023\/03\/OLGUN-AMCAOGLU645644-707x420.jpg\" \/>\n\t<meta property=\"og:image:width\" content=\"707\" \/>\n\t<meta property=\"og:image:height\" content=\"431\" \/>\n\t<meta property=\"og:image:type\" content=\"image\/jpeg\" \/>\n<meta name=\"author\" content=\"admin\" \/>\n<meta name=\"twitter:card\" content=\"summary_large_image\" \/>\n<meta name=\"twitter:label1\" content=\"Yazan:\" \/>\n\t<meta name=\"twitter:data1\" content=\"admin\" \/>\n\t<meta name=\"twitter:label2\" content=\"Tahmini okuma s\u00fcresi\" \/>\n\t<meta name=\"twitter:data2\" content=\"3 dakika\" \/>\n<script type=\"application\/ld+json\" class=\"yoast-schema-graph\">{\"@context\":\"https:\\\/\\\/schema.org\",\"@graph\":[{\"@type\":\"Article\",\"@id\":\"https:\\\/\\\/kibrisdakik.com\\\/?p=2587#article\",\"isPartOf\":{\"@id\":\"https:\\\/\\\/kibrisdakik.com\\\/?p=2587\"},\"author\":{\"name\":\"admin\",\"@id\":\"https:\\\/\\\/kibrisdakik.com\\\/#\\\/schema\\\/person\\\/9cd9d437bbb44f72b73ba127e06d8e79\"},\"headline\":\"Ekonomi ve Enerji Bakan\u0131 Amcao\u011flu: Hal Yasas\u0131, 13 Mart Pazartesi Meclis Genel Kurulu\u2019na sunulacak duruma getirildi\",\"datePublished\":\"2023-03-03T23:02:41+00:00\",\"mainEntityOfPage\":{\"@id\":\"https:\\\/\\\/kibrisdakik.com\\\/?p=2587\"},\"wordCount\":644,\"commentCount\":0,\"image\":{\"@id\":\"https:\\\/\\\/kibrisdakik.com\\\/?p=2587#primaryimage\"},\"thumbnailUrl\":\"https:\\\/\\\/kibrisdakik.com\\\/wp-content\\\/uploads\\\/2023\\\/03\\\/OLGUN-AMCAOGLU645644-707x420.jpg\",\"articleSection\":[\"G\u00fcndem\"],\"inLanguage\":\"tr\",\"potentialAction\":[{\"@type\":\"CommentAction\",\"name\":\"Comment\",\"target\":[\"https:\\\/\\\/kibrisdakik.com\\\/?p=2587#respond\"]}]},{\"@type\":\"WebPage\",\"@id\":\"https:\\\/\\\/kibrisdakik.com\\\/?p=2587\",\"url\":\"https:\\\/\\\/kibrisdakik.com\\\/?p=2587\",\"name\":\"Ekonomi ve Enerji Bakan\u0131 Amcao\u011flu: Hal Yasas\u0131, 13 Mart Pazartesi Meclis Genel Kurulu\u2019na sunulacak duruma getirildi -\",\"isPartOf\":{\"@id\":\"https:\\\/\\\/kibrisdakik.com\\\/#website\"},\"primaryImageOfPage\":{\"@id\":\"https:\\\/\\\/kibrisdakik.com\\\/?p=2587#primaryimage\"},\"image\":{\"@id\":\"https:\\\/\\\/kibrisdakik.com\\\/?p=2587#primaryimage\"},\"thumbnailUrl\":\"https:\\\/\\\/kibrisdakik.com\\\/wp-content\\\/uploads\\\/2023\\\/03\\\/OLGUN-AMCAOGLU645644-707x420.jpg\",\"datePublished\":\"2023-03-03T23:02:41+00:00\",\"author\":{\"@id\":\"https:\\\/\\\/kibrisdakik.com\\\/#\\\/schema\\\/person\\\/9cd9d437bbb44f72b73ba127e06d8e79\"},\"breadcrumb\":{\"@id\":\"https:\\\/\\\/kibrisdakik.com\\\/?p=2587#breadcrumb\"},\"inLanguage\":\"tr\",\"potentialAction\":[{\"@type\":\"ReadAction\",\"target\":[\"https:\\\/\\\/kibrisdakik.com\\\/?p=2587\"]}]},{\"@type\":\"ImageObject\",\"inLanguage\":\"tr\",\"@id\":\"https:\\\/\\\/kibrisdakik.com\\\/?p=2587#primaryimage\",\"url\":\"https:\\\/\\\/kibrisdakik.com\\\/wp-content\\\/uploads\\\/2023\\\/03\\\/OLGUN-AMCAOGLU645644-707x420.jpg\",\"contentUrl\":\"https:\\\/\\\/kibrisdakik.com\\\/wp-content\\\/uploads\\\/2023\\\/03\\\/OLGUN-AMCAOGLU645644-707x420.jpg\",\"width\":707,\"height\":431},{\"@type\":\"BreadcrumbList\",\"@id\":\"https:\\\/\\\/kibrisdakik.com\\\/?p=2587#breadcrumb\",\"itemListElement\":[{\"@type\":\"ListItem\",\"position\":1,\"name\":\"Home\",\"item\":\"https:\\\/\\\/kibrisdakik.com\\\/\"},{\"@type\":\"ListItem\",\"position\":2,\"name\":\"Ekonomi ve Enerji Bakan\u0131 Amcao\u011flu: Hal Yasas\u0131, 13 Mart Pazartesi Meclis Genel Kurulu\u2019na sunulacak duruma getirildi\"}]},{\"@type\":\"WebSite\",\"@id\":\"https:\\\/\\\/kibrisdakik.com\\\/#website\",\"url\":\"https:\\\/\\\/kibrisdakik.com\\\/\",\"name\":\"\",\"description\":\"Tam vaktinde haber\",\"potentialAction\":[{\"@type\":\"SearchAction\",\"target\":{\"@type\":\"EntryPoint\",\"urlTemplate\":\"https:\\\/\\\/kibrisdakik.com\\\/?s={search_term_string}\"},\"query-input\":{\"@type\":\"PropertyValueSpecification\",\"valueRequired\":true,\"valueName\":\"search_term_string\"}}],\"inLanguage\":\"tr\"},{\"@type\":\"Person\",\"@id\":\"https:\\\/\\\/kibrisdakik.com\\\/#\\\/schema\\\/person\\\/9cd9d437bbb44f72b73ba127e06d8e79\",\"name\":\"admin\",\"image\":{\"@type\":\"ImageObject\",\"inLanguage\":\"tr\",\"@id\":\"https:\\\/\\\/secure.gravatar.com\\\/avatar\\\/ccc17943b9d660506c869530f897617f7cb1c21a4bf30023f252596d83e1f007?s=96&d=mm&r=g\",\"url\":\"https:\\\/\\\/secure.gravatar.com\\\/avatar\\\/ccc17943b9d660506c869530f897617f7cb1c21a4bf30023f252596d83e1f007?s=96&d=mm&r=g\",\"contentUrl\":\"https:\\\/\\\/secure.gravatar.com\\\/avatar\\\/ccc17943b9d660506c869530f897617f7cb1c21a4bf30023f252596d83e1f007?s=96&d=mm&r=g\",\"caption\":\"admin\"},\"sameAs\":[\"https:\\\/\\\/kibrisdakik.com\"],\"url\":\"https:\\\/\\\/kibrisdakik.com\\\/?author=1\"}]}<\/script>\n<!-- \/ Yoast SEO plugin. -->","yoast_head_json":{"title":"Ekonomi ve Enerji Bakan\u0131 Amcao\u011flu: Hal Yasas\u0131, 13 Mart Pazartesi Meclis Genel Kurulu\u2019na sunulacak duruma getirildi -","robots":{"index":"index","follow":"follow","max-snippet":"max-snippet:-1","max-image-preview":"max-image-preview:large","max-video-preview":"max-video-preview:-1"},"canonical":"https:\/\/kibrisdakik.com\/?p=2587","og_locale":"tr_TR","og_type":"article","og_title":"Ekonomi ve Enerji Bakan\u0131 Amcao\u011flu: Hal Yasas\u0131, 13 Mart Pazartesi Meclis Genel Kurulu\u2019na sunulacak duruma getirildi -","og_description":"Ekonomi ve Enerji Bakan\u0131 Olgun Amcao\u011flu, 20 y\u0131l\u0131 a\u015fk\u0131n s\u00fcredir \u00e7e\u015fitli nedenlerle bir t\u00fcrl\u00fc ya\u015fama ge\u00e7irilemeyen Hal Yasas\u0131\u2019n\u0131n 13 Mart Pazartesi Meclis Genel Kurulu\u2019na sunulacak duruma getirildi\u011fini a\u00e7\u0131klad\u0131. Amcao\u011flu, bakanl\u0131k bas\u0131n b\u00fcrosu arac\u0131l\u0131\u011f\u0131yla yapt\u0131\u011f\u0131 yaz\u0131l\u0131 a\u00e7\u0131klamada, Hal Yasas\u0131 Tasar\u0131s\u0131\u2019n\u0131n AB Uyum Yasa Tasar\u0131lar\u0131n\u0131 G\u00f6r\u00fc\u015fmek \u00dczere Olu\u015fturulan Ge\u00e7ici ve \u00d6zel Komite\u2019de onayland\u0131\u011f\u0131n\u0131 ve Meclis Genel Kurulu\u2019na","og_url":"https:\/\/kibrisdakik.com\/?p=2587","article_published_time":"2023-03-03T23:02:41+00:00","og_image":[{"width":707,"height":431,"url":"https:\/\/kibrisdakik.com\/wp-content\/uploads\/2023\/03\/OLGUN-AMCAOGLU645644-707x420.jpg","type":"image\/jpeg"}],"author":"admin","twitter_card":"summary_large_image","twitter_misc":{"Yazan:":"admin","Tahmini okuma s\u00fcresi":"3 dakika"},"schema":{"@context":"https:\/\/schema.org","@graph":[{"@type":"Article","@id":"https:\/\/kibrisdakik.com\/?p=2587#article","isPartOf":{"@id":"https:\/\/kibrisdakik.com\/?p=2587"},"author":{"name":"admin","@id":"https:\/\/kibrisdakik.com\/#\/schema\/person\/9cd9d437bbb44f72b73ba127e06d8e79"},"headline":"Ekonomi ve Enerji Bakan\u0131 Amcao\u011flu: Hal Yasas\u0131, 13 Mart Pazartesi Meclis Genel Kurulu\u2019na sunulacak duruma getirildi","datePublished":"2023-03-03T23:02:41+00:00","mainEntityOfPage":{"@id":"https:\/\/kibrisdakik.com\/?p=2587"},"wordCount":644,"commentCount":0,"image":{"@id":"https:\/\/kibrisdakik.com\/?p=2587#primaryimage"},"thumbnailUrl":"https:\/\/kibrisdakik.com\/wp-content\/uploads\/2023\/03\/OLGUN-AMCAOGLU645644-707x420.jpg","articleSection":["G\u00fcndem"],"inLanguage":"tr","potentialAction":[{"@type":"CommentAction","name":"Comment","target":["https:\/\/kibrisdakik.com\/?p=2587#respond"]}]},{"@type":"WebPage","@id":"https:\/\/kibrisdakik.com\/?p=2587","url":"https:\/\/kibrisdakik.com\/?p=2587","name":"Ekonomi ve Enerji Bakan\u0131 Amcao\u011flu: Hal Yasas\u0131, 13 Mart Pazartesi Meclis Genel Kurulu\u2019na sunulacak duruma getirildi -","isPartOf":{"@id":"https:\/\/kibrisdakik.com\/#website"},"primaryImageOfPage":{"@id":"https:\/\/kibrisdakik.com\/?p=2587#primaryimage"},"image":{"@id":"https:\/\/kibrisdakik.com\/?p=2587#primaryimage"},"thumbnailUrl":"https:\/\/kibrisdakik.com\/wp-content\/uploads\/2023\/03\/OLGUN-AMCAOGLU645644-707x420.jpg","datePublished":"2023-03-03T23:02:41+00:00","author":{"@id":"https:\/\/kibrisdakik.com\/#\/schema\/person\/9cd9d437bbb44f72b73ba127e06d8e79"},"breadcrumb":{"@id":"https:\/\/kibrisdakik.com\/?p=2587#breadcrumb"},"inLanguage":"tr","potentialAction":[{"@type":"ReadAction","target":["https:\/\/kibrisdakik.com\/?p=2587"]}]},{"@type":"ImageObject","inLanguage":"tr","@id":"https:\/\/kibrisdakik.com\/?p=2587#primaryimage","url":"https:\/\/kibrisdakik.com\/wp-content\/uploads\/2023\/03\/OLGUN-AMCAOGLU645644-707x420.jpg","contentUrl":"https:\/\/kibrisdakik.com\/wp-content\/uploads\/2023\/03\/OLGUN-AMCAOGLU645644-707x420.jpg","width":707,"height":431},{"@type":"BreadcrumbList","@id":"https:\/\/kibrisdakik.com\/?p=2587#breadcrumb","itemListElement":[{"@type":"ListItem","position":1,"name":"Home","item":"https:\/\/kibrisdakik.com\/"},{"@type":"ListItem","position":2,"name":"Ekonomi ve Enerji Bakan\u0131 Amcao\u011flu: Hal Yasas\u0131, 13 Mart Pazartesi Meclis Genel Kurulu\u2019na sunulacak duruma getirildi"}]},{"@type":"WebSite","@id":"https:\/\/kibrisdakik.com\/#website","url":"https:\/\/kibrisdakik.com\/","name":"","description":"Tam vaktinde haber","potentialAction":[{"@type":"SearchAction","target":{"@type":"EntryPoint","urlTemplate":"https:\/\/kibrisdakik.com\/?s={search_term_string}"},"query-input":{"@type":"PropertyValueSpecification","valueRequired":true,"valueName":"search_term_string"}}],"inLanguage":"tr"},{"@type":"Person","@id":"https:\/\/kibrisdakik.com\/#\/schema\/person\/9cd9d437bbb44f72b73ba127e06d8e79","name":"admin","image":{"@type":"ImageObject","inLanguage":"tr","@id":"https:\/\/secure.gravatar.com\/avatar\/ccc17943b9d660506c869530f897617f7cb1c21a4bf30023f252596d83e1f007?s=96&d=mm&r=g","url":"https:\/\/secure.gravatar.com\/avatar\/ccc17943b9d660506c869530f897617f7cb1c21a4bf30023f252596d83e1f007?s=96&d=mm&r=g","contentUrl":"https:\/\/secure.gravatar.com\/avatar\/ccc17943b9d660506c869530f897617f7cb1c21a4bf30023f252596d83e1f007?s=96&d=mm&r=g","caption":"admin"},"sameAs":["https:\/\/kibrisdakik.com"],"url":"https:\/\/kibrisdakik.com\/?author=1"}]}},"_links":{"self":[{"href":"https:\/\/kibrisdakik.com\/index.php?rest_route=\/wp\/v2\/posts\/2587","targetHints":{"allow":["GET"]}}],"collection":[{"href":"https:\/\/kibrisdakik.com\/index.php?rest_route=\/wp\/v2\/posts"}],"about":[{"href":"https:\/\/kibrisdakik.com\/index.php?rest_route=\/wp\/v2\/types\/post"}],"author":[{"embeddable":true,"href":"https:\/\/kibrisdakik.com\/index.php?rest_route=\/wp\/v2\/users\/1"}],"replies":[{"embeddable":true,"href":"https:\/\/kibrisdakik.com\/index.php?rest_route=%2Fwp%2Fv2%2Fcomments&post=2587"}],"version-history":[{"count":0,"href":"https:\/\/kibrisdakik.com\/index.php?rest_route=\/wp\/v2\/posts\/2587\/revisions"}],"wp:featuredmedia":[{"embeddable":true,"href":"https:\/\/kibrisdakik.com\/index.php?rest_route=\/wp\/v2\/media\/2588"}],"wp:attachment":[{"href":"https:\/\/kibrisdakik.com\/index.php?rest_route=%2Fwp%2Fv2%2Fmedia&parent=2587"}],"wp:term":[{"taxonomy":"category","embeddable":true,"href":"https:\/\/kibrisdakik.com\/index.php?rest_route=%2Fwp%2Fv2%2Fcategories&post=2587"},{"taxonomy":"post_tag","embeddable":true,"href":"https:\/\/kibrisdakik.com\/index.php?rest_route=%2Fwp%2Fv2%2Ftags&post=2587"}],"curies":[{"name":"wp","href":"https:\/\/api.w.org\/{rel}","templated":true}]}}