{"id":25884,"date":"2024-01-10T16:26:01","date_gmt":"2024-01-10T16:26:01","guid":{"rendered":"https:\/\/kibrisdakik.com\/index.php\/2024\/01\/10\/tatar-anavatan-yavru-vatan-mavi-vatan-birlikte-gelecege-daha-guclu-yuruyecegiz\/"},"modified":"2024-01-10T16:26:01","modified_gmt":"2024-01-10T16:26:01","slug":"tatar-anavatan-yavru-vatan-mavi-vatan-birlikte-gelecege-daha-guclu-yuruyecegiz","status":"publish","type":"post","link":"https:\/\/kibrisdakik.com\/?p=25884","title":{"rendered":"Tatar: \u201cAnavatan, yavru vatan, Mavi Vatan birlikte gelece\u011fe daha g\u00fc\u00e7l\u00fc y\u00fcr\u00fcyece\u011fiz\u201d"},"content":{"rendered":"<p><img decoding=\"async\" src=\"https:\/\/www.kibristurk.com\/images\/haberler\/2024\/01\/tatar-anavatan-yavru-vatan-mavi-vatan-birlikte-gelecege-daha-guclu-yuruyecegiz-1704889818.webp\" \/><\/p>\n<p style=\"text-align:left\"><span style=\"font-size:14px\"><span style=\"font-family:Arial,Helvetica,sans-serif\"><span style=\"color:#000000\"><span style=\"background-color:#ffffff\">Cumhurba\u015fkanl\u0131\u011f\u0131\u2019ndan yap\u0131lan a\u00e7\u0131klamaya g\u00f6re Tatar, T\u00fcrkiye-K\u0131br\u0131s T\u00fcrk Cumhuriyeti \u0130\u015f Birli\u011fi Cemiyeti Ba\u015fkan\u0131 R\u00fc\u015fat Aydo\u011fan ve beraberindeki heyeti kabul ederek g\u00f6r\u00fc\u015ft\u00fc.<\/span><\/span><\/span><\/span><\/p>\n<p style=\"text-align:left\"><span style=\"font-size:14px\"><span style=\"font-family:Arial,Helvetica,sans-serif\"><span style=\"color:#000000\"><span style=\"background-color:#ffffff\">Cumhurba\u015fkan\u0131 Tatar, KKTC\u2019yi ziyaret eden Cemiyeti kabul etmekten dolay\u0131 memnuniyet duydu\u011funu ifade ederek, K\u0131br\u0131s milli davas\u0131na sahip \u00e7\u0131k\u0131lmas\u0131n\u0131n \u00f6nemini vurgulad\u0131.<\/span><\/span><\/span><\/span><\/p>\n<p style=\"text-align:left\"><span style=\"font-size:14px\"><span style=\"font-family:Arial,Helvetica,sans-serif\"><span style=\"color:#000000\"><span style=\"background-color:#ffffff\">Y\u00fcce T\u00fcrk milletinin kopmaz bir par\u00e7as\u0131 olan K\u0131br\u0131s T\u00fcrk halk\u0131n\u0131n zor g\u00fcnler ya\u015fad\u0131\u011f\u0131n\u0131 ama hep direndi\u011fini anlatan Tatar, ba\u011f\u0131ms\u0131z bir T\u00fcrk devleti olarak m\u00fccadele vermeye devam ettiklerini s\u00f6yledi.<\/span><\/span><\/span><\/span><\/p>\n<p style=\"text-align:left\"><span style=\"font-size:14px\"><span style=\"font-family:Arial,Helvetica,sans-serif\"><span style=\"color:#000000\"><span style=\"background-color:#ffffff\">Milli dava ve m\u00fccadelede \u015fehit d\u00fc\u015fenleri yad eden Cumhurba\u015fkan\u0131 Tatar, en g\u00fcneydeki T\u00fcrk devleti olarak KKTC\u2019nin Do\u011fu Akdeniz\u2019de bar\u0131\u015f ve g\u00fcvenli\u011fin teminat\u0131 oldu\u011funu belirtti.<\/span><\/span><\/span><\/span><\/p>\n<p style=\"text-align:left\"><span style=\"font-size:14px\"><span style=\"font-family:Arial,Helvetica,sans-serif\"><span style=\"color:#000000\"><span style=\"background-color:#ffffff\">-\u201cFederasyon temelinde \u00e7\u00f6z\u00fcm dayatmalar\u0131 K\u0131br\u0131s T\u00fcrk halk\u0131 i\u00e7in bir\u00e7ok tehlike i\u00e7eriyor\u201d<\/span><\/span><\/span><\/span><\/p>\n<p style=\"text-align:left\"><span style=\"font-size:14px\"><span style=\"font-family:Arial,Helvetica,sans-serif\"><span style=\"color:#000000\"><span style=\"background-color:#ffffff\">T\u00fcrkiye Cumhuriyeti\u2019nin tam destek verdi\u011fi iki devletli siyaseti t\u00fcm d\u00fcnya devletlerine duyurmaya devam edeceklerini kaydeden Tatar, bir anla\u015fman\u0131n ancak iki egemen devletin i\u015f birli\u011fi ile m\u00fcmk\u00fcn olabilece\u011fini s\u00f6yledi.<\/span><\/span><\/span><\/span><\/p>\n<p style=\"text-align:left\"><span style=\"font-size:14px\"><span style=\"font-family:Arial,Helvetica,sans-serif\"><span style=\"color:#000000\"><span style=\"background-color:#ffffff\">Federasyon temelinde \u00e7\u00f6z\u00fcm dayatmalar\u0131n\u0131n K\u0131br\u0131s T\u00fcrk halk\u0131 i\u00e7in bir\u00e7ok tehlike i\u00e7erdi\u011fine i\u015faret eden Ersin Tatar, iki devletli siyaseti s\u00fcrd\u00fcr\u00fcrken KKTC\u2019nin her alanda geli\u015fmesi ve k\u00f6kle\u015fmesi i\u00e7in \u00e7al\u0131\u015fmalara devam ettiklerini ifade etti.<\/span><\/span><\/span><\/span><\/p>\n<p style=\"text-align:left\"><span style=\"font-size:14px\"><span style=\"font-family:Arial,Helvetica,sans-serif\"><span style=\"color:#000000\"><span style=\"background-color:#ffffff\">\u201cAnavatan, yavru vatan, mavi vatan birlikte gelece\u011fe daha g\u00fc\u00e7l\u00fc y\u00fcr\u00fcyece\u011fiz\u201d diyen Cumhurba\u015fkan\u0131 Tatar, sivil toplum kurulu\u015flar\u0131n\u0131n y\u00fcr\u00fctt\u00fc\u011f\u00fc \u00e7al\u0131\u015fmalar\u0131n milli dava a\u00e7\u0131s\u0131ndan \u00f6nemine de\u011finerek T\u00fcrkiye-K\u0131br\u0131s T\u00fcrk Cumhuriyeti \u0130\u015f Birli\u011fi Cemiyeti yetkililerine te\u015fekk\u00fcr etti.<\/span><\/span><\/span><\/span><\/p>\n<p style=\"text-align:left\"><span style=\"font-size:14px\"><span style=\"font-family:Arial,Helvetica,sans-serif\"><span style=\"color:#000000\"><span style=\"background-color:#ffffff\">T\u00fcrkiye-K\u0131br\u0131s T\u00fcrk Cumhuriyeti \u0130\u015f Birli\u011fi Cemiyeti Ba\u015fkan\u0131 R\u00fc\u015fat Aydo\u011fan ise konu\u015fmas\u0131nda, t\u00fcm d\u00fcnyada K\u0131br\u0131s T\u00fcrk\u00fc&#8217;n\u00fcn sesini duyurdu\u011funu ifade etti\u011fi Tatar\u2019\u0131n huzurunda olmaktan duydu\u011fu memnuniyeti dile getirdi.<\/span><\/span><\/span><\/span><\/p>\n<p style=\"text-align:left\"><span style=\"font-size:14px\"><span style=\"font-family:Arial,Helvetica,sans-serif\"><span style=\"color:#000000\"><span style=\"background-color:#ffffff\">KKTC\u2019nin T\u00fcrk Devletleri Te\u015fkilat\u0131\u2019nda yerini almas\u0131 i\u00e7in ortaya konulan gayretlerden dolay\u0131 Cumhurba\u015fkan\u0131 Tatar\u2019a te\u015fekk\u00fcr eden Aydo\u011fan, milli m\u00fccadele lideri Dr. Faz\u0131l K\u00fc\u00e7\u00fck ve Kurucu Cumhurba\u015fkan\u0131 Rauf R. Denkta\u015f\u2019\u0131 da rahmetle and\u0131.<\/span><\/span><\/span><\/span><\/p>\n","protected":false},"excerpt":{"rendered":"<p>Cumhurba\u015fkanl\u0131\u011f\u0131\u2019ndan yap\u0131lan a\u00e7\u0131klamaya g\u00f6re Tatar, T\u00fcrkiye-K\u0131br\u0131s T\u00fcrk Cumhuriyeti \u0130\u015f Birli\u011fi Cemiyeti Ba\u015fkan\u0131 R\u00fc\u015fat Aydo\u011fan ve beraberindeki heyeti kabul ederek g\u00f6r\u00fc\u015ft\u00fc. Cumhurba\u015fkan\u0131 Tatar, KKTC\u2019yi ziyaret eden Cemiyeti kabul etmekten dolay\u0131 memnuniyet duydu\u011funu ifade ederek, K\u0131br\u0131s milli davas\u0131na sahip \u00e7\u0131k\u0131lmas\u0131n\u0131n \u00f6nemini vurgulad\u0131. Y\u00fcce T\u00fcrk milletinin kopmaz bir par\u00e7as\u0131 olan K\u0131br\u0131s T\u00fcrk halk\u0131n\u0131n zor g\u00fcnler ya\u015fad\u0131\u011f\u0131n\u0131 ama hep<\/p>\n","protected":false},"author":1,"featured_media":25885,"comment_status":"open","ping_status":"open","sticky":false,"template":"","format":"standard","meta":{"footnotes":""},"categories":[79],"tags":[],"class_list":["post-25884","post","type-post","status-publish","format-standard","has-post-thumbnail","hentry","category-ekonomi"],"yoast_head":"<!-- This site is optimized with the Yoast SEO plugin v27.5 - https:\/\/yoast.com\/product\/yoast-seo-wordpress\/ -->\n<title>Tatar: \u201cAnavatan, yavru vatan, Mavi Vatan birlikte gelece\u011fe daha g\u00fc\u00e7l\u00fc y\u00fcr\u00fcyece\u011fiz\u201d -<\/title>\n<meta name=\"robots\" content=\"index, follow, max-snippet:-1, max-image-preview:large, max-video-preview:-1\" \/>\n<link rel=\"canonical\" href=\"https:\/\/kibrisdakik.com\/?p=25884\" \/>\n<meta property=\"og:locale\" content=\"tr_TR\" \/>\n<meta property=\"og:type\" content=\"article\" \/>\n<meta property=\"og:title\" content=\"Tatar: \u201cAnavatan, yavru vatan, Mavi Vatan birlikte gelece\u011fe daha g\u00fc\u00e7l\u00fc y\u00fcr\u00fcyece\u011fiz\u201d -\" \/>\n<meta property=\"og:description\" content=\"Cumhurba\u015fkanl\u0131\u011f\u0131\u2019ndan yap\u0131lan a\u00e7\u0131klamaya g\u00f6re Tatar, T\u00fcrkiye-K\u0131br\u0131s T\u00fcrk Cumhuriyeti \u0130\u015f Birli\u011fi Cemiyeti Ba\u015fkan\u0131 R\u00fc\u015fat Aydo\u011fan ve beraberindeki heyeti kabul ederek g\u00f6r\u00fc\u015ft\u00fc. Cumhurba\u015fkan\u0131 Tatar, KKTC\u2019yi ziyaret eden Cemiyeti kabul etmekten dolay\u0131 memnuniyet duydu\u011funu ifade ederek, K\u0131br\u0131s milli davas\u0131na sahip \u00e7\u0131k\u0131lmas\u0131n\u0131n \u00f6nemini vurgulad\u0131. Y\u00fcce T\u00fcrk milletinin kopmaz bir par\u00e7as\u0131 olan K\u0131br\u0131s T\u00fcrk halk\u0131n\u0131n zor g\u00fcnler ya\u015fad\u0131\u011f\u0131n\u0131 ama hep\" \/>\n<meta property=\"og:url\" content=\"https:\/\/kibrisdakik.com\/?p=25884\" \/>\n<meta property=\"article:published_time\" content=\"2024-01-10T16:26:01+00:00\" \/>\n<meta property=\"og:image\" content=\"https:\/\/kibrisdakik.com\/wp-content\/uploads\/2024\/01\/tatar-anavatan-yavru-vatan-mavi-vatan-birlikte-gelecege-daha-guclu-yuruyecegiz-1704889818.webp.webp\" \/>\n\t<meta property=\"og:image:width\" content=\"710\" \/>\n\t<meta property=\"og:image:height\" content=\"370\" \/>\n\t<meta property=\"og:image:type\" content=\"image\/webp\" \/>\n<meta name=\"author\" content=\"admin\" \/>\n<meta name=\"twitter:card\" content=\"summary_large_image\" \/>\n<meta name=\"twitter:label1\" content=\"Yazan:\" \/>\n\t<meta name=\"twitter:data1\" content=\"admin\" \/>\n\t<meta name=\"twitter:label2\" content=\"Tahmini okuma s\u00fcresi\" \/>\n\t<meta name=\"twitter:data2\" content=\"2 dakika\" \/>\n<script type=\"application\/ld+json\" class=\"yoast-schema-graph\">{\"@context\":\"https:\\\/\\\/schema.org\",\"@graph\":[{\"@type\":\"Article\",\"@id\":\"https:\\\/\\\/kibrisdakik.com\\\/?p=25884#article\",\"isPartOf\":{\"@id\":\"https:\\\/\\\/kibrisdakik.com\\\/?p=25884\"},\"author\":{\"name\":\"admin\",\"@id\":\"https:\\\/\\\/kibrisdakik.com\\\/#\\\/schema\\\/person\\\/9cd9d437bbb44f72b73ba127e06d8e79\"},\"headline\":\"Tatar: \u201cAnavatan, yavru vatan, Mavi Vatan birlikte gelece\u011fe daha g\u00fc\u00e7l\u00fc y\u00fcr\u00fcyece\u011fiz\u201d\",\"datePublished\":\"2024-01-10T16:26:01+00:00\",\"mainEntityOfPage\":{\"@id\":\"https:\\\/\\\/kibrisdakik.com\\\/?p=25884\"},\"wordCount\":414,\"commentCount\":0,\"image\":{\"@id\":\"https:\\\/\\\/kibrisdakik.com\\\/?p=25884#primaryimage\"},\"thumbnailUrl\":\"https:\\\/\\\/kibrisdakik.com\\\/wp-content\\\/uploads\\\/2024\\\/01\\\/tatar-anavatan-yavru-vatan-mavi-vatan-birlikte-gelecege-daha-guclu-yuruyecegiz-1704889818.webp.webp\",\"articleSection\":[\"Ekonomi\"],\"inLanguage\":\"tr\",\"potentialAction\":[{\"@type\":\"CommentAction\",\"name\":\"Comment\",\"target\":[\"https:\\\/\\\/kibrisdakik.com\\\/?p=25884#respond\"]}]},{\"@type\":\"WebPage\",\"@id\":\"https:\\\/\\\/kibrisdakik.com\\\/?p=25884\",\"url\":\"https:\\\/\\\/kibrisdakik.com\\\/?p=25884\",\"name\":\"Tatar: \u201cAnavatan, yavru vatan, Mavi Vatan birlikte gelece\u011fe daha g\u00fc\u00e7l\u00fc y\u00fcr\u00fcyece\u011fiz\u201d -\",\"isPartOf\":{\"@id\":\"https:\\\/\\\/kibrisdakik.com\\\/#website\"},\"primaryImageOfPage\":{\"@id\":\"https:\\\/\\\/kibrisdakik.com\\\/?p=25884#primaryimage\"},\"image\":{\"@id\":\"https:\\\/\\\/kibrisdakik.com\\\/?p=25884#primaryimage\"},\"thumbnailUrl\":\"https:\\\/\\\/kibrisdakik.com\\\/wp-content\\\/uploads\\\/2024\\\/01\\\/tatar-anavatan-yavru-vatan-mavi-vatan-birlikte-gelecege-daha-guclu-yuruyecegiz-1704889818.webp.webp\",\"datePublished\":\"2024-01-10T16:26:01+00:00\",\"author\":{\"@id\":\"https:\\\/\\\/kibrisdakik.com\\\/#\\\/schema\\\/person\\\/9cd9d437bbb44f72b73ba127e06d8e79\"},\"breadcrumb\":{\"@id\":\"https:\\\/\\\/kibrisdakik.com\\\/?p=25884#breadcrumb\"},\"inLanguage\":\"tr\",\"potentialAction\":[{\"@type\":\"ReadAction\",\"target\":[\"https:\\\/\\\/kibrisdakik.com\\\/?p=25884\"]}]},{\"@type\":\"ImageObject\",\"inLanguage\":\"tr\",\"@id\":\"https:\\\/\\\/kibrisdakik.com\\\/?p=25884#primaryimage\",\"url\":\"https:\\\/\\\/kibrisdakik.com\\\/wp-content\\\/uploads\\\/2024\\\/01\\\/tatar-anavatan-yavru-vatan-mavi-vatan-birlikte-gelecege-daha-guclu-yuruyecegiz-1704889818.webp.webp\",\"contentUrl\":\"https:\\\/\\\/kibrisdakik.com\\\/wp-content\\\/uploads\\\/2024\\\/01\\\/tatar-anavatan-yavru-vatan-mavi-vatan-birlikte-gelecege-daha-guclu-yuruyecegiz-1704889818.webp.webp\",\"width\":710,\"height\":370},{\"@type\":\"BreadcrumbList\",\"@id\":\"https:\\\/\\\/kibrisdakik.com\\\/?p=25884#breadcrumb\",\"itemListElement\":[{\"@type\":\"ListItem\",\"position\":1,\"name\":\"Home\",\"item\":\"https:\\\/\\\/kibrisdakik.com\\\/\"},{\"@type\":\"ListItem\",\"position\":2,\"name\":\"Tatar: \u201cAnavatan, yavru vatan, Mavi Vatan birlikte gelece\u011fe daha g\u00fc\u00e7l\u00fc y\u00fcr\u00fcyece\u011fiz\u201d\"}]},{\"@type\":\"WebSite\",\"@id\":\"https:\\\/\\\/kibrisdakik.com\\\/#website\",\"url\":\"https:\\\/\\\/kibrisdakik.com\\\/\",\"name\":\"\",\"description\":\"Tam vaktinde haber\",\"potentialAction\":[{\"@type\":\"SearchAction\",\"target\":{\"@type\":\"EntryPoint\",\"urlTemplate\":\"https:\\\/\\\/kibrisdakik.com\\\/?s={search_term_string}\"},\"query-input\":{\"@type\":\"PropertyValueSpecification\",\"valueRequired\":true,\"valueName\":\"search_term_string\"}}],\"inLanguage\":\"tr\"},{\"@type\":\"Person\",\"@id\":\"https:\\\/\\\/kibrisdakik.com\\\/#\\\/schema\\\/person\\\/9cd9d437bbb44f72b73ba127e06d8e79\",\"name\":\"admin\",\"image\":{\"@type\":\"ImageObject\",\"inLanguage\":\"tr\",\"@id\":\"https:\\\/\\\/secure.gravatar.com\\\/avatar\\\/ccc17943b9d660506c869530f897617f7cb1c21a4bf30023f252596d83e1f007?s=96&d=mm&r=g\",\"url\":\"https:\\\/\\\/secure.gravatar.com\\\/avatar\\\/ccc17943b9d660506c869530f897617f7cb1c21a4bf30023f252596d83e1f007?s=96&d=mm&r=g\",\"contentUrl\":\"https:\\\/\\\/secure.gravatar.com\\\/avatar\\\/ccc17943b9d660506c869530f897617f7cb1c21a4bf30023f252596d83e1f007?s=96&d=mm&r=g\",\"caption\":\"admin\"},\"sameAs\":[\"https:\\\/\\\/kibrisdakik.com\"],\"url\":\"https:\\\/\\\/kibrisdakik.com\\\/?author=1\"}]}<\/script>\n<!-- \/ Yoast SEO plugin. -->","yoast_head_json":{"title":"Tatar: \u201cAnavatan, yavru vatan, Mavi Vatan birlikte gelece\u011fe daha g\u00fc\u00e7l\u00fc y\u00fcr\u00fcyece\u011fiz\u201d -","robots":{"index":"index","follow":"follow","max-snippet":"max-snippet:-1","max-image-preview":"max-image-preview:large","max-video-preview":"max-video-preview:-1"},"canonical":"https:\/\/kibrisdakik.com\/?p=25884","og_locale":"tr_TR","og_type":"article","og_title":"Tatar: \u201cAnavatan, yavru vatan, Mavi Vatan birlikte gelece\u011fe daha g\u00fc\u00e7l\u00fc y\u00fcr\u00fcyece\u011fiz\u201d -","og_description":"Cumhurba\u015fkanl\u0131\u011f\u0131\u2019ndan yap\u0131lan a\u00e7\u0131klamaya g\u00f6re Tatar, T\u00fcrkiye-K\u0131br\u0131s T\u00fcrk Cumhuriyeti \u0130\u015f Birli\u011fi Cemiyeti Ba\u015fkan\u0131 R\u00fc\u015fat Aydo\u011fan ve beraberindeki heyeti kabul ederek g\u00f6r\u00fc\u015ft\u00fc. Cumhurba\u015fkan\u0131 Tatar, KKTC\u2019yi ziyaret eden Cemiyeti kabul etmekten dolay\u0131 memnuniyet duydu\u011funu ifade ederek, K\u0131br\u0131s milli davas\u0131na sahip \u00e7\u0131k\u0131lmas\u0131n\u0131n \u00f6nemini vurgulad\u0131. Y\u00fcce T\u00fcrk milletinin kopmaz bir par\u00e7as\u0131 olan K\u0131br\u0131s T\u00fcrk halk\u0131n\u0131n zor g\u00fcnler ya\u015fad\u0131\u011f\u0131n\u0131 ama hep","og_url":"https:\/\/kibrisdakik.com\/?p=25884","article_published_time":"2024-01-10T16:26:01+00:00","og_image":[{"width":710,"height":370,"url":"https:\/\/kibrisdakik.com\/wp-content\/uploads\/2024\/01\/tatar-anavatan-yavru-vatan-mavi-vatan-birlikte-gelecege-daha-guclu-yuruyecegiz-1704889818.webp.webp","type":"image\/webp"}],"author":"admin","twitter_card":"summary_large_image","twitter_misc":{"Yazan:":"admin","Tahmini okuma s\u00fcresi":"2 dakika"},"schema":{"@context":"https:\/\/schema.org","@graph":[{"@type":"Article","@id":"https:\/\/kibrisdakik.com\/?p=25884#article","isPartOf":{"@id":"https:\/\/kibrisdakik.com\/?p=25884"},"author":{"name":"admin","@id":"https:\/\/kibrisdakik.com\/#\/schema\/person\/9cd9d437bbb44f72b73ba127e06d8e79"},"headline":"Tatar: \u201cAnavatan, yavru vatan, Mavi Vatan birlikte gelece\u011fe daha g\u00fc\u00e7l\u00fc y\u00fcr\u00fcyece\u011fiz\u201d","datePublished":"2024-01-10T16:26:01+00:00","mainEntityOfPage":{"@id":"https:\/\/kibrisdakik.com\/?p=25884"},"wordCount":414,"commentCount":0,"image":{"@id":"https:\/\/kibrisdakik.com\/?p=25884#primaryimage"},"thumbnailUrl":"https:\/\/kibrisdakik.com\/wp-content\/uploads\/2024\/01\/tatar-anavatan-yavru-vatan-mavi-vatan-birlikte-gelecege-daha-guclu-yuruyecegiz-1704889818.webp.webp","articleSection":["Ekonomi"],"inLanguage":"tr","potentialAction":[{"@type":"CommentAction","name":"Comment","target":["https:\/\/kibrisdakik.com\/?p=25884#respond"]}]},{"@type":"WebPage","@id":"https:\/\/kibrisdakik.com\/?p=25884","url":"https:\/\/kibrisdakik.com\/?p=25884","name":"Tatar: \u201cAnavatan, yavru vatan, Mavi Vatan birlikte gelece\u011fe daha g\u00fc\u00e7l\u00fc y\u00fcr\u00fcyece\u011fiz\u201d -","isPartOf":{"@id":"https:\/\/kibrisdakik.com\/#website"},"primaryImageOfPage":{"@id":"https:\/\/kibrisdakik.com\/?p=25884#primaryimage"},"image":{"@id":"https:\/\/kibrisdakik.com\/?p=25884#primaryimage"},"thumbnailUrl":"https:\/\/kibrisdakik.com\/wp-content\/uploads\/2024\/01\/tatar-anavatan-yavru-vatan-mavi-vatan-birlikte-gelecege-daha-guclu-yuruyecegiz-1704889818.webp.webp","datePublished":"2024-01-10T16:26:01+00:00","author":{"@id":"https:\/\/kibrisdakik.com\/#\/schema\/person\/9cd9d437bbb44f72b73ba127e06d8e79"},"breadcrumb":{"@id":"https:\/\/kibrisdakik.com\/?p=25884#breadcrumb"},"inLanguage":"tr","potentialAction":[{"@type":"ReadAction","target":["https:\/\/kibrisdakik.com\/?p=25884"]}]},{"@type":"ImageObject","inLanguage":"tr","@id":"https:\/\/kibrisdakik.com\/?p=25884#primaryimage","url":"https:\/\/kibrisdakik.com\/wp-content\/uploads\/2024\/01\/tatar-anavatan-yavru-vatan-mavi-vatan-birlikte-gelecege-daha-guclu-yuruyecegiz-1704889818.webp.webp","contentUrl":"https:\/\/kibrisdakik.com\/wp-content\/uploads\/2024\/01\/tatar-anavatan-yavru-vatan-mavi-vatan-birlikte-gelecege-daha-guclu-yuruyecegiz-1704889818.webp.webp","width":710,"height":370},{"@type":"BreadcrumbList","@id":"https:\/\/kibrisdakik.com\/?p=25884#breadcrumb","itemListElement":[{"@type":"ListItem","position":1,"name":"Home","item":"https:\/\/kibrisdakik.com\/"},{"@type":"ListItem","position":2,"name":"Tatar: \u201cAnavatan, yavru vatan, Mavi Vatan birlikte gelece\u011fe daha g\u00fc\u00e7l\u00fc y\u00fcr\u00fcyece\u011fiz\u201d"}]},{"@type":"WebSite","@id":"https:\/\/kibrisdakik.com\/#website","url":"https:\/\/kibrisdakik.com\/","name":"","description":"Tam vaktinde haber","potentialAction":[{"@type":"SearchAction","target":{"@type":"EntryPoint","urlTemplate":"https:\/\/kibrisdakik.com\/?s={search_term_string}"},"query-input":{"@type":"PropertyValueSpecification","valueRequired":true,"valueName":"search_term_string"}}],"inLanguage":"tr"},{"@type":"Person","@id":"https:\/\/kibrisdakik.com\/#\/schema\/person\/9cd9d437bbb44f72b73ba127e06d8e79","name":"admin","image":{"@type":"ImageObject","inLanguage":"tr","@id":"https:\/\/secure.gravatar.com\/avatar\/ccc17943b9d660506c869530f897617f7cb1c21a4bf30023f252596d83e1f007?s=96&d=mm&r=g","url":"https:\/\/secure.gravatar.com\/avatar\/ccc17943b9d660506c869530f897617f7cb1c21a4bf30023f252596d83e1f007?s=96&d=mm&r=g","contentUrl":"https:\/\/secure.gravatar.com\/avatar\/ccc17943b9d660506c869530f897617f7cb1c21a4bf30023f252596d83e1f007?s=96&d=mm&r=g","caption":"admin"},"sameAs":["https:\/\/kibrisdakik.com"],"url":"https:\/\/kibrisdakik.com\/?author=1"}]}},"_links":{"self":[{"href":"https:\/\/kibrisdakik.com\/index.php?rest_route=\/wp\/v2\/posts\/25884","targetHints":{"allow":["GET"]}}],"collection":[{"href":"https:\/\/kibrisdakik.com\/index.php?rest_route=\/wp\/v2\/posts"}],"about":[{"href":"https:\/\/kibrisdakik.com\/index.php?rest_route=\/wp\/v2\/types\/post"}],"author":[{"embeddable":true,"href":"https:\/\/kibrisdakik.com\/index.php?rest_route=\/wp\/v2\/users\/1"}],"replies":[{"embeddable":true,"href":"https:\/\/kibrisdakik.com\/index.php?rest_route=%2Fwp%2Fv2%2Fcomments&post=25884"}],"version-history":[{"count":0,"href":"https:\/\/kibrisdakik.com\/index.php?rest_route=\/wp\/v2\/posts\/25884\/revisions"}],"wp:featuredmedia":[{"embeddable":true,"href":"https:\/\/kibrisdakik.com\/index.php?rest_route=\/wp\/v2\/media\/25885"}],"wp:attachment":[{"href":"https:\/\/kibrisdakik.com\/index.php?rest_route=%2Fwp%2Fv2%2Fmedia&parent=25884"}],"wp:term":[{"taxonomy":"category","embeddable":true,"href":"https:\/\/kibrisdakik.com\/index.php?rest_route=%2Fwp%2Fv2%2Fcategories&post=25884"},{"taxonomy":"post_tag","embeddable":true,"href":"https:\/\/kibrisdakik.com\/index.php?rest_route=%2Fwp%2Fv2%2Ftags&post=25884"}],"curies":[{"name":"wp","href":"https:\/\/api.w.org\/{rel}","templated":true}]}}