{"id":25924,"date":"2024-01-11T09:33:54","date_gmt":"2024-01-11T09:33:54","guid":{"rendered":"https:\/\/kibrisdakik.com\/index.php\/2024\/01\/11\/sendikalari-da-sagduyulu-olmaya-davet-ediyoruz\/"},"modified":"2024-01-11T09:33:54","modified_gmt":"2024-01-11T09:33:54","slug":"sendikalari-da-sagduyulu-olmaya-davet-ediyoruz","status":"publish","type":"post","link":"https:\/\/kibrisdakik.com\/?p=25924","title":{"rendered":"&quot;Sendikalar\u0131 da sa\u011fduyulu olmaya davet ediyoruz&quot;"},"content":{"rendered":"<p><img decoding=\"async\" src=\"https:\/\/www.kibristurk.com\/images\/haberler\/2024\/01\/sendikalari-da-sagduyulu-olmaya-davet-ediyoruz-1704959072.webp\" \/><\/p>\n<p><span style=\"font-size:14px\"><span style=\"font-family:Arial,Helvetica,sans-serif\">Memur-Sen&#8217;in a\u00e7\u0131klamas\u0131:<\/p>\n<p>&#8220;Kamu hizmetlerinin y\u00fcr\u00fct\u00fclmesinde ge\u00e7ici memur, ge\u00e7ici i\u015f\u00e7i, s\u00f6zle\u015fmeliler ve mevsimlik i\u015f\u00e7i stat\u00fcs\u00fcnde \u00e7al\u0131\u015fanlar, b\u00fcy\u00fck bir y\u00fck \u00fcstlenmektedirler.<\/span><\/span><\/p>\n<p><span style=\"font-size:14px\"><span style=\"font-family:Arial,Helvetica,sans-serif\">Bu kesimler kadrolu memurlar gibi Kamu hizmetinin k\u00fclfetini \u00e7ekmektedirler. Ancak e\u015fit i\u015fe e\u015fit \u00fccret, hak ve menfaatlerden mahrumdurlar ve i\u015f g\u00fcvencesine dahi sahip de\u011fildirler.<\/span><\/span><\/p>\n<p><span style=\"font-size:14px\"><span style=\"font-family:Arial,Helvetica,sans-serif\">Memur-Sen olarak bu kesimlerin ma\u011fduriyetinin giderilmesi ve i\u015f g\u00fcvencesine kavu\u015fturulmalar\u0131 y\u00f6n\u00fcnde \u00e7al\u0131\u015fmalar\u0131m\u0131z\u0131 s\u00fcrd\u00fcrmekteyiz. <\/span><\/span><\/p>\n<p><span style=\"font-size:14px\"><span style=\"font-family:Arial,Helvetica,sans-serif\">Ancak \u00fcz\u00fclerek g\u00f6zlemlemekteyiz ki baz\u0131 Sendikalar, Kamuda var olan verimsizli\u011fin sebebinin, Siyasilerin yaratt\u0131\u011f\u0131 bu ge\u00e7ici stat\u00fclerdeki istihdamlardan kaynakland\u0131\u011f\u0131n\u0131 vurgulamakta ve bu insanlar\u0131n \u00fczerinden politika geli\u015ftirmektedirler. <\/span><\/span><\/p>\n<p><span style=\"font-size:14px\"><span style=\"font-family:Arial,Helvetica,sans-serif\">Daha da ileriye giderek Siyasilerin arka kap\u0131lardan istihdam edilenler olarak s\u00f6ylemlerini geli\u015ftirmektedirler.<\/span><\/span><\/p>\n<p><span style=\"font-size:14px\"><span style=\"font-family:Arial,Helvetica,sans-serif\">Memur-Sen olarak bizler asla bu t\u00fcr a\u00e7\u0131klamalar\u0131 kabul etmedi\u011fimizi, \u00e7al\u0131\u015fan bu kesimler ad\u0131na bir kez daha vurgular H\u00fck\u00fcmet edenleri biran \u00f6nce i\u015f g\u00fcvencesinden yoksun olarak \u00e7al\u0131\u015fan bu kesimleri i\u015f g\u00fcvencesi alt\u0131na almaya \u00e7a\u011f\u0131r\u0131yoruz.<\/span><\/span><\/p>\n<p><span style=\"font-size:14px\"><span style=\"font-family:Arial,Helvetica,sans-serif\">Bu sebeple eme\u011fin en y\u00fcce de\u011fer oldu\u011funu savunan ve bu kesimler \u00fczerinden politika yapan Sendikalar\u0131 da sa\u011fduyulu olmaya davet ediyoruz.&#8221;<\/span><\/span><\/p>\n","protected":false},"excerpt":{"rendered":"<p>Memur-Sen&#8217;in a\u00e7\u0131klamas\u0131: &#8220;Kamu hizmetlerinin y\u00fcr\u00fct\u00fclmesinde ge\u00e7ici memur, ge\u00e7ici i\u015f\u00e7i, s\u00f6zle\u015fmeliler ve mevsimlik i\u015f\u00e7i stat\u00fcs\u00fcnde \u00e7al\u0131\u015fanlar, b\u00fcy\u00fck bir y\u00fck \u00fcstlenmektedirler. Bu kesimler kadrolu memurlar gibi Kamu hizmetinin k\u00fclfetini \u00e7ekmektedirler. Ancak e\u015fit i\u015fe e\u015fit \u00fccret, hak ve menfaatlerden mahrumdurlar ve i\u015f g\u00fcvencesine dahi sahip de\u011fildirler. Memur-Sen olarak bu kesimlerin ma\u011fduriyetinin giderilmesi ve i\u015f g\u00fcvencesine kavu\u015fturulmalar\u0131 y\u00f6n\u00fcnde \u00e7al\u0131\u015fmalar\u0131m\u0131z\u0131<\/p>\n","protected":false},"author":1,"featured_media":25925,"comment_status":"open","ping_status":"open","sticky":false,"template":"","format":"standard","meta":{"footnotes":""},"categories":[1],"tags":[],"class_list":["post-25924","post","type-post","status-publish","format-standard","has-post-thumbnail","hentry","category-gundem"],"yoast_head":"<!-- This site is optimized with the Yoast SEO plugin v27.5 - https:\/\/yoast.com\/product\/yoast-seo-wordpress\/ -->\n<title>&quot;Sendikalar\u0131 da sa\u011fduyulu olmaya davet ediyoruz&quot; -<\/title>\n<meta name=\"robots\" content=\"index, follow, max-snippet:-1, max-image-preview:large, max-video-preview:-1\" \/>\n<link rel=\"canonical\" href=\"https:\/\/kibrisdakik.com\/?p=25924\" \/>\n<meta property=\"og:locale\" content=\"tr_TR\" \/>\n<meta property=\"og:type\" content=\"article\" \/>\n<meta property=\"og:title\" content=\"&quot;Sendikalar\u0131 da sa\u011fduyulu olmaya davet ediyoruz&quot; -\" \/>\n<meta property=\"og:description\" content=\"Memur-Sen&#8217;in a\u00e7\u0131klamas\u0131: &#8220;Kamu hizmetlerinin y\u00fcr\u00fct\u00fclmesinde ge\u00e7ici memur, ge\u00e7ici i\u015f\u00e7i, s\u00f6zle\u015fmeliler ve mevsimlik i\u015f\u00e7i stat\u00fcs\u00fcnde \u00e7al\u0131\u015fanlar, b\u00fcy\u00fck bir y\u00fck \u00fcstlenmektedirler. Bu kesimler kadrolu memurlar gibi Kamu hizmetinin k\u00fclfetini \u00e7ekmektedirler. Ancak e\u015fit i\u015fe e\u015fit \u00fccret, hak ve menfaatlerden mahrumdurlar ve i\u015f g\u00fcvencesine dahi sahip de\u011fildirler. Memur-Sen olarak bu kesimlerin ma\u011fduriyetinin giderilmesi ve i\u015f g\u00fcvencesine kavu\u015fturulmalar\u0131 y\u00f6n\u00fcnde \u00e7al\u0131\u015fmalar\u0131m\u0131z\u0131\" \/>\n<meta property=\"og:url\" content=\"https:\/\/kibrisdakik.com\/?p=25924\" \/>\n<meta property=\"article:published_time\" content=\"2024-01-11T09:33:54+00:00\" \/>\n<meta property=\"og:image\" content=\"https:\/\/kibrisdakik.com\/wp-content\/uploads\/2024\/01\/sendikalari-da-sagduyulu-olmaya-davet-ediyoruz-1704959072.webp.webp\" \/>\n\t<meta property=\"og:image:width\" content=\"710\" \/>\n\t<meta property=\"og:image:height\" content=\"370\" \/>\n\t<meta property=\"og:image:type\" content=\"image\/webp\" \/>\n<meta name=\"author\" content=\"admin\" \/>\n<meta name=\"twitter:card\" content=\"summary_large_image\" \/>\n<meta name=\"twitter:label1\" content=\"Yazan:\" \/>\n\t<meta name=\"twitter:data1\" content=\"admin\" \/>\n\t<meta name=\"twitter:label2\" content=\"Tahmini okuma s\u00fcresi\" \/>\n\t<meta name=\"twitter:data2\" content=\"1 dakika\" \/>\n<script type=\"application\/ld+json\" class=\"yoast-schema-graph\">{\"@context\":\"https:\\\/\\\/schema.org\",\"@graph\":[{\"@type\":\"Article\",\"@id\":\"https:\\\/\\\/kibrisdakik.com\\\/?p=25924#article\",\"isPartOf\":{\"@id\":\"https:\\\/\\\/kibrisdakik.com\\\/?p=25924\"},\"author\":{\"name\":\"admin\",\"@id\":\"https:\\\/\\\/kibrisdakik.com\\\/#\\\/schema\\\/person\\\/9cd9d437bbb44f72b73ba127e06d8e79\"},\"headline\":\"&quot;Sendikalar\u0131 da sa\u011fduyulu olmaya davet ediyoruz&quot;\",\"datePublished\":\"2024-01-11T09:33:54+00:00\",\"mainEntityOfPage\":{\"@id\":\"https:\\\/\\\/kibrisdakik.com\\\/?p=25924\"},\"wordCount\":216,\"commentCount\":0,\"image\":{\"@id\":\"https:\\\/\\\/kibrisdakik.com\\\/?p=25924#primaryimage\"},\"thumbnailUrl\":\"https:\\\/\\\/kibrisdakik.com\\\/wp-content\\\/uploads\\\/2024\\\/01\\\/sendikalari-da-sagduyulu-olmaya-davet-ediyoruz-1704959072.webp.webp\",\"articleSection\":[\"G\u00fcndem\"],\"inLanguage\":\"tr\",\"potentialAction\":[{\"@type\":\"CommentAction\",\"name\":\"Comment\",\"target\":[\"https:\\\/\\\/kibrisdakik.com\\\/?p=25924#respond\"]}]},{\"@type\":\"WebPage\",\"@id\":\"https:\\\/\\\/kibrisdakik.com\\\/?p=25924\",\"url\":\"https:\\\/\\\/kibrisdakik.com\\\/?p=25924\",\"name\":\"&quot;Sendikalar\u0131 da sa\u011fduyulu olmaya davet ediyoruz&quot; -\",\"isPartOf\":{\"@id\":\"https:\\\/\\\/kibrisdakik.com\\\/#website\"},\"primaryImageOfPage\":{\"@id\":\"https:\\\/\\\/kibrisdakik.com\\\/?p=25924#primaryimage\"},\"image\":{\"@id\":\"https:\\\/\\\/kibrisdakik.com\\\/?p=25924#primaryimage\"},\"thumbnailUrl\":\"https:\\\/\\\/kibrisdakik.com\\\/wp-content\\\/uploads\\\/2024\\\/01\\\/sendikalari-da-sagduyulu-olmaya-davet-ediyoruz-1704959072.webp.webp\",\"datePublished\":\"2024-01-11T09:33:54+00:00\",\"author\":{\"@id\":\"https:\\\/\\\/kibrisdakik.com\\\/#\\\/schema\\\/person\\\/9cd9d437bbb44f72b73ba127e06d8e79\"},\"breadcrumb\":{\"@id\":\"https:\\\/\\\/kibrisdakik.com\\\/?p=25924#breadcrumb\"},\"inLanguage\":\"tr\",\"potentialAction\":[{\"@type\":\"ReadAction\",\"target\":[\"https:\\\/\\\/kibrisdakik.com\\\/?p=25924\"]}]},{\"@type\":\"ImageObject\",\"inLanguage\":\"tr\",\"@id\":\"https:\\\/\\\/kibrisdakik.com\\\/?p=25924#primaryimage\",\"url\":\"https:\\\/\\\/kibrisdakik.com\\\/wp-content\\\/uploads\\\/2024\\\/01\\\/sendikalari-da-sagduyulu-olmaya-davet-ediyoruz-1704959072.webp.webp\",\"contentUrl\":\"https:\\\/\\\/kibrisdakik.com\\\/wp-content\\\/uploads\\\/2024\\\/01\\\/sendikalari-da-sagduyulu-olmaya-davet-ediyoruz-1704959072.webp.webp\",\"width\":710,\"height\":370},{\"@type\":\"BreadcrumbList\",\"@id\":\"https:\\\/\\\/kibrisdakik.com\\\/?p=25924#breadcrumb\",\"itemListElement\":[{\"@type\":\"ListItem\",\"position\":1,\"name\":\"Home\",\"item\":\"https:\\\/\\\/kibrisdakik.com\\\/\"},{\"@type\":\"ListItem\",\"position\":2,\"name\":\"&quot;Sendikalar\u0131 da sa\u011fduyulu olmaya davet ediyoruz&quot;\"}]},{\"@type\":\"WebSite\",\"@id\":\"https:\\\/\\\/kibrisdakik.com\\\/#website\",\"url\":\"https:\\\/\\\/kibrisdakik.com\\\/\",\"name\":\"\",\"description\":\"Tam vaktinde haber\",\"potentialAction\":[{\"@type\":\"SearchAction\",\"target\":{\"@type\":\"EntryPoint\",\"urlTemplate\":\"https:\\\/\\\/kibrisdakik.com\\\/?s={search_term_string}\"},\"query-input\":{\"@type\":\"PropertyValueSpecification\",\"valueRequired\":true,\"valueName\":\"search_term_string\"}}],\"inLanguage\":\"tr\"},{\"@type\":\"Person\",\"@id\":\"https:\\\/\\\/kibrisdakik.com\\\/#\\\/schema\\\/person\\\/9cd9d437bbb44f72b73ba127e06d8e79\",\"name\":\"admin\",\"image\":{\"@type\":\"ImageObject\",\"inLanguage\":\"tr\",\"@id\":\"https:\\\/\\\/secure.gravatar.com\\\/avatar\\\/ccc17943b9d660506c869530f897617f7cb1c21a4bf30023f252596d83e1f007?s=96&d=mm&r=g\",\"url\":\"https:\\\/\\\/secure.gravatar.com\\\/avatar\\\/ccc17943b9d660506c869530f897617f7cb1c21a4bf30023f252596d83e1f007?s=96&d=mm&r=g\",\"contentUrl\":\"https:\\\/\\\/secure.gravatar.com\\\/avatar\\\/ccc17943b9d660506c869530f897617f7cb1c21a4bf30023f252596d83e1f007?s=96&d=mm&r=g\",\"caption\":\"admin\"},\"sameAs\":[\"https:\\\/\\\/kibrisdakik.com\"],\"url\":\"https:\\\/\\\/kibrisdakik.com\\\/?author=1\"}]}<\/script>\n<!-- \/ Yoast SEO plugin. -->","yoast_head_json":{"title":"&quot;Sendikalar\u0131 da sa\u011fduyulu olmaya davet ediyoruz&quot; -","robots":{"index":"index","follow":"follow","max-snippet":"max-snippet:-1","max-image-preview":"max-image-preview:large","max-video-preview":"max-video-preview:-1"},"canonical":"https:\/\/kibrisdakik.com\/?p=25924","og_locale":"tr_TR","og_type":"article","og_title":"&quot;Sendikalar\u0131 da sa\u011fduyulu olmaya davet ediyoruz&quot; -","og_description":"Memur-Sen&#8217;in a\u00e7\u0131klamas\u0131: &#8220;Kamu hizmetlerinin y\u00fcr\u00fct\u00fclmesinde ge\u00e7ici memur, ge\u00e7ici i\u015f\u00e7i, s\u00f6zle\u015fmeliler ve mevsimlik i\u015f\u00e7i stat\u00fcs\u00fcnde \u00e7al\u0131\u015fanlar, b\u00fcy\u00fck bir y\u00fck \u00fcstlenmektedirler. Bu kesimler kadrolu memurlar gibi Kamu hizmetinin k\u00fclfetini \u00e7ekmektedirler. Ancak e\u015fit i\u015fe e\u015fit \u00fccret, hak ve menfaatlerden mahrumdurlar ve i\u015f g\u00fcvencesine dahi sahip de\u011fildirler. Memur-Sen olarak bu kesimlerin ma\u011fduriyetinin giderilmesi ve i\u015f g\u00fcvencesine kavu\u015fturulmalar\u0131 y\u00f6n\u00fcnde \u00e7al\u0131\u015fmalar\u0131m\u0131z\u0131","og_url":"https:\/\/kibrisdakik.com\/?p=25924","article_published_time":"2024-01-11T09:33:54+00:00","og_image":[{"width":710,"height":370,"url":"https:\/\/kibrisdakik.com\/wp-content\/uploads\/2024\/01\/sendikalari-da-sagduyulu-olmaya-davet-ediyoruz-1704959072.webp.webp","type":"image\/webp"}],"author":"admin","twitter_card":"summary_large_image","twitter_misc":{"Yazan:":"admin","Tahmini okuma s\u00fcresi":"1 dakika"},"schema":{"@context":"https:\/\/schema.org","@graph":[{"@type":"Article","@id":"https:\/\/kibrisdakik.com\/?p=25924#article","isPartOf":{"@id":"https:\/\/kibrisdakik.com\/?p=25924"},"author":{"name":"admin","@id":"https:\/\/kibrisdakik.com\/#\/schema\/person\/9cd9d437bbb44f72b73ba127e06d8e79"},"headline":"&quot;Sendikalar\u0131 da sa\u011fduyulu olmaya davet ediyoruz&quot;","datePublished":"2024-01-11T09:33:54+00:00","mainEntityOfPage":{"@id":"https:\/\/kibrisdakik.com\/?p=25924"},"wordCount":216,"commentCount":0,"image":{"@id":"https:\/\/kibrisdakik.com\/?p=25924#primaryimage"},"thumbnailUrl":"https:\/\/kibrisdakik.com\/wp-content\/uploads\/2024\/01\/sendikalari-da-sagduyulu-olmaya-davet-ediyoruz-1704959072.webp.webp","articleSection":["G\u00fcndem"],"inLanguage":"tr","potentialAction":[{"@type":"CommentAction","name":"Comment","target":["https:\/\/kibrisdakik.com\/?p=25924#respond"]}]},{"@type":"WebPage","@id":"https:\/\/kibrisdakik.com\/?p=25924","url":"https:\/\/kibrisdakik.com\/?p=25924","name":"&quot;Sendikalar\u0131 da sa\u011fduyulu olmaya davet ediyoruz&quot; -","isPartOf":{"@id":"https:\/\/kibrisdakik.com\/#website"},"primaryImageOfPage":{"@id":"https:\/\/kibrisdakik.com\/?p=25924#primaryimage"},"image":{"@id":"https:\/\/kibrisdakik.com\/?p=25924#primaryimage"},"thumbnailUrl":"https:\/\/kibrisdakik.com\/wp-content\/uploads\/2024\/01\/sendikalari-da-sagduyulu-olmaya-davet-ediyoruz-1704959072.webp.webp","datePublished":"2024-01-11T09:33:54+00:00","author":{"@id":"https:\/\/kibrisdakik.com\/#\/schema\/person\/9cd9d437bbb44f72b73ba127e06d8e79"},"breadcrumb":{"@id":"https:\/\/kibrisdakik.com\/?p=25924#breadcrumb"},"inLanguage":"tr","potentialAction":[{"@type":"ReadAction","target":["https:\/\/kibrisdakik.com\/?p=25924"]}]},{"@type":"ImageObject","inLanguage":"tr","@id":"https:\/\/kibrisdakik.com\/?p=25924#primaryimage","url":"https:\/\/kibrisdakik.com\/wp-content\/uploads\/2024\/01\/sendikalari-da-sagduyulu-olmaya-davet-ediyoruz-1704959072.webp.webp","contentUrl":"https:\/\/kibrisdakik.com\/wp-content\/uploads\/2024\/01\/sendikalari-da-sagduyulu-olmaya-davet-ediyoruz-1704959072.webp.webp","width":710,"height":370},{"@type":"BreadcrumbList","@id":"https:\/\/kibrisdakik.com\/?p=25924#breadcrumb","itemListElement":[{"@type":"ListItem","position":1,"name":"Home","item":"https:\/\/kibrisdakik.com\/"},{"@type":"ListItem","position":2,"name":"&quot;Sendikalar\u0131 da sa\u011fduyulu olmaya davet ediyoruz&quot;"}]},{"@type":"WebSite","@id":"https:\/\/kibrisdakik.com\/#website","url":"https:\/\/kibrisdakik.com\/","name":"","description":"Tam vaktinde haber","potentialAction":[{"@type":"SearchAction","target":{"@type":"EntryPoint","urlTemplate":"https:\/\/kibrisdakik.com\/?s={search_term_string}"},"query-input":{"@type":"PropertyValueSpecification","valueRequired":true,"valueName":"search_term_string"}}],"inLanguage":"tr"},{"@type":"Person","@id":"https:\/\/kibrisdakik.com\/#\/schema\/person\/9cd9d437bbb44f72b73ba127e06d8e79","name":"admin","image":{"@type":"ImageObject","inLanguage":"tr","@id":"https:\/\/secure.gravatar.com\/avatar\/ccc17943b9d660506c869530f897617f7cb1c21a4bf30023f252596d83e1f007?s=96&d=mm&r=g","url":"https:\/\/secure.gravatar.com\/avatar\/ccc17943b9d660506c869530f897617f7cb1c21a4bf30023f252596d83e1f007?s=96&d=mm&r=g","contentUrl":"https:\/\/secure.gravatar.com\/avatar\/ccc17943b9d660506c869530f897617f7cb1c21a4bf30023f252596d83e1f007?s=96&d=mm&r=g","caption":"admin"},"sameAs":["https:\/\/kibrisdakik.com"],"url":"https:\/\/kibrisdakik.com\/?author=1"}]}},"_links":{"self":[{"href":"https:\/\/kibrisdakik.com\/index.php?rest_route=\/wp\/v2\/posts\/25924","targetHints":{"allow":["GET"]}}],"collection":[{"href":"https:\/\/kibrisdakik.com\/index.php?rest_route=\/wp\/v2\/posts"}],"about":[{"href":"https:\/\/kibrisdakik.com\/index.php?rest_route=\/wp\/v2\/types\/post"}],"author":[{"embeddable":true,"href":"https:\/\/kibrisdakik.com\/index.php?rest_route=\/wp\/v2\/users\/1"}],"replies":[{"embeddable":true,"href":"https:\/\/kibrisdakik.com\/index.php?rest_route=%2Fwp%2Fv2%2Fcomments&post=25924"}],"version-history":[{"count":0,"href":"https:\/\/kibrisdakik.com\/index.php?rest_route=\/wp\/v2\/posts\/25924\/revisions"}],"wp:featuredmedia":[{"embeddable":true,"href":"https:\/\/kibrisdakik.com\/index.php?rest_route=\/wp\/v2\/media\/25925"}],"wp:attachment":[{"href":"https:\/\/kibrisdakik.com\/index.php?rest_route=%2Fwp%2Fv2%2Fmedia&parent=25924"}],"wp:term":[{"taxonomy":"category","embeddable":true,"href":"https:\/\/kibrisdakik.com\/index.php?rest_route=%2Fwp%2Fv2%2Fcategories&post=25924"},{"taxonomy":"post_tag","embeddable":true,"href":"https:\/\/kibrisdakik.com\/index.php?rest_route=%2Fwp%2Fv2%2Ftags&post=25924"}],"curies":[{"name":"wp","href":"https:\/\/api.w.org\/{rel}","templated":true}]}}