{"id":25958,"date":"2024-01-11T13:51:08","date_gmt":"2024-01-11T13:51:08","guid":{"rendered":"https:\/\/kibrisdakik.com\/index.php\/2024\/01\/11\/ispanya-2023te-rekor-sayida-siyasi-siginma-basvurusu-aldi\/"},"modified":"2024-01-11T13:51:08","modified_gmt":"2024-01-11T13:51:08","slug":"ispanya-2023te-rekor-sayida-siyasi-siginma-basvurusu-aldi","status":"publish","type":"post","link":"https:\/\/kibrisdakik.com\/?p=25958","title":{"rendered":"\u0130spanya, 2023&#039;te rekor say\u0131da siyasi s\u0131\u011f\u0131nma ba\u015fvurusu ald\u0131"},"content":{"rendered":"<p><img decoding=\"async\" src=\"https:\/\/www.kibristurk.com\/images\/haberler\/2024\/01\/ispanya-2023te-rekor-sayida-siyasi-siginma-basvurusu-aldi-1704980534.webp\" \/><\/p>\n<p>M\u00fclteci ve S\u0131\u011f\u0131nma Ofisinden bas\u0131na verilen bilgilere g\u00f6re, ofis kuruldu\u011fu 1992 y\u0131l\u0131ndan bu yana en y\u00fcksek say\u0131da siyasi s\u0131\u011f\u0131nma ba\u015fvurusunu 2023 y\u0131l\u0131nda ald\u0131.<\/p>\n<p>Verilere g\u00f6re, 2022&#8217;ye k\u0131yasla ge\u00e7en y\u0131l siyasi s\u0131\u011f\u0131nma taleplerinde y\u00fczde 37&#8217;lik bir art\u0131\u015f kaydedilerek \u0130spanya&#8217;ya 163 bin 218 ba\u015fvuru yap\u0131ld\u0131.<\/p>\n<p>Siyasi s\u0131\u011f\u0131nma taleplerinde Venezuela, Kolombiya ve Peru vatanda\u015flar\u0131ndan gelen, s\u0131ras\u0131yla 60 bin 534, 53 bin 564 ve 14 bin 306 ba\u015fvuru, t\u00fcm ba\u015fvurular\u0131n y\u00fczde 78,6&#8217;s\u0131n\u0131 olu\u015fturdu.<\/p>\n<p>Di\u011fer yandan 2023&#8217;te m\u00fclteci stat\u00fcs\u00fc verilenlerin say\u0131s\u0131 7 bin 521 olurken, bunlar\u0131n \u00e7o\u011funlu\u011funun Afgan, Suriyeli, Nikaragual\u0131, Kolombiyal\u0131 ve Hondurasl\u0131lar te\u015fkil etti.<\/p>\n<p>M\u00fclteci ve S\u0131\u011f\u0131nma Ofisi ayr\u0131ca Rusya ile sava\u015ftan ka\u00e7an Ukraynal\u0131lardan 33 bin 928&#8217;ine 2023&#8217;te &#8220;ge\u00e7ici koruma stat\u00fcs\u00fc&#8221; verildi\u011fi, \u0130spanya&#8217;da mevcut durumda bu haktan yararlanan Ukraynal\u0131lar\u0131n say\u0131s\u0131n\u0131n yakla\u015f\u0131k 195 bine \u00e7\u0131kt\u0131\u011f\u0131 bilgisini payla\u015ft\u0131.<\/p>\n<p>&nbsp;<\/p>\n","protected":false},"excerpt":{"rendered":"<p>M\u00fclteci ve S\u0131\u011f\u0131nma Ofisinden bas\u0131na verilen bilgilere g\u00f6re, ofis kuruldu\u011fu 1992 y\u0131l\u0131ndan bu yana en y\u00fcksek say\u0131da siyasi s\u0131\u011f\u0131nma ba\u015fvurusunu 2023 y\u0131l\u0131nda ald\u0131. Verilere g\u00f6re, 2022&#8217;ye k\u0131yasla ge\u00e7en y\u0131l siyasi s\u0131\u011f\u0131nma taleplerinde y\u00fczde 37&#8217;lik bir art\u0131\u015f kaydedilerek \u0130spanya&#8217;ya 163 bin 218 ba\u015fvuru yap\u0131ld\u0131. Siyasi s\u0131\u011f\u0131nma taleplerinde Venezuela, Kolombiya ve Peru vatanda\u015flar\u0131ndan gelen, s\u0131ras\u0131yla 60 bin<\/p>\n","protected":false},"author":1,"featured_media":25959,"comment_status":"open","ping_status":"open","sticky":false,"template":"","format":"standard","meta":{"footnotes":""},"categories":[86],"tags":[],"class_list":["post-25958","post","type-post","status-publish","format-standard","has-post-thumbnail","hentry","category-turkiye"],"yoast_head":"<!-- This site is optimized with the Yoast SEO plugin v27.5 - https:\/\/yoast.com\/product\/yoast-seo-wordpress\/ -->\n<title>\u0130spanya, 2023&#039;te rekor say\u0131da siyasi s\u0131\u011f\u0131nma ba\u015fvurusu ald\u0131 -<\/title>\n<meta name=\"robots\" content=\"index, follow, max-snippet:-1, max-image-preview:large, max-video-preview:-1\" \/>\n<link rel=\"canonical\" href=\"https:\/\/kibrisdakik.com\/?p=25958\" \/>\n<meta property=\"og:locale\" content=\"tr_TR\" \/>\n<meta property=\"og:type\" content=\"article\" \/>\n<meta property=\"og:title\" content=\"\u0130spanya, 2023&#039;te rekor say\u0131da siyasi s\u0131\u011f\u0131nma ba\u015fvurusu ald\u0131 -\" \/>\n<meta property=\"og:description\" content=\"M\u00fclteci ve S\u0131\u011f\u0131nma Ofisinden bas\u0131na verilen bilgilere g\u00f6re, ofis kuruldu\u011fu 1992 y\u0131l\u0131ndan bu yana en y\u00fcksek say\u0131da siyasi s\u0131\u011f\u0131nma ba\u015fvurusunu 2023 y\u0131l\u0131nda ald\u0131. Verilere g\u00f6re, 2022&#8217;ye k\u0131yasla ge\u00e7en y\u0131l siyasi s\u0131\u011f\u0131nma taleplerinde y\u00fczde 37&#8217;lik bir art\u0131\u015f kaydedilerek \u0130spanya&#8217;ya 163 bin 218 ba\u015fvuru yap\u0131ld\u0131. Siyasi s\u0131\u011f\u0131nma taleplerinde Venezuela, Kolombiya ve Peru vatanda\u015flar\u0131ndan gelen, s\u0131ras\u0131yla 60 bin\" \/>\n<meta property=\"og:url\" content=\"https:\/\/kibrisdakik.com\/?p=25958\" \/>\n<meta property=\"article:published_time\" content=\"2024-01-11T13:51:08+00:00\" \/>\n<meta property=\"og:image\" content=\"https:\/\/kibrisdakik.com\/wp-content\/uploads\/2024\/01\/ispanya-2023te-rekor-sayida-siyasi-siginma-basvurusu-aldi-1704980534.webp.webp\" \/>\n\t<meta property=\"og:image:width\" content=\"710\" \/>\n\t<meta property=\"og:image:height\" content=\"370\" \/>\n\t<meta property=\"og:image:type\" content=\"image\/webp\" \/>\n<meta name=\"author\" content=\"admin\" \/>\n<meta name=\"twitter:card\" content=\"summary_large_image\" \/>\n<meta name=\"twitter:label1\" content=\"Yazan:\" \/>\n\t<meta name=\"twitter:data1\" content=\"admin\" \/>\n\t<meta name=\"twitter:label2\" content=\"Tahmini okuma s\u00fcresi\" \/>\n\t<meta name=\"twitter:data2\" content=\"1 dakika\" \/>\n<script type=\"application\/ld+json\" class=\"yoast-schema-graph\">{\"@context\":\"https:\\\/\\\/schema.org\",\"@graph\":[{\"@type\":\"Article\",\"@id\":\"https:\\\/\\\/kibrisdakik.com\\\/?p=25958#article\",\"isPartOf\":{\"@id\":\"https:\\\/\\\/kibrisdakik.com\\\/?p=25958\"},\"author\":{\"name\":\"admin\",\"@id\":\"https:\\\/\\\/kibrisdakik.com\\\/#\\\/schema\\\/person\\\/9cd9d437bbb44f72b73ba127e06d8e79\"},\"headline\":\"\u0130spanya, 2023&#039;te rekor say\u0131da siyasi s\u0131\u011f\u0131nma ba\u015fvurusu ald\u0131\",\"datePublished\":\"2024-01-11T13:51:08+00:00\",\"mainEntityOfPage\":{\"@id\":\"https:\\\/\\\/kibrisdakik.com\\\/?p=25958\"},\"wordCount\":178,\"commentCount\":0,\"image\":{\"@id\":\"https:\\\/\\\/kibrisdakik.com\\\/?p=25958#primaryimage\"},\"thumbnailUrl\":\"https:\\\/\\\/kibrisdakik.com\\\/wp-content\\\/uploads\\\/2024\\\/01\\\/ispanya-2023te-rekor-sayida-siyasi-siginma-basvurusu-aldi-1704980534.webp.webp\",\"articleSection\":[\"T\u00fcrkiye\"],\"inLanguage\":\"tr\",\"potentialAction\":[{\"@type\":\"CommentAction\",\"name\":\"Comment\",\"target\":[\"https:\\\/\\\/kibrisdakik.com\\\/?p=25958#respond\"]}]},{\"@type\":\"WebPage\",\"@id\":\"https:\\\/\\\/kibrisdakik.com\\\/?p=25958\",\"url\":\"https:\\\/\\\/kibrisdakik.com\\\/?p=25958\",\"name\":\"\u0130spanya, 2023&#039;te rekor say\u0131da siyasi s\u0131\u011f\u0131nma ba\u015fvurusu ald\u0131 -\",\"isPartOf\":{\"@id\":\"https:\\\/\\\/kibrisdakik.com\\\/#website\"},\"primaryImageOfPage\":{\"@id\":\"https:\\\/\\\/kibrisdakik.com\\\/?p=25958#primaryimage\"},\"image\":{\"@id\":\"https:\\\/\\\/kibrisdakik.com\\\/?p=25958#primaryimage\"},\"thumbnailUrl\":\"https:\\\/\\\/kibrisdakik.com\\\/wp-content\\\/uploads\\\/2024\\\/01\\\/ispanya-2023te-rekor-sayida-siyasi-siginma-basvurusu-aldi-1704980534.webp.webp\",\"datePublished\":\"2024-01-11T13:51:08+00:00\",\"author\":{\"@id\":\"https:\\\/\\\/kibrisdakik.com\\\/#\\\/schema\\\/person\\\/9cd9d437bbb44f72b73ba127e06d8e79\"},\"breadcrumb\":{\"@id\":\"https:\\\/\\\/kibrisdakik.com\\\/?p=25958#breadcrumb\"},\"inLanguage\":\"tr\",\"potentialAction\":[{\"@type\":\"ReadAction\",\"target\":[\"https:\\\/\\\/kibrisdakik.com\\\/?p=25958\"]}]},{\"@type\":\"ImageObject\",\"inLanguage\":\"tr\",\"@id\":\"https:\\\/\\\/kibrisdakik.com\\\/?p=25958#primaryimage\",\"url\":\"https:\\\/\\\/kibrisdakik.com\\\/wp-content\\\/uploads\\\/2024\\\/01\\\/ispanya-2023te-rekor-sayida-siyasi-siginma-basvurusu-aldi-1704980534.webp.webp\",\"contentUrl\":\"https:\\\/\\\/kibrisdakik.com\\\/wp-content\\\/uploads\\\/2024\\\/01\\\/ispanya-2023te-rekor-sayida-siyasi-siginma-basvurusu-aldi-1704980534.webp.webp\",\"width\":710,\"height\":370},{\"@type\":\"BreadcrumbList\",\"@id\":\"https:\\\/\\\/kibrisdakik.com\\\/?p=25958#breadcrumb\",\"itemListElement\":[{\"@type\":\"ListItem\",\"position\":1,\"name\":\"Home\",\"item\":\"https:\\\/\\\/kibrisdakik.com\\\/\"},{\"@type\":\"ListItem\",\"position\":2,\"name\":\"\u0130spanya, 2023&#039;te rekor say\u0131da siyasi s\u0131\u011f\u0131nma ba\u015fvurusu ald\u0131\"}]},{\"@type\":\"WebSite\",\"@id\":\"https:\\\/\\\/kibrisdakik.com\\\/#website\",\"url\":\"https:\\\/\\\/kibrisdakik.com\\\/\",\"name\":\"\",\"description\":\"Tam vaktinde haber\",\"potentialAction\":[{\"@type\":\"SearchAction\",\"target\":{\"@type\":\"EntryPoint\",\"urlTemplate\":\"https:\\\/\\\/kibrisdakik.com\\\/?s={search_term_string}\"},\"query-input\":{\"@type\":\"PropertyValueSpecification\",\"valueRequired\":true,\"valueName\":\"search_term_string\"}}],\"inLanguage\":\"tr\"},{\"@type\":\"Person\",\"@id\":\"https:\\\/\\\/kibrisdakik.com\\\/#\\\/schema\\\/person\\\/9cd9d437bbb44f72b73ba127e06d8e79\",\"name\":\"admin\",\"image\":{\"@type\":\"ImageObject\",\"inLanguage\":\"tr\",\"@id\":\"https:\\\/\\\/secure.gravatar.com\\\/avatar\\\/ccc17943b9d660506c869530f897617f7cb1c21a4bf30023f252596d83e1f007?s=96&d=mm&r=g\",\"url\":\"https:\\\/\\\/secure.gravatar.com\\\/avatar\\\/ccc17943b9d660506c869530f897617f7cb1c21a4bf30023f252596d83e1f007?s=96&d=mm&r=g\",\"contentUrl\":\"https:\\\/\\\/secure.gravatar.com\\\/avatar\\\/ccc17943b9d660506c869530f897617f7cb1c21a4bf30023f252596d83e1f007?s=96&d=mm&r=g\",\"caption\":\"admin\"},\"sameAs\":[\"https:\\\/\\\/kibrisdakik.com\"],\"url\":\"https:\\\/\\\/kibrisdakik.com\\\/?author=1\"}]}<\/script>\n<!-- \/ Yoast SEO plugin. -->","yoast_head_json":{"title":"\u0130spanya, 2023&#039;te rekor say\u0131da siyasi s\u0131\u011f\u0131nma ba\u015fvurusu ald\u0131 -","robots":{"index":"index","follow":"follow","max-snippet":"max-snippet:-1","max-image-preview":"max-image-preview:large","max-video-preview":"max-video-preview:-1"},"canonical":"https:\/\/kibrisdakik.com\/?p=25958","og_locale":"tr_TR","og_type":"article","og_title":"\u0130spanya, 2023&#039;te rekor say\u0131da siyasi s\u0131\u011f\u0131nma ba\u015fvurusu ald\u0131 -","og_description":"M\u00fclteci ve S\u0131\u011f\u0131nma Ofisinden bas\u0131na verilen bilgilere g\u00f6re, ofis kuruldu\u011fu 1992 y\u0131l\u0131ndan bu yana en y\u00fcksek say\u0131da siyasi s\u0131\u011f\u0131nma ba\u015fvurusunu 2023 y\u0131l\u0131nda ald\u0131. Verilere g\u00f6re, 2022&#8217;ye k\u0131yasla ge\u00e7en y\u0131l siyasi s\u0131\u011f\u0131nma taleplerinde y\u00fczde 37&#8217;lik bir art\u0131\u015f kaydedilerek \u0130spanya&#8217;ya 163 bin 218 ba\u015fvuru yap\u0131ld\u0131. Siyasi s\u0131\u011f\u0131nma taleplerinde Venezuela, Kolombiya ve Peru vatanda\u015flar\u0131ndan gelen, s\u0131ras\u0131yla 60 bin","og_url":"https:\/\/kibrisdakik.com\/?p=25958","article_published_time":"2024-01-11T13:51:08+00:00","og_image":[{"width":710,"height":370,"url":"https:\/\/kibrisdakik.com\/wp-content\/uploads\/2024\/01\/ispanya-2023te-rekor-sayida-siyasi-siginma-basvurusu-aldi-1704980534.webp.webp","type":"image\/webp"}],"author":"admin","twitter_card":"summary_large_image","twitter_misc":{"Yazan:":"admin","Tahmini okuma s\u00fcresi":"1 dakika"},"schema":{"@context":"https:\/\/schema.org","@graph":[{"@type":"Article","@id":"https:\/\/kibrisdakik.com\/?p=25958#article","isPartOf":{"@id":"https:\/\/kibrisdakik.com\/?p=25958"},"author":{"name":"admin","@id":"https:\/\/kibrisdakik.com\/#\/schema\/person\/9cd9d437bbb44f72b73ba127e06d8e79"},"headline":"\u0130spanya, 2023&#039;te rekor say\u0131da siyasi s\u0131\u011f\u0131nma ba\u015fvurusu ald\u0131","datePublished":"2024-01-11T13:51:08+00:00","mainEntityOfPage":{"@id":"https:\/\/kibrisdakik.com\/?p=25958"},"wordCount":178,"commentCount":0,"image":{"@id":"https:\/\/kibrisdakik.com\/?p=25958#primaryimage"},"thumbnailUrl":"https:\/\/kibrisdakik.com\/wp-content\/uploads\/2024\/01\/ispanya-2023te-rekor-sayida-siyasi-siginma-basvurusu-aldi-1704980534.webp.webp","articleSection":["T\u00fcrkiye"],"inLanguage":"tr","potentialAction":[{"@type":"CommentAction","name":"Comment","target":["https:\/\/kibrisdakik.com\/?p=25958#respond"]}]},{"@type":"WebPage","@id":"https:\/\/kibrisdakik.com\/?p=25958","url":"https:\/\/kibrisdakik.com\/?p=25958","name":"\u0130spanya, 2023&#039;te rekor say\u0131da siyasi s\u0131\u011f\u0131nma ba\u015fvurusu ald\u0131 -","isPartOf":{"@id":"https:\/\/kibrisdakik.com\/#website"},"primaryImageOfPage":{"@id":"https:\/\/kibrisdakik.com\/?p=25958#primaryimage"},"image":{"@id":"https:\/\/kibrisdakik.com\/?p=25958#primaryimage"},"thumbnailUrl":"https:\/\/kibrisdakik.com\/wp-content\/uploads\/2024\/01\/ispanya-2023te-rekor-sayida-siyasi-siginma-basvurusu-aldi-1704980534.webp.webp","datePublished":"2024-01-11T13:51:08+00:00","author":{"@id":"https:\/\/kibrisdakik.com\/#\/schema\/person\/9cd9d437bbb44f72b73ba127e06d8e79"},"breadcrumb":{"@id":"https:\/\/kibrisdakik.com\/?p=25958#breadcrumb"},"inLanguage":"tr","potentialAction":[{"@type":"ReadAction","target":["https:\/\/kibrisdakik.com\/?p=25958"]}]},{"@type":"ImageObject","inLanguage":"tr","@id":"https:\/\/kibrisdakik.com\/?p=25958#primaryimage","url":"https:\/\/kibrisdakik.com\/wp-content\/uploads\/2024\/01\/ispanya-2023te-rekor-sayida-siyasi-siginma-basvurusu-aldi-1704980534.webp.webp","contentUrl":"https:\/\/kibrisdakik.com\/wp-content\/uploads\/2024\/01\/ispanya-2023te-rekor-sayida-siyasi-siginma-basvurusu-aldi-1704980534.webp.webp","width":710,"height":370},{"@type":"BreadcrumbList","@id":"https:\/\/kibrisdakik.com\/?p=25958#breadcrumb","itemListElement":[{"@type":"ListItem","position":1,"name":"Home","item":"https:\/\/kibrisdakik.com\/"},{"@type":"ListItem","position":2,"name":"\u0130spanya, 2023&#039;te rekor say\u0131da siyasi s\u0131\u011f\u0131nma ba\u015fvurusu ald\u0131"}]},{"@type":"WebSite","@id":"https:\/\/kibrisdakik.com\/#website","url":"https:\/\/kibrisdakik.com\/","name":"","description":"Tam vaktinde haber","potentialAction":[{"@type":"SearchAction","target":{"@type":"EntryPoint","urlTemplate":"https:\/\/kibrisdakik.com\/?s={search_term_string}"},"query-input":{"@type":"PropertyValueSpecification","valueRequired":true,"valueName":"search_term_string"}}],"inLanguage":"tr"},{"@type":"Person","@id":"https:\/\/kibrisdakik.com\/#\/schema\/person\/9cd9d437bbb44f72b73ba127e06d8e79","name":"admin","image":{"@type":"ImageObject","inLanguage":"tr","@id":"https:\/\/secure.gravatar.com\/avatar\/ccc17943b9d660506c869530f897617f7cb1c21a4bf30023f252596d83e1f007?s=96&d=mm&r=g","url":"https:\/\/secure.gravatar.com\/avatar\/ccc17943b9d660506c869530f897617f7cb1c21a4bf30023f252596d83e1f007?s=96&d=mm&r=g","contentUrl":"https:\/\/secure.gravatar.com\/avatar\/ccc17943b9d660506c869530f897617f7cb1c21a4bf30023f252596d83e1f007?s=96&d=mm&r=g","caption":"admin"},"sameAs":["https:\/\/kibrisdakik.com"],"url":"https:\/\/kibrisdakik.com\/?author=1"}]}},"_links":{"self":[{"href":"https:\/\/kibrisdakik.com\/index.php?rest_route=\/wp\/v2\/posts\/25958","targetHints":{"allow":["GET"]}}],"collection":[{"href":"https:\/\/kibrisdakik.com\/index.php?rest_route=\/wp\/v2\/posts"}],"about":[{"href":"https:\/\/kibrisdakik.com\/index.php?rest_route=\/wp\/v2\/types\/post"}],"author":[{"embeddable":true,"href":"https:\/\/kibrisdakik.com\/index.php?rest_route=\/wp\/v2\/users\/1"}],"replies":[{"embeddable":true,"href":"https:\/\/kibrisdakik.com\/index.php?rest_route=%2Fwp%2Fv2%2Fcomments&post=25958"}],"version-history":[{"count":0,"href":"https:\/\/kibrisdakik.com\/index.php?rest_route=\/wp\/v2\/posts\/25958\/revisions"}],"wp:featuredmedia":[{"embeddable":true,"href":"https:\/\/kibrisdakik.com\/index.php?rest_route=\/wp\/v2\/media\/25959"}],"wp:attachment":[{"href":"https:\/\/kibrisdakik.com\/index.php?rest_route=%2Fwp%2Fv2%2Fmedia&parent=25958"}],"wp:term":[{"taxonomy":"category","embeddable":true,"href":"https:\/\/kibrisdakik.com\/index.php?rest_route=%2Fwp%2Fv2%2Fcategories&post=25958"},{"taxonomy":"post_tag","embeddable":true,"href":"https:\/\/kibrisdakik.com\/index.php?rest_route=%2Fwp%2Fv2%2Ftags&post=25958"}],"curies":[{"name":"wp","href":"https:\/\/api.w.org\/{rel}","templated":true}]}}