{"id":25978,"date":"2024-01-11T15:48:57","date_gmt":"2024-01-11T15:48:57","guid":{"rendered":"https:\/\/kibrisdakik.com\/index.php\/2024\/01\/11\/ahmet-kaptan-hukumet-populist-vaatlerle-oyaliyor\/"},"modified":"2024-01-11T15:48:57","modified_gmt":"2024-01-11T15:48:57","slug":"ahmet-kaptan-hukumet-populist-vaatlerle-oyaliyor","status":"publish","type":"post","link":"https:\/\/kibrisdakik.com\/?p=25978","title":{"rendered":"Ahmet Kaptan: &quot;H\u00fck\u00fcmet pop\u00fclist vaatlerle oyal\u0131yor\u201d"},"content":{"rendered":"<p><img decoding=\"async\" src=\"https:\/\/www.kibristurk.com\/images\/haberler\/2024\/01\/ahmet-kaptan-hukumet-populist-vaatlerle-oyaliyor-1704977530.webp\" \/><\/p>\n<p>H\u00fck\u00fcmetin 2023 vaatleri, m\u00fcjdeleri ve temennileri konusunda Ahmet Kaptan, pop\u00fclist yakla\u015f\u0131mlar de\u011fil somut icraat beklediklerini belirtti.<\/p>\n<p>Kat\u0131ld\u0131\u011f\u0131 TV program\u0131nda konu\u015fan Ahmet Kaptan, somut yakla\u015f\u0131m ve icraat beklediklerini dile getirdi;<\/p>\n<p>&#8220;<em>Hala pop\u00fclist vaatler \u00fczerinden konu\u015fuluyor, koyacaks\u0131n metni orta yere ve imzay\u0131 atacaks\u0131n. 1 \u015eubat\u2019ta temelleri at\u0131yoruz \u015fu kadar ev Lefko\u015fa\u2019da \u015fu kadar\u0131 Ma\u011fusa\u2019da diyerek&#8230; H\u0131zland\u0131rmak gerekir. 12 Ocak tarihinde muhalefetle bir araya geliyoruz ve bu ya\u015fananlarla ilgili ortak d\u00fc\u015f\u00fcncemizi belirleyecek toplant\u0131y\u0131 yap\u0131yoruz gibi\u2026 2022 sonunda 2023 daha g\u00fczel olacakt\u0131\u2026 Ne oldu? \u015eimdi 2024 g\u00fczel olacakm\u0131\u015f. Pop\u00fclist a\u00e7\u0131klamalar istemiyoruz, pop\u00fclist vaatlerle oyal\u0131yorlar.&#8221;<\/em><\/p>\n","protected":false},"excerpt":{"rendered":"<p>H\u00fck\u00fcmetin 2023 vaatleri, m\u00fcjdeleri ve temennileri konusunda Ahmet Kaptan, pop\u00fclist yakla\u015f\u0131mlar de\u011fil somut icraat beklediklerini belirtti. Kat\u0131ld\u0131\u011f\u0131 TV program\u0131nda konu\u015fan Ahmet Kaptan, somut yakla\u015f\u0131m ve icraat beklediklerini dile getirdi; &#8220;Hala pop\u00fclist vaatler \u00fczerinden konu\u015fuluyor, koyacaks\u0131n metni orta yere ve imzay\u0131 atacaks\u0131n. 1 \u015eubat\u2019ta temelleri at\u0131yoruz \u015fu kadar ev Lefko\u015fa\u2019da \u015fu kadar\u0131 Ma\u011fusa\u2019da diyerek&#8230; H\u0131zland\u0131rmak gerekir.<\/p>\n","protected":false},"author":1,"featured_media":25979,"comment_status":"open","ping_status":"open","sticky":false,"template":"","format":"standard","meta":{"footnotes":""},"categories":[79],"tags":[],"class_list":["post-25978","post","type-post","status-publish","format-standard","has-post-thumbnail","hentry","category-ekonomi"],"yoast_head":"<!-- This site is optimized with the Yoast SEO plugin v27.4 - https:\/\/yoast.com\/product\/yoast-seo-wordpress\/ -->\n<title>Ahmet Kaptan: &quot;H\u00fck\u00fcmet pop\u00fclist vaatlerle oyal\u0131yor\u201d -<\/title>\n<meta name=\"robots\" content=\"index, follow, max-snippet:-1, max-image-preview:large, max-video-preview:-1\" \/>\n<link rel=\"canonical\" href=\"https:\/\/kibrisdakik.com\/?p=25978\" \/>\n<meta property=\"og:locale\" content=\"tr_TR\" \/>\n<meta property=\"og:type\" content=\"article\" \/>\n<meta property=\"og:title\" content=\"Ahmet Kaptan: &quot;H\u00fck\u00fcmet pop\u00fclist vaatlerle oyal\u0131yor\u201d -\" \/>\n<meta property=\"og:description\" content=\"H\u00fck\u00fcmetin 2023 vaatleri, m\u00fcjdeleri ve temennileri konusunda Ahmet Kaptan, pop\u00fclist yakla\u015f\u0131mlar de\u011fil somut icraat beklediklerini belirtti. Kat\u0131ld\u0131\u011f\u0131 TV program\u0131nda konu\u015fan Ahmet Kaptan, somut yakla\u015f\u0131m ve icraat beklediklerini dile getirdi; &#8220;Hala pop\u00fclist vaatler \u00fczerinden konu\u015fuluyor, koyacaks\u0131n metni orta yere ve imzay\u0131 atacaks\u0131n. 1 \u015eubat\u2019ta temelleri at\u0131yoruz \u015fu kadar ev Lefko\u015fa\u2019da \u015fu kadar\u0131 Ma\u011fusa\u2019da diyerek&#8230; H\u0131zland\u0131rmak gerekir.\" \/>\n<meta property=\"og:url\" content=\"https:\/\/kibrisdakik.com\/?p=25978\" \/>\n<meta property=\"article:published_time\" content=\"2024-01-11T15:48:57+00:00\" \/>\n<meta property=\"og:image\" content=\"https:\/\/kibrisdakik.com\/wp-content\/uploads\/2024\/01\/ahmet-kaptan-hukumet-populist-vaatlerle-oyaliyor-1704977530.webp.webp\" \/>\n\t<meta property=\"og:image:width\" content=\"710\" \/>\n\t<meta property=\"og:image:height\" content=\"370\" \/>\n\t<meta property=\"og:image:type\" content=\"image\/webp\" \/>\n<meta name=\"author\" content=\"admin\" \/>\n<meta name=\"twitter:card\" content=\"summary_large_image\" \/>\n<meta name=\"twitter:label1\" content=\"Yazan:\" \/>\n\t<meta name=\"twitter:data1\" content=\"admin\" \/>\n\t<meta name=\"twitter:label2\" content=\"Tahmini okuma s\u00fcresi\" \/>\n\t<meta name=\"twitter:data2\" content=\"1 dakika\" \/>\n<script type=\"application\/ld+json\" class=\"yoast-schema-graph\">{\"@context\":\"https:\\\/\\\/schema.org\",\"@graph\":[{\"@type\":\"Article\",\"@id\":\"https:\\\/\\\/kibrisdakik.com\\\/?p=25978#article\",\"isPartOf\":{\"@id\":\"https:\\\/\\\/kibrisdakik.com\\\/?p=25978\"},\"author\":{\"name\":\"admin\",\"@id\":\"https:\\\/\\\/kibrisdakik.com\\\/#\\\/schema\\\/person\\\/9cd9d437bbb44f72b73ba127e06d8e79\"},\"headline\":\"Ahmet Kaptan: &quot;H\u00fck\u00fcmet pop\u00fclist vaatlerle oyal\u0131yor\u201d\",\"datePublished\":\"2024-01-11T15:48:57+00:00\",\"mainEntityOfPage\":{\"@id\":\"https:\\\/\\\/kibrisdakik.com\\\/?p=25978\"},\"wordCount\":127,\"commentCount\":0,\"image\":{\"@id\":\"https:\\\/\\\/kibrisdakik.com\\\/?p=25978#primaryimage\"},\"thumbnailUrl\":\"https:\\\/\\\/kibrisdakik.com\\\/wp-content\\\/uploads\\\/2024\\\/01\\\/ahmet-kaptan-hukumet-populist-vaatlerle-oyaliyor-1704977530.webp.webp\",\"articleSection\":[\"Ekonomi\"],\"inLanguage\":\"tr\",\"potentialAction\":[{\"@type\":\"CommentAction\",\"name\":\"Comment\",\"target\":[\"https:\\\/\\\/kibrisdakik.com\\\/?p=25978#respond\"]}]},{\"@type\":\"WebPage\",\"@id\":\"https:\\\/\\\/kibrisdakik.com\\\/?p=25978\",\"url\":\"https:\\\/\\\/kibrisdakik.com\\\/?p=25978\",\"name\":\"Ahmet Kaptan: &quot;H\u00fck\u00fcmet pop\u00fclist vaatlerle oyal\u0131yor\u201d -\",\"isPartOf\":{\"@id\":\"https:\\\/\\\/kibrisdakik.com\\\/#website\"},\"primaryImageOfPage\":{\"@id\":\"https:\\\/\\\/kibrisdakik.com\\\/?p=25978#primaryimage\"},\"image\":{\"@id\":\"https:\\\/\\\/kibrisdakik.com\\\/?p=25978#primaryimage\"},\"thumbnailUrl\":\"https:\\\/\\\/kibrisdakik.com\\\/wp-content\\\/uploads\\\/2024\\\/01\\\/ahmet-kaptan-hukumet-populist-vaatlerle-oyaliyor-1704977530.webp.webp\",\"datePublished\":\"2024-01-11T15:48:57+00:00\",\"author\":{\"@id\":\"https:\\\/\\\/kibrisdakik.com\\\/#\\\/schema\\\/person\\\/9cd9d437bbb44f72b73ba127e06d8e79\"},\"breadcrumb\":{\"@id\":\"https:\\\/\\\/kibrisdakik.com\\\/?p=25978#breadcrumb\"},\"inLanguage\":\"tr\",\"potentialAction\":[{\"@type\":\"ReadAction\",\"target\":[\"https:\\\/\\\/kibrisdakik.com\\\/?p=25978\"]}]},{\"@type\":\"ImageObject\",\"inLanguage\":\"tr\",\"@id\":\"https:\\\/\\\/kibrisdakik.com\\\/?p=25978#primaryimage\",\"url\":\"https:\\\/\\\/kibrisdakik.com\\\/wp-content\\\/uploads\\\/2024\\\/01\\\/ahmet-kaptan-hukumet-populist-vaatlerle-oyaliyor-1704977530.webp.webp\",\"contentUrl\":\"https:\\\/\\\/kibrisdakik.com\\\/wp-content\\\/uploads\\\/2024\\\/01\\\/ahmet-kaptan-hukumet-populist-vaatlerle-oyaliyor-1704977530.webp.webp\",\"width\":710,\"height\":370},{\"@type\":\"BreadcrumbList\",\"@id\":\"https:\\\/\\\/kibrisdakik.com\\\/?p=25978#breadcrumb\",\"itemListElement\":[{\"@type\":\"ListItem\",\"position\":1,\"name\":\"Home\",\"item\":\"https:\\\/\\\/kibrisdakik.com\\\/\"},{\"@type\":\"ListItem\",\"position\":2,\"name\":\"Ahmet Kaptan: &quot;H\u00fck\u00fcmet pop\u00fclist vaatlerle oyal\u0131yor\u201d\"}]},{\"@type\":\"WebSite\",\"@id\":\"https:\\\/\\\/kibrisdakik.com\\\/#website\",\"url\":\"https:\\\/\\\/kibrisdakik.com\\\/\",\"name\":\"\",\"description\":\"Tam vaktinde haber\",\"potentialAction\":[{\"@type\":\"SearchAction\",\"target\":{\"@type\":\"EntryPoint\",\"urlTemplate\":\"https:\\\/\\\/kibrisdakik.com\\\/?s={search_term_string}\"},\"query-input\":{\"@type\":\"PropertyValueSpecification\",\"valueRequired\":true,\"valueName\":\"search_term_string\"}}],\"inLanguage\":\"tr\"},{\"@type\":\"Person\",\"@id\":\"https:\\\/\\\/kibrisdakik.com\\\/#\\\/schema\\\/person\\\/9cd9d437bbb44f72b73ba127e06d8e79\",\"name\":\"admin\",\"image\":{\"@type\":\"ImageObject\",\"inLanguage\":\"tr\",\"@id\":\"https:\\\/\\\/secure.gravatar.com\\\/avatar\\\/ccc17943b9d660506c869530f897617f7cb1c21a4bf30023f252596d83e1f007?s=96&d=mm&r=g\",\"url\":\"https:\\\/\\\/secure.gravatar.com\\\/avatar\\\/ccc17943b9d660506c869530f897617f7cb1c21a4bf30023f252596d83e1f007?s=96&d=mm&r=g\",\"contentUrl\":\"https:\\\/\\\/secure.gravatar.com\\\/avatar\\\/ccc17943b9d660506c869530f897617f7cb1c21a4bf30023f252596d83e1f007?s=96&d=mm&r=g\",\"caption\":\"admin\"},\"sameAs\":[\"https:\\\/\\\/kibrisdakik.com\"],\"url\":\"https:\\\/\\\/kibrisdakik.com\\\/?author=1\"}]}<\/script>\n<!-- \/ Yoast SEO plugin. -->","yoast_head_json":{"title":"Ahmet Kaptan: &quot;H\u00fck\u00fcmet pop\u00fclist vaatlerle oyal\u0131yor\u201d -","robots":{"index":"index","follow":"follow","max-snippet":"max-snippet:-1","max-image-preview":"max-image-preview:large","max-video-preview":"max-video-preview:-1"},"canonical":"https:\/\/kibrisdakik.com\/?p=25978","og_locale":"tr_TR","og_type":"article","og_title":"Ahmet Kaptan: &quot;H\u00fck\u00fcmet pop\u00fclist vaatlerle oyal\u0131yor\u201d -","og_description":"H\u00fck\u00fcmetin 2023 vaatleri, m\u00fcjdeleri ve temennileri konusunda Ahmet Kaptan, pop\u00fclist yakla\u015f\u0131mlar de\u011fil somut icraat beklediklerini belirtti. Kat\u0131ld\u0131\u011f\u0131 TV program\u0131nda konu\u015fan Ahmet Kaptan, somut yakla\u015f\u0131m ve icraat beklediklerini dile getirdi; &#8220;Hala pop\u00fclist vaatler \u00fczerinden konu\u015fuluyor, koyacaks\u0131n metni orta yere ve imzay\u0131 atacaks\u0131n. 1 \u015eubat\u2019ta temelleri at\u0131yoruz \u015fu kadar ev Lefko\u015fa\u2019da \u015fu kadar\u0131 Ma\u011fusa\u2019da diyerek&#8230; H\u0131zland\u0131rmak gerekir.","og_url":"https:\/\/kibrisdakik.com\/?p=25978","article_published_time":"2024-01-11T15:48:57+00:00","og_image":[{"width":710,"height":370,"url":"https:\/\/kibrisdakik.com\/wp-content\/uploads\/2024\/01\/ahmet-kaptan-hukumet-populist-vaatlerle-oyaliyor-1704977530.webp.webp","type":"image\/webp"}],"author":"admin","twitter_card":"summary_large_image","twitter_misc":{"Yazan:":"admin","Tahmini okuma s\u00fcresi":"1 dakika"},"schema":{"@context":"https:\/\/schema.org","@graph":[{"@type":"Article","@id":"https:\/\/kibrisdakik.com\/?p=25978#article","isPartOf":{"@id":"https:\/\/kibrisdakik.com\/?p=25978"},"author":{"name":"admin","@id":"https:\/\/kibrisdakik.com\/#\/schema\/person\/9cd9d437bbb44f72b73ba127e06d8e79"},"headline":"Ahmet Kaptan: &quot;H\u00fck\u00fcmet pop\u00fclist vaatlerle oyal\u0131yor\u201d","datePublished":"2024-01-11T15:48:57+00:00","mainEntityOfPage":{"@id":"https:\/\/kibrisdakik.com\/?p=25978"},"wordCount":127,"commentCount":0,"image":{"@id":"https:\/\/kibrisdakik.com\/?p=25978#primaryimage"},"thumbnailUrl":"https:\/\/kibrisdakik.com\/wp-content\/uploads\/2024\/01\/ahmet-kaptan-hukumet-populist-vaatlerle-oyaliyor-1704977530.webp.webp","articleSection":["Ekonomi"],"inLanguage":"tr","potentialAction":[{"@type":"CommentAction","name":"Comment","target":["https:\/\/kibrisdakik.com\/?p=25978#respond"]}]},{"@type":"WebPage","@id":"https:\/\/kibrisdakik.com\/?p=25978","url":"https:\/\/kibrisdakik.com\/?p=25978","name":"Ahmet Kaptan: &quot;H\u00fck\u00fcmet pop\u00fclist vaatlerle oyal\u0131yor\u201d -","isPartOf":{"@id":"https:\/\/kibrisdakik.com\/#website"},"primaryImageOfPage":{"@id":"https:\/\/kibrisdakik.com\/?p=25978#primaryimage"},"image":{"@id":"https:\/\/kibrisdakik.com\/?p=25978#primaryimage"},"thumbnailUrl":"https:\/\/kibrisdakik.com\/wp-content\/uploads\/2024\/01\/ahmet-kaptan-hukumet-populist-vaatlerle-oyaliyor-1704977530.webp.webp","datePublished":"2024-01-11T15:48:57+00:00","author":{"@id":"https:\/\/kibrisdakik.com\/#\/schema\/person\/9cd9d437bbb44f72b73ba127e06d8e79"},"breadcrumb":{"@id":"https:\/\/kibrisdakik.com\/?p=25978#breadcrumb"},"inLanguage":"tr","potentialAction":[{"@type":"ReadAction","target":["https:\/\/kibrisdakik.com\/?p=25978"]}]},{"@type":"ImageObject","inLanguage":"tr","@id":"https:\/\/kibrisdakik.com\/?p=25978#primaryimage","url":"https:\/\/kibrisdakik.com\/wp-content\/uploads\/2024\/01\/ahmet-kaptan-hukumet-populist-vaatlerle-oyaliyor-1704977530.webp.webp","contentUrl":"https:\/\/kibrisdakik.com\/wp-content\/uploads\/2024\/01\/ahmet-kaptan-hukumet-populist-vaatlerle-oyaliyor-1704977530.webp.webp","width":710,"height":370},{"@type":"BreadcrumbList","@id":"https:\/\/kibrisdakik.com\/?p=25978#breadcrumb","itemListElement":[{"@type":"ListItem","position":1,"name":"Home","item":"https:\/\/kibrisdakik.com\/"},{"@type":"ListItem","position":2,"name":"Ahmet Kaptan: &quot;H\u00fck\u00fcmet pop\u00fclist vaatlerle oyal\u0131yor\u201d"}]},{"@type":"WebSite","@id":"https:\/\/kibrisdakik.com\/#website","url":"https:\/\/kibrisdakik.com\/","name":"","description":"Tam vaktinde haber","potentialAction":[{"@type":"SearchAction","target":{"@type":"EntryPoint","urlTemplate":"https:\/\/kibrisdakik.com\/?s={search_term_string}"},"query-input":{"@type":"PropertyValueSpecification","valueRequired":true,"valueName":"search_term_string"}}],"inLanguage":"tr"},{"@type":"Person","@id":"https:\/\/kibrisdakik.com\/#\/schema\/person\/9cd9d437bbb44f72b73ba127e06d8e79","name":"admin","image":{"@type":"ImageObject","inLanguage":"tr","@id":"https:\/\/secure.gravatar.com\/avatar\/ccc17943b9d660506c869530f897617f7cb1c21a4bf30023f252596d83e1f007?s=96&d=mm&r=g","url":"https:\/\/secure.gravatar.com\/avatar\/ccc17943b9d660506c869530f897617f7cb1c21a4bf30023f252596d83e1f007?s=96&d=mm&r=g","contentUrl":"https:\/\/secure.gravatar.com\/avatar\/ccc17943b9d660506c869530f897617f7cb1c21a4bf30023f252596d83e1f007?s=96&d=mm&r=g","caption":"admin"},"sameAs":["https:\/\/kibrisdakik.com"],"url":"https:\/\/kibrisdakik.com\/?author=1"}]}},"_links":{"self":[{"href":"https:\/\/kibrisdakik.com\/index.php?rest_route=\/wp\/v2\/posts\/25978","targetHints":{"allow":["GET"]}}],"collection":[{"href":"https:\/\/kibrisdakik.com\/index.php?rest_route=\/wp\/v2\/posts"}],"about":[{"href":"https:\/\/kibrisdakik.com\/index.php?rest_route=\/wp\/v2\/types\/post"}],"author":[{"embeddable":true,"href":"https:\/\/kibrisdakik.com\/index.php?rest_route=\/wp\/v2\/users\/1"}],"replies":[{"embeddable":true,"href":"https:\/\/kibrisdakik.com\/index.php?rest_route=%2Fwp%2Fv2%2Fcomments&post=25978"}],"version-history":[{"count":0,"href":"https:\/\/kibrisdakik.com\/index.php?rest_route=\/wp\/v2\/posts\/25978\/revisions"}],"wp:featuredmedia":[{"embeddable":true,"href":"https:\/\/kibrisdakik.com\/index.php?rest_route=\/wp\/v2\/media\/25979"}],"wp:attachment":[{"href":"https:\/\/kibrisdakik.com\/index.php?rest_route=%2Fwp%2Fv2%2Fmedia&parent=25978"}],"wp:term":[{"taxonomy":"category","embeddable":true,"href":"https:\/\/kibrisdakik.com\/index.php?rest_route=%2Fwp%2Fv2%2Fcategories&post=25978"},{"taxonomy":"post_tag","embeddable":true,"href":"https:\/\/kibrisdakik.com\/index.php?rest_route=%2Fwp%2Fv2%2Ftags&post=25978"}],"curies":[{"name":"wp","href":"https:\/\/api.w.org\/{rel}","templated":true}]}}