{"id":25982,"date":"2024-01-11T16:30:51","date_gmt":"2024-01-11T16:30:51","guid":{"rendered":"https:\/\/kibrisdakik.com\/index.php\/2024\/01\/11\/meclis-hukuk-siyasi-isler-ve-disiliskiler-komitesi-toplandi\/"},"modified":"2024-01-11T16:30:51","modified_gmt":"2024-01-11T16:30:51","slug":"meclis-hukuk-siyasi-isler-ve-disiliskiler-komitesi-toplandi","status":"publish","type":"post","link":"https:\/\/kibrisdakik.com\/?p=25982","title":{"rendered":"Meclis Hukuk, Siyasi \u0130\u015fler ve D\u0131\u015fili\u015fkiler Komitesi topland\u0131"},"content":{"rendered":"<p><img decoding=\"async\" src=\"https:\/\/www.kibristurk.com\/images\/haberler\/2024\/01\/meclis-hukuk-siyasi-isler-ve-disiliskiler-komitesi-toplandi-1704987905.webp\" \/><\/p>\n<p><span style=\"font-size:14px\">Cumhuriyet Meclisi, Hukuk, Siyasi \u0130\u015fler ve D\u0131\u015fili\u015fkiler Komitesi, g\u00fcndemindeki bir yasa tasar\u0131s\u0131n\u0131 ve Y\u00d6DAK \u00fcyeli\u011fine yap\u0131lan ba\u015fvurular\u0131 onaylayarak Genel Kurul&#8217;un g\u00fcndemine sevk ederken, Genel Kurul&#8217;dan bir daha g\u00f6r\u00fc\u015f\u00fclmek \u00fczere komiteye geri al\u0131nan \u201cTicaret Markalar\u0131 (De\u011fi\u015fiklik) Yasa Tasar\u0131s\u0131\u201dn\u0131 ele alarak, madde madde g\u00f6r\u00fc\u015f\u00fclmesini tamamlad\u0131.<\/span><\/p>\n<p><span style=\"font-size:14px\">Cumhuriyet Meclisi\u2019nden verilen bilgiye g\u00f6re, komite bug\u00fcn UBP Milletvekili Komite Ba\u015fkan\u0131 Yasemi \u00d6zt\u00fcrk ba\u015fkanl\u0131\u011f\u0131nda, saat 12.00\u2019de topland\u0131.<\/span><\/p>\n<p><span style=\"font-size:14px\">Komite toplant\u0131s\u0131na, CTP Milletvekili Komite Ba\u015fkan Vekili Ongun Talat, \u00fcyeler UBP Milletvekilleri F\u0131rt\u0131na Karanfil, Hasan K\u00fc\u00e7\u00fck ve CTP Milletvekili \u00dcr\u00fcn Solyal\u0131 kat\u0131ld\u0131.<\/span><\/p>\n<p><span style=\"font-size:14px\">Komite, ilk olarak g\u00fcndeminde bulunan Meclis Genel Kurulu&#8217;ndan bir daha g\u00f6r\u00fc\u015f\u00fclmek \u00fczere komiteye geri al\u0131nan \u201cTicaret Markalar\u0131 (De\u011fi\u015fiklik) Yasa Tasar\u0131s\u0131\u201dn\u0131 ele ald\u0131 ve madde madde g\u00f6r\u00fc\u015f\u00fclmesini tamamlad\u0131.<\/span><\/p>\n<p><span style=\"font-size:14px\">Komite, bu tasar\u0131n\u0131n ivedili\u011fi olmad\u0131\u011f\u0131ndan \u00fc\u00e7\u00fcnc\u00fc okunu\u015funu bir sonraki toplant\u0131da yapacak.<\/span><\/p>\n<p><span style=\"font-size:14px\">Komite toplant\u0131s\u0131na davetli olarak Ekonomi ve Enerji Bakanl\u0131\u011f\u0131\u2019ndan yetkililer kat\u0131larak konu ile ilgili g\u00f6r\u00fc\u015flerini sundu.<\/span><\/p>\n<p><span style=\"font-size:14px\">Komite daha sonra, \u201cLefko\u015fa Kazas\u0131 Ortak\u00f6y\u2019de Bulunan Ko\u00e7an No: 1692, Bedrettin Demirel Caddesi Arabac\u0131o\u011flu Apartman\u0131 KAT:4, 22 Numaral\u0131 Dairenin Gazima\u011fusa\/Vadili ve Lefko\u015fa\/G\u00f6nyeli\u2019de Bulunan Ta\u015f\u0131nmazlar ile De\u011fi\u015ftirilmesinin \u0130stibdalinin Onaylanmas\u0131na \u0130li\u015fkin Karar Tasar\u0131s\u0131\u201dn\u0131 ele ald\u0131 ve oy \u00e7oklu\u011fuyla onaylayarak Genel Kurul\u2019un g\u00fcndemine sevk etti.<\/span><\/p>\n<p><span style=\"font-size:14px\">Hukuk, Siyasi \u0130\u015fler ve D\u0131\u015fili\u015fkiler Komitesi son olarak \u201cY\u00d6DAK \u00dcyeli\u011fine Yap\u0131lan Ba\u015fvurular\u0131n De\u011ferlendirilmesi\u201dni ele ald\u0131 ve bahse konu adayl\u0131klar\u0131 uygun bularak oy birli\u011fiyle Genel Kurul\u2019un g\u00fcndemine sevk etti.<\/span><\/p>\n","protected":false},"excerpt":{"rendered":"<p>Cumhuriyet Meclisi, Hukuk, Siyasi \u0130\u015fler ve D\u0131\u015fili\u015fkiler Komitesi, g\u00fcndemindeki bir yasa tasar\u0131s\u0131n\u0131 ve Y\u00d6DAK \u00fcyeli\u011fine yap\u0131lan ba\u015fvurular\u0131 onaylayarak Genel Kurul&#8217;un g\u00fcndemine sevk ederken, Genel Kurul&#8217;dan bir daha g\u00f6r\u00fc\u015f\u00fclmek \u00fczere komiteye geri al\u0131nan \u201cTicaret Markalar\u0131 (De\u011fi\u015fiklik) Yasa Tasar\u0131s\u0131\u201dn\u0131 ele alarak, madde madde g\u00f6r\u00fc\u015f\u00fclmesini tamamlad\u0131. Cumhuriyet Meclisi\u2019nden verilen bilgiye g\u00f6re, komite bug\u00fcn UBP Milletvekili Komite Ba\u015fkan\u0131 Yasemi<\/p>\n","protected":false},"author":1,"featured_media":25983,"comment_status":"open","ping_status":"open","sticky":false,"template":"","format":"standard","meta":{"footnotes":""},"categories":[1],"tags":[],"class_list":["post-25982","post","type-post","status-publish","format-standard","has-post-thumbnail","hentry","category-gundem"],"yoast_head":"<!-- This site is optimized with the Yoast SEO plugin v27.5 - https:\/\/yoast.com\/product\/yoast-seo-wordpress\/ -->\n<title>Meclis Hukuk, Siyasi \u0130\u015fler ve D\u0131\u015fili\u015fkiler Komitesi topland\u0131 -<\/title>\n<meta name=\"robots\" content=\"index, follow, max-snippet:-1, max-image-preview:large, max-video-preview:-1\" \/>\n<link rel=\"canonical\" href=\"https:\/\/kibrisdakik.com\/?p=25982\" \/>\n<meta property=\"og:locale\" content=\"tr_TR\" \/>\n<meta property=\"og:type\" content=\"article\" \/>\n<meta property=\"og:title\" content=\"Meclis Hukuk, Siyasi \u0130\u015fler ve D\u0131\u015fili\u015fkiler Komitesi topland\u0131 -\" \/>\n<meta property=\"og:description\" content=\"Cumhuriyet Meclisi, Hukuk, Siyasi \u0130\u015fler ve D\u0131\u015fili\u015fkiler Komitesi, g\u00fcndemindeki bir yasa tasar\u0131s\u0131n\u0131 ve Y\u00d6DAK \u00fcyeli\u011fine yap\u0131lan ba\u015fvurular\u0131 onaylayarak Genel Kurul&#8217;un g\u00fcndemine sevk ederken, Genel Kurul&#8217;dan bir daha g\u00f6r\u00fc\u015f\u00fclmek \u00fczere komiteye geri al\u0131nan \u201cTicaret Markalar\u0131 (De\u011fi\u015fiklik) Yasa Tasar\u0131s\u0131\u201dn\u0131 ele alarak, madde madde g\u00f6r\u00fc\u015f\u00fclmesini tamamlad\u0131. Cumhuriyet Meclisi\u2019nden verilen bilgiye g\u00f6re, komite bug\u00fcn UBP Milletvekili Komite Ba\u015fkan\u0131 Yasemi\" \/>\n<meta property=\"og:url\" content=\"https:\/\/kibrisdakik.com\/?p=25982\" \/>\n<meta property=\"article:published_time\" content=\"2024-01-11T16:30:51+00:00\" \/>\n<meta property=\"og:image\" content=\"https:\/\/kibrisdakik.com\/wp-content\/uploads\/2024\/01\/meclis-hukuk-siyasi-isler-ve-disiliskiler-komitesi-toplandi-1704987905.webp.webp\" \/>\n\t<meta property=\"og:image:width\" content=\"710\" \/>\n\t<meta property=\"og:image:height\" content=\"370\" \/>\n\t<meta property=\"og:image:type\" content=\"image\/webp\" \/>\n<meta name=\"author\" content=\"admin\" \/>\n<meta name=\"twitter:card\" content=\"summary_large_image\" \/>\n<meta name=\"twitter:label1\" content=\"Yazan:\" \/>\n\t<meta name=\"twitter:data1\" content=\"admin\" \/>\n\t<meta name=\"twitter:label2\" content=\"Tahmini okuma s\u00fcresi\" \/>\n\t<meta name=\"twitter:data2\" content=\"1 dakika\" \/>\n<script type=\"application\/ld+json\" class=\"yoast-schema-graph\">{\"@context\":\"https:\\\/\\\/schema.org\",\"@graph\":[{\"@type\":\"Article\",\"@id\":\"https:\\\/\\\/kibrisdakik.com\\\/?p=25982#article\",\"isPartOf\":{\"@id\":\"https:\\\/\\\/kibrisdakik.com\\\/?p=25982\"},\"author\":{\"name\":\"admin\",\"@id\":\"https:\\\/\\\/kibrisdakik.com\\\/#\\\/schema\\\/person\\\/9cd9d437bbb44f72b73ba127e06d8e79\"},\"headline\":\"Meclis Hukuk, Siyasi \u0130\u015fler ve D\u0131\u015fili\u015fkiler Komitesi topland\u0131\",\"datePublished\":\"2024-01-11T16:30:51+00:00\",\"mainEntityOfPage\":{\"@id\":\"https:\\\/\\\/kibrisdakik.com\\\/?p=25982\"},\"wordCount\":304,\"commentCount\":0,\"image\":{\"@id\":\"https:\\\/\\\/kibrisdakik.com\\\/?p=25982#primaryimage\"},\"thumbnailUrl\":\"https:\\\/\\\/kibrisdakik.com\\\/wp-content\\\/uploads\\\/2024\\\/01\\\/meclis-hukuk-siyasi-isler-ve-disiliskiler-komitesi-toplandi-1704987905.webp.webp\",\"articleSection\":[\"G\u00fcndem\"],\"inLanguage\":\"tr\",\"potentialAction\":[{\"@type\":\"CommentAction\",\"name\":\"Comment\",\"target\":[\"https:\\\/\\\/kibrisdakik.com\\\/?p=25982#respond\"]}]},{\"@type\":\"WebPage\",\"@id\":\"https:\\\/\\\/kibrisdakik.com\\\/?p=25982\",\"url\":\"https:\\\/\\\/kibrisdakik.com\\\/?p=25982\",\"name\":\"Meclis Hukuk, Siyasi \u0130\u015fler ve D\u0131\u015fili\u015fkiler Komitesi topland\u0131 -\",\"isPartOf\":{\"@id\":\"https:\\\/\\\/kibrisdakik.com\\\/#website\"},\"primaryImageOfPage\":{\"@id\":\"https:\\\/\\\/kibrisdakik.com\\\/?p=25982#primaryimage\"},\"image\":{\"@id\":\"https:\\\/\\\/kibrisdakik.com\\\/?p=25982#primaryimage\"},\"thumbnailUrl\":\"https:\\\/\\\/kibrisdakik.com\\\/wp-content\\\/uploads\\\/2024\\\/01\\\/meclis-hukuk-siyasi-isler-ve-disiliskiler-komitesi-toplandi-1704987905.webp.webp\",\"datePublished\":\"2024-01-11T16:30:51+00:00\",\"author\":{\"@id\":\"https:\\\/\\\/kibrisdakik.com\\\/#\\\/schema\\\/person\\\/9cd9d437bbb44f72b73ba127e06d8e79\"},\"breadcrumb\":{\"@id\":\"https:\\\/\\\/kibrisdakik.com\\\/?p=25982#breadcrumb\"},\"inLanguage\":\"tr\",\"potentialAction\":[{\"@type\":\"ReadAction\",\"target\":[\"https:\\\/\\\/kibrisdakik.com\\\/?p=25982\"]}]},{\"@type\":\"ImageObject\",\"inLanguage\":\"tr\",\"@id\":\"https:\\\/\\\/kibrisdakik.com\\\/?p=25982#primaryimage\",\"url\":\"https:\\\/\\\/kibrisdakik.com\\\/wp-content\\\/uploads\\\/2024\\\/01\\\/meclis-hukuk-siyasi-isler-ve-disiliskiler-komitesi-toplandi-1704987905.webp.webp\",\"contentUrl\":\"https:\\\/\\\/kibrisdakik.com\\\/wp-content\\\/uploads\\\/2024\\\/01\\\/meclis-hukuk-siyasi-isler-ve-disiliskiler-komitesi-toplandi-1704987905.webp.webp\",\"width\":710,\"height\":370},{\"@type\":\"BreadcrumbList\",\"@id\":\"https:\\\/\\\/kibrisdakik.com\\\/?p=25982#breadcrumb\",\"itemListElement\":[{\"@type\":\"ListItem\",\"position\":1,\"name\":\"Home\",\"item\":\"https:\\\/\\\/kibrisdakik.com\\\/\"},{\"@type\":\"ListItem\",\"position\":2,\"name\":\"Meclis Hukuk, Siyasi \u0130\u015fler ve D\u0131\u015fili\u015fkiler Komitesi topland\u0131\"}]},{\"@type\":\"WebSite\",\"@id\":\"https:\\\/\\\/kibrisdakik.com\\\/#website\",\"url\":\"https:\\\/\\\/kibrisdakik.com\\\/\",\"name\":\"\",\"description\":\"Tam vaktinde haber\",\"potentialAction\":[{\"@type\":\"SearchAction\",\"target\":{\"@type\":\"EntryPoint\",\"urlTemplate\":\"https:\\\/\\\/kibrisdakik.com\\\/?s={search_term_string}\"},\"query-input\":{\"@type\":\"PropertyValueSpecification\",\"valueRequired\":true,\"valueName\":\"search_term_string\"}}],\"inLanguage\":\"tr\"},{\"@type\":\"Person\",\"@id\":\"https:\\\/\\\/kibrisdakik.com\\\/#\\\/schema\\\/person\\\/9cd9d437bbb44f72b73ba127e06d8e79\",\"name\":\"admin\",\"image\":{\"@type\":\"ImageObject\",\"inLanguage\":\"tr\",\"@id\":\"https:\\\/\\\/secure.gravatar.com\\\/avatar\\\/ccc17943b9d660506c869530f897617f7cb1c21a4bf30023f252596d83e1f007?s=96&d=mm&r=g\",\"url\":\"https:\\\/\\\/secure.gravatar.com\\\/avatar\\\/ccc17943b9d660506c869530f897617f7cb1c21a4bf30023f252596d83e1f007?s=96&d=mm&r=g\",\"contentUrl\":\"https:\\\/\\\/secure.gravatar.com\\\/avatar\\\/ccc17943b9d660506c869530f897617f7cb1c21a4bf30023f252596d83e1f007?s=96&d=mm&r=g\",\"caption\":\"admin\"},\"sameAs\":[\"https:\\\/\\\/kibrisdakik.com\"],\"url\":\"https:\\\/\\\/kibrisdakik.com\\\/?author=1\"}]}<\/script>\n<!-- \/ Yoast SEO plugin. -->","yoast_head_json":{"title":"Meclis Hukuk, Siyasi \u0130\u015fler ve D\u0131\u015fili\u015fkiler Komitesi topland\u0131 -","robots":{"index":"index","follow":"follow","max-snippet":"max-snippet:-1","max-image-preview":"max-image-preview:large","max-video-preview":"max-video-preview:-1"},"canonical":"https:\/\/kibrisdakik.com\/?p=25982","og_locale":"tr_TR","og_type":"article","og_title":"Meclis Hukuk, Siyasi \u0130\u015fler ve D\u0131\u015fili\u015fkiler Komitesi topland\u0131 -","og_description":"Cumhuriyet Meclisi, Hukuk, Siyasi \u0130\u015fler ve D\u0131\u015fili\u015fkiler Komitesi, g\u00fcndemindeki bir yasa tasar\u0131s\u0131n\u0131 ve Y\u00d6DAK \u00fcyeli\u011fine yap\u0131lan ba\u015fvurular\u0131 onaylayarak Genel Kurul&#8217;un g\u00fcndemine sevk ederken, Genel Kurul&#8217;dan bir daha g\u00f6r\u00fc\u015f\u00fclmek \u00fczere komiteye geri al\u0131nan \u201cTicaret Markalar\u0131 (De\u011fi\u015fiklik) Yasa Tasar\u0131s\u0131\u201dn\u0131 ele alarak, madde madde g\u00f6r\u00fc\u015f\u00fclmesini tamamlad\u0131. Cumhuriyet Meclisi\u2019nden verilen bilgiye g\u00f6re, komite bug\u00fcn UBP Milletvekili Komite Ba\u015fkan\u0131 Yasemi","og_url":"https:\/\/kibrisdakik.com\/?p=25982","article_published_time":"2024-01-11T16:30:51+00:00","og_image":[{"width":710,"height":370,"url":"https:\/\/kibrisdakik.com\/wp-content\/uploads\/2024\/01\/meclis-hukuk-siyasi-isler-ve-disiliskiler-komitesi-toplandi-1704987905.webp.webp","type":"image\/webp"}],"author":"admin","twitter_card":"summary_large_image","twitter_misc":{"Yazan:":"admin","Tahmini okuma s\u00fcresi":"1 dakika"},"schema":{"@context":"https:\/\/schema.org","@graph":[{"@type":"Article","@id":"https:\/\/kibrisdakik.com\/?p=25982#article","isPartOf":{"@id":"https:\/\/kibrisdakik.com\/?p=25982"},"author":{"name":"admin","@id":"https:\/\/kibrisdakik.com\/#\/schema\/person\/9cd9d437bbb44f72b73ba127e06d8e79"},"headline":"Meclis Hukuk, Siyasi \u0130\u015fler ve D\u0131\u015fili\u015fkiler Komitesi topland\u0131","datePublished":"2024-01-11T16:30:51+00:00","mainEntityOfPage":{"@id":"https:\/\/kibrisdakik.com\/?p=25982"},"wordCount":304,"commentCount":0,"image":{"@id":"https:\/\/kibrisdakik.com\/?p=25982#primaryimage"},"thumbnailUrl":"https:\/\/kibrisdakik.com\/wp-content\/uploads\/2024\/01\/meclis-hukuk-siyasi-isler-ve-disiliskiler-komitesi-toplandi-1704987905.webp.webp","articleSection":["G\u00fcndem"],"inLanguage":"tr","potentialAction":[{"@type":"CommentAction","name":"Comment","target":["https:\/\/kibrisdakik.com\/?p=25982#respond"]}]},{"@type":"WebPage","@id":"https:\/\/kibrisdakik.com\/?p=25982","url":"https:\/\/kibrisdakik.com\/?p=25982","name":"Meclis Hukuk, Siyasi \u0130\u015fler ve D\u0131\u015fili\u015fkiler Komitesi topland\u0131 -","isPartOf":{"@id":"https:\/\/kibrisdakik.com\/#website"},"primaryImageOfPage":{"@id":"https:\/\/kibrisdakik.com\/?p=25982#primaryimage"},"image":{"@id":"https:\/\/kibrisdakik.com\/?p=25982#primaryimage"},"thumbnailUrl":"https:\/\/kibrisdakik.com\/wp-content\/uploads\/2024\/01\/meclis-hukuk-siyasi-isler-ve-disiliskiler-komitesi-toplandi-1704987905.webp.webp","datePublished":"2024-01-11T16:30:51+00:00","author":{"@id":"https:\/\/kibrisdakik.com\/#\/schema\/person\/9cd9d437bbb44f72b73ba127e06d8e79"},"breadcrumb":{"@id":"https:\/\/kibrisdakik.com\/?p=25982#breadcrumb"},"inLanguage":"tr","potentialAction":[{"@type":"ReadAction","target":["https:\/\/kibrisdakik.com\/?p=25982"]}]},{"@type":"ImageObject","inLanguage":"tr","@id":"https:\/\/kibrisdakik.com\/?p=25982#primaryimage","url":"https:\/\/kibrisdakik.com\/wp-content\/uploads\/2024\/01\/meclis-hukuk-siyasi-isler-ve-disiliskiler-komitesi-toplandi-1704987905.webp.webp","contentUrl":"https:\/\/kibrisdakik.com\/wp-content\/uploads\/2024\/01\/meclis-hukuk-siyasi-isler-ve-disiliskiler-komitesi-toplandi-1704987905.webp.webp","width":710,"height":370},{"@type":"BreadcrumbList","@id":"https:\/\/kibrisdakik.com\/?p=25982#breadcrumb","itemListElement":[{"@type":"ListItem","position":1,"name":"Home","item":"https:\/\/kibrisdakik.com\/"},{"@type":"ListItem","position":2,"name":"Meclis Hukuk, Siyasi \u0130\u015fler ve D\u0131\u015fili\u015fkiler Komitesi topland\u0131"}]},{"@type":"WebSite","@id":"https:\/\/kibrisdakik.com\/#website","url":"https:\/\/kibrisdakik.com\/","name":"","description":"Tam vaktinde haber","potentialAction":[{"@type":"SearchAction","target":{"@type":"EntryPoint","urlTemplate":"https:\/\/kibrisdakik.com\/?s={search_term_string}"},"query-input":{"@type":"PropertyValueSpecification","valueRequired":true,"valueName":"search_term_string"}}],"inLanguage":"tr"},{"@type":"Person","@id":"https:\/\/kibrisdakik.com\/#\/schema\/person\/9cd9d437bbb44f72b73ba127e06d8e79","name":"admin","image":{"@type":"ImageObject","inLanguage":"tr","@id":"https:\/\/secure.gravatar.com\/avatar\/ccc17943b9d660506c869530f897617f7cb1c21a4bf30023f252596d83e1f007?s=96&d=mm&r=g","url":"https:\/\/secure.gravatar.com\/avatar\/ccc17943b9d660506c869530f897617f7cb1c21a4bf30023f252596d83e1f007?s=96&d=mm&r=g","contentUrl":"https:\/\/secure.gravatar.com\/avatar\/ccc17943b9d660506c869530f897617f7cb1c21a4bf30023f252596d83e1f007?s=96&d=mm&r=g","caption":"admin"},"sameAs":["https:\/\/kibrisdakik.com"],"url":"https:\/\/kibrisdakik.com\/?author=1"}]}},"_links":{"self":[{"href":"https:\/\/kibrisdakik.com\/index.php?rest_route=\/wp\/v2\/posts\/25982","targetHints":{"allow":["GET"]}}],"collection":[{"href":"https:\/\/kibrisdakik.com\/index.php?rest_route=\/wp\/v2\/posts"}],"about":[{"href":"https:\/\/kibrisdakik.com\/index.php?rest_route=\/wp\/v2\/types\/post"}],"author":[{"embeddable":true,"href":"https:\/\/kibrisdakik.com\/index.php?rest_route=\/wp\/v2\/users\/1"}],"replies":[{"embeddable":true,"href":"https:\/\/kibrisdakik.com\/index.php?rest_route=%2Fwp%2Fv2%2Fcomments&post=25982"}],"version-history":[{"count":0,"href":"https:\/\/kibrisdakik.com\/index.php?rest_route=\/wp\/v2\/posts\/25982\/revisions"}],"wp:featuredmedia":[{"embeddable":true,"href":"https:\/\/kibrisdakik.com\/index.php?rest_route=\/wp\/v2\/media\/25983"}],"wp:attachment":[{"href":"https:\/\/kibrisdakik.com\/index.php?rest_route=%2Fwp%2Fv2%2Fmedia&parent=25982"}],"wp:term":[{"taxonomy":"category","embeddable":true,"href":"https:\/\/kibrisdakik.com\/index.php?rest_route=%2Fwp%2Fv2%2Fcategories&post=25982"},{"taxonomy":"post_tag","embeddable":true,"href":"https:\/\/kibrisdakik.com\/index.php?rest_route=%2Fwp%2Fv2%2Ftags&post=25982"}],"curies":[{"name":"wp","href":"https:\/\/api.w.org\/{rel}","templated":true}]}}