{"id":26115,"date":"2024-01-12T16:56:42","date_gmt":"2024-01-12T16:56:42","guid":{"rendered":"https:\/\/kibrisdakik.com\/index.php\/2024\/01\/12\/fifadan-super-lig-kuluplerini-uzecek-karar\/"},"modified":"2024-01-12T16:56:42","modified_gmt":"2024-01-12T16:56:42","slug":"fifadan-super-lig-kuluplerini-uzecek-karar","status":"publish","type":"post","link":"https:\/\/kibrisdakik.com\/?p=26115","title":{"rendered":"FIFA&#039;dan S\u00fcper Lig kul\u00fcplerini \u00fczecek karar!"},"content":{"rendered":"<p><img decoding=\"async\" src=\"https:\/\/www.kibristurk.com\/images\/haberler\/2024\/01\/fifadan-super-lig-kuluplerini-uzecek-karar-1705077416.webp\" \/><\/p>\n<p>FIFA, transfer yasa\u011f\u0131 alan kul\u00fcplerin listesini yay\u0131nlad\u0131. Yay\u0131nlanan listede hem ulusal hem de uluslararas\u0131 transfer yasaklar\u0131na da yer verildi.<\/p>\n<p>FIFA, futbolcular\u0131 ve kul\u00fcpleri bilgilendirmek istedi\u011fini a\u00e7\u0131klad\u0131.<\/p>\n<p>FIFA\u2019dan transfer yasa\u011f\u0131 alan kul\u00fcplerin aras\u0131nda pek \u00e7ok T\u00fcrk kul\u00fcb\u00fc yer al\u0131yor. FIFA&#8217;n\u0131n payla\u015ft\u0131\u011f\u0131 listede en fazla transfer yasa\u011f\u0131 alan kul\u00fcpler s\u0131ralamas\u0131nda T\u00fcrk kul\u00fcplerinin a\u00e7\u0131k ara birinci s\u0131rada yer almas\u0131 da dikkat \u00e7ekti.<\/p>\n<p>FIFA&#8217;dan transfer yasa\u011f\u0131 alan \u00fclke federasyonlar\u0131n\u0131n s\u0131ralamas\u0131 ise \u015fu \u015fekilde; T\u00fcrkiye 24, \u00c7in 24, Yunanistan 19, \u0130ran 13, Fas 12.<\/p>\n<p>FIFA&#8217;n\u0131n yay\u0131nlad\u0131\u011f\u0131 liste hakk\u0131nda hen\u00fcz T\u00fcrkiye Futbol Federasyonu&#8217;ndan herhangi bir a\u00e7\u0131klama gelmedi.<\/p>\n<p>S\u00fcper Lig&#8217;den 7 ekip de transfer yasa\u011f\u0131 cezas\u0131na \u00e7arpt\u0131r\u0131lan tak\u0131mlar aras\u0131nda yer ald\u0131.<\/p>\n<p>\u0130\u015fte FIFA&#8217;da transfer yasa\u011f\u0131 hala devam eden kul\u00fcpler:<\/p>\n<p>Adana Demirspor, Adanaspor, Akhisarspor, Alanyaspor, Alg Spor, Altay, Antalyaspor, Bursapor, Denizlispor, Elaz\u0131\u011fspor, Erzurumspor, Gaziantepspor, Giresunspor, Hatayspor, Kardemir Karab\u00fckspor, Kayseri Erciyesspor, Kayserispor, Manisaspor, Mersin Talimyurdu Spor Kul\u00fcb\u00fc, Ankarag\u00fcc\u00fc, Samsunspor, Tuzlaspor, \u00dcmraniyespor, Yeni Malatyaspor.<\/p>\n","protected":false},"excerpt":{"rendered":"<p>FIFA, transfer yasa\u011f\u0131 alan kul\u00fcplerin listesini yay\u0131nlad\u0131. Yay\u0131nlanan listede hem ulusal hem de uluslararas\u0131 transfer yasaklar\u0131na da yer verildi. FIFA, futbolcular\u0131 ve kul\u00fcpleri bilgilendirmek istedi\u011fini a\u00e7\u0131klad\u0131. FIFA\u2019dan transfer yasa\u011f\u0131 alan kul\u00fcplerin aras\u0131nda pek \u00e7ok T\u00fcrk kul\u00fcb\u00fc yer al\u0131yor. FIFA&#8217;n\u0131n payla\u015ft\u0131\u011f\u0131 listede en fazla transfer yasa\u011f\u0131 alan kul\u00fcpler s\u0131ralamas\u0131nda T\u00fcrk kul\u00fcplerinin a\u00e7\u0131k ara birinci s\u0131rada yer<\/p>\n","protected":false},"author":1,"featured_media":26116,"comment_status":"open","ping_status":"open","sticky":false,"template":"","format":"standard","meta":{"footnotes":""},"categories":[1],"tags":[],"class_list":["post-26115","post","type-post","status-publish","format-standard","has-post-thumbnail","hentry","category-gundem"],"yoast_head":"<!-- This site is optimized with the Yoast SEO plugin v27.4 - https:\/\/yoast.com\/product\/yoast-seo-wordpress\/ -->\n<title>FIFA&#039;dan S\u00fcper Lig kul\u00fcplerini \u00fczecek karar! -<\/title>\n<meta name=\"robots\" content=\"index, follow, max-snippet:-1, max-image-preview:large, max-video-preview:-1\" \/>\n<link rel=\"canonical\" href=\"https:\/\/kibrisdakik.com\/?p=26115\" \/>\n<meta property=\"og:locale\" content=\"tr_TR\" \/>\n<meta property=\"og:type\" content=\"article\" \/>\n<meta property=\"og:title\" content=\"FIFA&#039;dan S\u00fcper Lig kul\u00fcplerini \u00fczecek karar! -\" \/>\n<meta property=\"og:description\" content=\"FIFA, transfer yasa\u011f\u0131 alan kul\u00fcplerin listesini yay\u0131nlad\u0131. Yay\u0131nlanan listede hem ulusal hem de uluslararas\u0131 transfer yasaklar\u0131na da yer verildi. FIFA, futbolcular\u0131 ve kul\u00fcpleri bilgilendirmek istedi\u011fini a\u00e7\u0131klad\u0131. FIFA\u2019dan transfer yasa\u011f\u0131 alan kul\u00fcplerin aras\u0131nda pek \u00e7ok T\u00fcrk kul\u00fcb\u00fc yer al\u0131yor. FIFA&#8217;n\u0131n payla\u015ft\u0131\u011f\u0131 listede en fazla transfer yasa\u011f\u0131 alan kul\u00fcpler s\u0131ralamas\u0131nda T\u00fcrk kul\u00fcplerinin a\u00e7\u0131k ara birinci s\u0131rada yer\" \/>\n<meta property=\"og:url\" content=\"https:\/\/kibrisdakik.com\/?p=26115\" \/>\n<meta property=\"article:published_time\" content=\"2024-01-12T16:56:42+00:00\" \/>\n<meta property=\"og:image\" content=\"https:\/\/kibrisdakik.com\/wp-content\/uploads\/2024\/01\/fifadan-super-lig-kuluplerini-uzecek-karar-1705077416.webp.webp\" \/>\n\t<meta property=\"og:image:width\" content=\"710\" \/>\n\t<meta property=\"og:image:height\" content=\"370\" \/>\n\t<meta property=\"og:image:type\" content=\"image\/webp\" \/>\n<meta name=\"author\" content=\"admin\" \/>\n<meta name=\"twitter:card\" content=\"summary_large_image\" \/>\n<meta name=\"twitter:label1\" content=\"Yazan:\" \/>\n\t<meta name=\"twitter:data1\" content=\"admin\" \/>\n\t<meta name=\"twitter:label2\" content=\"Tahmini okuma s\u00fcresi\" \/>\n\t<meta name=\"twitter:data2\" content=\"1 dakika\" \/>\n<script type=\"application\/ld+json\" class=\"yoast-schema-graph\">{\"@context\":\"https:\\\/\\\/schema.org\",\"@graph\":[{\"@type\":\"Article\",\"@id\":\"https:\\\/\\\/kibrisdakik.com\\\/?p=26115#article\",\"isPartOf\":{\"@id\":\"https:\\\/\\\/kibrisdakik.com\\\/?p=26115\"},\"author\":{\"name\":\"admin\",\"@id\":\"https:\\\/\\\/kibrisdakik.com\\\/#\\\/schema\\\/person\\\/9cd9d437bbb44f72b73ba127e06d8e79\"},\"headline\":\"FIFA&#039;dan S\u00fcper Lig kul\u00fcplerini \u00fczecek karar!\",\"datePublished\":\"2024-01-12T16:56:42+00:00\",\"mainEntityOfPage\":{\"@id\":\"https:\\\/\\\/kibrisdakik.com\\\/?p=26115\"},\"wordCount\":190,\"commentCount\":0,\"image\":{\"@id\":\"https:\\\/\\\/kibrisdakik.com\\\/?p=26115#primaryimage\"},\"thumbnailUrl\":\"https:\\\/\\\/kibrisdakik.com\\\/wp-content\\\/uploads\\\/2024\\\/01\\\/fifadan-super-lig-kuluplerini-uzecek-karar-1705077416.webp.webp\",\"articleSection\":[\"G\u00fcndem\"],\"inLanguage\":\"tr\",\"potentialAction\":[{\"@type\":\"CommentAction\",\"name\":\"Comment\",\"target\":[\"https:\\\/\\\/kibrisdakik.com\\\/?p=26115#respond\"]}]},{\"@type\":\"WebPage\",\"@id\":\"https:\\\/\\\/kibrisdakik.com\\\/?p=26115\",\"url\":\"https:\\\/\\\/kibrisdakik.com\\\/?p=26115\",\"name\":\"FIFA&#039;dan S\u00fcper Lig kul\u00fcplerini \u00fczecek karar! -\",\"isPartOf\":{\"@id\":\"https:\\\/\\\/kibrisdakik.com\\\/#website\"},\"primaryImageOfPage\":{\"@id\":\"https:\\\/\\\/kibrisdakik.com\\\/?p=26115#primaryimage\"},\"image\":{\"@id\":\"https:\\\/\\\/kibrisdakik.com\\\/?p=26115#primaryimage\"},\"thumbnailUrl\":\"https:\\\/\\\/kibrisdakik.com\\\/wp-content\\\/uploads\\\/2024\\\/01\\\/fifadan-super-lig-kuluplerini-uzecek-karar-1705077416.webp.webp\",\"datePublished\":\"2024-01-12T16:56:42+00:00\",\"author\":{\"@id\":\"https:\\\/\\\/kibrisdakik.com\\\/#\\\/schema\\\/person\\\/9cd9d437bbb44f72b73ba127e06d8e79\"},\"breadcrumb\":{\"@id\":\"https:\\\/\\\/kibrisdakik.com\\\/?p=26115#breadcrumb\"},\"inLanguage\":\"tr\",\"potentialAction\":[{\"@type\":\"ReadAction\",\"target\":[\"https:\\\/\\\/kibrisdakik.com\\\/?p=26115\"]}]},{\"@type\":\"ImageObject\",\"inLanguage\":\"tr\",\"@id\":\"https:\\\/\\\/kibrisdakik.com\\\/?p=26115#primaryimage\",\"url\":\"https:\\\/\\\/kibrisdakik.com\\\/wp-content\\\/uploads\\\/2024\\\/01\\\/fifadan-super-lig-kuluplerini-uzecek-karar-1705077416.webp.webp\",\"contentUrl\":\"https:\\\/\\\/kibrisdakik.com\\\/wp-content\\\/uploads\\\/2024\\\/01\\\/fifadan-super-lig-kuluplerini-uzecek-karar-1705077416.webp.webp\",\"width\":710,\"height\":370},{\"@type\":\"BreadcrumbList\",\"@id\":\"https:\\\/\\\/kibrisdakik.com\\\/?p=26115#breadcrumb\",\"itemListElement\":[{\"@type\":\"ListItem\",\"position\":1,\"name\":\"Home\",\"item\":\"https:\\\/\\\/kibrisdakik.com\\\/\"},{\"@type\":\"ListItem\",\"position\":2,\"name\":\"FIFA&#039;dan S\u00fcper Lig kul\u00fcplerini \u00fczecek karar!\"}]},{\"@type\":\"WebSite\",\"@id\":\"https:\\\/\\\/kibrisdakik.com\\\/#website\",\"url\":\"https:\\\/\\\/kibrisdakik.com\\\/\",\"name\":\"\",\"description\":\"Tam vaktinde haber\",\"potentialAction\":[{\"@type\":\"SearchAction\",\"target\":{\"@type\":\"EntryPoint\",\"urlTemplate\":\"https:\\\/\\\/kibrisdakik.com\\\/?s={search_term_string}\"},\"query-input\":{\"@type\":\"PropertyValueSpecification\",\"valueRequired\":true,\"valueName\":\"search_term_string\"}}],\"inLanguage\":\"tr\"},{\"@type\":\"Person\",\"@id\":\"https:\\\/\\\/kibrisdakik.com\\\/#\\\/schema\\\/person\\\/9cd9d437bbb44f72b73ba127e06d8e79\",\"name\":\"admin\",\"image\":{\"@type\":\"ImageObject\",\"inLanguage\":\"tr\",\"@id\":\"https:\\\/\\\/secure.gravatar.com\\\/avatar\\\/ccc17943b9d660506c869530f897617f7cb1c21a4bf30023f252596d83e1f007?s=96&d=mm&r=g\",\"url\":\"https:\\\/\\\/secure.gravatar.com\\\/avatar\\\/ccc17943b9d660506c869530f897617f7cb1c21a4bf30023f252596d83e1f007?s=96&d=mm&r=g\",\"contentUrl\":\"https:\\\/\\\/secure.gravatar.com\\\/avatar\\\/ccc17943b9d660506c869530f897617f7cb1c21a4bf30023f252596d83e1f007?s=96&d=mm&r=g\",\"caption\":\"admin\"},\"sameAs\":[\"https:\\\/\\\/kibrisdakik.com\"],\"url\":\"https:\\\/\\\/kibrisdakik.com\\\/?author=1\"}]}<\/script>\n<!-- \/ Yoast SEO plugin. -->","yoast_head_json":{"title":"FIFA&#039;dan S\u00fcper Lig kul\u00fcplerini \u00fczecek karar! -","robots":{"index":"index","follow":"follow","max-snippet":"max-snippet:-1","max-image-preview":"max-image-preview:large","max-video-preview":"max-video-preview:-1"},"canonical":"https:\/\/kibrisdakik.com\/?p=26115","og_locale":"tr_TR","og_type":"article","og_title":"FIFA&#039;dan S\u00fcper Lig kul\u00fcplerini \u00fczecek karar! -","og_description":"FIFA, transfer yasa\u011f\u0131 alan kul\u00fcplerin listesini yay\u0131nlad\u0131. Yay\u0131nlanan listede hem ulusal hem de uluslararas\u0131 transfer yasaklar\u0131na da yer verildi. FIFA, futbolcular\u0131 ve kul\u00fcpleri bilgilendirmek istedi\u011fini a\u00e7\u0131klad\u0131. FIFA\u2019dan transfer yasa\u011f\u0131 alan kul\u00fcplerin aras\u0131nda pek \u00e7ok T\u00fcrk kul\u00fcb\u00fc yer al\u0131yor. FIFA&#8217;n\u0131n payla\u015ft\u0131\u011f\u0131 listede en fazla transfer yasa\u011f\u0131 alan kul\u00fcpler s\u0131ralamas\u0131nda T\u00fcrk kul\u00fcplerinin a\u00e7\u0131k ara birinci s\u0131rada yer","og_url":"https:\/\/kibrisdakik.com\/?p=26115","article_published_time":"2024-01-12T16:56:42+00:00","og_image":[{"width":710,"height":370,"url":"https:\/\/kibrisdakik.com\/wp-content\/uploads\/2024\/01\/fifadan-super-lig-kuluplerini-uzecek-karar-1705077416.webp.webp","type":"image\/webp"}],"author":"admin","twitter_card":"summary_large_image","twitter_misc":{"Yazan:":"admin","Tahmini okuma s\u00fcresi":"1 dakika"},"schema":{"@context":"https:\/\/schema.org","@graph":[{"@type":"Article","@id":"https:\/\/kibrisdakik.com\/?p=26115#article","isPartOf":{"@id":"https:\/\/kibrisdakik.com\/?p=26115"},"author":{"name":"admin","@id":"https:\/\/kibrisdakik.com\/#\/schema\/person\/9cd9d437bbb44f72b73ba127e06d8e79"},"headline":"FIFA&#039;dan S\u00fcper Lig kul\u00fcplerini \u00fczecek karar!","datePublished":"2024-01-12T16:56:42+00:00","mainEntityOfPage":{"@id":"https:\/\/kibrisdakik.com\/?p=26115"},"wordCount":190,"commentCount":0,"image":{"@id":"https:\/\/kibrisdakik.com\/?p=26115#primaryimage"},"thumbnailUrl":"https:\/\/kibrisdakik.com\/wp-content\/uploads\/2024\/01\/fifadan-super-lig-kuluplerini-uzecek-karar-1705077416.webp.webp","articleSection":["G\u00fcndem"],"inLanguage":"tr","potentialAction":[{"@type":"CommentAction","name":"Comment","target":["https:\/\/kibrisdakik.com\/?p=26115#respond"]}]},{"@type":"WebPage","@id":"https:\/\/kibrisdakik.com\/?p=26115","url":"https:\/\/kibrisdakik.com\/?p=26115","name":"FIFA&#039;dan S\u00fcper Lig kul\u00fcplerini \u00fczecek karar! -","isPartOf":{"@id":"https:\/\/kibrisdakik.com\/#website"},"primaryImageOfPage":{"@id":"https:\/\/kibrisdakik.com\/?p=26115#primaryimage"},"image":{"@id":"https:\/\/kibrisdakik.com\/?p=26115#primaryimage"},"thumbnailUrl":"https:\/\/kibrisdakik.com\/wp-content\/uploads\/2024\/01\/fifadan-super-lig-kuluplerini-uzecek-karar-1705077416.webp.webp","datePublished":"2024-01-12T16:56:42+00:00","author":{"@id":"https:\/\/kibrisdakik.com\/#\/schema\/person\/9cd9d437bbb44f72b73ba127e06d8e79"},"breadcrumb":{"@id":"https:\/\/kibrisdakik.com\/?p=26115#breadcrumb"},"inLanguage":"tr","potentialAction":[{"@type":"ReadAction","target":["https:\/\/kibrisdakik.com\/?p=26115"]}]},{"@type":"ImageObject","inLanguage":"tr","@id":"https:\/\/kibrisdakik.com\/?p=26115#primaryimage","url":"https:\/\/kibrisdakik.com\/wp-content\/uploads\/2024\/01\/fifadan-super-lig-kuluplerini-uzecek-karar-1705077416.webp.webp","contentUrl":"https:\/\/kibrisdakik.com\/wp-content\/uploads\/2024\/01\/fifadan-super-lig-kuluplerini-uzecek-karar-1705077416.webp.webp","width":710,"height":370},{"@type":"BreadcrumbList","@id":"https:\/\/kibrisdakik.com\/?p=26115#breadcrumb","itemListElement":[{"@type":"ListItem","position":1,"name":"Home","item":"https:\/\/kibrisdakik.com\/"},{"@type":"ListItem","position":2,"name":"FIFA&#039;dan S\u00fcper Lig kul\u00fcplerini \u00fczecek karar!"}]},{"@type":"WebSite","@id":"https:\/\/kibrisdakik.com\/#website","url":"https:\/\/kibrisdakik.com\/","name":"","description":"Tam vaktinde haber","potentialAction":[{"@type":"SearchAction","target":{"@type":"EntryPoint","urlTemplate":"https:\/\/kibrisdakik.com\/?s={search_term_string}"},"query-input":{"@type":"PropertyValueSpecification","valueRequired":true,"valueName":"search_term_string"}}],"inLanguage":"tr"},{"@type":"Person","@id":"https:\/\/kibrisdakik.com\/#\/schema\/person\/9cd9d437bbb44f72b73ba127e06d8e79","name":"admin","image":{"@type":"ImageObject","inLanguage":"tr","@id":"https:\/\/secure.gravatar.com\/avatar\/ccc17943b9d660506c869530f897617f7cb1c21a4bf30023f252596d83e1f007?s=96&d=mm&r=g","url":"https:\/\/secure.gravatar.com\/avatar\/ccc17943b9d660506c869530f897617f7cb1c21a4bf30023f252596d83e1f007?s=96&d=mm&r=g","contentUrl":"https:\/\/secure.gravatar.com\/avatar\/ccc17943b9d660506c869530f897617f7cb1c21a4bf30023f252596d83e1f007?s=96&d=mm&r=g","caption":"admin"},"sameAs":["https:\/\/kibrisdakik.com"],"url":"https:\/\/kibrisdakik.com\/?author=1"}]}},"_links":{"self":[{"href":"https:\/\/kibrisdakik.com\/index.php?rest_route=\/wp\/v2\/posts\/26115","targetHints":{"allow":["GET"]}}],"collection":[{"href":"https:\/\/kibrisdakik.com\/index.php?rest_route=\/wp\/v2\/posts"}],"about":[{"href":"https:\/\/kibrisdakik.com\/index.php?rest_route=\/wp\/v2\/types\/post"}],"author":[{"embeddable":true,"href":"https:\/\/kibrisdakik.com\/index.php?rest_route=\/wp\/v2\/users\/1"}],"replies":[{"embeddable":true,"href":"https:\/\/kibrisdakik.com\/index.php?rest_route=%2Fwp%2Fv2%2Fcomments&post=26115"}],"version-history":[{"count":0,"href":"https:\/\/kibrisdakik.com\/index.php?rest_route=\/wp\/v2\/posts\/26115\/revisions"}],"wp:featuredmedia":[{"embeddable":true,"href":"https:\/\/kibrisdakik.com\/index.php?rest_route=\/wp\/v2\/media\/26116"}],"wp:attachment":[{"href":"https:\/\/kibrisdakik.com\/index.php?rest_route=%2Fwp%2Fv2%2Fmedia&parent=26115"}],"wp:term":[{"taxonomy":"category","embeddable":true,"href":"https:\/\/kibrisdakik.com\/index.php?rest_route=%2Fwp%2Fv2%2Fcategories&post=26115"},{"taxonomy":"post_tag","embeddable":true,"href":"https:\/\/kibrisdakik.com\/index.php?rest_route=%2Fwp%2Fv2%2Ftags&post=26115"}],"curies":[{"name":"wp","href":"https:\/\/api.w.org\/{rel}","templated":true}]}}