{"id":26144,"date":"2024-01-12T20:16:17","date_gmt":"2024-01-12T20:16:17","guid":{"rendered":"https:\/\/kibrisdakik.com\/index.php\/2024\/01\/12\/unicef-gazzedeki-cocuklar-hala-acimasiz-savasin-pencesinde\/"},"modified":"2024-01-12T20:16:17","modified_gmt":"2024-01-12T20:16:17","slug":"unicef-gazzedeki-cocuklar-hala-acimasiz-savasin-pencesinde","status":"publish","type":"post","link":"https:\/\/kibrisdakik.com\/?p=26144","title":{"rendered":"UNICEF: Gazze&#039;deki \u00e7ocuklar hala ac\u0131mas\u0131z sava\u015f\u0131n pen\u00e7esinde"},"content":{"rendered":"<p><img decoding=\"async\" src=\"https:\/\/www.kibristurk.com\/images\/haberler\/2024\/01\/unicef-gazzedeki-cocuklar-hala-acimasiz-savasin-pencesinde-1705088779.webp\" \/><\/p>\n<p>UNICEF, \u00d6zel Temsilcisi Lucia Elmi&#8217;nin Gazze&#8217;deki \u00e7ocuklar\u0131n durumuna ili\u015fkin a\u00e7\u0131klamalar\u0131n\u0131 payla\u015ft\u0131.<\/p>\n<p>Elmi, &#8220;Gazze&#8217;deki \u00e7ocuklar\u0131n neredeyse 100 g\u00fcnd\u00fcr s\u00fcren \u015fiddet, \u00f6l\u00fcm, bombard\u0131man ve esaretin alt\u0131nda&#8221; oldu\u011funu s\u00f6yledi.<\/p>\n<p>\u00d6zel Temsilci, Gazze&#8217;deki \u00e7ocuklar\u0131n ve ailelerin, \u00f6l\u00fcm, su yoklu\u011fundan kaynaklanan hastal\u0131k ve g\u0131da eksikli\u011finden kaynaklanan yoksulluk riski alt\u0131nda oldu\u011funu vurgulad\u0131.<\/p>\n<p>Gazze&#8217;de durumun h\u0131zla k\u00f6t\u00fcle\u015fti\u011fini belirten Elmi, \u015fu ana kadar binlerce \u00e7ocu\u011fun \u00f6ld\u00fc\u011f\u00fcn\u00fc ve sorunlar \u00e7\u00f6z\u00fclmezse daha binlercesinin \u00f6lece\u011fini kaydetti.<\/p>\n<h3>Birinci sorun g\u00fcvenlik<\/h3>\n<p>Gazze&#8217;deki durumu \u00fc\u00e7 maddede ele alan Elmi, ilk maddenin &#8220;g\u00fcvenlik&#8221; oldu\u011funu s\u00f6yledi.<\/p>\n<p>Elmi, &#8220;Gazze&#8217;de hi\u00e7bir yer g\u00fcvenli de\u011fil. Yo\u011fun n\u00fcfuslu kentsel alanlarda s\u00fcren \u015fiddetli bombard\u0131man ve \u00e7at\u0131\u015fmalar, sivillerin ve insani yard\u0131m \u00e7al\u0131\u015fanlar\u0131n\u0131n hayat\u0131n\u0131 tehdit ediyor.&#8221; ifadesini kulland\u0131.<\/p>\n<p>\u00d6zel Temsilci, bombard\u0131manlar\u0131n yard\u0131mlar\u0131n ula\u015ft\u0131r\u0131lmas\u0131n\u0131 da engelledi\u011fini s\u00f6zlerine ekledi.<\/p>\n<h3>\u0130kinci sorun lojistik<\/h3>\n<p>Gazze&#8217;deki lojistik sorunun alt\u0131n\u0131 \u00e7izen Elmi, &#8220;Hala yeterli yard\u0131m alam\u0131yoruz.&#8221; de\u011ferlendirmesinde bulundu.<\/p>\n<p>Elmi, &#8220;Denetim s\u00fcreci yava\u015f ve \u00f6ng\u00f6r\u00fclemez olmaya devam ediyor ve acilen ihtiya\u00e7 duydu\u011fumuz baz\u0131 malzemeler, net bir gerek\u00e7e olmaks\u0131z\u0131n k\u0131s\u0131tlanmaya devam ediyor.&#8221; a\u00e7\u0131klamas\u0131n\u0131 yapt\u0131.<\/p>\n<p>\u00d6zel Temsilci, k\u0131s\u0131tlamaya tabi tutulan malzemeler aras\u0131nda su tesislerine ve hastanelere enerji sa\u011flamak i\u00e7in jenerat\u00f6rler ve a\u011f\u0131r hasar g\u00f6rm\u00fc\u015f su altyap\u0131s\u0131n\u0131 onarmak i\u00e7in plastik borular\u0131n da dahil oldu\u011funu ekledi.<\/p>\n<p>Elmi, s\u0131k s\u0131k ya\u015fanan ileti\u015fim kesintileri y\u00fcz\u00fcnden yard\u0131mlar\u0131n da\u011f\u0131t\u0131m\u0131n\u0131n koordinasyonunun zorla\u015ft\u0131\u011f\u0131n\u0131 da ifade etti.<\/p>\n<h3>\u00dc\u00e7\u00fcnc\u00fc sorun, ticaret<\/h3>\n<p>\u0130nsani yard\u0131m\u0131n tek ba\u015f\u0131na yeterli olmad\u0131\u011f\u0131n\u0131 ifade eden Elmi, Gazze&#8217;de sat\u0131\u015fa sunulan ticari mallar\u0131n hacminin artmas\u0131 gerekti\u011fini savundu.<\/p>\n<p>Elmi, &#8220;Her g\u00fcn en az 300 kamyon \u00f6zel ticari mal\u0131n i\u00e7eri girmesine ihtiya\u00e7 var. Bu durum insanlar\u0131n temel ihtiya\u00e7 maddelerini sat\u0131n almalar\u0131na yard\u0131mc\u0131 olacak, toplumdaki gerginli\u011fi azaltacak ve UNICEF ve di\u011fer kurumlar taraf\u0131ndan sunulan nakit yard\u0131m programlar\u0131n\u0131 canland\u0131racakt\u0131r.&#8221; tespitinde bulundu.<\/p>\n<p>Yap\u0131lan ikazlara uyulmad\u0131\u011f\u0131na dikkati \u00e7eken Elmi, &#8220;\u00c7ok az de\u011fi\u015fiklik g\u00f6r\u00fcyoruz ve a\u00e7\u0131k\u00e7as\u0131 bunun sonu\u00e7lar\u0131 her g\u00fcn \u00e7ocuklar\u0131n hayat\u0131n\u0131 kaybetmesiyle \u00f6deniyor.&#8221; ifadesini kulland\u0131.<\/p>\n<p>Elmi, acil ve uzun s\u00fcreli bir ate\u015fkes \u00e7a\u011fr\u0131s\u0131 yapt\u0131.<\/p>\n","protected":false},"excerpt":{"rendered":"<p>UNICEF, \u00d6zel Temsilcisi Lucia Elmi&#8217;nin Gazze&#8217;deki \u00e7ocuklar\u0131n durumuna ili\u015fkin a\u00e7\u0131klamalar\u0131n\u0131 payla\u015ft\u0131. Elmi, &#8220;Gazze&#8217;deki \u00e7ocuklar\u0131n neredeyse 100 g\u00fcnd\u00fcr s\u00fcren \u015fiddet, \u00f6l\u00fcm, bombard\u0131man ve esaretin alt\u0131nda&#8221; oldu\u011funu s\u00f6yledi. \u00d6zel Temsilci, Gazze&#8217;deki \u00e7ocuklar\u0131n ve ailelerin, \u00f6l\u00fcm, su yoklu\u011fundan kaynaklanan hastal\u0131k ve g\u0131da eksikli\u011finden kaynaklanan yoksulluk riski alt\u0131nda oldu\u011funu vurgulad\u0131. Gazze&#8217;de durumun h\u0131zla k\u00f6t\u00fcle\u015fti\u011fini belirten Elmi, \u015fu ana kadar<\/p>\n","protected":false},"author":1,"featured_media":26145,"comment_status":"open","ping_status":"open","sticky":false,"template":"","format":"standard","meta":{"footnotes":""},"categories":[85],"tags":[],"class_list":["post-26144","post","type-post","status-publish","format-standard","has-post-thumbnail","hentry","category-spor"],"yoast_head":"<!-- This site is optimized with the Yoast SEO plugin v27.5 - https:\/\/yoast.com\/product\/yoast-seo-wordpress\/ -->\n<title>UNICEF: Gazze&#039;deki \u00e7ocuklar hala ac\u0131mas\u0131z sava\u015f\u0131n pen\u00e7esinde -<\/title>\n<meta name=\"robots\" content=\"index, follow, max-snippet:-1, max-image-preview:large, max-video-preview:-1\" \/>\n<link rel=\"canonical\" href=\"https:\/\/kibrisdakik.com\/?p=26144\" \/>\n<meta property=\"og:locale\" content=\"tr_TR\" \/>\n<meta property=\"og:type\" content=\"article\" \/>\n<meta property=\"og:title\" content=\"UNICEF: Gazze&#039;deki \u00e7ocuklar hala ac\u0131mas\u0131z sava\u015f\u0131n pen\u00e7esinde -\" \/>\n<meta property=\"og:description\" content=\"UNICEF, \u00d6zel Temsilcisi Lucia Elmi&#8217;nin Gazze&#8217;deki \u00e7ocuklar\u0131n durumuna ili\u015fkin a\u00e7\u0131klamalar\u0131n\u0131 payla\u015ft\u0131. Elmi, &#8220;Gazze&#8217;deki \u00e7ocuklar\u0131n neredeyse 100 g\u00fcnd\u00fcr s\u00fcren \u015fiddet, \u00f6l\u00fcm, bombard\u0131man ve esaretin alt\u0131nda&#8221; oldu\u011funu s\u00f6yledi. \u00d6zel Temsilci, Gazze&#8217;deki \u00e7ocuklar\u0131n ve ailelerin, \u00f6l\u00fcm, su yoklu\u011fundan kaynaklanan hastal\u0131k ve g\u0131da eksikli\u011finden kaynaklanan yoksulluk riski alt\u0131nda oldu\u011funu vurgulad\u0131. Gazze&#8217;de durumun h\u0131zla k\u00f6t\u00fcle\u015fti\u011fini belirten Elmi, \u015fu ana kadar\" \/>\n<meta property=\"og:url\" content=\"https:\/\/kibrisdakik.com\/?p=26144\" \/>\n<meta property=\"article:published_time\" content=\"2024-01-12T20:16:17+00:00\" \/>\n<meta property=\"og:image\" content=\"https:\/\/kibrisdakik.com\/wp-content\/uploads\/2024\/01\/unicef-gazzedeki-cocuklar-hala-acimasiz-savasin-pencesinde-1705088779.webp.webp\" \/>\n\t<meta property=\"og:image:width\" content=\"710\" \/>\n\t<meta property=\"og:image:height\" content=\"370\" \/>\n\t<meta property=\"og:image:type\" content=\"image\/webp\" \/>\n<meta name=\"author\" content=\"admin\" \/>\n<meta name=\"twitter:card\" content=\"summary_large_image\" \/>\n<meta name=\"twitter:label1\" content=\"Yazan:\" \/>\n\t<meta name=\"twitter:data1\" content=\"admin\" \/>\n\t<meta name=\"twitter:label2\" content=\"Tahmini okuma s\u00fcresi\" \/>\n\t<meta name=\"twitter:data2\" content=\"2 dakika\" \/>\n<script type=\"application\/ld+json\" class=\"yoast-schema-graph\">{\"@context\":\"https:\\\/\\\/schema.org\",\"@graph\":[{\"@type\":\"Article\",\"@id\":\"https:\\\/\\\/kibrisdakik.com\\\/?p=26144#article\",\"isPartOf\":{\"@id\":\"https:\\\/\\\/kibrisdakik.com\\\/?p=26144\"},\"author\":{\"name\":\"admin\",\"@id\":\"https:\\\/\\\/kibrisdakik.com\\\/#\\\/schema\\\/person\\\/9cd9d437bbb44f72b73ba127e06d8e79\"},\"headline\":\"UNICEF: Gazze&#039;deki \u00e7ocuklar hala ac\u0131mas\u0131z sava\u015f\u0131n pen\u00e7esinde\",\"datePublished\":\"2024-01-12T20:16:17+00:00\",\"mainEntityOfPage\":{\"@id\":\"https:\\\/\\\/kibrisdakik.com\\\/?p=26144\"},\"wordCount\":434,\"commentCount\":0,\"image\":{\"@id\":\"https:\\\/\\\/kibrisdakik.com\\\/?p=26144#primaryimage\"},\"thumbnailUrl\":\"https:\\\/\\\/kibrisdakik.com\\\/wp-content\\\/uploads\\\/2024\\\/01\\\/unicef-gazzedeki-cocuklar-hala-acimasiz-savasin-pencesinde-1705088779.webp.webp\",\"articleSection\":[\"Spor\"],\"inLanguage\":\"tr\",\"potentialAction\":[{\"@type\":\"CommentAction\",\"name\":\"Comment\",\"target\":[\"https:\\\/\\\/kibrisdakik.com\\\/?p=26144#respond\"]}]},{\"@type\":\"WebPage\",\"@id\":\"https:\\\/\\\/kibrisdakik.com\\\/?p=26144\",\"url\":\"https:\\\/\\\/kibrisdakik.com\\\/?p=26144\",\"name\":\"UNICEF: Gazze&#039;deki \u00e7ocuklar hala ac\u0131mas\u0131z sava\u015f\u0131n pen\u00e7esinde -\",\"isPartOf\":{\"@id\":\"https:\\\/\\\/kibrisdakik.com\\\/#website\"},\"primaryImageOfPage\":{\"@id\":\"https:\\\/\\\/kibrisdakik.com\\\/?p=26144#primaryimage\"},\"image\":{\"@id\":\"https:\\\/\\\/kibrisdakik.com\\\/?p=26144#primaryimage\"},\"thumbnailUrl\":\"https:\\\/\\\/kibrisdakik.com\\\/wp-content\\\/uploads\\\/2024\\\/01\\\/unicef-gazzedeki-cocuklar-hala-acimasiz-savasin-pencesinde-1705088779.webp.webp\",\"datePublished\":\"2024-01-12T20:16:17+00:00\",\"author\":{\"@id\":\"https:\\\/\\\/kibrisdakik.com\\\/#\\\/schema\\\/person\\\/9cd9d437bbb44f72b73ba127e06d8e79\"},\"breadcrumb\":{\"@id\":\"https:\\\/\\\/kibrisdakik.com\\\/?p=26144#breadcrumb\"},\"inLanguage\":\"tr\",\"potentialAction\":[{\"@type\":\"ReadAction\",\"target\":[\"https:\\\/\\\/kibrisdakik.com\\\/?p=26144\"]}]},{\"@type\":\"ImageObject\",\"inLanguage\":\"tr\",\"@id\":\"https:\\\/\\\/kibrisdakik.com\\\/?p=26144#primaryimage\",\"url\":\"https:\\\/\\\/kibrisdakik.com\\\/wp-content\\\/uploads\\\/2024\\\/01\\\/unicef-gazzedeki-cocuklar-hala-acimasiz-savasin-pencesinde-1705088779.webp.webp\",\"contentUrl\":\"https:\\\/\\\/kibrisdakik.com\\\/wp-content\\\/uploads\\\/2024\\\/01\\\/unicef-gazzedeki-cocuklar-hala-acimasiz-savasin-pencesinde-1705088779.webp.webp\",\"width\":710,\"height\":370},{\"@type\":\"BreadcrumbList\",\"@id\":\"https:\\\/\\\/kibrisdakik.com\\\/?p=26144#breadcrumb\",\"itemListElement\":[{\"@type\":\"ListItem\",\"position\":1,\"name\":\"Home\",\"item\":\"https:\\\/\\\/kibrisdakik.com\\\/\"},{\"@type\":\"ListItem\",\"position\":2,\"name\":\"UNICEF: Gazze&#039;deki \u00e7ocuklar hala ac\u0131mas\u0131z sava\u015f\u0131n pen\u00e7esinde\"}]},{\"@type\":\"WebSite\",\"@id\":\"https:\\\/\\\/kibrisdakik.com\\\/#website\",\"url\":\"https:\\\/\\\/kibrisdakik.com\\\/\",\"name\":\"\",\"description\":\"Tam vaktinde haber\",\"potentialAction\":[{\"@type\":\"SearchAction\",\"target\":{\"@type\":\"EntryPoint\",\"urlTemplate\":\"https:\\\/\\\/kibrisdakik.com\\\/?s={search_term_string}\"},\"query-input\":{\"@type\":\"PropertyValueSpecification\",\"valueRequired\":true,\"valueName\":\"search_term_string\"}}],\"inLanguage\":\"tr\"},{\"@type\":\"Person\",\"@id\":\"https:\\\/\\\/kibrisdakik.com\\\/#\\\/schema\\\/person\\\/9cd9d437bbb44f72b73ba127e06d8e79\",\"name\":\"admin\",\"image\":{\"@type\":\"ImageObject\",\"inLanguage\":\"tr\",\"@id\":\"https:\\\/\\\/secure.gravatar.com\\\/avatar\\\/ccc17943b9d660506c869530f897617f7cb1c21a4bf30023f252596d83e1f007?s=96&d=mm&r=g\",\"url\":\"https:\\\/\\\/secure.gravatar.com\\\/avatar\\\/ccc17943b9d660506c869530f897617f7cb1c21a4bf30023f252596d83e1f007?s=96&d=mm&r=g\",\"contentUrl\":\"https:\\\/\\\/secure.gravatar.com\\\/avatar\\\/ccc17943b9d660506c869530f897617f7cb1c21a4bf30023f252596d83e1f007?s=96&d=mm&r=g\",\"caption\":\"admin\"},\"sameAs\":[\"https:\\\/\\\/kibrisdakik.com\"],\"url\":\"https:\\\/\\\/kibrisdakik.com\\\/?author=1\"}]}<\/script>\n<!-- \/ Yoast SEO plugin. -->","yoast_head_json":{"title":"UNICEF: Gazze&#039;deki \u00e7ocuklar hala ac\u0131mas\u0131z sava\u015f\u0131n pen\u00e7esinde -","robots":{"index":"index","follow":"follow","max-snippet":"max-snippet:-1","max-image-preview":"max-image-preview:large","max-video-preview":"max-video-preview:-1"},"canonical":"https:\/\/kibrisdakik.com\/?p=26144","og_locale":"tr_TR","og_type":"article","og_title":"UNICEF: Gazze&#039;deki \u00e7ocuklar hala ac\u0131mas\u0131z sava\u015f\u0131n pen\u00e7esinde -","og_description":"UNICEF, \u00d6zel Temsilcisi Lucia Elmi&#8217;nin Gazze&#8217;deki \u00e7ocuklar\u0131n durumuna ili\u015fkin a\u00e7\u0131klamalar\u0131n\u0131 payla\u015ft\u0131. Elmi, &#8220;Gazze&#8217;deki \u00e7ocuklar\u0131n neredeyse 100 g\u00fcnd\u00fcr s\u00fcren \u015fiddet, \u00f6l\u00fcm, bombard\u0131man ve esaretin alt\u0131nda&#8221; oldu\u011funu s\u00f6yledi. \u00d6zel Temsilci, Gazze&#8217;deki \u00e7ocuklar\u0131n ve ailelerin, \u00f6l\u00fcm, su yoklu\u011fundan kaynaklanan hastal\u0131k ve g\u0131da eksikli\u011finden kaynaklanan yoksulluk riski alt\u0131nda oldu\u011funu vurgulad\u0131. Gazze&#8217;de durumun h\u0131zla k\u00f6t\u00fcle\u015fti\u011fini belirten Elmi, \u015fu ana kadar","og_url":"https:\/\/kibrisdakik.com\/?p=26144","article_published_time":"2024-01-12T20:16:17+00:00","og_image":[{"width":710,"height":370,"url":"https:\/\/kibrisdakik.com\/wp-content\/uploads\/2024\/01\/unicef-gazzedeki-cocuklar-hala-acimasiz-savasin-pencesinde-1705088779.webp.webp","type":"image\/webp"}],"author":"admin","twitter_card":"summary_large_image","twitter_misc":{"Yazan:":"admin","Tahmini okuma s\u00fcresi":"2 dakika"},"schema":{"@context":"https:\/\/schema.org","@graph":[{"@type":"Article","@id":"https:\/\/kibrisdakik.com\/?p=26144#article","isPartOf":{"@id":"https:\/\/kibrisdakik.com\/?p=26144"},"author":{"name":"admin","@id":"https:\/\/kibrisdakik.com\/#\/schema\/person\/9cd9d437bbb44f72b73ba127e06d8e79"},"headline":"UNICEF: Gazze&#039;deki \u00e7ocuklar hala ac\u0131mas\u0131z sava\u015f\u0131n pen\u00e7esinde","datePublished":"2024-01-12T20:16:17+00:00","mainEntityOfPage":{"@id":"https:\/\/kibrisdakik.com\/?p=26144"},"wordCount":434,"commentCount":0,"image":{"@id":"https:\/\/kibrisdakik.com\/?p=26144#primaryimage"},"thumbnailUrl":"https:\/\/kibrisdakik.com\/wp-content\/uploads\/2024\/01\/unicef-gazzedeki-cocuklar-hala-acimasiz-savasin-pencesinde-1705088779.webp.webp","articleSection":["Spor"],"inLanguage":"tr","potentialAction":[{"@type":"CommentAction","name":"Comment","target":["https:\/\/kibrisdakik.com\/?p=26144#respond"]}]},{"@type":"WebPage","@id":"https:\/\/kibrisdakik.com\/?p=26144","url":"https:\/\/kibrisdakik.com\/?p=26144","name":"UNICEF: Gazze&#039;deki \u00e7ocuklar hala ac\u0131mas\u0131z sava\u015f\u0131n pen\u00e7esinde -","isPartOf":{"@id":"https:\/\/kibrisdakik.com\/#website"},"primaryImageOfPage":{"@id":"https:\/\/kibrisdakik.com\/?p=26144#primaryimage"},"image":{"@id":"https:\/\/kibrisdakik.com\/?p=26144#primaryimage"},"thumbnailUrl":"https:\/\/kibrisdakik.com\/wp-content\/uploads\/2024\/01\/unicef-gazzedeki-cocuklar-hala-acimasiz-savasin-pencesinde-1705088779.webp.webp","datePublished":"2024-01-12T20:16:17+00:00","author":{"@id":"https:\/\/kibrisdakik.com\/#\/schema\/person\/9cd9d437bbb44f72b73ba127e06d8e79"},"breadcrumb":{"@id":"https:\/\/kibrisdakik.com\/?p=26144#breadcrumb"},"inLanguage":"tr","potentialAction":[{"@type":"ReadAction","target":["https:\/\/kibrisdakik.com\/?p=26144"]}]},{"@type":"ImageObject","inLanguage":"tr","@id":"https:\/\/kibrisdakik.com\/?p=26144#primaryimage","url":"https:\/\/kibrisdakik.com\/wp-content\/uploads\/2024\/01\/unicef-gazzedeki-cocuklar-hala-acimasiz-savasin-pencesinde-1705088779.webp.webp","contentUrl":"https:\/\/kibrisdakik.com\/wp-content\/uploads\/2024\/01\/unicef-gazzedeki-cocuklar-hala-acimasiz-savasin-pencesinde-1705088779.webp.webp","width":710,"height":370},{"@type":"BreadcrumbList","@id":"https:\/\/kibrisdakik.com\/?p=26144#breadcrumb","itemListElement":[{"@type":"ListItem","position":1,"name":"Home","item":"https:\/\/kibrisdakik.com\/"},{"@type":"ListItem","position":2,"name":"UNICEF: Gazze&#039;deki \u00e7ocuklar hala ac\u0131mas\u0131z sava\u015f\u0131n pen\u00e7esinde"}]},{"@type":"WebSite","@id":"https:\/\/kibrisdakik.com\/#website","url":"https:\/\/kibrisdakik.com\/","name":"","description":"Tam vaktinde haber","potentialAction":[{"@type":"SearchAction","target":{"@type":"EntryPoint","urlTemplate":"https:\/\/kibrisdakik.com\/?s={search_term_string}"},"query-input":{"@type":"PropertyValueSpecification","valueRequired":true,"valueName":"search_term_string"}}],"inLanguage":"tr"},{"@type":"Person","@id":"https:\/\/kibrisdakik.com\/#\/schema\/person\/9cd9d437bbb44f72b73ba127e06d8e79","name":"admin","image":{"@type":"ImageObject","inLanguage":"tr","@id":"https:\/\/secure.gravatar.com\/avatar\/ccc17943b9d660506c869530f897617f7cb1c21a4bf30023f252596d83e1f007?s=96&d=mm&r=g","url":"https:\/\/secure.gravatar.com\/avatar\/ccc17943b9d660506c869530f897617f7cb1c21a4bf30023f252596d83e1f007?s=96&d=mm&r=g","contentUrl":"https:\/\/secure.gravatar.com\/avatar\/ccc17943b9d660506c869530f897617f7cb1c21a4bf30023f252596d83e1f007?s=96&d=mm&r=g","caption":"admin"},"sameAs":["https:\/\/kibrisdakik.com"],"url":"https:\/\/kibrisdakik.com\/?author=1"}]}},"_links":{"self":[{"href":"https:\/\/kibrisdakik.com\/index.php?rest_route=\/wp\/v2\/posts\/26144","targetHints":{"allow":["GET"]}}],"collection":[{"href":"https:\/\/kibrisdakik.com\/index.php?rest_route=\/wp\/v2\/posts"}],"about":[{"href":"https:\/\/kibrisdakik.com\/index.php?rest_route=\/wp\/v2\/types\/post"}],"author":[{"embeddable":true,"href":"https:\/\/kibrisdakik.com\/index.php?rest_route=\/wp\/v2\/users\/1"}],"replies":[{"embeddable":true,"href":"https:\/\/kibrisdakik.com\/index.php?rest_route=%2Fwp%2Fv2%2Fcomments&post=26144"}],"version-history":[{"count":0,"href":"https:\/\/kibrisdakik.com\/index.php?rest_route=\/wp\/v2\/posts\/26144\/revisions"}],"wp:featuredmedia":[{"embeddable":true,"href":"https:\/\/kibrisdakik.com\/index.php?rest_route=\/wp\/v2\/media\/26145"}],"wp:attachment":[{"href":"https:\/\/kibrisdakik.com\/index.php?rest_route=%2Fwp%2Fv2%2Fmedia&parent=26144"}],"wp:term":[{"taxonomy":"category","embeddable":true,"href":"https:\/\/kibrisdakik.com\/index.php?rest_route=%2Fwp%2Fv2%2Fcategories&post=26144"},{"taxonomy":"post_tag","embeddable":true,"href":"https:\/\/kibrisdakik.com\/index.php?rest_route=%2Fwp%2Fv2%2Ftags&post=26144"}],"curies":[{"name":"wp","href":"https:\/\/api.w.org\/{rel}","templated":true}]}}