{"id":26164,"date":"2024-01-13T07:29:59","date_gmt":"2024-01-13T07:29:59","guid":{"rendered":"https:\/\/kibrisdakik.com\/index.php\/2024\/01\/13\/kanatsiz-bir-uzayda-ucabilmek-harika-bir-duygu-olacak\/"},"modified":"2024-01-13T07:29:59","modified_gmt":"2024-01-13T07:29:59","slug":"kanatsiz-bir-uzayda-ucabilmek-harika-bir-duygu-olacak","status":"publish","type":"post","link":"https:\/\/kibrisdakik.com\/?p=26164","title":{"rendered":"&quot;Kanats\u0131z bir uzayda u\u00e7abilmek harika bir duygu olacak&quot;"},"content":{"rendered":"<p><img decoding=\"async\" src=\"https:\/\/www.kibristurk.com\/images\/haberler\/2024\/01\/kanatsiz-bir-uzayda-ucabilmek-harika-bir-duygu-olacak-1705121859.webp\" \/><\/p>\n<p>T\u00fcrkiye&#8217;nin ilk uzay yolcusu&nbsp;astronot&nbsp;Alper Gezeravc\u0131, sosyal&nbsp;medya&nbsp;hesab\u0131ndan kendini tan\u0131tt\u0131\u011f\u0131 ve uzay yolculu\u011funa nas\u0131l ba\u015flad\u0131\u011f\u0131na dair a\u00e7\u0131klamalar yapt\u0131\u011f\u0131 bir video payla\u015ft\u0131.<\/p>\n<p>Hen\u00fcz 5-6 ya\u015flar\u0131nda k\u00f6yde b\u00fcy\u00fckannesinin yan\u0131ndayken ilk kez bir u\u00e7ak g\u00f6rd\u00fc\u011f\u00fcn\u00fc anlatan Gezeravc\u0131, b\u00fcy\u00fckannesine hemen &#8220;o u\u00e7a\u011f\u0131n s\u00fcr\u00fcc\u00fcs\u00fc olmak istedi\u011fini&#8221; s\u00f6yledi\u011fini aktard\u0131.<\/p>\n<p>Gezeravc\u0131, kanatlarla g\u00f6ky\u00fcz\u00fcnde her t\u00fcrl\u00fc manevray\u0131 yapabilme duygusunun kendisini her zaman \u00e7ok mutlu etti\u011fini dile getirerek, &#8220;\u015eu ana kadar yapabildi\u011fim en fazla 51 bin fitti. \u00c7\u0131plak g\u00f6zlerimle mavi d\u00fcnyaya bakt\u0131\u011f\u0131mda nas\u0131l hissedece\u011fimi ger\u00e7ekten merak ediyorum. Kanats\u0131z bir uzayda u\u00e7abilmek harika bir duygu olacak.&#8221; diye konu\u015ftu.<\/p>\n<p>\u00dclke olarak bu alan\u0131n tamamen d\u0131\u015f\u0131nda kald\u0131klar\u0131 i\u00e7in uzay\u0131n hi\u00e7bir zaman hayallerinin bir par\u00e7as\u0131 olmad\u0131\u011f\u0131n\u0131n alt\u0131n\u0131 \u00e7izen Gezeravc\u0131, dolay\u0131s\u0131yla belgeseller ya da filmlerde uzayla ilgili bir konu g\u00f6rd\u00fc\u011f\u00fcnde hemen kendisine bu hayalin ba\u015fka milletlere ait oldu\u011fu y\u00f6n\u00fcnde telkinde bulundu\u011funu ifade etti.<\/p>\n<p><strong>&#8220;\u00d6nemli olan uzay\u0131n derinliklerine kadar hayal kurabilmek&#8221;<\/strong><\/p>\n<p>Gezeravc\u0131, bir gece yar\u0131s\u0131 operasyonel u\u00e7u\u015ftan d\u00f6nerken haberlere bakt\u0131\u011f\u0131 s\u0131rada Cumhurba\u015fkan\u0131 Recep Tayyip Erdo\u011fan&#8217;\u0131n T\u00fcrkiye&#8217;nin 100. y\u0131l tarihinde uzaya ilk T\u00fcrk insan\u0131n\u0131 g\u00f6nderme y\u00f6n\u00fcndeki &#8220;paha bi\u00e7ilemez karar\u0131 ilan etti\u011fini&#8221; g\u00f6rd\u00fc\u011f\u00fcn\u00fc belirtti.<\/p>\n<p>T\u00fcrkiye gibi bir \u00fclke i\u00e7in bunun \u00f6nemli oldu\u011funu vurgulayan Gezeravc\u0131, \u015funlar\u0131 kaydetti:<\/p>\n<p>&#8220;Bu, \u00e7ocuklar\u0131m\u0131z\u0131n hayallerini her zaman engelleyen bir perdenin aralanmas\u0131d\u0131r. O andan itibaren bu konuyu ciddi olarak d\u00fc\u015f\u00fcnmeye ba\u015flad\u0131m. Bu, ger\u00e7ekle\u015fmesini istedi\u011fimiz ger\u00e7ekten uzun ve zorlu bir s\u00fcre\u00e7ti. Programa se\u00e7ildik. Harika bir duyguydu. \u0130smim \u00f6nemli de\u011fil. \u0130nsanlar i\u00e7in \u00f6nemli olan \u00fclkesinin gelece\u011fe ad\u0131m atabilecek kadar kararl\u0131 oldu\u011funu hat\u0131rlamak ve g\u00f6ky\u00fcz\u00fcn\u00fcn s\u0131n\u0131rlar\u0131na kadar de\u011fil, uzay\u0131n derinliklerine kadar hayal kurabilmektir.&#8221;<\/p>\n<p><strong>G\u00f6rev arkada\u015flar\u0131ndan Gezeravc\u0131&#8217;ya \u00f6vg\u00fc<\/strong><\/p>\n<p>\u00d6te yandan videoda Gezeravc\u0131&#8217;n\u0131n Ax-3 u\u00e7u\u015funda birlikte g\u00f6rev alaca\u011f\u0131&nbsp;ABD&nbsp;ve \u0130spanya&#8217;y\u0131 temsilen misyon lideri Michael Lopez-Alegria, \u0130talyan Hava Kuvvetlerinden Pilot Walter Villadei ve Avrupa Uzay Ajans\u0131 ad\u0131na kat\u0131lan \u0130sve\u00e7li Marcus Wandt&#8217;\u0131n g\u00f6r\u00fc\u015flerine de yer verildi.<\/p>\n<p>Michael Lopez-Alegria, Gezeravc\u0131 i\u00e7in &#8220;Alper kibar ve ayn\u0131 zamanda profesyonel birisi.&#8221; de\u011ferlendirmesinde bulundu.<\/p>\n<p>Walter Villadei de &#8220;Alper \u00e7ok m\u00fctevazi ama \u00e7ok hassas, \u00e7ok \u00e7ok e\u015fsiz bir insan.&#8221; ifadesini kulland\u0131.<\/p>\n<p>Marcus Wandt ise &#8220;\u00c7ok farkl\u0131 k\u00fclt\u00fcrlerden gelmemize ra\u011fmen ge\u00e7mi\u015flerimiz benzer. B\u00f6ylece ortak dilimizi bulmak kolay oldu.&#8221; \u015feklinde konu\u015ftu.<\/p>\n","protected":false},"excerpt":{"rendered":"<p>T\u00fcrkiye&#8217;nin ilk uzay yolcusu&nbsp;astronot&nbsp;Alper Gezeravc\u0131, sosyal&nbsp;medya&nbsp;hesab\u0131ndan kendini tan\u0131tt\u0131\u011f\u0131 ve uzay yolculu\u011funa nas\u0131l ba\u015flad\u0131\u011f\u0131na dair a\u00e7\u0131klamalar yapt\u0131\u011f\u0131 bir video payla\u015ft\u0131. Hen\u00fcz 5-6 ya\u015flar\u0131nda k\u00f6yde b\u00fcy\u00fckannesinin yan\u0131ndayken ilk kez bir u\u00e7ak g\u00f6rd\u00fc\u011f\u00fcn\u00fc anlatan Gezeravc\u0131, b\u00fcy\u00fckannesine hemen &#8220;o u\u00e7a\u011f\u0131n s\u00fcr\u00fcc\u00fcs\u00fc olmak istedi\u011fini&#8221; s\u00f6yledi\u011fini aktard\u0131. Gezeravc\u0131, kanatlarla g\u00f6ky\u00fcz\u00fcnde her t\u00fcrl\u00fc manevray\u0131 yapabilme duygusunun kendisini her zaman \u00e7ok mutlu etti\u011fini<\/p>\n","protected":false},"author":1,"featured_media":26165,"comment_status":"open","ping_status":"open","sticky":false,"template":"","format":"standard","meta":{"footnotes":""},"categories":[85],"tags":[],"class_list":["post-26164","post","type-post","status-publish","format-standard","has-post-thumbnail","hentry","category-spor"],"yoast_head":"<!-- This site is optimized with the Yoast SEO plugin v27.4 - https:\/\/yoast.com\/product\/yoast-seo-wordpress\/ -->\n<title>&quot;Kanats\u0131z bir uzayda u\u00e7abilmek harika bir duygu olacak&quot; -<\/title>\n<meta name=\"robots\" content=\"index, follow, max-snippet:-1, max-image-preview:large, max-video-preview:-1\" \/>\n<link rel=\"canonical\" href=\"https:\/\/kibrisdakik.com\/?p=26164\" \/>\n<meta property=\"og:locale\" content=\"tr_TR\" \/>\n<meta property=\"og:type\" content=\"article\" \/>\n<meta property=\"og:title\" content=\"&quot;Kanats\u0131z bir uzayda u\u00e7abilmek harika bir duygu olacak&quot; -\" \/>\n<meta property=\"og:description\" content=\"T\u00fcrkiye&#8217;nin ilk uzay yolcusu&nbsp;astronot&nbsp;Alper Gezeravc\u0131, sosyal&nbsp;medya&nbsp;hesab\u0131ndan kendini tan\u0131tt\u0131\u011f\u0131 ve uzay yolculu\u011funa nas\u0131l ba\u015flad\u0131\u011f\u0131na dair a\u00e7\u0131klamalar yapt\u0131\u011f\u0131 bir video payla\u015ft\u0131. Hen\u00fcz 5-6 ya\u015flar\u0131nda k\u00f6yde b\u00fcy\u00fckannesinin yan\u0131ndayken ilk kez bir u\u00e7ak g\u00f6rd\u00fc\u011f\u00fcn\u00fc anlatan Gezeravc\u0131, b\u00fcy\u00fckannesine hemen &#8220;o u\u00e7a\u011f\u0131n s\u00fcr\u00fcc\u00fcs\u00fc olmak istedi\u011fini&#8221; s\u00f6yledi\u011fini aktard\u0131. Gezeravc\u0131, kanatlarla g\u00f6ky\u00fcz\u00fcnde her t\u00fcrl\u00fc manevray\u0131 yapabilme duygusunun kendisini her zaman \u00e7ok mutlu etti\u011fini\" \/>\n<meta property=\"og:url\" content=\"https:\/\/kibrisdakik.com\/?p=26164\" \/>\n<meta property=\"article:published_time\" content=\"2024-01-13T07:29:59+00:00\" \/>\n<meta property=\"og:image\" content=\"https:\/\/kibrisdakik.com\/wp-content\/uploads\/2024\/01\/kanatsiz-bir-uzayda-ucabilmek-harika-bir-duygu-olacak-1705121859.webp.webp\" \/>\n\t<meta property=\"og:image:width\" content=\"710\" \/>\n\t<meta property=\"og:image:height\" content=\"370\" \/>\n\t<meta property=\"og:image:type\" content=\"image\/webp\" \/>\n<meta name=\"author\" content=\"admin\" \/>\n<meta name=\"twitter:card\" content=\"summary_large_image\" \/>\n<meta name=\"twitter:label1\" content=\"Yazan:\" \/>\n\t<meta name=\"twitter:data1\" content=\"admin\" \/>\n\t<meta name=\"twitter:label2\" content=\"Tahmini okuma s\u00fcresi\" \/>\n\t<meta name=\"twitter:data2\" content=\"2 dakika\" \/>\n<script type=\"application\/ld+json\" class=\"yoast-schema-graph\">{\"@context\":\"https:\\\/\\\/schema.org\",\"@graph\":[{\"@type\":\"Article\",\"@id\":\"https:\\\/\\\/kibrisdakik.com\\\/?p=26164#article\",\"isPartOf\":{\"@id\":\"https:\\\/\\\/kibrisdakik.com\\\/?p=26164\"},\"author\":{\"name\":\"admin\",\"@id\":\"https:\\\/\\\/kibrisdakik.com\\\/#\\\/schema\\\/person\\\/9cd9d437bbb44f72b73ba127e06d8e79\"},\"headline\":\"&quot;Kanats\u0131z bir uzayda u\u00e7abilmek harika bir duygu olacak&quot;\",\"datePublished\":\"2024-01-13T07:29:59+00:00\",\"mainEntityOfPage\":{\"@id\":\"https:\\\/\\\/kibrisdakik.com\\\/?p=26164\"},\"wordCount\":483,\"commentCount\":0,\"image\":{\"@id\":\"https:\\\/\\\/kibrisdakik.com\\\/?p=26164#primaryimage\"},\"thumbnailUrl\":\"https:\\\/\\\/kibrisdakik.com\\\/wp-content\\\/uploads\\\/2024\\\/01\\\/kanatsiz-bir-uzayda-ucabilmek-harika-bir-duygu-olacak-1705121859.webp.webp\",\"articleSection\":[\"Spor\"],\"inLanguage\":\"tr\",\"potentialAction\":[{\"@type\":\"CommentAction\",\"name\":\"Comment\",\"target\":[\"https:\\\/\\\/kibrisdakik.com\\\/?p=26164#respond\"]}]},{\"@type\":\"WebPage\",\"@id\":\"https:\\\/\\\/kibrisdakik.com\\\/?p=26164\",\"url\":\"https:\\\/\\\/kibrisdakik.com\\\/?p=26164\",\"name\":\"&quot;Kanats\u0131z bir uzayda u\u00e7abilmek harika bir duygu olacak&quot; -\",\"isPartOf\":{\"@id\":\"https:\\\/\\\/kibrisdakik.com\\\/#website\"},\"primaryImageOfPage\":{\"@id\":\"https:\\\/\\\/kibrisdakik.com\\\/?p=26164#primaryimage\"},\"image\":{\"@id\":\"https:\\\/\\\/kibrisdakik.com\\\/?p=26164#primaryimage\"},\"thumbnailUrl\":\"https:\\\/\\\/kibrisdakik.com\\\/wp-content\\\/uploads\\\/2024\\\/01\\\/kanatsiz-bir-uzayda-ucabilmek-harika-bir-duygu-olacak-1705121859.webp.webp\",\"datePublished\":\"2024-01-13T07:29:59+00:00\",\"author\":{\"@id\":\"https:\\\/\\\/kibrisdakik.com\\\/#\\\/schema\\\/person\\\/9cd9d437bbb44f72b73ba127e06d8e79\"},\"breadcrumb\":{\"@id\":\"https:\\\/\\\/kibrisdakik.com\\\/?p=26164#breadcrumb\"},\"inLanguage\":\"tr\",\"potentialAction\":[{\"@type\":\"ReadAction\",\"target\":[\"https:\\\/\\\/kibrisdakik.com\\\/?p=26164\"]}]},{\"@type\":\"ImageObject\",\"inLanguage\":\"tr\",\"@id\":\"https:\\\/\\\/kibrisdakik.com\\\/?p=26164#primaryimage\",\"url\":\"https:\\\/\\\/kibrisdakik.com\\\/wp-content\\\/uploads\\\/2024\\\/01\\\/kanatsiz-bir-uzayda-ucabilmek-harika-bir-duygu-olacak-1705121859.webp.webp\",\"contentUrl\":\"https:\\\/\\\/kibrisdakik.com\\\/wp-content\\\/uploads\\\/2024\\\/01\\\/kanatsiz-bir-uzayda-ucabilmek-harika-bir-duygu-olacak-1705121859.webp.webp\",\"width\":710,\"height\":370},{\"@type\":\"BreadcrumbList\",\"@id\":\"https:\\\/\\\/kibrisdakik.com\\\/?p=26164#breadcrumb\",\"itemListElement\":[{\"@type\":\"ListItem\",\"position\":1,\"name\":\"Home\",\"item\":\"https:\\\/\\\/kibrisdakik.com\\\/\"},{\"@type\":\"ListItem\",\"position\":2,\"name\":\"&quot;Kanats\u0131z bir uzayda u\u00e7abilmek harika bir duygu olacak&quot;\"}]},{\"@type\":\"WebSite\",\"@id\":\"https:\\\/\\\/kibrisdakik.com\\\/#website\",\"url\":\"https:\\\/\\\/kibrisdakik.com\\\/\",\"name\":\"\",\"description\":\"Tam vaktinde haber\",\"potentialAction\":[{\"@type\":\"SearchAction\",\"target\":{\"@type\":\"EntryPoint\",\"urlTemplate\":\"https:\\\/\\\/kibrisdakik.com\\\/?s={search_term_string}\"},\"query-input\":{\"@type\":\"PropertyValueSpecification\",\"valueRequired\":true,\"valueName\":\"search_term_string\"}}],\"inLanguage\":\"tr\"},{\"@type\":\"Person\",\"@id\":\"https:\\\/\\\/kibrisdakik.com\\\/#\\\/schema\\\/person\\\/9cd9d437bbb44f72b73ba127e06d8e79\",\"name\":\"admin\",\"image\":{\"@type\":\"ImageObject\",\"inLanguage\":\"tr\",\"@id\":\"https:\\\/\\\/secure.gravatar.com\\\/avatar\\\/ccc17943b9d660506c869530f897617f7cb1c21a4bf30023f252596d83e1f007?s=96&d=mm&r=g\",\"url\":\"https:\\\/\\\/secure.gravatar.com\\\/avatar\\\/ccc17943b9d660506c869530f897617f7cb1c21a4bf30023f252596d83e1f007?s=96&d=mm&r=g\",\"contentUrl\":\"https:\\\/\\\/secure.gravatar.com\\\/avatar\\\/ccc17943b9d660506c869530f897617f7cb1c21a4bf30023f252596d83e1f007?s=96&d=mm&r=g\",\"caption\":\"admin\"},\"sameAs\":[\"https:\\\/\\\/kibrisdakik.com\"],\"url\":\"https:\\\/\\\/kibrisdakik.com\\\/?author=1\"}]}<\/script>\n<!-- \/ Yoast SEO plugin. -->","yoast_head_json":{"title":"&quot;Kanats\u0131z bir uzayda u\u00e7abilmek harika bir duygu olacak&quot; -","robots":{"index":"index","follow":"follow","max-snippet":"max-snippet:-1","max-image-preview":"max-image-preview:large","max-video-preview":"max-video-preview:-1"},"canonical":"https:\/\/kibrisdakik.com\/?p=26164","og_locale":"tr_TR","og_type":"article","og_title":"&quot;Kanats\u0131z bir uzayda u\u00e7abilmek harika bir duygu olacak&quot; -","og_description":"T\u00fcrkiye&#8217;nin ilk uzay yolcusu&nbsp;astronot&nbsp;Alper Gezeravc\u0131, sosyal&nbsp;medya&nbsp;hesab\u0131ndan kendini tan\u0131tt\u0131\u011f\u0131 ve uzay yolculu\u011funa nas\u0131l ba\u015flad\u0131\u011f\u0131na dair a\u00e7\u0131klamalar yapt\u0131\u011f\u0131 bir video payla\u015ft\u0131. Hen\u00fcz 5-6 ya\u015flar\u0131nda k\u00f6yde b\u00fcy\u00fckannesinin yan\u0131ndayken ilk kez bir u\u00e7ak g\u00f6rd\u00fc\u011f\u00fcn\u00fc anlatan Gezeravc\u0131, b\u00fcy\u00fckannesine hemen &#8220;o u\u00e7a\u011f\u0131n s\u00fcr\u00fcc\u00fcs\u00fc olmak istedi\u011fini&#8221; s\u00f6yledi\u011fini aktard\u0131. Gezeravc\u0131, kanatlarla g\u00f6ky\u00fcz\u00fcnde her t\u00fcrl\u00fc manevray\u0131 yapabilme duygusunun kendisini her zaman \u00e7ok mutlu etti\u011fini","og_url":"https:\/\/kibrisdakik.com\/?p=26164","article_published_time":"2024-01-13T07:29:59+00:00","og_image":[{"width":710,"height":370,"url":"https:\/\/kibrisdakik.com\/wp-content\/uploads\/2024\/01\/kanatsiz-bir-uzayda-ucabilmek-harika-bir-duygu-olacak-1705121859.webp.webp","type":"image\/webp"}],"author":"admin","twitter_card":"summary_large_image","twitter_misc":{"Yazan:":"admin","Tahmini okuma s\u00fcresi":"2 dakika"},"schema":{"@context":"https:\/\/schema.org","@graph":[{"@type":"Article","@id":"https:\/\/kibrisdakik.com\/?p=26164#article","isPartOf":{"@id":"https:\/\/kibrisdakik.com\/?p=26164"},"author":{"name":"admin","@id":"https:\/\/kibrisdakik.com\/#\/schema\/person\/9cd9d437bbb44f72b73ba127e06d8e79"},"headline":"&quot;Kanats\u0131z bir uzayda u\u00e7abilmek harika bir duygu olacak&quot;","datePublished":"2024-01-13T07:29:59+00:00","mainEntityOfPage":{"@id":"https:\/\/kibrisdakik.com\/?p=26164"},"wordCount":483,"commentCount":0,"image":{"@id":"https:\/\/kibrisdakik.com\/?p=26164#primaryimage"},"thumbnailUrl":"https:\/\/kibrisdakik.com\/wp-content\/uploads\/2024\/01\/kanatsiz-bir-uzayda-ucabilmek-harika-bir-duygu-olacak-1705121859.webp.webp","articleSection":["Spor"],"inLanguage":"tr","potentialAction":[{"@type":"CommentAction","name":"Comment","target":["https:\/\/kibrisdakik.com\/?p=26164#respond"]}]},{"@type":"WebPage","@id":"https:\/\/kibrisdakik.com\/?p=26164","url":"https:\/\/kibrisdakik.com\/?p=26164","name":"&quot;Kanats\u0131z bir uzayda u\u00e7abilmek harika bir duygu olacak&quot; -","isPartOf":{"@id":"https:\/\/kibrisdakik.com\/#website"},"primaryImageOfPage":{"@id":"https:\/\/kibrisdakik.com\/?p=26164#primaryimage"},"image":{"@id":"https:\/\/kibrisdakik.com\/?p=26164#primaryimage"},"thumbnailUrl":"https:\/\/kibrisdakik.com\/wp-content\/uploads\/2024\/01\/kanatsiz-bir-uzayda-ucabilmek-harika-bir-duygu-olacak-1705121859.webp.webp","datePublished":"2024-01-13T07:29:59+00:00","author":{"@id":"https:\/\/kibrisdakik.com\/#\/schema\/person\/9cd9d437bbb44f72b73ba127e06d8e79"},"breadcrumb":{"@id":"https:\/\/kibrisdakik.com\/?p=26164#breadcrumb"},"inLanguage":"tr","potentialAction":[{"@type":"ReadAction","target":["https:\/\/kibrisdakik.com\/?p=26164"]}]},{"@type":"ImageObject","inLanguage":"tr","@id":"https:\/\/kibrisdakik.com\/?p=26164#primaryimage","url":"https:\/\/kibrisdakik.com\/wp-content\/uploads\/2024\/01\/kanatsiz-bir-uzayda-ucabilmek-harika-bir-duygu-olacak-1705121859.webp.webp","contentUrl":"https:\/\/kibrisdakik.com\/wp-content\/uploads\/2024\/01\/kanatsiz-bir-uzayda-ucabilmek-harika-bir-duygu-olacak-1705121859.webp.webp","width":710,"height":370},{"@type":"BreadcrumbList","@id":"https:\/\/kibrisdakik.com\/?p=26164#breadcrumb","itemListElement":[{"@type":"ListItem","position":1,"name":"Home","item":"https:\/\/kibrisdakik.com\/"},{"@type":"ListItem","position":2,"name":"&quot;Kanats\u0131z bir uzayda u\u00e7abilmek harika bir duygu olacak&quot;"}]},{"@type":"WebSite","@id":"https:\/\/kibrisdakik.com\/#website","url":"https:\/\/kibrisdakik.com\/","name":"","description":"Tam vaktinde haber","potentialAction":[{"@type":"SearchAction","target":{"@type":"EntryPoint","urlTemplate":"https:\/\/kibrisdakik.com\/?s={search_term_string}"},"query-input":{"@type":"PropertyValueSpecification","valueRequired":true,"valueName":"search_term_string"}}],"inLanguage":"tr"},{"@type":"Person","@id":"https:\/\/kibrisdakik.com\/#\/schema\/person\/9cd9d437bbb44f72b73ba127e06d8e79","name":"admin","image":{"@type":"ImageObject","inLanguage":"tr","@id":"https:\/\/secure.gravatar.com\/avatar\/ccc17943b9d660506c869530f897617f7cb1c21a4bf30023f252596d83e1f007?s=96&d=mm&r=g","url":"https:\/\/secure.gravatar.com\/avatar\/ccc17943b9d660506c869530f897617f7cb1c21a4bf30023f252596d83e1f007?s=96&d=mm&r=g","contentUrl":"https:\/\/secure.gravatar.com\/avatar\/ccc17943b9d660506c869530f897617f7cb1c21a4bf30023f252596d83e1f007?s=96&d=mm&r=g","caption":"admin"},"sameAs":["https:\/\/kibrisdakik.com"],"url":"https:\/\/kibrisdakik.com\/?author=1"}]}},"_links":{"self":[{"href":"https:\/\/kibrisdakik.com\/index.php?rest_route=\/wp\/v2\/posts\/26164","targetHints":{"allow":["GET"]}}],"collection":[{"href":"https:\/\/kibrisdakik.com\/index.php?rest_route=\/wp\/v2\/posts"}],"about":[{"href":"https:\/\/kibrisdakik.com\/index.php?rest_route=\/wp\/v2\/types\/post"}],"author":[{"embeddable":true,"href":"https:\/\/kibrisdakik.com\/index.php?rest_route=\/wp\/v2\/users\/1"}],"replies":[{"embeddable":true,"href":"https:\/\/kibrisdakik.com\/index.php?rest_route=%2Fwp%2Fv2%2Fcomments&post=26164"}],"version-history":[{"count":0,"href":"https:\/\/kibrisdakik.com\/index.php?rest_route=\/wp\/v2\/posts\/26164\/revisions"}],"wp:featuredmedia":[{"embeddable":true,"href":"https:\/\/kibrisdakik.com\/index.php?rest_route=\/wp\/v2\/media\/26165"}],"wp:attachment":[{"href":"https:\/\/kibrisdakik.com\/index.php?rest_route=%2Fwp%2Fv2%2Fmedia&parent=26164"}],"wp:term":[{"taxonomy":"category","embeddable":true,"href":"https:\/\/kibrisdakik.com\/index.php?rest_route=%2Fwp%2Fv2%2Fcategories&post=26164"},{"taxonomy":"post_tag","embeddable":true,"href":"https:\/\/kibrisdakik.com\/index.php?rest_route=%2Fwp%2Fv2%2Ftags&post=26164"}],"curies":[{"name":"wp","href":"https:\/\/api.w.org\/{rel}","templated":true}]}}