{"id":26192,"date":"2024-01-13T10:31:49","date_gmt":"2024-01-13T10:31:49","guid":{"rendered":"https:\/\/kibrisdakik.com\/index.php\/2024\/01\/13\/kurucu-cumhurbaskani-denktas-vefatinin-12nci-yilinda-anit-mezarinda-anildi\/"},"modified":"2024-01-13T10:31:49","modified_gmt":"2024-01-13T10:31:49","slug":"kurucu-cumhurbaskani-denktas-vefatinin-12nci-yilinda-anit-mezarinda-anildi","status":"publish","type":"post","link":"https:\/\/kibrisdakik.com\/?p=26192","title":{"rendered":"Kurucu Cumhurba\u015fkan\u0131 Denkta\u015f, vefat\u0131n\u0131n 12\u2019nci y\u0131l\u0131nda an\u0131t mezar\u0131nda an\u0131ld\u0131"},"content":{"rendered":"<p><img decoding=\"async\" src=\"https:\/\/www.kibristurk.com\/images\/haberler\/2024\/01\/kurucu-cumhurbaskani-denktas-vefatinin-12nci-yilinda-anit-mezarinda-anildi-1705140980.webp\" \/><\/p>\n<p>Kurucu Cumhurba\u015fkan\u0131 Rauf Raif Denkta\u015f, vefat\u0131n\u0131n 12\u2019nci y\u0131l d\u00f6n\u00fcm\u00fcnde Lefko\u015fa&#8217;daki an\u0131t mezar\u0131 ba\u015f\u0131nda d\u00fczenlenen t\u00f6renle an\u0131ld\u0131.<\/p>\n<p>&nbsp;<\/p>\n<p>Anma t\u00f6renine, Denkta\u015f ailesinin yan\u0131nda Cumhurba\u015fkan\u0131 Ersin Tatar,&nbsp; Cumhuriyet Meclisi Ba\u015fkan\u0131 Zorlu T\u00f6re, Ba\u015fbakan \u00dcnal \u00dcstel, KKTC\u2019nin ikinci Cumhurba\u015fkan\u0131 Mehmet Ali Talat, T\u00fcrkiye\u2019nin Lefko\u015fa B\u00fcy\u00fckel\u00e7isi Metin Feyzio\u011flu, KTBK Komutan\u0131 T\u00fcmgeneral Sebahattin K\u0131l\u0131n\u00e7, GKK Komutan\u0131 T\u00fcmgeneral Osman Ayta\u00e7, Ana Muhalefet CTP Ba\u015fkan\u0131 Tufan Erh\u00fcrman, baz\u0131 bakan, milletvekilleri ve kurum temsilcileri ile okullar kat\u0131ld\u0131.&nbsp;<\/p>\n<p>&nbsp;<\/p>\n<p>Cumhurba\u015fkan\u0131 Tatar ve Denkta\u015f ailesinin \u00e7elenk b\u0131rakmas\u0131yla ba\u015flayan t\u00f6ren, sayg\u0131 duru\u015fu ve \u0130stiklal Mar\u015f\u0131&#8217;n\u0131n okunmas\u0131yla devam etti. Daha sonra An\u0131t \u00d6zel Defteri imzaland\u0131 ve konu\u015fmalar yap\u0131ld\u0131.<\/p>\n<p>&nbsp;<\/p>\n<p>Tatar, t\u00f6rende yapt\u0131\u011f\u0131 konu\u015fmada, Denkta\u015f&#8217;a bir kez daha rahmet dileyerek, kendisini \u00f6zlem ve sevgiyle and\u0131\u011f\u0131n\u0131 ifade etti.<\/p>\n<p>&nbsp;<\/p>\n<p>&#8211; Tatar: \u201cO bizlere Anavatan sevgisini \u00f6\u011fretmi\u015ftir\u201d<\/p>\n<p>&nbsp;<\/p>\n<p>Cumhurba\u015fkan\u0131 Tatar, Rauf Raif Denkta\u015f\u2019\u0131n dedesinin \u201cacaba T\u00fcrk askeri ne zaman adaya geri d\u00f6necek\u201d \u015feklindeki ifadelerini \u00e7ocuk ya\u015flarda benimsemi\u015f oldu\u011funu kaydederek, Denkta\u015f\u2019\u0131n t\u00fcm hayat\u0131n\u0131 K\u0131br\u0131s T\u00fcrk halk\u0131n\u0131n hakl\u0131 davas\u0131na adad\u0131\u011f\u0131n\u0131 s\u00f6yledi.&nbsp;&nbsp;<\/p>\n<p>&nbsp;<\/p>\n<p>Tatar, Denkta\u015f\u2019\u0131n \u201cBeni tarih K\u0131br\u0131s\u2019a T\u00fcrk askerini getiren insan olarak bilsin\u201d s\u00f6z\u00fcne dikkat \u00e7ekti.<\/p>\n<p>&nbsp;<\/p>\n<p>Tatar, 1974\u2019te Bar\u0131\u015f Harekat\u0131\u2019nda Mehmet\u00e7i\u011fin adaya para\u015f\u00fctle iniyor oldu\u011funu da yine b\u00fct\u00fcn T\u00fcrk d\u00fcnyas\u0131n\u0131n Denkta\u015f\u2019\u0131n sesinden duydu\u011funu hat\u0131rlatt\u0131.&nbsp;<\/p>\n<p>&nbsp;<\/p>\n<p>Denkta\u015f\u2019\u0131n 1960 Anla\u015fmalar\u0131 s\u00fcrecinde K\u0131br\u0131s T\u00fcrk halk\u0131n\u0131n kurucu ortakl\u0131\u011f\u0131n\u0131n sa\u011flanmas\u0131 ve yine bu s\u00fcre\u00e7te T\u00fcrkiye\u2019nin garant\u00f6r \u00fclke olarak yer almas\u0131nda hukuk\u00e7u kimli\u011fi ile b\u00fcy\u00fck bir rol \u00fcstlendi\u011fini an\u0131msatan Tatar, Denkta\u015f\u2019\u0131n t\u00fcm bu ba\u015far\u0131lar\u0131n\u0131n yan\u0131nda gen\u00e7 ya\u015fta anne-babas\u0131n\u0131 kaybetmesi ve ard\u0131ndan ya\u015fad\u0131\u011f\u0131 evlat kay\u0131plar\u0131 gibi b\u00fcy\u00fck ac\u0131lar \u00e7ekti\u011fini kaydetti.<\/p>\n<p>&nbsp;<\/p>\n<p>\u201cO bizlere Anavatan sevgisini \u00f6\u011fretmi\u015ftir\u201d diyen Tatar, Denkta\u015f\u2019la yapt\u0131\u011f\u0131 son konu\u015fmas\u0131nda, Denkta\u015f\u2019\u0131n \u201cNe devletten, ne egemenlikten vazge\u00e7meyiniz, vasiyetim budur\u201d dedi\u011fini belirtti.&nbsp;<\/p>\n<p>&nbsp;<\/p>\n<p>&#8211; \u201cY\u00fcr\u00fctt\u00fc\u011f\u00fcm\u00fcz siyaset Denkta\u015f\u2019\u0131n b\u0131rakt\u0131\u011f\u0131 siyaset\u201d<\/p>\n<p>&nbsp;<\/p>\n<p>Tatar, kendisinin de \u015fu anda, her t\u00fcrl\u00fc ele\u015ftiriye ra\u011fmen, Anavatan T\u00fcrkiye\u2019nin deste\u011fiyle y\u00fcr\u00fctmekte oldu\u011fu siyasetin Rauf Raif Denkta\u015f\u2019\u0131n b\u0131rakt\u0131\u011f\u0131 siyaset oldu\u011funu vurgulad\u0131.&nbsp;<\/p>\n<p>&nbsp;<\/p>\n<p>K\u0131br\u0131s T\u00fcrk halk\u0131n\u0131n ba\u011f\u0131ms\u0131zl\u0131\u011f\u0131n\u0131, egemenli\u011fini engelleyecek hi\u00e7bir eyleme boyun e\u011fmeyeceklerini dile getiren Tatar, \u201c\u00c7\u00fcnk\u00fc Denkta\u015f\u2019tan ald\u0131\u011f\u0131m\u0131z vasiyet, egemenliktir, devlettir, T\u00fcrkiye sevgisidir\u201d ifadelerini kulland\u0131.&nbsp;<\/p>\n<p>&nbsp;<\/p>\n<p>Tatar, \u201cAd\u0131 her zaman kalbimizde m\u00fcstesna yerini koruyacakt\u0131r\u201d diyerek, s\u00f6zlerini sonland\u0131rd\u0131.&nbsp;<\/p>\n<p>&nbsp;<\/p>\n<p>&#8211; \u201cSizin \u0131srarla \u00fczerinde durdu\u011funuz egemenli\u011fi ben bug\u00fcn d\u00fcnyaya hayk\u0131r\u0131yorum\u201d<\/p>\n<p>&nbsp;<\/p>\n<p>Tatar, An\u0131t \u00d6zel Defteri\u2019ne ise \u015funlar\u0131 yazd\u0131:<\/p>\n<p>&nbsp;<\/p>\n<p>\u201cSay\u0131n Kurucu Cumhurba\u015fkan\u0131m\u0131z,<\/p>\n<p>&nbsp;<\/p>\n<p>Cesur y\u00fcre\u011finiz ve dava arkada\u015flar\u0131n\u0131z ile birlikte verdi\u011finiz m\u00fccadele sonras\u0131nda, K\u0131br\u0131s\u2019\u0131n bir Helen adas\u0131 olmas\u0131n\u0131 \u00f6nlerken, K\u0131br\u0131s T\u00fcrk halk\u0131n\u0131 \u00f6zg\u00fcrl\u00fc\u011f\u00fcne, ba\u011f\u0131ms\u0131zl\u0131\u011f\u0131na ve egemenli\u011fine kavu\u015fturarak, onur, gurur ve g\u00fc\u00e7 kayna\u011f\u0131m\u0131z olan Kuzey K\u0131br\u0131s T\u00fcrk Cumhuriyeti&#8217;ni kurdunuz.&nbsp;<\/p>\n<p>1960 K\u0131br\u0131s Cumhuriyeti\u2019ni olu\u015fturan Anayasa\u2019ya yapt\u0131\u011f\u0131n\u0131z katk\u0131larla K\u0131br\u0131s T\u00fcrk halk\u0131n\u0131n haklar\u0131 ve Anavatan T\u00fcrkiye&#8217;nin K\u0131br\u0131s&#8217;taki garant\u00f6rl\u00fck haklar\u0131 \u00e7er\u00e7evesindeki etkin ve fiili garantisini sa\u011flayarak K\u0131br\u0131s T\u00fcrk\u00fc\u2019n\u00fcn en karanl\u0131k g\u00fcnlerinde etkin ve kararl\u0131 bir rol \u00fcstlenip m\u00fczakere masalar\u0131nda ortaya koymu\u015f oldu\u011funuz kararl\u0131 duru\u015fla bug\u00fcnlere gelmemizi sa\u011flad\u0131n\u0131z.&nbsp;<\/p>\n<p>Sizin \u0131srarla \u00fczerinde durdu\u011funuz egemenli\u011fi ben bug\u00fcn d\u00fcnyaya hayk\u0131r\u0131yorum. K\u0131br\u0131s T\u00fcrk halk\u0131n\u0131n ve Anavatan T\u00fcrkiye&#8217;nin K\u0131br\u0131s&#8217;taki haklar\u0131na sizlerin duru\u015fundan esinlenerek, var g\u00fcc\u00fcmle korumaya ve bu u\u011furda halk\u0131m\u0131n Rum -Yunan ikilisinin boyunduru\u011fu alt\u0131na girmesine engel olmaya ant i\u00e7tim.&nbsp;<\/p>\n<p>Siz rahat uyuyunuz. Sizin b\u0131rakt\u0131\u011f\u0131n\u0131z miras\u0131n bek\u00e7ileri olan bizler, Kuzey K\u0131br\u0131s T\u00fcrk Cumhuriyeti\u2019ni ilelebet ya\u015fataca\u011f\u0131z.&nbsp;<\/p>\n<p>Ruhunuz \u015fad olsun.\u201d<\/p>\n<p>&nbsp;<\/p>\n<p>&#8211; Serdar Denkta\u015f: \u201c12 y\u0131ld\u0131r burada tarih yazan bir lider yat\u0131yor\u201d<\/p>\n<p>&nbsp;<\/p>\n<p>Kurucu Cumhurba\u015fkan\u0131 Rauf Raif Denkta\u015f&#8217;\u0131n o\u011flu Serdar Denkta\u015f ise burada yapt\u0131\u011f\u0131 konu\u015fmada, \u201c12 y\u0131ld\u0131r burada tarih yazan bir lider yat\u0131yor. 12 y\u0131ld\u0131r burada K\u0131br\u0131sl\u0131 T\u00fcrk\u00fc cemaat seviyesinden al\u0131p halk seviyesine ula\u015ft\u0131ran, bizleri bir devlet sahibi yapan bir devlet adam\u0131 yat\u0131yor\u201d dedi.&nbsp;<\/p>\n<p>&nbsp;<\/p>\n<p>Serdar Denkta\u015f, babas\u0131n\u0131n 12 y\u0131ld\u0131r bedenen aralar\u0131nda olmasa da her ge\u00e7en g\u00fcn daha \u00e7ok \u00f6zlendi\u011fini ve de\u011feri anla\u015f\u0131ld\u0131\u011f\u0131n\u0131 kaydederek, Denkta\u015f\u2019\u0131n; ismiyle K\u0131br\u0131s&#8217;\u0131 \u00f6zle\u015ftirmeyi ba\u015farm\u0131\u015f, Anavatan\u2019da, T\u00fcrk D\u00fcnyas\u0131\u2019nda ve kat\u0131ld\u0131\u011f\u0131 bir\u00e7ok uluslararas\u0131 toplant\u0131larda duru\u015fuyla, inanc\u0131yla, hi\u00e7 yalpalamadan savundu\u011fu davas\u0131yla b\u00fcy\u00fck bir sayg\u0131 kazanm\u0131\u015f bir devlet adam\u0131 oldu\u011funu kaydetti.&nbsp;<\/p>\n<p>&nbsp;<\/p>\n<p>Bu y\u0131l Rauf Raif Denkta\u015f\u2019\u0131n do\u011fumunun da 100\u2019\u00fcnc\u00fc y\u0131l\u0131 oldu\u011funu hat\u0131rlatan Serdar Denkta\u015f, bu \u00e7er\u00e7evede y\u0131l boyunca \u00e7e\u015fitli etkinliklerin yap\u0131laca\u011f\u0131n\u0131 duyurdu.<\/p>\n<p>&nbsp;<\/p>\n<p>&#8211; 27 Ocak\u2019ta \u201cToros 100 ya\u015f\u0131nda\u201d kitab\u0131n\u0131n lansman\u0131 yap\u0131lacak<\/p>\n<p>&nbsp;<\/p>\n<p>Etkinlikler kapsam\u0131nda, ilk olarak Rauf Raif Denkta\u015f\u2019\u0131n do\u011fum g\u00fcn\u00fc olan 27 Ocak Cumartesi g\u00fcn\u00fc Rauf Denkta\u015f \u00dcniversitesi K\u00fclt\u00fcr Merkezi\u2019nde \u201cToros 100 ya\u015f\u0131nda\u201d kitab\u0131n\u0131n lansman\u0131 yap\u0131laca\u011f\u0131n\u0131 a\u00e7\u0131klayan Serdar Denkta\u015f, etkinlikte bir sergi, piyano resitali ve tarih\u00e7i \u0130lber Ortayl\u0131\u2019n\u0131n \u201cArt\u0131k herkes O\u2019nun yolunda&#8230;Rauf Denkta\u015f\u201d ba\u015fl\u0131kl\u0131 s\u00f6yle\u015fisi de olaca\u011f\u0131n\u0131 ifade etti.&nbsp;<\/p>\n<p>Serdar Denkta\u015f, Rauf Raif Denkta\u015f\u2019\u0131n daimi ikametgah\u0131n\u0131 yok sayanlar oldu\u011funu da s\u00f6yleyerek, \u201cSadece bizler de\u011fil, ileride tarih de onlar\u0131 yok sayacakt\u0131r. Denkta\u015f, bir\u00e7ok T\u00fcrk gibi bizim de g\u00f6nl\u00fcm\u00fczde, akl\u0131m\u0131zda ya\u015famaya devam edecektir\u201d dedi.&nbsp;<\/p>\n<p>Serdar Denkta\u015f, 12 y\u0131l boyunca her t\u00f6ren \u00f6ncesi an\u0131t\u0131n temizli\u011fini sa\u011flayan G\u00fcvenlik Kuvvetleri Komutanl\u0131\u011f\u0131na, sorun ya\u015fand\u0131\u011f\u0131nda yan\u0131 ba\u015flar\u0131nda olan Sivil Savunma Te\u015fkilat\u0131na, bir \u00e7a\u011fr\u0131 \u00fczerinde b\u00f6lgede fidan dikimi yapan sivil toplum \u00f6rg\u00fctlerine, duyarl\u0131 vatanda\u015flara ve b\u00f6lgenin temiz tutulmas\u0131n\u0131 sa\u011flayan G\u00f6nyeli Alayk\u00f6y Belediyesi\u2019ne te\u015fekk\u00fcrlerini iletti.&nbsp;<\/p>\n<p>&nbsp;<\/p>\n<p>Konu\u015fmalar\u0131n ard\u0131ndan, t\u00f6ren dua okunmas\u0131yla tamamland\u0131. Ard\u0131ndan kat\u0131l\u0131mc\u0131lar Denkta\u015f\u2019\u0131n kabrini ziyaret etti.<\/p>\n","protected":false},"excerpt":{"rendered":"<p>Kurucu Cumhurba\u015fkan\u0131 Rauf Raif Denkta\u015f, vefat\u0131n\u0131n 12\u2019nci y\u0131l d\u00f6n\u00fcm\u00fcnde Lefko\u015fa&#8217;daki an\u0131t mezar\u0131 ba\u015f\u0131nda d\u00fczenlenen t\u00f6renle an\u0131ld\u0131. &nbsp; Anma t\u00f6renine, Denkta\u015f ailesinin yan\u0131nda Cumhurba\u015fkan\u0131 Ersin Tatar,&nbsp; Cumhuriyet Meclisi Ba\u015fkan\u0131 Zorlu T\u00f6re, Ba\u015fbakan \u00dcnal \u00dcstel, KKTC\u2019nin ikinci Cumhurba\u015fkan\u0131 Mehmet Ali Talat, T\u00fcrkiye\u2019nin Lefko\u015fa B\u00fcy\u00fckel\u00e7isi Metin Feyzio\u011flu, KTBK Komutan\u0131 T\u00fcmgeneral Sebahattin K\u0131l\u0131n\u00e7, GKK Komutan\u0131 T\u00fcmgeneral Osman Ayta\u00e7, Ana<\/p>\n","protected":false},"author":1,"featured_media":26193,"comment_status":"open","ping_status":"open","sticky":false,"template":"","format":"standard","meta":{"footnotes":""},"categories":[1],"tags":[],"class_list":["post-26192","post","type-post","status-publish","format-standard","has-post-thumbnail","hentry","category-gundem"],"yoast_head":"<!-- This site is optimized with the Yoast SEO plugin v27.5 - https:\/\/yoast.com\/product\/yoast-seo-wordpress\/ -->\n<title>Kurucu Cumhurba\u015fkan\u0131 Denkta\u015f, vefat\u0131n\u0131n 12\u2019nci y\u0131l\u0131nda an\u0131t mezar\u0131nda an\u0131ld\u0131 -<\/title>\n<meta name=\"robots\" content=\"index, follow, max-snippet:-1, max-image-preview:large, max-video-preview:-1\" \/>\n<link rel=\"canonical\" href=\"https:\/\/kibrisdakik.com\/?p=26192\" \/>\n<meta property=\"og:locale\" content=\"tr_TR\" \/>\n<meta property=\"og:type\" content=\"article\" \/>\n<meta property=\"og:title\" content=\"Kurucu Cumhurba\u015fkan\u0131 Denkta\u015f, vefat\u0131n\u0131n 12\u2019nci y\u0131l\u0131nda an\u0131t mezar\u0131nda an\u0131ld\u0131 -\" \/>\n<meta property=\"og:description\" content=\"Kurucu Cumhurba\u015fkan\u0131 Rauf Raif Denkta\u015f, vefat\u0131n\u0131n 12\u2019nci y\u0131l d\u00f6n\u00fcm\u00fcnde Lefko\u015fa&#8217;daki an\u0131t mezar\u0131 ba\u015f\u0131nda d\u00fczenlenen t\u00f6renle an\u0131ld\u0131. &nbsp; Anma t\u00f6renine, Denkta\u015f ailesinin yan\u0131nda Cumhurba\u015fkan\u0131 Ersin Tatar,&nbsp; Cumhuriyet Meclisi Ba\u015fkan\u0131 Zorlu T\u00f6re, Ba\u015fbakan \u00dcnal \u00dcstel, KKTC\u2019nin ikinci Cumhurba\u015fkan\u0131 Mehmet Ali Talat, T\u00fcrkiye\u2019nin Lefko\u015fa B\u00fcy\u00fckel\u00e7isi Metin Feyzio\u011flu, KTBK Komutan\u0131 T\u00fcmgeneral Sebahattin K\u0131l\u0131n\u00e7, GKK Komutan\u0131 T\u00fcmgeneral Osman Ayta\u00e7, Ana\" \/>\n<meta property=\"og:url\" content=\"https:\/\/kibrisdakik.com\/?p=26192\" \/>\n<meta property=\"article:published_time\" content=\"2024-01-13T10:31:49+00:00\" \/>\n<meta property=\"og:image\" content=\"https:\/\/kibrisdakik.com\/wp-content\/uploads\/2024\/01\/kurucu-cumhurbaskani-denktas-vefatinin-12nci-yilinda-anit-mezarinda-anildi-1705140980.webp.webp\" \/>\n\t<meta property=\"og:image:width\" content=\"710\" \/>\n\t<meta property=\"og:image:height\" content=\"370\" \/>\n\t<meta property=\"og:image:type\" content=\"image\/webp\" \/>\n<meta name=\"author\" content=\"admin\" \/>\n<meta name=\"twitter:card\" content=\"summary_large_image\" \/>\n<meta name=\"twitter:label1\" content=\"Yazan:\" \/>\n\t<meta name=\"twitter:data1\" content=\"admin\" \/>\n\t<meta name=\"twitter:label2\" content=\"Tahmini okuma s\u00fcresi\" \/>\n\t<meta name=\"twitter:data2\" content=\"6 dakika\" \/>\n<script type=\"application\/ld+json\" class=\"yoast-schema-graph\">{\"@context\":\"https:\\\/\\\/schema.org\",\"@graph\":[{\"@type\":\"Article\",\"@id\":\"https:\\\/\\\/kibrisdakik.com\\\/?p=26192#article\",\"isPartOf\":{\"@id\":\"https:\\\/\\\/kibrisdakik.com\\\/?p=26192\"},\"author\":{\"name\":\"admin\",\"@id\":\"https:\\\/\\\/kibrisdakik.com\\\/#\\\/schema\\\/person\\\/9cd9d437bbb44f72b73ba127e06d8e79\"},\"headline\":\"Kurucu Cumhurba\u015fkan\u0131 Denkta\u015f, vefat\u0131n\u0131n 12\u2019nci y\u0131l\u0131nda an\u0131t mezar\u0131nda an\u0131ld\u0131\",\"datePublished\":\"2024-01-13T10:31:49+00:00\",\"mainEntityOfPage\":{\"@id\":\"https:\\\/\\\/kibrisdakik.com\\\/?p=26192\"},\"wordCount\":1204,\"commentCount\":0,\"image\":{\"@id\":\"https:\\\/\\\/kibrisdakik.com\\\/?p=26192#primaryimage\"},\"thumbnailUrl\":\"https:\\\/\\\/kibrisdakik.com\\\/wp-content\\\/uploads\\\/2024\\\/01\\\/kurucu-cumhurbaskani-denktas-vefatinin-12nci-yilinda-anit-mezarinda-anildi-1705140980.webp.webp\",\"articleSection\":[\"G\u00fcndem\"],\"inLanguage\":\"tr\",\"potentialAction\":[{\"@type\":\"CommentAction\",\"name\":\"Comment\",\"target\":[\"https:\\\/\\\/kibrisdakik.com\\\/?p=26192#respond\"]}]},{\"@type\":\"WebPage\",\"@id\":\"https:\\\/\\\/kibrisdakik.com\\\/?p=26192\",\"url\":\"https:\\\/\\\/kibrisdakik.com\\\/?p=26192\",\"name\":\"Kurucu Cumhurba\u015fkan\u0131 Denkta\u015f, vefat\u0131n\u0131n 12\u2019nci y\u0131l\u0131nda an\u0131t mezar\u0131nda an\u0131ld\u0131 -\",\"isPartOf\":{\"@id\":\"https:\\\/\\\/kibrisdakik.com\\\/#website\"},\"primaryImageOfPage\":{\"@id\":\"https:\\\/\\\/kibrisdakik.com\\\/?p=26192#primaryimage\"},\"image\":{\"@id\":\"https:\\\/\\\/kibrisdakik.com\\\/?p=26192#primaryimage\"},\"thumbnailUrl\":\"https:\\\/\\\/kibrisdakik.com\\\/wp-content\\\/uploads\\\/2024\\\/01\\\/kurucu-cumhurbaskani-denktas-vefatinin-12nci-yilinda-anit-mezarinda-anildi-1705140980.webp.webp\",\"datePublished\":\"2024-01-13T10:31:49+00:00\",\"author\":{\"@id\":\"https:\\\/\\\/kibrisdakik.com\\\/#\\\/schema\\\/person\\\/9cd9d437bbb44f72b73ba127e06d8e79\"},\"breadcrumb\":{\"@id\":\"https:\\\/\\\/kibrisdakik.com\\\/?p=26192#breadcrumb\"},\"inLanguage\":\"tr\",\"potentialAction\":[{\"@type\":\"ReadAction\",\"target\":[\"https:\\\/\\\/kibrisdakik.com\\\/?p=26192\"]}]},{\"@type\":\"ImageObject\",\"inLanguage\":\"tr\",\"@id\":\"https:\\\/\\\/kibrisdakik.com\\\/?p=26192#primaryimage\",\"url\":\"https:\\\/\\\/kibrisdakik.com\\\/wp-content\\\/uploads\\\/2024\\\/01\\\/kurucu-cumhurbaskani-denktas-vefatinin-12nci-yilinda-anit-mezarinda-anildi-1705140980.webp.webp\",\"contentUrl\":\"https:\\\/\\\/kibrisdakik.com\\\/wp-content\\\/uploads\\\/2024\\\/01\\\/kurucu-cumhurbaskani-denktas-vefatinin-12nci-yilinda-anit-mezarinda-anildi-1705140980.webp.webp\",\"width\":710,\"height\":370},{\"@type\":\"BreadcrumbList\",\"@id\":\"https:\\\/\\\/kibrisdakik.com\\\/?p=26192#breadcrumb\",\"itemListElement\":[{\"@type\":\"ListItem\",\"position\":1,\"name\":\"Home\",\"item\":\"https:\\\/\\\/kibrisdakik.com\\\/\"},{\"@type\":\"ListItem\",\"position\":2,\"name\":\"Kurucu Cumhurba\u015fkan\u0131 Denkta\u015f, vefat\u0131n\u0131n 12\u2019nci y\u0131l\u0131nda an\u0131t mezar\u0131nda an\u0131ld\u0131\"}]},{\"@type\":\"WebSite\",\"@id\":\"https:\\\/\\\/kibrisdakik.com\\\/#website\",\"url\":\"https:\\\/\\\/kibrisdakik.com\\\/\",\"name\":\"\",\"description\":\"Tam vaktinde haber\",\"potentialAction\":[{\"@type\":\"SearchAction\",\"target\":{\"@type\":\"EntryPoint\",\"urlTemplate\":\"https:\\\/\\\/kibrisdakik.com\\\/?s={search_term_string}\"},\"query-input\":{\"@type\":\"PropertyValueSpecification\",\"valueRequired\":true,\"valueName\":\"search_term_string\"}}],\"inLanguage\":\"tr\"},{\"@type\":\"Person\",\"@id\":\"https:\\\/\\\/kibrisdakik.com\\\/#\\\/schema\\\/person\\\/9cd9d437bbb44f72b73ba127e06d8e79\",\"name\":\"admin\",\"image\":{\"@type\":\"ImageObject\",\"inLanguage\":\"tr\",\"@id\":\"https:\\\/\\\/secure.gravatar.com\\\/avatar\\\/ccc17943b9d660506c869530f897617f7cb1c21a4bf30023f252596d83e1f007?s=96&d=mm&r=g\",\"url\":\"https:\\\/\\\/secure.gravatar.com\\\/avatar\\\/ccc17943b9d660506c869530f897617f7cb1c21a4bf30023f252596d83e1f007?s=96&d=mm&r=g\",\"contentUrl\":\"https:\\\/\\\/secure.gravatar.com\\\/avatar\\\/ccc17943b9d660506c869530f897617f7cb1c21a4bf30023f252596d83e1f007?s=96&d=mm&r=g\",\"caption\":\"admin\"},\"sameAs\":[\"https:\\\/\\\/kibrisdakik.com\"],\"url\":\"https:\\\/\\\/kibrisdakik.com\\\/?author=1\"}]}<\/script>\n<!-- \/ Yoast SEO plugin. -->","yoast_head_json":{"title":"Kurucu Cumhurba\u015fkan\u0131 Denkta\u015f, vefat\u0131n\u0131n 12\u2019nci y\u0131l\u0131nda an\u0131t mezar\u0131nda an\u0131ld\u0131 -","robots":{"index":"index","follow":"follow","max-snippet":"max-snippet:-1","max-image-preview":"max-image-preview:large","max-video-preview":"max-video-preview:-1"},"canonical":"https:\/\/kibrisdakik.com\/?p=26192","og_locale":"tr_TR","og_type":"article","og_title":"Kurucu Cumhurba\u015fkan\u0131 Denkta\u015f, vefat\u0131n\u0131n 12\u2019nci y\u0131l\u0131nda an\u0131t mezar\u0131nda an\u0131ld\u0131 -","og_description":"Kurucu Cumhurba\u015fkan\u0131 Rauf Raif Denkta\u015f, vefat\u0131n\u0131n 12\u2019nci y\u0131l d\u00f6n\u00fcm\u00fcnde Lefko\u015fa&#8217;daki an\u0131t mezar\u0131 ba\u015f\u0131nda d\u00fczenlenen t\u00f6renle an\u0131ld\u0131. &nbsp; Anma t\u00f6renine, Denkta\u015f ailesinin yan\u0131nda Cumhurba\u015fkan\u0131 Ersin Tatar,&nbsp; Cumhuriyet Meclisi Ba\u015fkan\u0131 Zorlu T\u00f6re, Ba\u015fbakan \u00dcnal \u00dcstel, KKTC\u2019nin ikinci Cumhurba\u015fkan\u0131 Mehmet Ali Talat, T\u00fcrkiye\u2019nin Lefko\u015fa B\u00fcy\u00fckel\u00e7isi Metin Feyzio\u011flu, KTBK Komutan\u0131 T\u00fcmgeneral Sebahattin K\u0131l\u0131n\u00e7, GKK Komutan\u0131 T\u00fcmgeneral Osman Ayta\u00e7, Ana","og_url":"https:\/\/kibrisdakik.com\/?p=26192","article_published_time":"2024-01-13T10:31:49+00:00","og_image":[{"width":710,"height":370,"url":"https:\/\/kibrisdakik.com\/wp-content\/uploads\/2024\/01\/kurucu-cumhurbaskani-denktas-vefatinin-12nci-yilinda-anit-mezarinda-anildi-1705140980.webp.webp","type":"image\/webp"}],"author":"admin","twitter_card":"summary_large_image","twitter_misc":{"Yazan:":"admin","Tahmini okuma s\u00fcresi":"6 dakika"},"schema":{"@context":"https:\/\/schema.org","@graph":[{"@type":"Article","@id":"https:\/\/kibrisdakik.com\/?p=26192#article","isPartOf":{"@id":"https:\/\/kibrisdakik.com\/?p=26192"},"author":{"name":"admin","@id":"https:\/\/kibrisdakik.com\/#\/schema\/person\/9cd9d437bbb44f72b73ba127e06d8e79"},"headline":"Kurucu Cumhurba\u015fkan\u0131 Denkta\u015f, vefat\u0131n\u0131n 12\u2019nci y\u0131l\u0131nda an\u0131t mezar\u0131nda an\u0131ld\u0131","datePublished":"2024-01-13T10:31:49+00:00","mainEntityOfPage":{"@id":"https:\/\/kibrisdakik.com\/?p=26192"},"wordCount":1204,"commentCount":0,"image":{"@id":"https:\/\/kibrisdakik.com\/?p=26192#primaryimage"},"thumbnailUrl":"https:\/\/kibrisdakik.com\/wp-content\/uploads\/2024\/01\/kurucu-cumhurbaskani-denktas-vefatinin-12nci-yilinda-anit-mezarinda-anildi-1705140980.webp.webp","articleSection":["G\u00fcndem"],"inLanguage":"tr","potentialAction":[{"@type":"CommentAction","name":"Comment","target":["https:\/\/kibrisdakik.com\/?p=26192#respond"]}]},{"@type":"WebPage","@id":"https:\/\/kibrisdakik.com\/?p=26192","url":"https:\/\/kibrisdakik.com\/?p=26192","name":"Kurucu Cumhurba\u015fkan\u0131 Denkta\u015f, vefat\u0131n\u0131n 12\u2019nci y\u0131l\u0131nda an\u0131t mezar\u0131nda an\u0131ld\u0131 -","isPartOf":{"@id":"https:\/\/kibrisdakik.com\/#website"},"primaryImageOfPage":{"@id":"https:\/\/kibrisdakik.com\/?p=26192#primaryimage"},"image":{"@id":"https:\/\/kibrisdakik.com\/?p=26192#primaryimage"},"thumbnailUrl":"https:\/\/kibrisdakik.com\/wp-content\/uploads\/2024\/01\/kurucu-cumhurbaskani-denktas-vefatinin-12nci-yilinda-anit-mezarinda-anildi-1705140980.webp.webp","datePublished":"2024-01-13T10:31:49+00:00","author":{"@id":"https:\/\/kibrisdakik.com\/#\/schema\/person\/9cd9d437bbb44f72b73ba127e06d8e79"},"breadcrumb":{"@id":"https:\/\/kibrisdakik.com\/?p=26192#breadcrumb"},"inLanguage":"tr","potentialAction":[{"@type":"ReadAction","target":["https:\/\/kibrisdakik.com\/?p=26192"]}]},{"@type":"ImageObject","inLanguage":"tr","@id":"https:\/\/kibrisdakik.com\/?p=26192#primaryimage","url":"https:\/\/kibrisdakik.com\/wp-content\/uploads\/2024\/01\/kurucu-cumhurbaskani-denktas-vefatinin-12nci-yilinda-anit-mezarinda-anildi-1705140980.webp.webp","contentUrl":"https:\/\/kibrisdakik.com\/wp-content\/uploads\/2024\/01\/kurucu-cumhurbaskani-denktas-vefatinin-12nci-yilinda-anit-mezarinda-anildi-1705140980.webp.webp","width":710,"height":370},{"@type":"BreadcrumbList","@id":"https:\/\/kibrisdakik.com\/?p=26192#breadcrumb","itemListElement":[{"@type":"ListItem","position":1,"name":"Home","item":"https:\/\/kibrisdakik.com\/"},{"@type":"ListItem","position":2,"name":"Kurucu Cumhurba\u015fkan\u0131 Denkta\u015f, vefat\u0131n\u0131n 12\u2019nci y\u0131l\u0131nda an\u0131t mezar\u0131nda an\u0131ld\u0131"}]},{"@type":"WebSite","@id":"https:\/\/kibrisdakik.com\/#website","url":"https:\/\/kibrisdakik.com\/","name":"","description":"Tam vaktinde haber","potentialAction":[{"@type":"SearchAction","target":{"@type":"EntryPoint","urlTemplate":"https:\/\/kibrisdakik.com\/?s={search_term_string}"},"query-input":{"@type":"PropertyValueSpecification","valueRequired":true,"valueName":"search_term_string"}}],"inLanguage":"tr"},{"@type":"Person","@id":"https:\/\/kibrisdakik.com\/#\/schema\/person\/9cd9d437bbb44f72b73ba127e06d8e79","name":"admin","image":{"@type":"ImageObject","inLanguage":"tr","@id":"https:\/\/secure.gravatar.com\/avatar\/ccc17943b9d660506c869530f897617f7cb1c21a4bf30023f252596d83e1f007?s=96&d=mm&r=g","url":"https:\/\/secure.gravatar.com\/avatar\/ccc17943b9d660506c869530f897617f7cb1c21a4bf30023f252596d83e1f007?s=96&d=mm&r=g","contentUrl":"https:\/\/secure.gravatar.com\/avatar\/ccc17943b9d660506c869530f897617f7cb1c21a4bf30023f252596d83e1f007?s=96&d=mm&r=g","caption":"admin"},"sameAs":["https:\/\/kibrisdakik.com"],"url":"https:\/\/kibrisdakik.com\/?author=1"}]}},"_links":{"self":[{"href":"https:\/\/kibrisdakik.com\/index.php?rest_route=\/wp\/v2\/posts\/26192","targetHints":{"allow":["GET"]}}],"collection":[{"href":"https:\/\/kibrisdakik.com\/index.php?rest_route=\/wp\/v2\/posts"}],"about":[{"href":"https:\/\/kibrisdakik.com\/index.php?rest_route=\/wp\/v2\/types\/post"}],"author":[{"embeddable":true,"href":"https:\/\/kibrisdakik.com\/index.php?rest_route=\/wp\/v2\/users\/1"}],"replies":[{"embeddable":true,"href":"https:\/\/kibrisdakik.com\/index.php?rest_route=%2Fwp%2Fv2%2Fcomments&post=26192"}],"version-history":[{"count":0,"href":"https:\/\/kibrisdakik.com\/index.php?rest_route=\/wp\/v2\/posts\/26192\/revisions"}],"wp:featuredmedia":[{"embeddable":true,"href":"https:\/\/kibrisdakik.com\/index.php?rest_route=\/wp\/v2\/media\/26193"}],"wp:attachment":[{"href":"https:\/\/kibrisdakik.com\/index.php?rest_route=%2Fwp%2Fv2%2Fmedia&parent=26192"}],"wp:term":[{"taxonomy":"category","embeddable":true,"href":"https:\/\/kibrisdakik.com\/index.php?rest_route=%2Fwp%2Fv2%2Fcategories&post=26192"},{"taxonomy":"post_tag","embeddable":true,"href":"https:\/\/kibrisdakik.com\/index.php?rest_route=%2Fwp%2Fv2%2Ftags&post=26192"}],"curies":[{"name":"wp","href":"https:\/\/api.w.org\/{rel}","templated":true}]}}