{"id":26194,"date":"2024-01-13T10:34:22","date_gmt":"2024-01-13T10:34:22","guid":{"rendered":"https:\/\/kibrisdakik.com\/index.php\/2024\/01\/13\/adanir-karaca-ile-gorustu-ktmmobnin-birlik-te-deger-kitabini-takdim-etti\/"},"modified":"2024-01-13T10:34:22","modified_gmt":"2024-01-13T10:34:22","slug":"adanir-karaca-ile-gorustu-ktmmobnin-birlik-te-deger-kitabini-takdim-etti","status":"publish","type":"post","link":"https:\/\/kibrisdakik.com\/?p=26194","title":{"rendered":"Adan\u0131r, Karaca ile g\u00f6r\u00fc\u015ft\u00fc\u2026 KTMMOB\u2019nin \u201cBirlik-Te De\u011fer\u201d kitab\u0131n\u0131 takdim etti"},"content":{"rendered":"<p><img decoding=\"async\" src=\"https:\/\/www.kibristurk.com\/images\/haberler\/2024\/01\/adanir-karaca-ile-gorustu-ktmmobnin-birlik-te-deger-kitabini-takdim-etti-1705139699.webp\" \/><\/p>\n<p style=\"text-align:left\"><span style=\"font-size:16px\"><span style=\"font-family:Merriweather,serif !important\"><span style=\"color:#000000\"><span style=\"background-color:#ffffff\">K\u0131br\u0131s T\u00fcrk M\u00fchendis ve Mimar Odalar\u0131 Birli\u011fi (KTMMOB) Genel Ba\u015fkan\u0131&nbsp;<\/span><\/span><\/span><\/span><span style=\"font-size:16px\"><span style=\"font-family:Merriweather,serif !important\"><span style=\"color:#000000\"><span style=\"background-color:#ffffff\">Tun\u00e7 Adan\u0131r, Sivil Savunma Te\u015fkilat Ba\u015fkan\u0131 Atilla Karaca ile &nbsp;Birlik binas\u0131nda g\u00f6r\u00fc\u015ft\u00fc.<\/span><\/span><\/span><\/span><\/p>\n<p style=\"text-align:left\"><span style=\"font-size:16px\"><span style=\"font-family:Merriweather,serif !important\"><span style=\"color:#000000\"><span style=\"background-color:#ffffff\">KTMMOB\u2019den verilen bilgiye g\u00f6re, iadeyi ziyaret yapan Karaca ile toplant\u0131da; 6 \u015eubat 2023 tarihli Kahramanmara\u015f merkezli depremde Sivil&nbsp; Savunma Te\u015fkilat\u0131\u2019n\u0131n aktif ve etkin u\u011fra\u015flar\u0131 ve Kuzey K\u0131br\u0131s T\u00fcrk Cumhuriyeti\u2019nde deprem ile ilgili \u00e7al\u0131\u015fmalar, Yap\u0131 Proje Kontroll\u00fck Portal\u0131 ve Binalar\u0131n Yang\u0131ndan Korunmas\u0131na \u0130li\u015fkin Usul ve Esaslar T\u00fcz\u00fc\u011f\u00fc konular\u0131nda g\u00f6r\u00fc\u015f al\u0131\u015fveri\u015finde bulunuldu.<\/span><\/span><\/span><\/span><\/p>\n<p style=\"text-align:left\"><span style=\"font-size:16px\"><span style=\"font-family:Merriweather,serif !important\"><span style=\"color:#000000\"><span style=\"background-color:#ffffff\">-Adan\u0131r, KTMMOB\u2019nin \u201cBirlik-Te De\u011fer\u201d kitab\u0131n\u0131 &nbsp;Karaca\u2019ya takdim etti<\/span><\/span><\/span><\/span><\/p>\n<p style=\"text-align:left\"><span style=\"font-size:16px\"><span style=\"font-family:Merriweather,serif !important\"><span style=\"color:#000000\"><span style=\"background-color:#ffffff\">KTMMOB Genel Ba\u015fkan\u0131 Adan\u0131r ayr\u0131ca KTMMOB\u2019nin \u00f6nceki Genel Ba\u015fkanlar\u0131n\u0131n payla\u015ft\u0131\u011f\u0131 bilgilerden olu\u015fturulan \u201cBirlik-Te De\u011fer\u201d kitab\u0131n\u0131 Sivil Savunma Te\u015fkilat Ba\u015fkan\u0131 Karaca\u2019ya takdim etti.<\/span><\/span><\/span><\/span><\/p>\n","protected":false},"excerpt":{"rendered":"<p>K\u0131br\u0131s T\u00fcrk M\u00fchendis ve Mimar Odalar\u0131 Birli\u011fi (KTMMOB) Genel Ba\u015fkan\u0131&nbsp;Tun\u00e7 Adan\u0131r, Sivil Savunma Te\u015fkilat Ba\u015fkan\u0131 Atilla Karaca ile &nbsp;Birlik binas\u0131nda g\u00f6r\u00fc\u015ft\u00fc. KTMMOB\u2019den verilen bilgiye g\u00f6re, iadeyi ziyaret yapan Karaca ile toplant\u0131da; 6 \u015eubat 2023 tarihli Kahramanmara\u015f merkezli depremde Sivil&nbsp; Savunma Te\u015fkilat\u0131\u2019n\u0131n aktif ve etkin u\u011fra\u015flar\u0131 ve Kuzey K\u0131br\u0131s T\u00fcrk Cumhuriyeti\u2019nde deprem ile ilgili \u00e7al\u0131\u015fmalar, Yap\u0131<\/p>\n","protected":false},"author":1,"featured_media":26195,"comment_status":"open","ping_status":"open","sticky":false,"template":"","format":"standard","meta":{"footnotes":""},"categories":[85],"tags":[],"class_list":["post-26194","post","type-post","status-publish","format-standard","has-post-thumbnail","hentry","category-spor"],"yoast_head":"<!-- This site is optimized with the Yoast SEO plugin v27.5 - https:\/\/yoast.com\/product\/yoast-seo-wordpress\/ -->\n<title>Adan\u0131r, Karaca ile g\u00f6r\u00fc\u015ft\u00fc\u2026 KTMMOB\u2019nin \u201cBirlik-Te De\u011fer\u201d kitab\u0131n\u0131 takdim etti -<\/title>\n<meta name=\"robots\" content=\"index, follow, max-snippet:-1, max-image-preview:large, max-video-preview:-1\" \/>\n<link rel=\"canonical\" href=\"https:\/\/kibrisdakik.com\/?p=26194\" \/>\n<meta property=\"og:locale\" content=\"tr_TR\" \/>\n<meta property=\"og:type\" content=\"article\" \/>\n<meta property=\"og:title\" content=\"Adan\u0131r, Karaca ile g\u00f6r\u00fc\u015ft\u00fc\u2026 KTMMOB\u2019nin \u201cBirlik-Te De\u011fer\u201d kitab\u0131n\u0131 takdim etti -\" \/>\n<meta property=\"og:description\" content=\"K\u0131br\u0131s T\u00fcrk M\u00fchendis ve Mimar Odalar\u0131 Birli\u011fi (KTMMOB) Genel Ba\u015fkan\u0131&nbsp;Tun\u00e7 Adan\u0131r, Sivil Savunma Te\u015fkilat Ba\u015fkan\u0131 Atilla Karaca ile &nbsp;Birlik binas\u0131nda g\u00f6r\u00fc\u015ft\u00fc. KTMMOB\u2019den verilen bilgiye g\u00f6re, iadeyi ziyaret yapan Karaca ile toplant\u0131da; 6 \u015eubat 2023 tarihli Kahramanmara\u015f merkezli depremde Sivil&nbsp; Savunma Te\u015fkilat\u0131\u2019n\u0131n aktif ve etkin u\u011fra\u015flar\u0131 ve Kuzey K\u0131br\u0131s T\u00fcrk Cumhuriyeti\u2019nde deprem ile ilgili \u00e7al\u0131\u015fmalar, Yap\u0131\" \/>\n<meta property=\"og:url\" content=\"https:\/\/kibrisdakik.com\/?p=26194\" \/>\n<meta property=\"article:published_time\" content=\"2024-01-13T10:34:22+00:00\" \/>\n<meta property=\"og:image\" content=\"https:\/\/kibrisdakik.com\/wp-content\/uploads\/2024\/01\/adanir-karaca-ile-gorustu-ktmmobnin-birlik-te-deger-kitabini-takdim-etti-1705139699.webp.webp\" \/>\n\t<meta property=\"og:image:width\" content=\"710\" \/>\n\t<meta property=\"og:image:height\" content=\"370\" \/>\n\t<meta property=\"og:image:type\" content=\"image\/webp\" \/>\n<meta name=\"author\" content=\"admin\" \/>\n<meta name=\"twitter:card\" content=\"summary_large_image\" \/>\n<meta name=\"twitter:label1\" content=\"Yazan:\" \/>\n\t<meta name=\"twitter:data1\" content=\"admin\" \/>\n\t<meta name=\"twitter:label2\" content=\"Tahmini okuma s\u00fcresi\" \/>\n\t<meta name=\"twitter:data2\" content=\"1 dakika\" \/>\n<script type=\"application\/ld+json\" class=\"yoast-schema-graph\">{\"@context\":\"https:\\\/\\\/schema.org\",\"@graph\":[{\"@type\":\"Article\",\"@id\":\"https:\\\/\\\/kibrisdakik.com\\\/?p=26194#article\",\"isPartOf\":{\"@id\":\"https:\\\/\\\/kibrisdakik.com\\\/?p=26194\"},\"author\":{\"name\":\"admin\",\"@id\":\"https:\\\/\\\/kibrisdakik.com\\\/#\\\/schema\\\/person\\\/9cd9d437bbb44f72b73ba127e06d8e79\"},\"headline\":\"Adan\u0131r, Karaca ile g\u00f6r\u00fc\u015ft\u00fc\u2026 KTMMOB\u2019nin \u201cBirlik-Te De\u011fer\u201d kitab\u0131n\u0131 takdim etti\",\"datePublished\":\"2024-01-13T10:34:22+00:00\",\"mainEntityOfPage\":{\"@id\":\"https:\\\/\\\/kibrisdakik.com\\\/?p=26194\"},\"wordCount\":174,\"commentCount\":0,\"image\":{\"@id\":\"https:\\\/\\\/kibrisdakik.com\\\/?p=26194#primaryimage\"},\"thumbnailUrl\":\"https:\\\/\\\/kibrisdakik.com\\\/wp-content\\\/uploads\\\/2024\\\/01\\\/adanir-karaca-ile-gorustu-ktmmobnin-birlik-te-deger-kitabini-takdim-etti-1705139699.webp.webp\",\"articleSection\":[\"Spor\"],\"inLanguage\":\"tr\",\"potentialAction\":[{\"@type\":\"CommentAction\",\"name\":\"Comment\",\"target\":[\"https:\\\/\\\/kibrisdakik.com\\\/?p=26194#respond\"]}]},{\"@type\":\"WebPage\",\"@id\":\"https:\\\/\\\/kibrisdakik.com\\\/?p=26194\",\"url\":\"https:\\\/\\\/kibrisdakik.com\\\/?p=26194\",\"name\":\"Adan\u0131r, Karaca ile g\u00f6r\u00fc\u015ft\u00fc\u2026 KTMMOB\u2019nin \u201cBirlik-Te De\u011fer\u201d kitab\u0131n\u0131 takdim etti -\",\"isPartOf\":{\"@id\":\"https:\\\/\\\/kibrisdakik.com\\\/#website\"},\"primaryImageOfPage\":{\"@id\":\"https:\\\/\\\/kibrisdakik.com\\\/?p=26194#primaryimage\"},\"image\":{\"@id\":\"https:\\\/\\\/kibrisdakik.com\\\/?p=26194#primaryimage\"},\"thumbnailUrl\":\"https:\\\/\\\/kibrisdakik.com\\\/wp-content\\\/uploads\\\/2024\\\/01\\\/adanir-karaca-ile-gorustu-ktmmobnin-birlik-te-deger-kitabini-takdim-etti-1705139699.webp.webp\",\"datePublished\":\"2024-01-13T10:34:22+00:00\",\"author\":{\"@id\":\"https:\\\/\\\/kibrisdakik.com\\\/#\\\/schema\\\/person\\\/9cd9d437bbb44f72b73ba127e06d8e79\"},\"breadcrumb\":{\"@id\":\"https:\\\/\\\/kibrisdakik.com\\\/?p=26194#breadcrumb\"},\"inLanguage\":\"tr\",\"potentialAction\":[{\"@type\":\"ReadAction\",\"target\":[\"https:\\\/\\\/kibrisdakik.com\\\/?p=26194\"]}]},{\"@type\":\"ImageObject\",\"inLanguage\":\"tr\",\"@id\":\"https:\\\/\\\/kibrisdakik.com\\\/?p=26194#primaryimage\",\"url\":\"https:\\\/\\\/kibrisdakik.com\\\/wp-content\\\/uploads\\\/2024\\\/01\\\/adanir-karaca-ile-gorustu-ktmmobnin-birlik-te-deger-kitabini-takdim-etti-1705139699.webp.webp\",\"contentUrl\":\"https:\\\/\\\/kibrisdakik.com\\\/wp-content\\\/uploads\\\/2024\\\/01\\\/adanir-karaca-ile-gorustu-ktmmobnin-birlik-te-deger-kitabini-takdim-etti-1705139699.webp.webp\",\"width\":710,\"height\":370},{\"@type\":\"BreadcrumbList\",\"@id\":\"https:\\\/\\\/kibrisdakik.com\\\/?p=26194#breadcrumb\",\"itemListElement\":[{\"@type\":\"ListItem\",\"position\":1,\"name\":\"Home\",\"item\":\"https:\\\/\\\/kibrisdakik.com\\\/\"},{\"@type\":\"ListItem\",\"position\":2,\"name\":\"Adan\u0131r, Karaca ile g\u00f6r\u00fc\u015ft\u00fc\u2026 KTMMOB\u2019nin \u201cBirlik-Te De\u011fer\u201d kitab\u0131n\u0131 takdim etti\"}]},{\"@type\":\"WebSite\",\"@id\":\"https:\\\/\\\/kibrisdakik.com\\\/#website\",\"url\":\"https:\\\/\\\/kibrisdakik.com\\\/\",\"name\":\"\",\"description\":\"Tam vaktinde haber\",\"potentialAction\":[{\"@type\":\"SearchAction\",\"target\":{\"@type\":\"EntryPoint\",\"urlTemplate\":\"https:\\\/\\\/kibrisdakik.com\\\/?s={search_term_string}\"},\"query-input\":{\"@type\":\"PropertyValueSpecification\",\"valueRequired\":true,\"valueName\":\"search_term_string\"}}],\"inLanguage\":\"tr\"},{\"@type\":\"Person\",\"@id\":\"https:\\\/\\\/kibrisdakik.com\\\/#\\\/schema\\\/person\\\/9cd9d437bbb44f72b73ba127e06d8e79\",\"name\":\"admin\",\"image\":{\"@type\":\"ImageObject\",\"inLanguage\":\"tr\",\"@id\":\"https:\\\/\\\/secure.gravatar.com\\\/avatar\\\/ccc17943b9d660506c869530f897617f7cb1c21a4bf30023f252596d83e1f007?s=96&d=mm&r=g\",\"url\":\"https:\\\/\\\/secure.gravatar.com\\\/avatar\\\/ccc17943b9d660506c869530f897617f7cb1c21a4bf30023f252596d83e1f007?s=96&d=mm&r=g\",\"contentUrl\":\"https:\\\/\\\/secure.gravatar.com\\\/avatar\\\/ccc17943b9d660506c869530f897617f7cb1c21a4bf30023f252596d83e1f007?s=96&d=mm&r=g\",\"caption\":\"admin\"},\"sameAs\":[\"https:\\\/\\\/kibrisdakik.com\"],\"url\":\"https:\\\/\\\/kibrisdakik.com\\\/?author=1\"}]}<\/script>\n<!-- \/ Yoast SEO plugin. -->","yoast_head_json":{"title":"Adan\u0131r, Karaca ile g\u00f6r\u00fc\u015ft\u00fc\u2026 KTMMOB\u2019nin \u201cBirlik-Te De\u011fer\u201d kitab\u0131n\u0131 takdim etti -","robots":{"index":"index","follow":"follow","max-snippet":"max-snippet:-1","max-image-preview":"max-image-preview:large","max-video-preview":"max-video-preview:-1"},"canonical":"https:\/\/kibrisdakik.com\/?p=26194","og_locale":"tr_TR","og_type":"article","og_title":"Adan\u0131r, Karaca ile g\u00f6r\u00fc\u015ft\u00fc\u2026 KTMMOB\u2019nin \u201cBirlik-Te De\u011fer\u201d kitab\u0131n\u0131 takdim etti -","og_description":"K\u0131br\u0131s T\u00fcrk M\u00fchendis ve Mimar Odalar\u0131 Birli\u011fi (KTMMOB) Genel Ba\u015fkan\u0131&nbsp;Tun\u00e7 Adan\u0131r, Sivil Savunma Te\u015fkilat Ba\u015fkan\u0131 Atilla Karaca ile &nbsp;Birlik binas\u0131nda g\u00f6r\u00fc\u015ft\u00fc. KTMMOB\u2019den verilen bilgiye g\u00f6re, iadeyi ziyaret yapan Karaca ile toplant\u0131da; 6 \u015eubat 2023 tarihli Kahramanmara\u015f merkezli depremde Sivil&nbsp; Savunma Te\u015fkilat\u0131\u2019n\u0131n aktif ve etkin u\u011fra\u015flar\u0131 ve Kuzey K\u0131br\u0131s T\u00fcrk Cumhuriyeti\u2019nde deprem ile ilgili \u00e7al\u0131\u015fmalar, Yap\u0131","og_url":"https:\/\/kibrisdakik.com\/?p=26194","article_published_time":"2024-01-13T10:34:22+00:00","og_image":[{"width":710,"height":370,"url":"https:\/\/kibrisdakik.com\/wp-content\/uploads\/2024\/01\/adanir-karaca-ile-gorustu-ktmmobnin-birlik-te-deger-kitabini-takdim-etti-1705139699.webp.webp","type":"image\/webp"}],"author":"admin","twitter_card":"summary_large_image","twitter_misc":{"Yazan:":"admin","Tahmini okuma s\u00fcresi":"1 dakika"},"schema":{"@context":"https:\/\/schema.org","@graph":[{"@type":"Article","@id":"https:\/\/kibrisdakik.com\/?p=26194#article","isPartOf":{"@id":"https:\/\/kibrisdakik.com\/?p=26194"},"author":{"name":"admin","@id":"https:\/\/kibrisdakik.com\/#\/schema\/person\/9cd9d437bbb44f72b73ba127e06d8e79"},"headline":"Adan\u0131r, Karaca ile g\u00f6r\u00fc\u015ft\u00fc\u2026 KTMMOB\u2019nin \u201cBirlik-Te De\u011fer\u201d kitab\u0131n\u0131 takdim etti","datePublished":"2024-01-13T10:34:22+00:00","mainEntityOfPage":{"@id":"https:\/\/kibrisdakik.com\/?p=26194"},"wordCount":174,"commentCount":0,"image":{"@id":"https:\/\/kibrisdakik.com\/?p=26194#primaryimage"},"thumbnailUrl":"https:\/\/kibrisdakik.com\/wp-content\/uploads\/2024\/01\/adanir-karaca-ile-gorustu-ktmmobnin-birlik-te-deger-kitabini-takdim-etti-1705139699.webp.webp","articleSection":["Spor"],"inLanguage":"tr","potentialAction":[{"@type":"CommentAction","name":"Comment","target":["https:\/\/kibrisdakik.com\/?p=26194#respond"]}]},{"@type":"WebPage","@id":"https:\/\/kibrisdakik.com\/?p=26194","url":"https:\/\/kibrisdakik.com\/?p=26194","name":"Adan\u0131r, Karaca ile g\u00f6r\u00fc\u015ft\u00fc\u2026 KTMMOB\u2019nin \u201cBirlik-Te De\u011fer\u201d kitab\u0131n\u0131 takdim etti -","isPartOf":{"@id":"https:\/\/kibrisdakik.com\/#website"},"primaryImageOfPage":{"@id":"https:\/\/kibrisdakik.com\/?p=26194#primaryimage"},"image":{"@id":"https:\/\/kibrisdakik.com\/?p=26194#primaryimage"},"thumbnailUrl":"https:\/\/kibrisdakik.com\/wp-content\/uploads\/2024\/01\/adanir-karaca-ile-gorustu-ktmmobnin-birlik-te-deger-kitabini-takdim-etti-1705139699.webp.webp","datePublished":"2024-01-13T10:34:22+00:00","author":{"@id":"https:\/\/kibrisdakik.com\/#\/schema\/person\/9cd9d437bbb44f72b73ba127e06d8e79"},"breadcrumb":{"@id":"https:\/\/kibrisdakik.com\/?p=26194#breadcrumb"},"inLanguage":"tr","potentialAction":[{"@type":"ReadAction","target":["https:\/\/kibrisdakik.com\/?p=26194"]}]},{"@type":"ImageObject","inLanguage":"tr","@id":"https:\/\/kibrisdakik.com\/?p=26194#primaryimage","url":"https:\/\/kibrisdakik.com\/wp-content\/uploads\/2024\/01\/adanir-karaca-ile-gorustu-ktmmobnin-birlik-te-deger-kitabini-takdim-etti-1705139699.webp.webp","contentUrl":"https:\/\/kibrisdakik.com\/wp-content\/uploads\/2024\/01\/adanir-karaca-ile-gorustu-ktmmobnin-birlik-te-deger-kitabini-takdim-etti-1705139699.webp.webp","width":710,"height":370},{"@type":"BreadcrumbList","@id":"https:\/\/kibrisdakik.com\/?p=26194#breadcrumb","itemListElement":[{"@type":"ListItem","position":1,"name":"Home","item":"https:\/\/kibrisdakik.com\/"},{"@type":"ListItem","position":2,"name":"Adan\u0131r, Karaca ile g\u00f6r\u00fc\u015ft\u00fc\u2026 KTMMOB\u2019nin \u201cBirlik-Te De\u011fer\u201d kitab\u0131n\u0131 takdim etti"}]},{"@type":"WebSite","@id":"https:\/\/kibrisdakik.com\/#website","url":"https:\/\/kibrisdakik.com\/","name":"","description":"Tam vaktinde haber","potentialAction":[{"@type":"SearchAction","target":{"@type":"EntryPoint","urlTemplate":"https:\/\/kibrisdakik.com\/?s={search_term_string}"},"query-input":{"@type":"PropertyValueSpecification","valueRequired":true,"valueName":"search_term_string"}}],"inLanguage":"tr"},{"@type":"Person","@id":"https:\/\/kibrisdakik.com\/#\/schema\/person\/9cd9d437bbb44f72b73ba127e06d8e79","name":"admin","image":{"@type":"ImageObject","inLanguage":"tr","@id":"https:\/\/secure.gravatar.com\/avatar\/ccc17943b9d660506c869530f897617f7cb1c21a4bf30023f252596d83e1f007?s=96&d=mm&r=g","url":"https:\/\/secure.gravatar.com\/avatar\/ccc17943b9d660506c869530f897617f7cb1c21a4bf30023f252596d83e1f007?s=96&d=mm&r=g","contentUrl":"https:\/\/secure.gravatar.com\/avatar\/ccc17943b9d660506c869530f897617f7cb1c21a4bf30023f252596d83e1f007?s=96&d=mm&r=g","caption":"admin"},"sameAs":["https:\/\/kibrisdakik.com"],"url":"https:\/\/kibrisdakik.com\/?author=1"}]}},"_links":{"self":[{"href":"https:\/\/kibrisdakik.com\/index.php?rest_route=\/wp\/v2\/posts\/26194","targetHints":{"allow":["GET"]}}],"collection":[{"href":"https:\/\/kibrisdakik.com\/index.php?rest_route=\/wp\/v2\/posts"}],"about":[{"href":"https:\/\/kibrisdakik.com\/index.php?rest_route=\/wp\/v2\/types\/post"}],"author":[{"embeddable":true,"href":"https:\/\/kibrisdakik.com\/index.php?rest_route=\/wp\/v2\/users\/1"}],"replies":[{"embeddable":true,"href":"https:\/\/kibrisdakik.com\/index.php?rest_route=%2Fwp%2Fv2%2Fcomments&post=26194"}],"version-history":[{"count":0,"href":"https:\/\/kibrisdakik.com\/index.php?rest_route=\/wp\/v2\/posts\/26194\/revisions"}],"wp:featuredmedia":[{"embeddable":true,"href":"https:\/\/kibrisdakik.com\/index.php?rest_route=\/wp\/v2\/media\/26195"}],"wp:attachment":[{"href":"https:\/\/kibrisdakik.com\/index.php?rest_route=%2Fwp%2Fv2%2Fmedia&parent=26194"}],"wp:term":[{"taxonomy":"category","embeddable":true,"href":"https:\/\/kibrisdakik.com\/index.php?rest_route=%2Fwp%2Fv2%2Fcategories&post=26194"},{"taxonomy":"post_tag","embeddable":true,"href":"https:\/\/kibrisdakik.com\/index.php?rest_route=%2Fwp%2Fv2%2Ftags&post=26194"}],"curies":[{"name":"wp","href":"https:\/\/api.w.org\/{rel}","templated":true}]}}