{"id":26222,"date":"2024-01-13T13:20:54","date_gmt":"2024-01-13T13:20:54","guid":{"rendered":"https:\/\/kibrisdakik.com\/index.php\/2024\/01\/13\/16-akulu-25-de-bisiklet-turu-sandalye-engellilere-dagitiliyor\/"},"modified":"2024-01-13T13:20:54","modified_gmt":"2024-01-13T13:20:54","slug":"16-akulu-25-de-bisiklet-turu-sandalye-engellilere-dagitiliyor","status":"publish","type":"post","link":"https:\/\/kibrisdakik.com\/?p=26222","title":{"rendered":"16 ak\u00fcl\u00fc 25 de bisiklet t\u00fcr\u00fc sandalye engellilere da\u011f\u0131t\u0131l\u0131yor"},"content":{"rendered":"<p><img decoding=\"async\" src=\"https:\/\/www.kibristurk.com\/images\/haberler\/2024\/01\/16-akulu-25-de-bisiklet-turu-sandalye-engellilere-dagitiliyor-1705151423.webp\" \/><\/p>\n<p style=\"text-align:left\"><span style=\"font-size:16px\"><span style=\"font-family:Merriweather,serif !important\"><span style=\"color:#000000\"><span style=\"background-color:#ffffff\">\u00c7al\u0131\u015fma ve Sosyal G\u00fcvenlik Bakanl\u0131\u011f\u0131 ile T\u00fcrkiye Cumhuriyeti\u2019nin baz\u0131 kurum ve yetkililerinin i\u015fbirli\u011fi ile Bel\u00e7ika\u2019da ikamet eden bir i\u015fadam\u0131n\u0131n katk\u0131s\u0131yla temin edilen 16 ak\u00fcl\u00fc, 25 de bisiklet t\u00fcr\u00fc tekerlekli sandalye engelli bireylere da\u011f\u0131t\u0131lmaya ba\u015fland\u0131.<\/span><\/span><\/span><\/span><\/p>\n<p style=\"text-align:left\"><span style=\"font-size:16px\"><span style=\"font-family:Merriweather,serif !important\"><span style=\"color:#000000\"><span style=\"background-color:#ffffff\">&nbsp;<\/span><\/span><\/span><\/span><\/p>\n<p style=\"text-align:left\"><span style=\"font-size:16px\"><span style=\"font-family:Merriweather,serif !important\"><span style=\"color:#000000\"><span style=\"background-color:#ffffff\">T\u00fcrkiye &#8211; KKTC Parlamentolar Aras\u0131 Dostluk Grubu Ba\u015fkan\u0131 Orhan Erdem, &nbsp;T\u00fcrkiye Cumhuriyeti Ak\u015fehir Kaymakaml\u0131\u011f\u0131 Umut Engelliler Sosyal Yard\u0131mla\u015fma ve Dayan\u0131\u015fma Derne\u011fi\u2019nin i\u015fbirli\u011fi, Be\u00e7ika\u2019da ikamet eden Mehmet Baykondu\u2019nun katk\u0131s\u0131yla temin edilen tekerlekli sandalyeler, T\u00fcrkiye\u2019nin Lefko\u015fa B\u00fcy\u00fckel\u00e7ili\u011fi ile \u00c7al\u0131\u015fma ve Sosyal G\u00fcvenlik Bakanl\u0131\u011f\u0131n\u0131n organizasyonu ile da\u011f\u0131t\u0131l\u0131yor.<\/span><\/span><\/span><\/span><\/p>\n<p style=\"text-align:left\"><span style=\"font-size:16px\"><span style=\"font-family:Merriweather,serif !important\"><span style=\"color:#000000\"><span style=\"background-color:#ffffff\">&nbsp;<\/span><\/span><\/span><\/span><\/p>\n<p style=\"text-align:left\"><span style=\"font-size:16px\"><span style=\"font-family:Merriweather,serif !important\"><span style=\"color:#000000\"><span style=\"background-color:#ffffff\">Tekerlekli bisiklet yard\u0131m\u0131yla ilgili T\u00fcrkiye\u2019nin Lefko\u015fa B\u00fcy\u00fckel\u00e7ili\u011finde, Ba\u015fbakan \u00dcnal \u00dcstel\u2019in de kat\u0131l\u0131m\u0131yla bas\u0131n toplant\u0131s\u0131 d\u00fczenlendi.<\/span><\/span><\/span><\/span><\/p>\n<p style=\"text-align:left\"><span style=\"font-size:16px\"><span style=\"font-family:Merriweather,serif !important\"><span style=\"color:#000000\"><span style=\"background-color:#ffffff\">&nbsp;<\/span><\/span><\/span><\/span><\/p>\n<p style=\"text-align:left\"><span style=\"font-size:16px\"><span style=\"font-family:Merriweather,serif !important\"><span style=\"color:#000000\"><span style=\"background-color:#ffffff\">-\u00dcnal \u00dcstel<\/span><\/span><\/span><\/span><\/p>\n<p style=\"text-align:left\"><span style=\"font-size:16px\"><span style=\"font-family:Merriweather,serif !important\"><span style=\"color:#000000\"><span style=\"background-color:#ffffff\">&nbsp;<\/span><\/span><\/span><\/span><\/p>\n<p style=\"text-align:left\"><span style=\"font-size:16px\"><span style=\"font-family:Merriweather,serif !important\"><span style=\"color:#000000\"><span style=\"background-color:#ffffff\">Ba\u015fbakan \u00dcstel burada yapt\u0131\u011f\u0131 konu\u015fmada, ba\u015far\u0131lmas\u0131 zordur denen projeleri T\u00fcrkiye\u2019nin Lefko\u015fa B\u00fcy\u00fckel\u00e7ili\u011fi ile bir bir hayata ge\u00e7irmeye ba\u015flad\u0131klar\u0131n\u0131, bug\u00fcn de bir\u00e7ok engelliyi mutlu edecek bir \u00e7al\u0131\u015fman\u0131n hayata ge\u00e7irildi\u011fini ifade etti.<\/span><\/span><\/span><\/span><\/p>\n<p style=\"text-align:left\"><span style=\"font-size:16px\"><span style=\"font-family:Merriweather,serif !important\"><span style=\"color:#000000\"><span style=\"background-color:#ffffff\">&nbsp;<\/span><\/span><\/span><\/span><\/p>\n<p style=\"text-align:left\"><span style=\"font-size:16px\"><span style=\"font-family:Merriweather,serif !important\"><span style=\"color:#000000\"><span style=\"background-color:#ffffff\">\u00dclkede 4 bine yak\u0131n engelli bulundu\u011funu ve bunlar\u0131n sosyal ya\u015fama kat\u0131l\u0131m\u0131n\u0131 artt\u0131rmak i\u00e7in \u00e7al\u0131\u015fmalar y\u00fcr\u00fctt\u00fcklerini ifade eden \u00dcstel, gerek engellilerle ilgili eksik yasal d\u00fczenlemeler gerekse engellilerin istihdam\u0131 konusunda 17 y\u0131l aradan sonra ilk ad\u0131m\u0131 att\u0131klar\u0131n\u0131, 2024\u2019te bir miktar istihdam yap\u0131laca\u011f\u0131n\u0131 s\u00f6yledi.<\/span><\/span><\/span><\/span><\/p>\n<p style=\"text-align:left\"><span style=\"font-size:16px\"><span style=\"font-family:Merriweather,serif !important\"><span style=\"color:#000000\"><span style=\"background-color:#ffffff\">&nbsp;<\/span><\/span><\/span><\/span><\/p>\n<p style=\"text-align:left\"><span style=\"font-size:16px\"><span style=\"font-family:Merriweather,serif !important\"><span style=\"color:#000000\"><span style=\"background-color:#ffffff\">T\u00fcrkiye\u2019deki t\u00fcm imk\u00e2nlar\u0131n KKTC\u2019de de sunulmas\u0131 i\u00e7in \u00e7al\u0131\u015fmalar\u0131n devam etti\u011fini belirten &nbsp;\u00dcstel, \u201cBiz biriz, b\u00fct\u00fcn\u00fcz, tarihten gelen ba\u011flar\u0131m\u0131z, bizi g\u00fc\u00e7l\u00fc bir \u015fekilde&nbsp; birbirimize ba\u011flad\u0131, sevin\u00e7te de biriz kederde de biriz, ac\u0131da da biriz. Beraber g\u00fcler beraber a\u011flar\u0131z\u201d dedi.<\/span><\/span><\/span><\/span><\/p>\n<p style=\"text-align:left\"><span style=\"font-size:16px\"><span style=\"font-family:Merriweather,serif !important\"><span style=\"color:#000000\"><span style=\"background-color:#ffffff\">&nbsp;<\/span><\/span><\/span><\/span><\/p>\n<p style=\"text-align:left\"><span style=\"font-size:16px\"><span style=\"font-family:Merriweather,serif !important\"><span style=\"color:#000000\"><span style=\"background-color:#ffffff\">\u00dcstel organizasyona katk\u0131 koyan herkese te\u015fekk\u00fcr etti.<\/span><\/span><\/span><\/span><\/p>\n<p style=\"text-align:left\"><span style=\"font-size:16px\"><span style=\"font-family:Merriweather,serif !important\"><span style=\"color:#000000\"><span style=\"background-color:#ffffff\">&nbsp;<\/span><\/span><\/span><\/span><\/p>\n<p style=\"text-align:left\"><span style=\"font-size:16px\"><span style=\"font-family:Merriweather,serif !important\"><span style=\"color:#000000\"><span style=\"background-color:#ffffff\">-Feyzio\u011flu<\/span><\/span><\/span><\/span><\/p>\n<p style=\"text-align:left\"><span style=\"font-size:16px\"><span style=\"font-family:Merriweather,serif !important\"><span style=\"color:#000000\"><span style=\"background-color:#ffffff\">&nbsp;<\/span><\/span><\/span><\/span><\/p>\n<p style=\"text-align:left\"><span style=\"font-size:16px\"><span style=\"font-family:Merriweather,serif !important\"><span style=\"color:#000000\"><span style=\"background-color:#ffffff\">T\u00fcrkiye\u2019nin Lefko\u015fa B\u00fcy\u00fckel\u00e7isi Metin Feyzio\u011flu da, pek \u00e7ok yard\u0131mda bulunan i\u015f adam\u0131 Mehmet Baydondu, Dernek Ba\u015fkan ve M\u00fcd\u00fcr\u00fcne, projenin hayata ge\u00e7mesi i\u00e7in, &#8220;K\u0131br\u0131s T\u00fcrk\u00fcn\u00fcn derdiyle yat\u0131p kalkan&#8221; Milletvekili Orhan Erdem\u2019e katk\u0131lar\u0131ndan dolay\u0131 te\u015fekk\u00fcr etti.<\/span><\/span><\/span><\/span><\/p>\n<p style=\"text-align:left\"><span style=\"font-size:16px\"><span style=\"font-family:Merriweather,serif !important\"><span style=\"color:#000000\"><span style=\"background-color:#ffffff\">&nbsp;<\/span><\/span><\/span><\/span><\/p>\n<p style=\"text-align:left\"><span style=\"font-size:16px\"><span style=\"font-family:Merriweather,serif !important\"><span style=\"color:#000000\"><span style=\"background-color:#ffffff\">B\u00fcy\u00fckel\u00e7i, ba\u011f\u0131\u015flanan tekerli sandalyelerin da\u011f\u0131t\u0131m\u0131na ba\u015fland\u0131\u011f\u0131na da i\u015faret etti.<\/span><\/span><\/span><\/span><\/p>\n<p style=\"text-align:left\"><span style=\"font-size:16px\"><span style=\"font-family:Merriweather,serif !important\"><span style=\"color:#000000\"><span style=\"background-color:#ffffff\">&nbsp;<\/span><\/span><\/span><\/span><\/p>\n<p style=\"text-align:left\"><span style=\"font-size:16px\"><span style=\"font-family:Merriweather,serif !important\"><span style=\"color:#000000\"><span style=\"background-color:#ffffff\">Feyzio\u011flu, ak\u00fc ile \u00e7al\u0131\u015fan sandalyelerin ak\u00fcs\u00fcz geldi\u011fini, bu ak\u00fclerin de T\u00fcrkiye Cumhuriyeti B\u00fcy\u00fckel\u00e7ili\u011fi Kalk\u0131nma ve Ekonomik \u0130\u015fbirli\u011fi Ofisi (KE\u0130) taraf\u0131ndan tedarik edilece\u011fini belirtti.<\/span><\/span><\/span><\/span><\/p>\n<p style=\"text-align:left\"><span style=\"font-size:16px\"><span style=\"font-family:Merriweather,serif !important\"><span style=\"color:#000000\"><span style=\"background-color:#ffffff\">&nbsp;<\/span><\/span><\/span><\/span><\/p>\n<p style=\"text-align:left\"><span style=\"font-size:16px\"><span style=\"font-family:Merriweather,serif !important\"><span style=\"color:#000000\"><span style=\"background-color:#ffffff\">Ba\u015fbakan \u00dcstel\u2019le iyi bir i\u015fbirli\u011fi yapt\u0131klar\u0131n\u0131 anlatan Feyzio\u011flu, on y\u0131ld\u0131r bitmemi\u015f, bitmez denen projeleri teker teker bitirmekte olduklar\u0131n\u0131, son bir y\u0131l i\u00e7erisinde tamamlanan \u00e7al\u0131\u015fmalarla bunun g\u00f6r\u00fclebilece\u011fini kaydetti.<\/span><\/span><\/span><\/span><\/p>\n<p style=\"text-align:left\"><span style=\"font-size:16px\"><span style=\"font-family:Merriweather,serif !important\"><span style=\"color:#000000\"><span style=\"background-color:#ffffff\">&nbsp;<\/span><\/span><\/span><\/span><\/p>\n<p style=\"text-align:left\"><span style=\"font-size:16px\"><span style=\"font-family:Merriweather,serif !important\"><span style=\"color:#000000\"><span style=\"background-color:#ffffff\">Feyzio\u011flu, K\u0131br\u0131s T\u00fcrk\u00fc ile T\u00fcrk halk\u0131 i\u00e7in \u201chayali ortak gelece\u011fimiz bir\u201d dedi.<\/span><\/span><\/span><\/span><\/p>\n<p style=\"text-align:left\"><span style=\"font-size:16px\"><span style=\"font-family:Merriweather,serif !important\"><span style=\"color:#000000\"><span style=\"background-color:#ffffff\">&nbsp;<\/span><\/span><\/span><\/span><\/p>\n<p style=\"text-align:left\"><span style=\"font-size:16px\"><span style=\"font-family:Merriweather,serif !important\"><span style=\"color:#000000\"><span style=\"background-color:#ffffff\">-Gardiyano\u011flu<\/span><\/span><\/span><\/span><\/p>\n<p style=\"text-align:left\"><span style=\"font-size:16px\"><span style=\"font-family:Merriweather,serif !important\"><span style=\"color:#000000\"><span style=\"background-color:#ffffff\">&nbsp;<\/span><\/span><\/span><\/span><\/p>\n<p style=\"text-align:left\"><span style=\"font-size:16px\"><span style=\"font-family:Merriweather,serif !important\"><span style=\"color:#000000\"><span style=\"background-color:#ffffff\">\u00c7al\u0131\u015fma ve Sosyal G\u00fcvenlik Bakan\u0131 Sad\u0131k Gardiyano\u011flu da tekerlekli sandalyelerin anlaml\u0131 ve \u00f6nemli bir ba\u011f\u0131\u015f oldu\u011funu s\u00f6yledi. Gardiyano\u011flu, tekerlekli sandalye ba\u011f\u0131\u015f\u0131yla \u00e7ok \u00f6nemli bir soruna parmak bas\u0131ld\u0131\u011f\u0131n\u0131 ifade etti.<\/span><\/span><\/span><\/span><\/p>\n<p style=\"text-align:left\"><span style=\"font-size:16px\"><span style=\"font-family:Merriweather,serif !important\"><span style=\"color:#000000\"><span style=\"background-color:#ffffff\">&nbsp;<\/span><\/span><\/span><\/span><\/p>\n<p style=\"text-align:left\"><span style=\"font-size:16px\"><span style=\"font-family:Merriweather,serif !important\"><span style=\"color:#000000\"><span style=\"background-color:#ffffff\">-Erdem<\/span><\/span><\/span><\/span><\/p>\n<p style=\"text-align:left\"><span style=\"font-size:16px\"><span style=\"font-family:Merriweather,serif !important\"><span style=\"color:#000000\"><span style=\"background-color:#ffffff\">&nbsp;<\/span><\/span><\/span><\/span><\/p>\n<p style=\"text-align:left\"><span style=\"font-size:16px\"><span style=\"font-family:Merriweather,serif !important\"><span style=\"color:#000000\"><span style=\"background-color:#ffffff\">T\u00fcrkiye &#8211; KKTC Parlamentolar Aras\u0131 Dostluk Grubu Ba\u015fkan\u0131 Orhan Erdem de bunun sadece bir ad\u0131m oldu\u011funu, devam\u0131n\u0131n gelece\u011fini, kendilerine d\u00fc\u015fen g\u00f6revi yerine getirmeye haz\u0131r oldu\u011funu kaydetti.<\/span><\/span><\/span><\/span><\/p>\n<p style=\"text-align:left\"><span style=\"font-size:16px\"><span style=\"font-family:Merriweather,serif !important\"><span style=\"color:#000000\"><span style=\"background-color:#ffffff\">&nbsp;<\/span><\/span><\/span><\/span><\/p>\n<p style=\"text-align:left\"><span style=\"font-size:16px\"><span style=\"font-family:Merriweather,serif !important\"><span style=\"color:#000000\"><span style=\"background-color:#ffffff\">-Baykondu<\/span><\/span><\/span><\/span><\/p>\n<p style=\"text-align:left\"><span style=\"font-size:16px\"><span style=\"font-family:Merriweather,serif !important\"><span style=\"color:#000000\"><span style=\"background-color:#ffffff\">&nbsp;<\/span><\/span><\/span><\/span><\/p>\n<p style=\"text-align:left\"><span style=\"font-size:16px\"><span style=\"font-family:Merriweather,serif !important\"><span style=\"color:#000000\"><span style=\"background-color:#ffffff\">Bel\u00e7ika\u2019da ikamet eden i\u015f insan\u0131 Mehmet Baykondu da, her bireyin bir engelli aday\u0131 oldu\u011funu, bu bilin\u00e7le yard\u0131mda bulunman\u0131n \u00f6nemli oldu\u011funu kaydetti. Baykondu, buna benzer \u00e7al\u0131\u015fmalarda yer almaktan mutluluk duydu\u011funu da kaydetti.<\/span><\/span><\/span><\/span><\/p>\n<p style=\"text-align:left\"><span style=\"font-size:16px\"><span style=\"font-family:Merriweather,serif !important\"><span style=\"color:#000000\"><span style=\"background-color:#ffffff\">&nbsp;<\/span><\/span><\/span><\/span><\/p>\n<p style=\"text-align:left\"><span style=\"font-size:16px\"><span style=\"font-family:Merriweather,serif !important\"><span style=\"color:#000000\"><span style=\"background-color:#ffffff\">-\u00c7amc\u0131<\/span><\/span><\/span><\/span><\/p>\n<p style=\"text-align:left\"><span style=\"font-size:16px\"><span style=\"font-family:Merriweather,serif !important\"><span style=\"color:#000000\"><span style=\"background-color:#ffffff\">&nbsp;<\/span><\/span><\/span><\/span><\/p>\n<p style=\"text-align:left\"><span style=\"font-size:16px\"><span style=\"font-family:Merriweather,serif !important\"><span style=\"color:#000000\"><span style=\"background-color:#ffffff\">Dernek M\u00fcd\u00fcr\u00fc \u00d6zg\u00fcr \u00c7amc\u0131 da, i\u015fadam\u0131 Baykondu\u2019nun, bir talep \u00fczerine Derne\u011fe T\u00fcrkiye ve KKTC\u2019de da\u011f\u0131t\u0131lmak \u00fczere 80 adet ak\u00fcl\u00fc tekerlekli sandalye ba\u011f\u0131\u015f\u0131nda bulundu\u011funu belirtti.<\/span><\/span><\/span><\/span><\/p>\n<p style=\"text-align:left\"><span style=\"font-size:16px\"><span style=\"font-family:Merriweather,serif !important\"><span style=\"color:#000000\"><span style=\"background-color:#ffffff\">&nbsp;<\/span><\/span><\/span><\/span><\/p>\n<p style=\"text-align:left\"><span style=\"font-size:16px\"><span style=\"font-family:Merriweather,serif !important\"><span style=\"color:#000000\"><span style=\"background-color:#ffffff\">-Erdem<\/span><\/span><\/span><\/span><\/p>\n<p style=\"text-align:left\"><span style=\"font-size:16px\"><span style=\"font-family:Merriweather,serif !important\"><span style=\"color:#000000\"><span style=\"background-color:#ffffff\">&nbsp;<\/span><\/span><\/span><\/span><\/p>\n<p style=\"text-align:left\"><span style=\"font-size:16px\"><span style=\"font-family:Merriweather,serif !important\"><span style=\"color:#000000\"><span style=\"background-color:#ffffff\">Dernek Ba\u015fkan\u0131 Dr. B\u00fclent Erdem de b\u00f6yle bir organizasyonun bir par\u00e7as\u0131 olmaktan gurur duyduklar\u0131n\u0131, herkesin bir engelli aday\u0131 oldu\u011funu unutmamas\u0131 gerekti\u011fini ifade etti. Erdem, KKTC\u2019de bunun bir ba\u015flang\u0131\u00e7 olmas\u0131n\u0131 temenni etti.<\/span><\/span><\/span><\/span><\/p>\n","protected":false},"excerpt":{"rendered":"<p>\u00c7al\u0131\u015fma ve Sosyal G\u00fcvenlik Bakanl\u0131\u011f\u0131 ile T\u00fcrkiye Cumhuriyeti\u2019nin baz\u0131 kurum ve yetkililerinin i\u015fbirli\u011fi ile Bel\u00e7ika\u2019da ikamet eden bir i\u015fadam\u0131n\u0131n katk\u0131s\u0131yla temin edilen 16 ak\u00fcl\u00fc, 25 de bisiklet t\u00fcr\u00fc tekerlekli sandalye engelli bireylere da\u011f\u0131t\u0131lmaya ba\u015fland\u0131. &nbsp; T\u00fcrkiye &#8211; KKTC Parlamentolar Aras\u0131 Dostluk Grubu Ba\u015fkan\u0131 Orhan Erdem, &nbsp;T\u00fcrkiye Cumhuriyeti Ak\u015fehir Kaymakaml\u0131\u011f\u0131 Umut Engelliler Sosyal Yard\u0131mla\u015fma ve Dayan\u0131\u015fma<\/p>\n","protected":false},"author":1,"featured_media":26223,"comment_status":"open","ping_status":"open","sticky":false,"template":"","format":"standard","meta":{"footnotes":""},"categories":[1],"tags":[],"class_list":["post-26222","post","type-post","status-publish","format-standard","has-post-thumbnail","hentry","category-gundem"],"yoast_head":"<!-- This site is optimized with the Yoast SEO plugin v27.4 - https:\/\/yoast.com\/product\/yoast-seo-wordpress\/ -->\n<title>16 ak\u00fcl\u00fc 25 de bisiklet t\u00fcr\u00fc sandalye engellilere da\u011f\u0131t\u0131l\u0131yor -<\/title>\n<meta name=\"robots\" content=\"index, follow, max-snippet:-1, max-image-preview:large, max-video-preview:-1\" \/>\n<link rel=\"canonical\" href=\"https:\/\/kibrisdakik.com\/?p=26222\" \/>\n<meta property=\"og:locale\" content=\"tr_TR\" \/>\n<meta property=\"og:type\" content=\"article\" \/>\n<meta property=\"og:title\" content=\"16 ak\u00fcl\u00fc 25 de bisiklet t\u00fcr\u00fc sandalye engellilere da\u011f\u0131t\u0131l\u0131yor -\" \/>\n<meta property=\"og:description\" content=\"\u00c7al\u0131\u015fma ve Sosyal G\u00fcvenlik Bakanl\u0131\u011f\u0131 ile T\u00fcrkiye Cumhuriyeti\u2019nin baz\u0131 kurum ve yetkililerinin i\u015fbirli\u011fi ile Bel\u00e7ika\u2019da ikamet eden bir i\u015fadam\u0131n\u0131n katk\u0131s\u0131yla temin edilen 16 ak\u00fcl\u00fc, 25 de bisiklet t\u00fcr\u00fc tekerlekli sandalye engelli bireylere da\u011f\u0131t\u0131lmaya ba\u015fland\u0131. &nbsp; T\u00fcrkiye &#8211; KKTC Parlamentolar Aras\u0131 Dostluk Grubu Ba\u015fkan\u0131 Orhan Erdem, &nbsp;T\u00fcrkiye Cumhuriyeti Ak\u015fehir Kaymakaml\u0131\u011f\u0131 Umut Engelliler Sosyal Yard\u0131mla\u015fma ve Dayan\u0131\u015fma\" \/>\n<meta property=\"og:url\" content=\"https:\/\/kibrisdakik.com\/?p=26222\" \/>\n<meta property=\"article:published_time\" content=\"2024-01-13T13:20:54+00:00\" \/>\n<meta property=\"og:image\" content=\"https:\/\/kibrisdakik.com\/wp-content\/uploads\/2024\/01\/16-akulu-25-de-bisiklet-turu-sandalye-engellilere-dagitiliyor-1705151423.webp.webp\" \/>\n\t<meta property=\"og:image:width\" content=\"710\" \/>\n\t<meta property=\"og:image:height\" content=\"370\" \/>\n\t<meta property=\"og:image:type\" content=\"image\/webp\" \/>\n<meta name=\"author\" content=\"admin\" \/>\n<meta name=\"twitter:card\" content=\"summary_large_image\" \/>\n<meta name=\"twitter:label1\" content=\"Yazan:\" \/>\n\t<meta name=\"twitter:data1\" content=\"admin\" \/>\n\t<meta name=\"twitter:label2\" content=\"Tahmini okuma s\u00fcresi\" \/>\n\t<meta name=\"twitter:data2\" content=\"4 dakika\" \/>\n<script type=\"application\/ld+json\" class=\"yoast-schema-graph\">{\"@context\":\"https:\\\/\\\/schema.org\",\"@graph\":[{\"@type\":\"Article\",\"@id\":\"https:\\\/\\\/kibrisdakik.com\\\/?p=26222#article\",\"isPartOf\":{\"@id\":\"https:\\\/\\\/kibrisdakik.com\\\/?p=26222\"},\"author\":{\"name\":\"admin\",\"@id\":\"https:\\\/\\\/kibrisdakik.com\\\/#\\\/schema\\\/person\\\/9cd9d437bbb44f72b73ba127e06d8e79\"},\"headline\":\"16 ak\u00fcl\u00fc 25 de bisiklet t\u00fcr\u00fc sandalye engellilere da\u011f\u0131t\u0131l\u0131yor\",\"datePublished\":\"2024-01-13T13:20:54+00:00\",\"mainEntityOfPage\":{\"@id\":\"https:\\\/\\\/kibrisdakik.com\\\/?p=26222\"},\"wordCount\":758,\"commentCount\":0,\"image\":{\"@id\":\"https:\\\/\\\/kibrisdakik.com\\\/?p=26222#primaryimage\"},\"thumbnailUrl\":\"https:\\\/\\\/kibrisdakik.com\\\/wp-content\\\/uploads\\\/2024\\\/01\\\/16-akulu-25-de-bisiklet-turu-sandalye-engellilere-dagitiliyor-1705151423.webp.webp\",\"articleSection\":[\"G\u00fcndem\"],\"inLanguage\":\"tr\",\"potentialAction\":[{\"@type\":\"CommentAction\",\"name\":\"Comment\",\"target\":[\"https:\\\/\\\/kibrisdakik.com\\\/?p=26222#respond\"]}]},{\"@type\":\"WebPage\",\"@id\":\"https:\\\/\\\/kibrisdakik.com\\\/?p=26222\",\"url\":\"https:\\\/\\\/kibrisdakik.com\\\/?p=26222\",\"name\":\"16 ak\u00fcl\u00fc 25 de bisiklet t\u00fcr\u00fc sandalye engellilere da\u011f\u0131t\u0131l\u0131yor -\",\"isPartOf\":{\"@id\":\"https:\\\/\\\/kibrisdakik.com\\\/#website\"},\"primaryImageOfPage\":{\"@id\":\"https:\\\/\\\/kibrisdakik.com\\\/?p=26222#primaryimage\"},\"image\":{\"@id\":\"https:\\\/\\\/kibrisdakik.com\\\/?p=26222#primaryimage\"},\"thumbnailUrl\":\"https:\\\/\\\/kibrisdakik.com\\\/wp-content\\\/uploads\\\/2024\\\/01\\\/16-akulu-25-de-bisiklet-turu-sandalye-engellilere-dagitiliyor-1705151423.webp.webp\",\"datePublished\":\"2024-01-13T13:20:54+00:00\",\"author\":{\"@id\":\"https:\\\/\\\/kibrisdakik.com\\\/#\\\/schema\\\/person\\\/9cd9d437bbb44f72b73ba127e06d8e79\"},\"breadcrumb\":{\"@id\":\"https:\\\/\\\/kibrisdakik.com\\\/?p=26222#breadcrumb\"},\"inLanguage\":\"tr\",\"potentialAction\":[{\"@type\":\"ReadAction\",\"target\":[\"https:\\\/\\\/kibrisdakik.com\\\/?p=26222\"]}]},{\"@type\":\"ImageObject\",\"inLanguage\":\"tr\",\"@id\":\"https:\\\/\\\/kibrisdakik.com\\\/?p=26222#primaryimage\",\"url\":\"https:\\\/\\\/kibrisdakik.com\\\/wp-content\\\/uploads\\\/2024\\\/01\\\/16-akulu-25-de-bisiklet-turu-sandalye-engellilere-dagitiliyor-1705151423.webp.webp\",\"contentUrl\":\"https:\\\/\\\/kibrisdakik.com\\\/wp-content\\\/uploads\\\/2024\\\/01\\\/16-akulu-25-de-bisiklet-turu-sandalye-engellilere-dagitiliyor-1705151423.webp.webp\",\"width\":710,\"height\":370},{\"@type\":\"BreadcrumbList\",\"@id\":\"https:\\\/\\\/kibrisdakik.com\\\/?p=26222#breadcrumb\",\"itemListElement\":[{\"@type\":\"ListItem\",\"position\":1,\"name\":\"Home\",\"item\":\"https:\\\/\\\/kibrisdakik.com\\\/\"},{\"@type\":\"ListItem\",\"position\":2,\"name\":\"16 ak\u00fcl\u00fc 25 de bisiklet t\u00fcr\u00fc sandalye engellilere da\u011f\u0131t\u0131l\u0131yor\"}]},{\"@type\":\"WebSite\",\"@id\":\"https:\\\/\\\/kibrisdakik.com\\\/#website\",\"url\":\"https:\\\/\\\/kibrisdakik.com\\\/\",\"name\":\"\",\"description\":\"Tam vaktinde haber\",\"potentialAction\":[{\"@type\":\"SearchAction\",\"target\":{\"@type\":\"EntryPoint\",\"urlTemplate\":\"https:\\\/\\\/kibrisdakik.com\\\/?s={search_term_string}\"},\"query-input\":{\"@type\":\"PropertyValueSpecification\",\"valueRequired\":true,\"valueName\":\"search_term_string\"}}],\"inLanguage\":\"tr\"},{\"@type\":\"Person\",\"@id\":\"https:\\\/\\\/kibrisdakik.com\\\/#\\\/schema\\\/person\\\/9cd9d437bbb44f72b73ba127e06d8e79\",\"name\":\"admin\",\"image\":{\"@type\":\"ImageObject\",\"inLanguage\":\"tr\",\"@id\":\"https:\\\/\\\/secure.gravatar.com\\\/avatar\\\/ccc17943b9d660506c869530f897617f7cb1c21a4bf30023f252596d83e1f007?s=96&d=mm&r=g\",\"url\":\"https:\\\/\\\/secure.gravatar.com\\\/avatar\\\/ccc17943b9d660506c869530f897617f7cb1c21a4bf30023f252596d83e1f007?s=96&d=mm&r=g\",\"contentUrl\":\"https:\\\/\\\/secure.gravatar.com\\\/avatar\\\/ccc17943b9d660506c869530f897617f7cb1c21a4bf30023f252596d83e1f007?s=96&d=mm&r=g\",\"caption\":\"admin\"},\"sameAs\":[\"https:\\\/\\\/kibrisdakik.com\"],\"url\":\"https:\\\/\\\/kibrisdakik.com\\\/?author=1\"}]}<\/script>\n<!-- \/ Yoast SEO plugin. -->","yoast_head_json":{"title":"16 ak\u00fcl\u00fc 25 de bisiklet t\u00fcr\u00fc sandalye engellilere da\u011f\u0131t\u0131l\u0131yor -","robots":{"index":"index","follow":"follow","max-snippet":"max-snippet:-1","max-image-preview":"max-image-preview:large","max-video-preview":"max-video-preview:-1"},"canonical":"https:\/\/kibrisdakik.com\/?p=26222","og_locale":"tr_TR","og_type":"article","og_title":"16 ak\u00fcl\u00fc 25 de bisiklet t\u00fcr\u00fc sandalye engellilere da\u011f\u0131t\u0131l\u0131yor -","og_description":"\u00c7al\u0131\u015fma ve Sosyal G\u00fcvenlik Bakanl\u0131\u011f\u0131 ile T\u00fcrkiye Cumhuriyeti\u2019nin baz\u0131 kurum ve yetkililerinin i\u015fbirli\u011fi ile Bel\u00e7ika\u2019da ikamet eden bir i\u015fadam\u0131n\u0131n katk\u0131s\u0131yla temin edilen 16 ak\u00fcl\u00fc, 25 de bisiklet t\u00fcr\u00fc tekerlekli sandalye engelli bireylere da\u011f\u0131t\u0131lmaya ba\u015fland\u0131. &nbsp; T\u00fcrkiye &#8211; KKTC Parlamentolar Aras\u0131 Dostluk Grubu Ba\u015fkan\u0131 Orhan Erdem, &nbsp;T\u00fcrkiye Cumhuriyeti Ak\u015fehir Kaymakaml\u0131\u011f\u0131 Umut Engelliler Sosyal Yard\u0131mla\u015fma ve Dayan\u0131\u015fma","og_url":"https:\/\/kibrisdakik.com\/?p=26222","article_published_time":"2024-01-13T13:20:54+00:00","og_image":[{"width":710,"height":370,"url":"https:\/\/kibrisdakik.com\/wp-content\/uploads\/2024\/01\/16-akulu-25-de-bisiklet-turu-sandalye-engellilere-dagitiliyor-1705151423.webp.webp","type":"image\/webp"}],"author":"admin","twitter_card":"summary_large_image","twitter_misc":{"Yazan:":"admin","Tahmini okuma s\u00fcresi":"4 dakika"},"schema":{"@context":"https:\/\/schema.org","@graph":[{"@type":"Article","@id":"https:\/\/kibrisdakik.com\/?p=26222#article","isPartOf":{"@id":"https:\/\/kibrisdakik.com\/?p=26222"},"author":{"name":"admin","@id":"https:\/\/kibrisdakik.com\/#\/schema\/person\/9cd9d437bbb44f72b73ba127e06d8e79"},"headline":"16 ak\u00fcl\u00fc 25 de bisiklet t\u00fcr\u00fc sandalye engellilere da\u011f\u0131t\u0131l\u0131yor","datePublished":"2024-01-13T13:20:54+00:00","mainEntityOfPage":{"@id":"https:\/\/kibrisdakik.com\/?p=26222"},"wordCount":758,"commentCount":0,"image":{"@id":"https:\/\/kibrisdakik.com\/?p=26222#primaryimage"},"thumbnailUrl":"https:\/\/kibrisdakik.com\/wp-content\/uploads\/2024\/01\/16-akulu-25-de-bisiklet-turu-sandalye-engellilere-dagitiliyor-1705151423.webp.webp","articleSection":["G\u00fcndem"],"inLanguage":"tr","potentialAction":[{"@type":"CommentAction","name":"Comment","target":["https:\/\/kibrisdakik.com\/?p=26222#respond"]}]},{"@type":"WebPage","@id":"https:\/\/kibrisdakik.com\/?p=26222","url":"https:\/\/kibrisdakik.com\/?p=26222","name":"16 ak\u00fcl\u00fc 25 de bisiklet t\u00fcr\u00fc sandalye engellilere da\u011f\u0131t\u0131l\u0131yor -","isPartOf":{"@id":"https:\/\/kibrisdakik.com\/#website"},"primaryImageOfPage":{"@id":"https:\/\/kibrisdakik.com\/?p=26222#primaryimage"},"image":{"@id":"https:\/\/kibrisdakik.com\/?p=26222#primaryimage"},"thumbnailUrl":"https:\/\/kibrisdakik.com\/wp-content\/uploads\/2024\/01\/16-akulu-25-de-bisiklet-turu-sandalye-engellilere-dagitiliyor-1705151423.webp.webp","datePublished":"2024-01-13T13:20:54+00:00","author":{"@id":"https:\/\/kibrisdakik.com\/#\/schema\/person\/9cd9d437bbb44f72b73ba127e06d8e79"},"breadcrumb":{"@id":"https:\/\/kibrisdakik.com\/?p=26222#breadcrumb"},"inLanguage":"tr","potentialAction":[{"@type":"ReadAction","target":["https:\/\/kibrisdakik.com\/?p=26222"]}]},{"@type":"ImageObject","inLanguage":"tr","@id":"https:\/\/kibrisdakik.com\/?p=26222#primaryimage","url":"https:\/\/kibrisdakik.com\/wp-content\/uploads\/2024\/01\/16-akulu-25-de-bisiklet-turu-sandalye-engellilere-dagitiliyor-1705151423.webp.webp","contentUrl":"https:\/\/kibrisdakik.com\/wp-content\/uploads\/2024\/01\/16-akulu-25-de-bisiklet-turu-sandalye-engellilere-dagitiliyor-1705151423.webp.webp","width":710,"height":370},{"@type":"BreadcrumbList","@id":"https:\/\/kibrisdakik.com\/?p=26222#breadcrumb","itemListElement":[{"@type":"ListItem","position":1,"name":"Home","item":"https:\/\/kibrisdakik.com\/"},{"@type":"ListItem","position":2,"name":"16 ak\u00fcl\u00fc 25 de bisiklet t\u00fcr\u00fc sandalye engellilere da\u011f\u0131t\u0131l\u0131yor"}]},{"@type":"WebSite","@id":"https:\/\/kibrisdakik.com\/#website","url":"https:\/\/kibrisdakik.com\/","name":"","description":"Tam vaktinde haber","potentialAction":[{"@type":"SearchAction","target":{"@type":"EntryPoint","urlTemplate":"https:\/\/kibrisdakik.com\/?s={search_term_string}"},"query-input":{"@type":"PropertyValueSpecification","valueRequired":true,"valueName":"search_term_string"}}],"inLanguage":"tr"},{"@type":"Person","@id":"https:\/\/kibrisdakik.com\/#\/schema\/person\/9cd9d437bbb44f72b73ba127e06d8e79","name":"admin","image":{"@type":"ImageObject","inLanguage":"tr","@id":"https:\/\/secure.gravatar.com\/avatar\/ccc17943b9d660506c869530f897617f7cb1c21a4bf30023f252596d83e1f007?s=96&d=mm&r=g","url":"https:\/\/secure.gravatar.com\/avatar\/ccc17943b9d660506c869530f897617f7cb1c21a4bf30023f252596d83e1f007?s=96&d=mm&r=g","contentUrl":"https:\/\/secure.gravatar.com\/avatar\/ccc17943b9d660506c869530f897617f7cb1c21a4bf30023f252596d83e1f007?s=96&d=mm&r=g","caption":"admin"},"sameAs":["https:\/\/kibrisdakik.com"],"url":"https:\/\/kibrisdakik.com\/?author=1"}]}},"_links":{"self":[{"href":"https:\/\/kibrisdakik.com\/index.php?rest_route=\/wp\/v2\/posts\/26222","targetHints":{"allow":["GET"]}}],"collection":[{"href":"https:\/\/kibrisdakik.com\/index.php?rest_route=\/wp\/v2\/posts"}],"about":[{"href":"https:\/\/kibrisdakik.com\/index.php?rest_route=\/wp\/v2\/types\/post"}],"author":[{"embeddable":true,"href":"https:\/\/kibrisdakik.com\/index.php?rest_route=\/wp\/v2\/users\/1"}],"replies":[{"embeddable":true,"href":"https:\/\/kibrisdakik.com\/index.php?rest_route=%2Fwp%2Fv2%2Fcomments&post=26222"}],"version-history":[{"count":0,"href":"https:\/\/kibrisdakik.com\/index.php?rest_route=\/wp\/v2\/posts\/26222\/revisions"}],"wp:featuredmedia":[{"embeddable":true,"href":"https:\/\/kibrisdakik.com\/index.php?rest_route=\/wp\/v2\/media\/26223"}],"wp:attachment":[{"href":"https:\/\/kibrisdakik.com\/index.php?rest_route=%2Fwp%2Fv2%2Fmedia&parent=26222"}],"wp:term":[{"taxonomy":"category","embeddable":true,"href":"https:\/\/kibrisdakik.com\/index.php?rest_route=%2Fwp%2Fv2%2Fcategories&post=26222"},{"taxonomy":"post_tag","embeddable":true,"href":"https:\/\/kibrisdakik.com\/index.php?rest_route=%2Fwp%2Fv2%2Ftags&post=26222"}],"curies":[{"name":"wp","href":"https:\/\/api.w.org\/{rel}","templated":true}]}}