{"id":26262,"date":"2024-01-13T20:29:12","date_gmt":"2024-01-13T20:29:12","guid":{"rendered":"https:\/\/kibrisdakik.com\/index.php\/2024\/01\/13\/chp-sinop-milletvekili-baris-karadeniz-trafik-kazasi-gecirdi\/"},"modified":"2024-01-13T20:29:12","modified_gmt":"2024-01-13T20:29:12","slug":"chp-sinop-milletvekili-baris-karadeniz-trafik-kazasi-gecirdi","status":"publish","type":"post","link":"https:\/\/kibrisdakik.com\/?p=26262","title":{"rendered":"CHP Sinop milletvekili Bar\u0131\u015f Karadeniz trafik kazas\u0131 ge\u00e7irdi"},"content":{"rendered":"<p><img decoding=\"async\" src=\"https:\/\/www.kibristurk.com\/images\/haberler\/2024\/01\/chp-sinop-milletvekili-baris-karadeniz-trafik-kazasi-gecirdi-1705177146.webp\" \/><\/p>\n<p>Edinilen bilgiye g\u00f6re kaza, saat 18.50 s\u0131ralar\u0131nda&nbsp;Sinop-Samsun yolu \u00c7iftlik mevkiinde meydana geldi.<\/p>\n<p>Sinop y\u00f6n\u00fcne seyir halinde olan&nbsp;CHP&nbsp;Sinop Milletvekili Bar\u0131\u015f Karadeniz y\u00f6netimindeki otomobil, ayn\u0131 istikamette seyir halinde olan minib\u00fcse arkadan \u00e7arpt\u0131.<\/p>\n<p>Kazada Milletvekili Karadeniz ile ara\u00e7ta bulunan eski CHP Antalya Milletvekili \u00c7etin Osman Budak ve di\u011fer arac\u0131n s\u00fcr\u00fcc\u00fcs\u00fc olmak \u00fczere 4 ki\u015fi hafif \u015fekilde yaraland\u0131.<\/p>\n<p>Yaral\u0131lar Sinop Atat\u00fcrk Devlet Hastanesi&#8217;nde yap\u0131lan tedavilerinin ard\u0131ndan taburcu edildi.<\/p>\n","protected":false},"excerpt":{"rendered":"<p>Edinilen bilgiye g\u00f6re kaza, saat 18.50 s\u0131ralar\u0131nda&nbsp;Sinop-Samsun yolu \u00c7iftlik mevkiinde meydana geldi. Sinop y\u00f6n\u00fcne seyir halinde olan&nbsp;CHP&nbsp;Sinop Milletvekili Bar\u0131\u015f Karadeniz y\u00f6netimindeki otomobil, ayn\u0131 istikamette seyir halinde olan minib\u00fcse arkadan \u00e7arpt\u0131. Kazada Milletvekili Karadeniz ile ara\u00e7ta bulunan eski CHP Antalya Milletvekili \u00c7etin Osman Budak ve di\u011fer arac\u0131n s\u00fcr\u00fcc\u00fcs\u00fc olmak \u00fczere 4 ki\u015fi hafif \u015fekilde yaraland\u0131. Yaral\u0131lar<\/p>\n","protected":false},"author":1,"featured_media":26263,"comment_status":"open","ping_status":"open","sticky":false,"template":"","format":"standard","meta":{"footnotes":""},"categories":[1],"tags":[],"class_list":["post-26262","post","type-post","status-publish","format-standard","has-post-thumbnail","hentry","category-gundem"],"yoast_head":"<!-- This site is optimized with the Yoast SEO plugin v27.5 - https:\/\/yoast.com\/product\/yoast-seo-wordpress\/ -->\n<title>CHP Sinop milletvekili Bar\u0131\u015f Karadeniz trafik kazas\u0131 ge\u00e7irdi -<\/title>\n<meta name=\"robots\" content=\"index, follow, max-snippet:-1, max-image-preview:large, max-video-preview:-1\" \/>\n<link rel=\"canonical\" href=\"https:\/\/kibrisdakik.com\/?p=26262\" \/>\n<meta property=\"og:locale\" content=\"tr_TR\" \/>\n<meta property=\"og:type\" content=\"article\" \/>\n<meta property=\"og:title\" content=\"CHP Sinop milletvekili Bar\u0131\u015f Karadeniz trafik kazas\u0131 ge\u00e7irdi -\" \/>\n<meta property=\"og:description\" content=\"Edinilen bilgiye g\u00f6re kaza, saat 18.50 s\u0131ralar\u0131nda&nbsp;Sinop-Samsun yolu \u00c7iftlik mevkiinde meydana geldi. Sinop y\u00f6n\u00fcne seyir halinde olan&nbsp;CHP&nbsp;Sinop Milletvekili Bar\u0131\u015f Karadeniz y\u00f6netimindeki otomobil, ayn\u0131 istikamette seyir halinde olan minib\u00fcse arkadan \u00e7arpt\u0131. Kazada Milletvekili Karadeniz ile ara\u00e7ta bulunan eski CHP Antalya Milletvekili \u00c7etin Osman Budak ve di\u011fer arac\u0131n s\u00fcr\u00fcc\u00fcs\u00fc olmak \u00fczere 4 ki\u015fi hafif \u015fekilde yaraland\u0131. Yaral\u0131lar\" \/>\n<meta property=\"og:url\" content=\"https:\/\/kibrisdakik.com\/?p=26262\" \/>\n<meta property=\"article:published_time\" content=\"2024-01-13T20:29:12+00:00\" \/>\n<meta property=\"og:image\" content=\"https:\/\/kibrisdakik.com\/wp-content\/uploads\/2024\/01\/chp-sinop-milletvekili-baris-karadeniz-trafik-kazasi-gecirdi-1705177146.webp.webp\" \/>\n\t<meta property=\"og:image:width\" content=\"710\" \/>\n\t<meta property=\"og:image:height\" content=\"370\" \/>\n\t<meta property=\"og:image:type\" content=\"image\/webp\" \/>\n<meta name=\"author\" content=\"admin\" \/>\n<meta name=\"twitter:card\" content=\"summary_large_image\" \/>\n<meta name=\"twitter:label1\" content=\"Yazan:\" \/>\n\t<meta name=\"twitter:data1\" content=\"admin\" \/>\n<script type=\"application\/ld+json\" class=\"yoast-schema-graph\">{\"@context\":\"https:\\\/\\\/schema.org\",\"@graph\":[{\"@type\":\"Article\",\"@id\":\"https:\\\/\\\/kibrisdakik.com\\\/?p=26262#article\",\"isPartOf\":{\"@id\":\"https:\\\/\\\/kibrisdakik.com\\\/?p=26262\"},\"author\":{\"name\":\"admin\",\"@id\":\"https:\\\/\\\/kibrisdakik.com\\\/#\\\/schema\\\/person\\\/9cd9d437bbb44f72b73ba127e06d8e79\"},\"headline\":\"CHP Sinop milletvekili Bar\u0131\u015f Karadeniz trafik kazas\u0131 ge\u00e7irdi\",\"datePublished\":\"2024-01-13T20:29:12+00:00\",\"mainEntityOfPage\":{\"@id\":\"https:\\\/\\\/kibrisdakik.com\\\/?p=26262\"},\"wordCount\":95,\"commentCount\":0,\"image\":{\"@id\":\"https:\\\/\\\/kibrisdakik.com\\\/?p=26262#primaryimage\"},\"thumbnailUrl\":\"https:\\\/\\\/kibrisdakik.com\\\/wp-content\\\/uploads\\\/2024\\\/01\\\/chp-sinop-milletvekili-baris-karadeniz-trafik-kazasi-gecirdi-1705177146.webp.webp\",\"articleSection\":[\"G\u00fcndem\"],\"inLanguage\":\"tr\",\"potentialAction\":[{\"@type\":\"CommentAction\",\"name\":\"Comment\",\"target\":[\"https:\\\/\\\/kibrisdakik.com\\\/?p=26262#respond\"]}]},{\"@type\":\"WebPage\",\"@id\":\"https:\\\/\\\/kibrisdakik.com\\\/?p=26262\",\"url\":\"https:\\\/\\\/kibrisdakik.com\\\/?p=26262\",\"name\":\"CHP Sinop milletvekili Bar\u0131\u015f Karadeniz trafik kazas\u0131 ge\u00e7irdi -\",\"isPartOf\":{\"@id\":\"https:\\\/\\\/kibrisdakik.com\\\/#website\"},\"primaryImageOfPage\":{\"@id\":\"https:\\\/\\\/kibrisdakik.com\\\/?p=26262#primaryimage\"},\"image\":{\"@id\":\"https:\\\/\\\/kibrisdakik.com\\\/?p=26262#primaryimage\"},\"thumbnailUrl\":\"https:\\\/\\\/kibrisdakik.com\\\/wp-content\\\/uploads\\\/2024\\\/01\\\/chp-sinop-milletvekili-baris-karadeniz-trafik-kazasi-gecirdi-1705177146.webp.webp\",\"datePublished\":\"2024-01-13T20:29:12+00:00\",\"author\":{\"@id\":\"https:\\\/\\\/kibrisdakik.com\\\/#\\\/schema\\\/person\\\/9cd9d437bbb44f72b73ba127e06d8e79\"},\"breadcrumb\":{\"@id\":\"https:\\\/\\\/kibrisdakik.com\\\/?p=26262#breadcrumb\"},\"inLanguage\":\"tr\",\"potentialAction\":[{\"@type\":\"ReadAction\",\"target\":[\"https:\\\/\\\/kibrisdakik.com\\\/?p=26262\"]}]},{\"@type\":\"ImageObject\",\"inLanguage\":\"tr\",\"@id\":\"https:\\\/\\\/kibrisdakik.com\\\/?p=26262#primaryimage\",\"url\":\"https:\\\/\\\/kibrisdakik.com\\\/wp-content\\\/uploads\\\/2024\\\/01\\\/chp-sinop-milletvekili-baris-karadeniz-trafik-kazasi-gecirdi-1705177146.webp.webp\",\"contentUrl\":\"https:\\\/\\\/kibrisdakik.com\\\/wp-content\\\/uploads\\\/2024\\\/01\\\/chp-sinop-milletvekili-baris-karadeniz-trafik-kazasi-gecirdi-1705177146.webp.webp\",\"width\":710,\"height\":370},{\"@type\":\"BreadcrumbList\",\"@id\":\"https:\\\/\\\/kibrisdakik.com\\\/?p=26262#breadcrumb\",\"itemListElement\":[{\"@type\":\"ListItem\",\"position\":1,\"name\":\"Home\",\"item\":\"https:\\\/\\\/kibrisdakik.com\\\/\"},{\"@type\":\"ListItem\",\"position\":2,\"name\":\"CHP Sinop milletvekili Bar\u0131\u015f Karadeniz trafik kazas\u0131 ge\u00e7irdi\"}]},{\"@type\":\"WebSite\",\"@id\":\"https:\\\/\\\/kibrisdakik.com\\\/#website\",\"url\":\"https:\\\/\\\/kibrisdakik.com\\\/\",\"name\":\"\",\"description\":\"Tam vaktinde haber\",\"potentialAction\":[{\"@type\":\"SearchAction\",\"target\":{\"@type\":\"EntryPoint\",\"urlTemplate\":\"https:\\\/\\\/kibrisdakik.com\\\/?s={search_term_string}\"},\"query-input\":{\"@type\":\"PropertyValueSpecification\",\"valueRequired\":true,\"valueName\":\"search_term_string\"}}],\"inLanguage\":\"tr\"},{\"@type\":\"Person\",\"@id\":\"https:\\\/\\\/kibrisdakik.com\\\/#\\\/schema\\\/person\\\/9cd9d437bbb44f72b73ba127e06d8e79\",\"name\":\"admin\",\"image\":{\"@type\":\"ImageObject\",\"inLanguage\":\"tr\",\"@id\":\"https:\\\/\\\/secure.gravatar.com\\\/avatar\\\/ccc17943b9d660506c869530f897617f7cb1c21a4bf30023f252596d83e1f007?s=96&d=mm&r=g\",\"url\":\"https:\\\/\\\/secure.gravatar.com\\\/avatar\\\/ccc17943b9d660506c869530f897617f7cb1c21a4bf30023f252596d83e1f007?s=96&d=mm&r=g\",\"contentUrl\":\"https:\\\/\\\/secure.gravatar.com\\\/avatar\\\/ccc17943b9d660506c869530f897617f7cb1c21a4bf30023f252596d83e1f007?s=96&d=mm&r=g\",\"caption\":\"admin\"},\"sameAs\":[\"https:\\\/\\\/kibrisdakik.com\"],\"url\":\"https:\\\/\\\/kibrisdakik.com\\\/?author=1\"}]}<\/script>\n<!-- \/ Yoast SEO plugin. -->","yoast_head_json":{"title":"CHP Sinop milletvekili Bar\u0131\u015f Karadeniz trafik kazas\u0131 ge\u00e7irdi -","robots":{"index":"index","follow":"follow","max-snippet":"max-snippet:-1","max-image-preview":"max-image-preview:large","max-video-preview":"max-video-preview:-1"},"canonical":"https:\/\/kibrisdakik.com\/?p=26262","og_locale":"tr_TR","og_type":"article","og_title":"CHP Sinop milletvekili Bar\u0131\u015f Karadeniz trafik kazas\u0131 ge\u00e7irdi -","og_description":"Edinilen bilgiye g\u00f6re kaza, saat 18.50 s\u0131ralar\u0131nda&nbsp;Sinop-Samsun yolu \u00c7iftlik mevkiinde meydana geldi. Sinop y\u00f6n\u00fcne seyir halinde olan&nbsp;CHP&nbsp;Sinop Milletvekili Bar\u0131\u015f Karadeniz y\u00f6netimindeki otomobil, ayn\u0131 istikamette seyir halinde olan minib\u00fcse arkadan \u00e7arpt\u0131. Kazada Milletvekili Karadeniz ile ara\u00e7ta bulunan eski CHP Antalya Milletvekili \u00c7etin Osman Budak ve di\u011fer arac\u0131n s\u00fcr\u00fcc\u00fcs\u00fc olmak \u00fczere 4 ki\u015fi hafif \u015fekilde yaraland\u0131. Yaral\u0131lar","og_url":"https:\/\/kibrisdakik.com\/?p=26262","article_published_time":"2024-01-13T20:29:12+00:00","og_image":[{"width":710,"height":370,"url":"https:\/\/kibrisdakik.com\/wp-content\/uploads\/2024\/01\/chp-sinop-milletvekili-baris-karadeniz-trafik-kazasi-gecirdi-1705177146.webp.webp","type":"image\/webp"}],"author":"admin","twitter_card":"summary_large_image","twitter_misc":{"Yazan:":"admin"},"schema":{"@context":"https:\/\/schema.org","@graph":[{"@type":"Article","@id":"https:\/\/kibrisdakik.com\/?p=26262#article","isPartOf":{"@id":"https:\/\/kibrisdakik.com\/?p=26262"},"author":{"name":"admin","@id":"https:\/\/kibrisdakik.com\/#\/schema\/person\/9cd9d437bbb44f72b73ba127e06d8e79"},"headline":"CHP Sinop milletvekili Bar\u0131\u015f Karadeniz trafik kazas\u0131 ge\u00e7irdi","datePublished":"2024-01-13T20:29:12+00:00","mainEntityOfPage":{"@id":"https:\/\/kibrisdakik.com\/?p=26262"},"wordCount":95,"commentCount":0,"image":{"@id":"https:\/\/kibrisdakik.com\/?p=26262#primaryimage"},"thumbnailUrl":"https:\/\/kibrisdakik.com\/wp-content\/uploads\/2024\/01\/chp-sinop-milletvekili-baris-karadeniz-trafik-kazasi-gecirdi-1705177146.webp.webp","articleSection":["G\u00fcndem"],"inLanguage":"tr","potentialAction":[{"@type":"CommentAction","name":"Comment","target":["https:\/\/kibrisdakik.com\/?p=26262#respond"]}]},{"@type":"WebPage","@id":"https:\/\/kibrisdakik.com\/?p=26262","url":"https:\/\/kibrisdakik.com\/?p=26262","name":"CHP Sinop milletvekili Bar\u0131\u015f Karadeniz trafik kazas\u0131 ge\u00e7irdi -","isPartOf":{"@id":"https:\/\/kibrisdakik.com\/#website"},"primaryImageOfPage":{"@id":"https:\/\/kibrisdakik.com\/?p=26262#primaryimage"},"image":{"@id":"https:\/\/kibrisdakik.com\/?p=26262#primaryimage"},"thumbnailUrl":"https:\/\/kibrisdakik.com\/wp-content\/uploads\/2024\/01\/chp-sinop-milletvekili-baris-karadeniz-trafik-kazasi-gecirdi-1705177146.webp.webp","datePublished":"2024-01-13T20:29:12+00:00","author":{"@id":"https:\/\/kibrisdakik.com\/#\/schema\/person\/9cd9d437bbb44f72b73ba127e06d8e79"},"breadcrumb":{"@id":"https:\/\/kibrisdakik.com\/?p=26262#breadcrumb"},"inLanguage":"tr","potentialAction":[{"@type":"ReadAction","target":["https:\/\/kibrisdakik.com\/?p=26262"]}]},{"@type":"ImageObject","inLanguage":"tr","@id":"https:\/\/kibrisdakik.com\/?p=26262#primaryimage","url":"https:\/\/kibrisdakik.com\/wp-content\/uploads\/2024\/01\/chp-sinop-milletvekili-baris-karadeniz-trafik-kazasi-gecirdi-1705177146.webp.webp","contentUrl":"https:\/\/kibrisdakik.com\/wp-content\/uploads\/2024\/01\/chp-sinop-milletvekili-baris-karadeniz-trafik-kazasi-gecirdi-1705177146.webp.webp","width":710,"height":370},{"@type":"BreadcrumbList","@id":"https:\/\/kibrisdakik.com\/?p=26262#breadcrumb","itemListElement":[{"@type":"ListItem","position":1,"name":"Home","item":"https:\/\/kibrisdakik.com\/"},{"@type":"ListItem","position":2,"name":"CHP Sinop milletvekili Bar\u0131\u015f Karadeniz trafik kazas\u0131 ge\u00e7irdi"}]},{"@type":"WebSite","@id":"https:\/\/kibrisdakik.com\/#website","url":"https:\/\/kibrisdakik.com\/","name":"","description":"Tam vaktinde haber","potentialAction":[{"@type":"SearchAction","target":{"@type":"EntryPoint","urlTemplate":"https:\/\/kibrisdakik.com\/?s={search_term_string}"},"query-input":{"@type":"PropertyValueSpecification","valueRequired":true,"valueName":"search_term_string"}}],"inLanguage":"tr"},{"@type":"Person","@id":"https:\/\/kibrisdakik.com\/#\/schema\/person\/9cd9d437bbb44f72b73ba127e06d8e79","name":"admin","image":{"@type":"ImageObject","inLanguage":"tr","@id":"https:\/\/secure.gravatar.com\/avatar\/ccc17943b9d660506c869530f897617f7cb1c21a4bf30023f252596d83e1f007?s=96&d=mm&r=g","url":"https:\/\/secure.gravatar.com\/avatar\/ccc17943b9d660506c869530f897617f7cb1c21a4bf30023f252596d83e1f007?s=96&d=mm&r=g","contentUrl":"https:\/\/secure.gravatar.com\/avatar\/ccc17943b9d660506c869530f897617f7cb1c21a4bf30023f252596d83e1f007?s=96&d=mm&r=g","caption":"admin"},"sameAs":["https:\/\/kibrisdakik.com"],"url":"https:\/\/kibrisdakik.com\/?author=1"}]}},"_links":{"self":[{"href":"https:\/\/kibrisdakik.com\/index.php?rest_route=\/wp\/v2\/posts\/26262","targetHints":{"allow":["GET"]}}],"collection":[{"href":"https:\/\/kibrisdakik.com\/index.php?rest_route=\/wp\/v2\/posts"}],"about":[{"href":"https:\/\/kibrisdakik.com\/index.php?rest_route=\/wp\/v2\/types\/post"}],"author":[{"embeddable":true,"href":"https:\/\/kibrisdakik.com\/index.php?rest_route=\/wp\/v2\/users\/1"}],"replies":[{"embeddable":true,"href":"https:\/\/kibrisdakik.com\/index.php?rest_route=%2Fwp%2Fv2%2Fcomments&post=26262"}],"version-history":[{"count":0,"href":"https:\/\/kibrisdakik.com\/index.php?rest_route=\/wp\/v2\/posts\/26262\/revisions"}],"wp:featuredmedia":[{"embeddable":true,"href":"https:\/\/kibrisdakik.com\/index.php?rest_route=\/wp\/v2\/media\/26263"}],"wp:attachment":[{"href":"https:\/\/kibrisdakik.com\/index.php?rest_route=%2Fwp%2Fv2%2Fmedia&parent=26262"}],"wp:term":[{"taxonomy":"category","embeddable":true,"href":"https:\/\/kibrisdakik.com\/index.php?rest_route=%2Fwp%2Fv2%2Fcategories&post=26262"},{"taxonomy":"post_tag","embeddable":true,"href":"https:\/\/kibrisdakik.com\/index.php?rest_route=%2Fwp%2Fv2%2Ftags&post=26262"}],"curies":[{"name":"wp","href":"https:\/\/api.w.org\/{rel}","templated":true}]}}