{"id":26457,"date":"2024-01-15T15:35:26","date_gmt":"2024-01-15T15:35:26","guid":{"rendered":"https:\/\/kibrisdakik.com\/index.php\/2024\/01\/15\/turkiyenin-en-zengin-ismi-degisti\/"},"modified":"2024-01-15T15:35:26","modified_gmt":"2024-01-15T15:35:26","slug":"turkiyenin-en-zengin-ismi-degisti","status":"publish","type":"post","link":"https:\/\/kibrisdakik.com\/?p=26457","title":{"rendered":"T\u00fcrkiye&#039;nin En Zengin \u0130smi De\u011fi\u015fti"},"content":{"rendered":"<p><img decoding=\"async\" src=\"https:\/\/www.kibristurk.com\/images\/haberler\/2024\/01\/turkiyenin-en-zengin-ismi-degisti-1705332003.webp\" \/><\/p>\n<p><span style=\"font-size:11pt\"><span style=\"font-family:Calibri,sans-serif\"><span style=\"font-size:13.0pt\">Her y\u0131l d\u00fcnyan\u0131n en zengin insanlar\u0131n\u0131 bir liste halinde yay\u0131nlayan Forbes 500, anl\u0131k olarak internet sitesinde yer verdi\u011fi tabloda 2024&#8217;\u00fcn en zengin milyarderlerini g\u00f6zler \u00f6n\u00fcne serdi.<\/span><\/span><\/span><\/p>\n<p><span style=\"font-size:11pt\"><span style=\"font-family:Calibri,sans-serif\"><span style=\"font-size:13.0pt\">Spacex, Twitter ve Tesla gibi \u015firketlerin kurucusu olan Elon Musk, 2024 y\u0131l\u0131nda da d\u00fcnyan\u0131n en zengin insan\u0131 unvan\u0131n\u0131 elinde bulundururken, Musk&#8217;\u0131n arkas\u0131ndan gelen isimler Frans\u0131z LVMH markas\u0131n\u0131n kurucusu Bernard Arnault ve Amazon&#8217;un sahibi Jeff Bezos oldu.<\/span><\/span><\/span><\/p>\n<p><span style=\"font-size:11pt\"><span style=\"font-family:Calibri,sans-serif\"><span style=\"font-size:13.0pt\">Ge\u00e7en y\u0131l a\u00e7\u0131klanan listenin aksine bu y\u0131l T\u00fcrk milyarderler d\u00fcnya genelinde ilk 500&#8217;e isimlerini yazd\u0131ramazken, bu d\u00fc\u015f\u00fc\u015f\u00fcn gerek\u00e7esi olarak son bir y\u0131l i\u00e7erisinde ya\u015fanan kur art\u0131\u015flar\u0131 g\u00f6sterildi. T\u00fcrk milyarderlerin tamam\u0131na yak\u0131n\u0131 temel olarak T\u00fcrkiye bazl\u0131 \u00fcretimi esas al\u0131rken, ya\u015fanan dolar kuru art\u0131\u015flar\u0131 listenin tepesinde yer alan T\u00fcrk milyarderi ancak 572. s\u0131raya y\u00fckseltebildi.<\/span><\/span><\/span><\/p>\n<p><span style=\"font-size:11pt\"><span style=\"font-family:Calibri,sans-serif\"><span style=\"font-size:13.0pt\">GE\u00c7EN YILIN EN ZENG\u0130N \u0130SM\u0130 SERVET\u0130N\u0130N YARISINI KAYBETT\u0130<\/span><\/span><\/span><\/p>\n<p><span style=\"font-size:11pt\"><span style=\"font-family:Calibri,sans-serif\"><span style=\"font-size:13.0pt\">2023 y\u0131l\u0131n\u0131n Forbes 500 listesinde 5.3 milyar dolarl\u0131k serveti ile T\u00fcrkiye&#8217;nin en zengin insan\u0131 unvan\u0131n\u0131 ele ge\u00e7iren \u0130brahim Erdemo\u011flu, bu y\u0131l servetinin \u00f6nemli bir b\u00f6l\u00fcm\u00fcn\u00fcn erimesine engel olamad\u0131. 5.3 milyar dolarl\u0131k serveti 2.5 milyar dolara gerileyen Erdemo\u011flu, zirveden sert \u015fekilde d\u00fc\u015ferek 2024 y\u0131l\u0131nda T\u00fcrkiye&#8217;nin en zengin 5. insan\u0131 olabildi.<\/span><\/span><\/span><\/p>\n<p><span style=\"font-size:11pt\"><span style=\"font-family:Calibri,sans-serif\"><span style=\"font-size:13.0pt\">2006 y\u0131l\u0131nda kurulan Erdemo\u011flu Holding&#8217;in Y\u00f6netim Kurulu Ba\u015fkan\u0131 konumunda bulunan \u00fcnl\u00fc milyarder, \u015firketinin b\u00fcnyesinde Sasa Polyester, Merinos, Dinarsu, Padi\u015fah Hal\u0131, Efsane Hal\u0131 gibi markalar\u0131 bar\u0131nd\u0131r\u0131yor.<\/span><\/span><\/span><\/p>\n<p><span style=\"font-size:11pt\"><span style=\"font-family:Calibri,sans-serif\"><span style=\"font-size:13.0pt\">T\u00dcRK\u0130YE&#8217;N\u0130N EN ZENG\u0130N \u0130SM\u0130 MURAT \u00dcLKER OLDU<\/span><\/span><\/span><\/p>\n<p><span style=\"font-size:11pt\"><span style=\"font-family:Calibri,sans-serif\"><span style=\"font-size:13.0pt\">1944 y\u0131l\u0131nda Sabri \u00dclker taraf\u0131ndan kurulan Y\u0131ld\u0131z Holding&#8217;in uzun s\u00fcre boyunca Y\u00f6netim Kurulu Ba\u015fkan\u0131 olan Murat \u00dclker, 2020 y\u0131l\u0131nda g\u00f6revini a\u011fabeyi Ali \u00dclker&#8217;e b\u0131rakm\u0131\u015ft\u0131.<\/span><\/span><\/span><\/p>\n<p><span style=\"font-size:11pt\"><span style=\"font-family:Calibri,sans-serif\"><span style=\"font-size:13.0pt\">Ge\u00e7ti\u011fimiz y\u0131llarda da d\u00f6nem d\u00f6nem T\u00fcrkiye&#8217;nin en zengin insan\u0131 konumuna y\u00fckselen Murat \u00dclker, 2024 y\u0131l\u0131ndaki listede de ilk s\u0131ran\u0131n sahibi oldu. 5.1 milyar dolarl\u0131k servetiyle d\u00fcnyan\u0131n en zengin 572. ismi konumuna y\u00fckselen 64 ya\u015f\u0131ndaki Murat \u00dclker, 2. s\u0131radaki Semahat Sevim Arsel&#8217;in ise olduk\u00e7a \u00f6n\u00fcnde bulunuyor.<\/span><\/span><\/span><\/p>\n<p><span style=\"font-size:11pt\"><span style=\"font-family:Calibri,sans-serif\"><span style=\"font-size:13.0pt\">\u0130\u015eTE T\u00dcRK\u0130YE&#8217;N\u0130N EN ZENG\u0130N 10 \u0130SM\u0130<\/span><\/span><\/span><\/p>\n<p><span style=\"font-size:11pt\"><span style=\"font-family:Calibri,sans-serif\"><span style=\"font-size:13.0pt\">1. Murat \u00dclker (5.2 milyar dolar)<\/span><\/span><\/span><\/p>\n<p><span style=\"font-size:11pt\"><span style=\"font-family:Calibri,sans-serif\"><span style=\"font-size:13.0pt\">2. Semahat Sevim Arsel (2.9 milyar dolar)<\/span><\/span><\/span><\/p>\n<p><span style=\"font-size:11pt\"><span style=\"font-family:Calibri,sans-serif\"><span style=\"font-size:13.0pt\">3. \u0130pek K\u0131ra\u00e7 (2.8 milyar dolar)<\/span><\/span><\/span><\/p>\n<p><span style=\"font-size:11pt\"><span style=\"font-family:Calibri,sans-serif\"><span style=\"font-size:13.0pt\">4. Mustafa Rahmi Ko\u00e7 (2.6 milyar dolar)<\/span><\/span><\/span><\/p>\n<p><span style=\"font-size:11pt\"><span style=\"font-family:Calibri,sans-serif\"><span style=\"font-size:13.0pt\">5. \u0130brahim Erdemo\u011flu (2.5 milyar dolar)<\/span><\/span><\/span><\/p>\n<p><span style=\"font-size:11pt\"><span style=\"font-family:Calibri,sans-serif\"><span style=\"font-size:13.0pt\">6. Erman Il\u0131cak (2.4 milyar dolar)<\/span><\/span><\/span><\/p>\n<p><span style=\"font-size:11pt\"><span style=\"font-family:Calibri,sans-serif\"><span style=\"font-size:13.0pt\">7. Ferit Faik \u015eahenk (2.4 milyar dolar)<\/span><\/span><\/span><\/p>\n<p><span style=\"font-size:11pt\"><span style=\"font-family:Calibri,sans-serif\"><span style=\"font-size:13.0pt\">8. Filiz \u015eahenk (2.2 milyar dolar)<\/span><\/span><\/span><\/p>\n<p><span style=\"font-size:11pt\"><span style=\"font-family:Calibri,sans-serif\"><span style=\"font-size:13.0pt\">9. Ali Erdemo\u011flu (2.2 milyar dolar)<\/span><\/span><\/span><\/p>\n<p><span style=\"font-size:11pt\"><span style=\"font-family:Calibri,sans-serif\"><span style=\"font-size:13.0pt\">10. Nihat \u00d6zdemir (2 milyar dolar<\/span><\/span><\/span><\/p>\n","protected":false},"excerpt":{"rendered":"<p>Her y\u0131l d\u00fcnyan\u0131n en zengin insanlar\u0131n\u0131 bir liste halinde yay\u0131nlayan Forbes 500, anl\u0131k olarak internet sitesinde yer verdi\u011fi tabloda 2024&#8217;\u00fcn en zengin milyarderlerini g\u00f6zler \u00f6n\u00fcne serdi. Spacex, Twitter ve Tesla gibi \u015firketlerin kurucusu olan Elon Musk, 2024 y\u0131l\u0131nda da d\u00fcnyan\u0131n en zengin insan\u0131 unvan\u0131n\u0131 elinde bulundururken, Musk&#8217;\u0131n arkas\u0131ndan gelen isimler Frans\u0131z LVMH markas\u0131n\u0131n kurucusu Bernard<\/p>\n","protected":false},"author":1,"featured_media":26458,"comment_status":"open","ping_status":"open","sticky":false,"template":"","format":"standard","meta":{"footnotes":""},"categories":[1],"tags":[],"class_list":["post-26457","post","type-post","status-publish","format-standard","has-post-thumbnail","hentry","category-gundem"],"yoast_head":"<!-- This site is optimized with the Yoast SEO plugin v27.4 - https:\/\/yoast.com\/product\/yoast-seo-wordpress\/ -->\n<title>T\u00fcrkiye&#039;nin En Zengin \u0130smi De\u011fi\u015fti -<\/title>\n<meta name=\"robots\" content=\"index, follow, max-snippet:-1, max-image-preview:large, max-video-preview:-1\" \/>\n<link rel=\"canonical\" href=\"https:\/\/kibrisdakik.com\/?p=26457\" \/>\n<meta property=\"og:locale\" content=\"tr_TR\" \/>\n<meta property=\"og:type\" content=\"article\" \/>\n<meta property=\"og:title\" content=\"T\u00fcrkiye&#039;nin En Zengin \u0130smi De\u011fi\u015fti -\" \/>\n<meta property=\"og:description\" content=\"Her y\u0131l d\u00fcnyan\u0131n en zengin insanlar\u0131n\u0131 bir liste halinde yay\u0131nlayan Forbes 500, anl\u0131k olarak internet sitesinde yer verdi\u011fi tabloda 2024&#8217;\u00fcn en zengin milyarderlerini g\u00f6zler \u00f6n\u00fcne serdi. Spacex, Twitter ve Tesla gibi \u015firketlerin kurucusu olan Elon Musk, 2024 y\u0131l\u0131nda da d\u00fcnyan\u0131n en zengin insan\u0131 unvan\u0131n\u0131 elinde bulundururken, Musk&#8217;\u0131n arkas\u0131ndan gelen isimler Frans\u0131z LVMH markas\u0131n\u0131n kurucusu Bernard\" \/>\n<meta property=\"og:url\" content=\"https:\/\/kibrisdakik.com\/?p=26457\" \/>\n<meta property=\"article:published_time\" content=\"2024-01-15T15:35:26+00:00\" \/>\n<meta property=\"og:image\" content=\"https:\/\/kibrisdakik.com\/wp-content\/uploads\/2024\/01\/turkiyenin-en-zengin-ismi-degisti-1705332003.webp.webp\" \/>\n\t<meta property=\"og:image:width\" content=\"710\" \/>\n\t<meta property=\"og:image:height\" content=\"370\" \/>\n\t<meta property=\"og:image:type\" content=\"image\/webp\" \/>\n<meta name=\"author\" content=\"admin\" \/>\n<meta name=\"twitter:card\" content=\"summary_large_image\" \/>\n<meta name=\"twitter:label1\" content=\"Yazan:\" \/>\n\t<meta name=\"twitter:data1\" content=\"admin\" \/>\n\t<meta name=\"twitter:label2\" content=\"Tahmini okuma s\u00fcresi\" \/>\n\t<meta name=\"twitter:data2\" content=\"2 dakika\" \/>\n<script type=\"application\/ld+json\" class=\"yoast-schema-graph\">{\"@context\":\"https:\\\/\\\/schema.org\",\"@graph\":[{\"@type\":\"Article\",\"@id\":\"https:\\\/\\\/kibrisdakik.com\\\/?p=26457#article\",\"isPartOf\":{\"@id\":\"https:\\\/\\\/kibrisdakik.com\\\/?p=26457\"},\"author\":{\"name\":\"admin\",\"@id\":\"https:\\\/\\\/kibrisdakik.com\\\/#\\\/schema\\\/person\\\/9cd9d437bbb44f72b73ba127e06d8e79\"},\"headline\":\"T\u00fcrkiye&#039;nin En Zengin \u0130smi De\u011fi\u015fti\",\"datePublished\":\"2024-01-15T15:35:26+00:00\",\"mainEntityOfPage\":{\"@id\":\"https:\\\/\\\/kibrisdakik.com\\\/?p=26457\"},\"wordCount\":433,\"commentCount\":0,\"image\":{\"@id\":\"https:\\\/\\\/kibrisdakik.com\\\/?p=26457#primaryimage\"},\"thumbnailUrl\":\"https:\\\/\\\/kibrisdakik.com\\\/wp-content\\\/uploads\\\/2024\\\/01\\\/turkiyenin-en-zengin-ismi-degisti-1705332003.webp.webp\",\"articleSection\":[\"G\u00fcndem\"],\"inLanguage\":\"tr\",\"potentialAction\":[{\"@type\":\"CommentAction\",\"name\":\"Comment\",\"target\":[\"https:\\\/\\\/kibrisdakik.com\\\/?p=26457#respond\"]}]},{\"@type\":\"WebPage\",\"@id\":\"https:\\\/\\\/kibrisdakik.com\\\/?p=26457\",\"url\":\"https:\\\/\\\/kibrisdakik.com\\\/?p=26457\",\"name\":\"T\u00fcrkiye&#039;nin En Zengin \u0130smi De\u011fi\u015fti -\",\"isPartOf\":{\"@id\":\"https:\\\/\\\/kibrisdakik.com\\\/#website\"},\"primaryImageOfPage\":{\"@id\":\"https:\\\/\\\/kibrisdakik.com\\\/?p=26457#primaryimage\"},\"image\":{\"@id\":\"https:\\\/\\\/kibrisdakik.com\\\/?p=26457#primaryimage\"},\"thumbnailUrl\":\"https:\\\/\\\/kibrisdakik.com\\\/wp-content\\\/uploads\\\/2024\\\/01\\\/turkiyenin-en-zengin-ismi-degisti-1705332003.webp.webp\",\"datePublished\":\"2024-01-15T15:35:26+00:00\",\"author\":{\"@id\":\"https:\\\/\\\/kibrisdakik.com\\\/#\\\/schema\\\/person\\\/9cd9d437bbb44f72b73ba127e06d8e79\"},\"breadcrumb\":{\"@id\":\"https:\\\/\\\/kibrisdakik.com\\\/?p=26457#breadcrumb\"},\"inLanguage\":\"tr\",\"potentialAction\":[{\"@type\":\"ReadAction\",\"target\":[\"https:\\\/\\\/kibrisdakik.com\\\/?p=26457\"]}]},{\"@type\":\"ImageObject\",\"inLanguage\":\"tr\",\"@id\":\"https:\\\/\\\/kibrisdakik.com\\\/?p=26457#primaryimage\",\"url\":\"https:\\\/\\\/kibrisdakik.com\\\/wp-content\\\/uploads\\\/2024\\\/01\\\/turkiyenin-en-zengin-ismi-degisti-1705332003.webp.webp\",\"contentUrl\":\"https:\\\/\\\/kibrisdakik.com\\\/wp-content\\\/uploads\\\/2024\\\/01\\\/turkiyenin-en-zengin-ismi-degisti-1705332003.webp.webp\",\"width\":710,\"height\":370},{\"@type\":\"BreadcrumbList\",\"@id\":\"https:\\\/\\\/kibrisdakik.com\\\/?p=26457#breadcrumb\",\"itemListElement\":[{\"@type\":\"ListItem\",\"position\":1,\"name\":\"Home\",\"item\":\"https:\\\/\\\/kibrisdakik.com\\\/\"},{\"@type\":\"ListItem\",\"position\":2,\"name\":\"T\u00fcrkiye&#039;nin En Zengin \u0130smi De\u011fi\u015fti\"}]},{\"@type\":\"WebSite\",\"@id\":\"https:\\\/\\\/kibrisdakik.com\\\/#website\",\"url\":\"https:\\\/\\\/kibrisdakik.com\\\/\",\"name\":\"\",\"description\":\"Tam vaktinde haber\",\"potentialAction\":[{\"@type\":\"SearchAction\",\"target\":{\"@type\":\"EntryPoint\",\"urlTemplate\":\"https:\\\/\\\/kibrisdakik.com\\\/?s={search_term_string}\"},\"query-input\":{\"@type\":\"PropertyValueSpecification\",\"valueRequired\":true,\"valueName\":\"search_term_string\"}}],\"inLanguage\":\"tr\"},{\"@type\":\"Person\",\"@id\":\"https:\\\/\\\/kibrisdakik.com\\\/#\\\/schema\\\/person\\\/9cd9d437bbb44f72b73ba127e06d8e79\",\"name\":\"admin\",\"image\":{\"@type\":\"ImageObject\",\"inLanguage\":\"tr\",\"@id\":\"https:\\\/\\\/secure.gravatar.com\\\/avatar\\\/ccc17943b9d660506c869530f897617f7cb1c21a4bf30023f252596d83e1f007?s=96&d=mm&r=g\",\"url\":\"https:\\\/\\\/secure.gravatar.com\\\/avatar\\\/ccc17943b9d660506c869530f897617f7cb1c21a4bf30023f252596d83e1f007?s=96&d=mm&r=g\",\"contentUrl\":\"https:\\\/\\\/secure.gravatar.com\\\/avatar\\\/ccc17943b9d660506c869530f897617f7cb1c21a4bf30023f252596d83e1f007?s=96&d=mm&r=g\",\"caption\":\"admin\"},\"sameAs\":[\"https:\\\/\\\/kibrisdakik.com\"],\"url\":\"https:\\\/\\\/kibrisdakik.com\\\/?author=1\"}]}<\/script>\n<!-- \/ Yoast SEO plugin. -->","yoast_head_json":{"title":"T\u00fcrkiye&#039;nin En Zengin \u0130smi De\u011fi\u015fti -","robots":{"index":"index","follow":"follow","max-snippet":"max-snippet:-1","max-image-preview":"max-image-preview:large","max-video-preview":"max-video-preview:-1"},"canonical":"https:\/\/kibrisdakik.com\/?p=26457","og_locale":"tr_TR","og_type":"article","og_title":"T\u00fcrkiye&#039;nin En Zengin \u0130smi De\u011fi\u015fti -","og_description":"Her y\u0131l d\u00fcnyan\u0131n en zengin insanlar\u0131n\u0131 bir liste halinde yay\u0131nlayan Forbes 500, anl\u0131k olarak internet sitesinde yer verdi\u011fi tabloda 2024&#8217;\u00fcn en zengin milyarderlerini g\u00f6zler \u00f6n\u00fcne serdi. Spacex, Twitter ve Tesla gibi \u015firketlerin kurucusu olan Elon Musk, 2024 y\u0131l\u0131nda da d\u00fcnyan\u0131n en zengin insan\u0131 unvan\u0131n\u0131 elinde bulundururken, Musk&#8217;\u0131n arkas\u0131ndan gelen isimler Frans\u0131z LVMH markas\u0131n\u0131n kurucusu Bernard","og_url":"https:\/\/kibrisdakik.com\/?p=26457","article_published_time":"2024-01-15T15:35:26+00:00","og_image":[{"width":710,"height":370,"url":"https:\/\/kibrisdakik.com\/wp-content\/uploads\/2024\/01\/turkiyenin-en-zengin-ismi-degisti-1705332003.webp.webp","type":"image\/webp"}],"author":"admin","twitter_card":"summary_large_image","twitter_misc":{"Yazan:":"admin","Tahmini okuma s\u00fcresi":"2 dakika"},"schema":{"@context":"https:\/\/schema.org","@graph":[{"@type":"Article","@id":"https:\/\/kibrisdakik.com\/?p=26457#article","isPartOf":{"@id":"https:\/\/kibrisdakik.com\/?p=26457"},"author":{"name":"admin","@id":"https:\/\/kibrisdakik.com\/#\/schema\/person\/9cd9d437bbb44f72b73ba127e06d8e79"},"headline":"T\u00fcrkiye&#039;nin En Zengin \u0130smi De\u011fi\u015fti","datePublished":"2024-01-15T15:35:26+00:00","mainEntityOfPage":{"@id":"https:\/\/kibrisdakik.com\/?p=26457"},"wordCount":433,"commentCount":0,"image":{"@id":"https:\/\/kibrisdakik.com\/?p=26457#primaryimage"},"thumbnailUrl":"https:\/\/kibrisdakik.com\/wp-content\/uploads\/2024\/01\/turkiyenin-en-zengin-ismi-degisti-1705332003.webp.webp","articleSection":["G\u00fcndem"],"inLanguage":"tr","potentialAction":[{"@type":"CommentAction","name":"Comment","target":["https:\/\/kibrisdakik.com\/?p=26457#respond"]}]},{"@type":"WebPage","@id":"https:\/\/kibrisdakik.com\/?p=26457","url":"https:\/\/kibrisdakik.com\/?p=26457","name":"T\u00fcrkiye&#039;nin En Zengin \u0130smi De\u011fi\u015fti -","isPartOf":{"@id":"https:\/\/kibrisdakik.com\/#website"},"primaryImageOfPage":{"@id":"https:\/\/kibrisdakik.com\/?p=26457#primaryimage"},"image":{"@id":"https:\/\/kibrisdakik.com\/?p=26457#primaryimage"},"thumbnailUrl":"https:\/\/kibrisdakik.com\/wp-content\/uploads\/2024\/01\/turkiyenin-en-zengin-ismi-degisti-1705332003.webp.webp","datePublished":"2024-01-15T15:35:26+00:00","author":{"@id":"https:\/\/kibrisdakik.com\/#\/schema\/person\/9cd9d437bbb44f72b73ba127e06d8e79"},"breadcrumb":{"@id":"https:\/\/kibrisdakik.com\/?p=26457#breadcrumb"},"inLanguage":"tr","potentialAction":[{"@type":"ReadAction","target":["https:\/\/kibrisdakik.com\/?p=26457"]}]},{"@type":"ImageObject","inLanguage":"tr","@id":"https:\/\/kibrisdakik.com\/?p=26457#primaryimage","url":"https:\/\/kibrisdakik.com\/wp-content\/uploads\/2024\/01\/turkiyenin-en-zengin-ismi-degisti-1705332003.webp.webp","contentUrl":"https:\/\/kibrisdakik.com\/wp-content\/uploads\/2024\/01\/turkiyenin-en-zengin-ismi-degisti-1705332003.webp.webp","width":710,"height":370},{"@type":"BreadcrumbList","@id":"https:\/\/kibrisdakik.com\/?p=26457#breadcrumb","itemListElement":[{"@type":"ListItem","position":1,"name":"Home","item":"https:\/\/kibrisdakik.com\/"},{"@type":"ListItem","position":2,"name":"T\u00fcrkiye&#039;nin En Zengin \u0130smi De\u011fi\u015fti"}]},{"@type":"WebSite","@id":"https:\/\/kibrisdakik.com\/#website","url":"https:\/\/kibrisdakik.com\/","name":"","description":"Tam vaktinde haber","potentialAction":[{"@type":"SearchAction","target":{"@type":"EntryPoint","urlTemplate":"https:\/\/kibrisdakik.com\/?s={search_term_string}"},"query-input":{"@type":"PropertyValueSpecification","valueRequired":true,"valueName":"search_term_string"}}],"inLanguage":"tr"},{"@type":"Person","@id":"https:\/\/kibrisdakik.com\/#\/schema\/person\/9cd9d437bbb44f72b73ba127e06d8e79","name":"admin","image":{"@type":"ImageObject","inLanguage":"tr","@id":"https:\/\/secure.gravatar.com\/avatar\/ccc17943b9d660506c869530f897617f7cb1c21a4bf30023f252596d83e1f007?s=96&d=mm&r=g","url":"https:\/\/secure.gravatar.com\/avatar\/ccc17943b9d660506c869530f897617f7cb1c21a4bf30023f252596d83e1f007?s=96&d=mm&r=g","contentUrl":"https:\/\/secure.gravatar.com\/avatar\/ccc17943b9d660506c869530f897617f7cb1c21a4bf30023f252596d83e1f007?s=96&d=mm&r=g","caption":"admin"},"sameAs":["https:\/\/kibrisdakik.com"],"url":"https:\/\/kibrisdakik.com\/?author=1"}]}},"_links":{"self":[{"href":"https:\/\/kibrisdakik.com\/index.php?rest_route=\/wp\/v2\/posts\/26457","targetHints":{"allow":["GET"]}}],"collection":[{"href":"https:\/\/kibrisdakik.com\/index.php?rest_route=\/wp\/v2\/posts"}],"about":[{"href":"https:\/\/kibrisdakik.com\/index.php?rest_route=\/wp\/v2\/types\/post"}],"author":[{"embeddable":true,"href":"https:\/\/kibrisdakik.com\/index.php?rest_route=\/wp\/v2\/users\/1"}],"replies":[{"embeddable":true,"href":"https:\/\/kibrisdakik.com\/index.php?rest_route=%2Fwp%2Fv2%2Fcomments&post=26457"}],"version-history":[{"count":0,"href":"https:\/\/kibrisdakik.com\/index.php?rest_route=\/wp\/v2\/posts\/26457\/revisions"}],"wp:featuredmedia":[{"embeddable":true,"href":"https:\/\/kibrisdakik.com\/index.php?rest_route=\/wp\/v2\/media\/26458"}],"wp:attachment":[{"href":"https:\/\/kibrisdakik.com\/index.php?rest_route=%2Fwp%2Fv2%2Fmedia&parent=26457"}],"wp:term":[{"taxonomy":"category","embeddable":true,"href":"https:\/\/kibrisdakik.com\/index.php?rest_route=%2Fwp%2Fv2%2Fcategories&post=26457"},{"taxonomy":"post_tag","embeddable":true,"href":"https:\/\/kibrisdakik.com\/index.php?rest_route=%2Fwp%2Fv2%2Ftags&post=26457"}],"curies":[{"name":"wp","href":"https:\/\/api.w.org\/{rel}","templated":true}]}}