{"id":2646,"date":"2023-03-04T22:26:42","date_gmt":"2023-03-04T22:26:42","guid":{"rendered":"https:\/\/kibrisdakik.com\/index.php\/2023\/03\/04\/cumhurbaskani-tatar-birlesmis-milletler-guvenlik-konseyinin-186-sayili-karari-kibris-tarihinde-kara-bir-sayfadir\/"},"modified":"2023-03-04T22:26:42","modified_gmt":"2023-03-04T22:26:42","slug":"cumhurbaskani-tatar-birlesmis-milletler-guvenlik-konseyinin-186-sayili-karari-kibris-tarihinde-kara-bir-sayfadir","status":"publish","type":"post","link":"https:\/\/kibrisdakik.com\/?p=2646","title":{"rendered":"Cumhurba\u015fkan\u0131 Tatar: Birle\u015fmi\u015f Milletler G\u00fcvenlik Konseyi\u2019nin 186 say\u0131l\u0131 karar\u0131 K\u0131br\u0131s tarihinde kara bir sayfad\u0131r"},"content":{"rendered":"<p><\/p>\n<div>\n<div class=\"mariselle-image-container center\">\n                <img width=\"805\" height=\"400\" class=\"lazy-image\" alt=\"\" decoding=\"async\" loading=\"lazy\" sizes=\"auto, (max-width: 805px) 100vw, 805px\" src=\"https:\/\/brtk.net\/wp-content\/uploads\/2023\/02\/19\/tatar36.jpg?ver=41489e665781a7064ae180aa541bb8b2\" srcset=\"https:\/\/brtk.net\/wp-content\/uploads\/2023\/02\/19\/tatar36.jpg?ver=41489e665781a7064ae180aa541bb8b2 805w, https:\/\/brtk.net\/wp-content\/uploads\/2023\/02\/19\/tatar36-300x149.jpg?ver=41489e665781a7064ae180aa541bb8b2 300w, https:\/\/brtk.net\/wp-content\/uploads\/2023\/02\/19\/tatar36-768x382.jpg?ver=41489e665781a7064ae180aa541bb8b2 768w\"\/>                            <\/div>\n<p>Cumhurba\u015fkan\u0131 <a href=\"https:\/\/brtk.net\/\" target=\"_blank\" rel=\"noopener\">Ersin <\/a><a href=\"https:\/\/brtk.net\/\">Tatar<\/a>, Birle\u015fmi\u015f Milletler G\u00fcvenlik Konseyi\u2019nin 186 say\u0131l\u0131 karar\u0131 ile ilgili a\u00e7\u0131klama yapt\u0131\u2026<\/p>\n<p>A\u00e7\u0131klamas\u0131nda 59 y\u0131l \u00f6nce, 4 Mart 1964 tarihinde, BM G\u00fcvenlik Konseyi\u2019nin, bug\u00fcnk\u00fc s\u00fcrd\u00fcr\u00fclemez stat\u00fckoyu yaratan 186 say\u0131l\u0131 karar\u0131 ald\u0131\u011f\u0131n\u0131 hat\u0131rlatan Cumhurba\u015fkan\u0131 <a href=\"https:\/\/brtk.net\/\">Tatar<\/a>, \u015funlar\u0131 kaydetti;<\/p>\n<p>\u201cK\u0131br\u0131s konusu tarihinde kara bir d\u00f6n\u00fcm noktas\u0131 niteli\u011finde olan bu karar, K\u0131br\u0131s T\u00fcrklerine kar\u015f\u0131 soyk\u0131r\u0131ma giri\u015fen Rum sald\u0131r\u0131lar\u0131n\u0131 \u00f6nlemek i\u00e7in adada BM Bar\u0131\u015f G\u00fcc\u00fc\u2019n\u00fc olu\u015fturmu\u015f, \u00f6te yandan ise iki Halk\u0131n egemen e\u015fit haklar\u0131n\u0131 icra ederek kurduklar\u0131 1960 ortakl\u0131k Cumhuriyetini, silah zoruyla K\u0131br\u0131sl\u0131 T\u00fcrkleri y\u00f6netimden atan Rum liderli\u011finin y\u00f6netimine hukuk kurallar\u0131n\u0131 ayaklar alt\u0131na alarak teslim etmi\u015ftir.<\/p>\n<p>Bir\u00e7ok uluslararas\u0131 platformda alt\u0131n\u0131 \u00e7izdi\u011fim \u00fczere, K\u0131br\u0131s sorununun hala daha devam etmesinin ana nedenlerinden biri de BM G\u00fcvenlik Konseyi\u2019nin 4 Mart 1964 tarihinde ald\u0131\u011f\u0131 186 say\u0131l\u0131 haks\u0131z ve siyasi kararla bir Rum devletine d\u00f6n\u00fc\u015fen ortakl\u0131k K\u0131br\u0131s Cumhuriyeti\u2019ni \u201cK\u0131br\u0131s\u2019\u0131n tek me\u015fru h\u00fck\u00fcmeti\u201d olarak benimsemesidir. Rum taraf\u0131 bu haks\u0131z ve siyasi karardan g\u00fc\u00e7 al\u0131p konfor alan\u0131n\u0131 sa\u011flamla\u015ft\u0131r\u0131rken, uzla\u015fmazl\u0131\u011f\u0131n\u0131 s\u00fcrd\u00fcrmekte, zamana oynamaktad\u0131r. Bu karar \u00e7\u00f6z\u00fcm\u00fcn \u00f6n\u00fcndeki en b\u00fcy\u00fck engeli te\u015fkil ederken, bu karar\u0131n iki taraf aras\u0131nda yaratt\u0131\u011f\u0131 dengesizlik ortadan kalkmad\u0131k\u00e7a Rum taraf\u0131 hi\u00e7bir \u00e7\u00f6z\u00fcme yana\u015fmayacakt\u0131r.<\/p>\n<p>\u0130\u015fte tam da bu nedenden dolay\u0131, on y\u0131llard\u0131r s\u00fcren dayatmac\u0131 stat\u00fckonun sonland\u0131r\u0131lmas\u0131 ve m\u00fcktesep haklar\u0131m\u0131z olan egemen e\u015fitli\u011fimiz ve e\u015fit uluslararas\u0131 stat\u00fcm\u00fcz\u00fcn tescili i\u00e7in yeni vizyonumuzu ortaya koydum. Yeni ve resmi siyasi m\u00fczakereler ancak ve ancak bu temelde ba\u015flayabilir. Adada iki e\u015fit Devlet ve iki e\u015fit Halk vard\u0131r ve bu ger\u00e7ekler \u0131\u015f\u0131\u011f\u0131nda yap\u0131lacak m\u00fczakereyle ancak adil ve kal\u0131c\u0131 bir uzla\u015f\u0131ya var\u0131labilir. K\u0131br\u0131s T\u00fcrk taraf\u0131, Anavatan T\u00fcrkiye\u2019nin de tam destekledi\u011fi bu pozisyonunu ileriye g\u00f6t\u00fcrerek, Halk\u0131m\u0131z\u0131n ve devletimizin egemenli\u011fini tescil etme yolunda kararl\u0131l\u0131kla m\u00fccadelesine devam edecektir.\u201d<\/p>\n<\/p><\/div>\n<p><script async\n                    defer\n                    crossorigin=\"anonymous\"\n                    src=\"https:\/\/connect.facebook.net\/tr_TR\/sdk.js#xfbml=1&#038;version=v3.3\"\n            ><\/script><\/p>\n","protected":false},"excerpt":{"rendered":"<p>Cumhurba\u015fkan\u0131 Ersin Tatar, Birle\u015fmi\u015f Milletler G\u00fcvenlik Konseyi\u2019nin 186 say\u0131l\u0131 karar\u0131 ile ilgili a\u00e7\u0131klama yapt\u0131\u2026 A\u00e7\u0131klamas\u0131nda 59 y\u0131l \u00f6nce, 4 Mart 1964 tarihinde, BM G\u00fcvenlik Konseyi\u2019nin, bug\u00fcnk\u00fc s\u00fcrd\u00fcr\u00fclemez stat\u00fckoyu yaratan 186 say\u0131l\u0131 karar\u0131 ald\u0131\u011f\u0131n\u0131 hat\u0131rlatan Cumhurba\u015fkan\u0131 Tatar, \u015funlar\u0131 kaydetti; \u201cK\u0131br\u0131s konusu tarihinde kara bir d\u00f6n\u00fcm noktas\u0131 niteli\u011finde olan bu karar, K\u0131br\u0131s T\u00fcrklerine kar\u015f\u0131 soyk\u0131r\u0131ma giri\u015fen Rum<\/p>\n","protected":false},"author":1,"featured_media":187,"comment_status":"open","ping_status":"open","sticky":false,"template":"","format":"standard","meta":{"footnotes":""},"categories":[1],"tags":[],"class_list":["post-2646","post","type-post","status-publish","format-standard","has-post-thumbnail","hentry","category-gundem"],"yoast_head":"<!-- This site is optimized with the Yoast SEO plugin v27.5 - https:\/\/yoast.com\/product\/yoast-seo-wordpress\/ -->\n<title>Cumhurba\u015fkan\u0131 Tatar: Birle\u015fmi\u015f Milletler G\u00fcvenlik Konseyi\u2019nin 186 say\u0131l\u0131 karar\u0131 K\u0131br\u0131s tarihinde kara bir sayfad\u0131r -<\/title>\n<meta name=\"robots\" content=\"index, follow, max-snippet:-1, max-image-preview:large, max-video-preview:-1\" \/>\n<link rel=\"canonical\" href=\"https:\/\/kibrisdakik.com\/?p=2646\" \/>\n<meta property=\"og:locale\" content=\"tr_TR\" \/>\n<meta property=\"og:type\" content=\"article\" \/>\n<meta property=\"og:title\" content=\"Cumhurba\u015fkan\u0131 Tatar: Birle\u015fmi\u015f Milletler G\u00fcvenlik Konseyi\u2019nin 186 say\u0131l\u0131 karar\u0131 K\u0131br\u0131s tarihinde kara bir sayfad\u0131r -\" \/>\n<meta property=\"og:description\" content=\"Cumhurba\u015fkan\u0131 Ersin Tatar, Birle\u015fmi\u015f Milletler G\u00fcvenlik Konseyi\u2019nin 186 say\u0131l\u0131 karar\u0131 ile ilgili a\u00e7\u0131klama yapt\u0131\u2026 A\u00e7\u0131klamas\u0131nda 59 y\u0131l \u00f6nce, 4 Mart 1964 tarihinde, BM G\u00fcvenlik Konseyi\u2019nin, bug\u00fcnk\u00fc s\u00fcrd\u00fcr\u00fclemez stat\u00fckoyu yaratan 186 say\u0131l\u0131 karar\u0131 ald\u0131\u011f\u0131n\u0131 hat\u0131rlatan Cumhurba\u015fkan\u0131 Tatar, \u015funlar\u0131 kaydetti; \u201cK\u0131br\u0131s konusu tarihinde kara bir d\u00f6n\u00fcm noktas\u0131 niteli\u011finde olan bu karar, K\u0131br\u0131s T\u00fcrklerine kar\u015f\u0131 soyk\u0131r\u0131ma giri\u015fen Rum\" \/>\n<meta property=\"og:url\" content=\"https:\/\/kibrisdakik.com\/?p=2646\" \/>\n<meta property=\"article:published_time\" content=\"2023-03-04T22:26:42+00:00\" \/>\n<meta property=\"og:image\" content=\"https:\/\/kibrisdakik.com\/wp-content\/uploads\/2023\/02\/tatar36-740x400.jpg\" \/>\n\t<meta property=\"og:image:width\" content=\"805\" \/>\n\t<meta property=\"og:image:height\" content=\"400\" \/>\n\t<meta property=\"og:image:type\" content=\"image\/jpeg\" \/>\n<meta name=\"author\" content=\"admin\" \/>\n<meta name=\"twitter:card\" content=\"summary_large_image\" \/>\n<meta name=\"twitter:label1\" content=\"Yazan:\" \/>\n\t<meta name=\"twitter:data1\" content=\"admin\" \/>\n\t<meta name=\"twitter:label2\" content=\"Tahmini okuma s\u00fcresi\" \/>\n\t<meta name=\"twitter:data2\" content=\"2 dakika\" \/>\n<script type=\"application\/ld+json\" class=\"yoast-schema-graph\">{\"@context\":\"https:\\\/\\\/schema.org\",\"@graph\":[{\"@type\":\"Article\",\"@id\":\"https:\\\/\\\/kibrisdakik.com\\\/?p=2646#article\",\"isPartOf\":{\"@id\":\"https:\\\/\\\/kibrisdakik.com\\\/?p=2646\"},\"author\":{\"name\":\"admin\",\"@id\":\"https:\\\/\\\/kibrisdakik.com\\\/#\\\/schema\\\/person\\\/9cd9d437bbb44f72b73ba127e06d8e79\"},\"headline\":\"Cumhurba\u015fkan\u0131 Tatar: Birle\u015fmi\u015f Milletler G\u00fcvenlik Konseyi\u2019nin 186 say\u0131l\u0131 karar\u0131 K\u0131br\u0131s tarihinde kara bir sayfad\u0131r\",\"datePublished\":\"2023-03-04T22:26:42+00:00\",\"mainEntityOfPage\":{\"@id\":\"https:\\\/\\\/kibrisdakik.com\\\/?p=2646\"},\"wordCount\":411,\"commentCount\":0,\"image\":{\"@id\":\"https:\\\/\\\/kibrisdakik.com\\\/?p=2646#primaryimage\"},\"thumbnailUrl\":\"https:\\\/\\\/kibrisdakik.com\\\/wp-content\\\/uploads\\\/2023\\\/02\\\/tatar36-740x400.jpg\",\"articleSection\":[\"G\u00fcndem\"],\"inLanguage\":\"tr\",\"potentialAction\":[{\"@type\":\"CommentAction\",\"name\":\"Comment\",\"target\":[\"https:\\\/\\\/kibrisdakik.com\\\/?p=2646#respond\"]}]},{\"@type\":\"WebPage\",\"@id\":\"https:\\\/\\\/kibrisdakik.com\\\/?p=2646\",\"url\":\"https:\\\/\\\/kibrisdakik.com\\\/?p=2646\",\"name\":\"Cumhurba\u015fkan\u0131 Tatar: Birle\u015fmi\u015f Milletler G\u00fcvenlik Konseyi\u2019nin 186 say\u0131l\u0131 karar\u0131 K\u0131br\u0131s tarihinde kara bir sayfad\u0131r -\",\"isPartOf\":{\"@id\":\"https:\\\/\\\/kibrisdakik.com\\\/#website\"},\"primaryImageOfPage\":{\"@id\":\"https:\\\/\\\/kibrisdakik.com\\\/?p=2646#primaryimage\"},\"image\":{\"@id\":\"https:\\\/\\\/kibrisdakik.com\\\/?p=2646#primaryimage\"},\"thumbnailUrl\":\"https:\\\/\\\/kibrisdakik.com\\\/wp-content\\\/uploads\\\/2023\\\/02\\\/tatar36-740x400.jpg\",\"datePublished\":\"2023-03-04T22:26:42+00:00\",\"author\":{\"@id\":\"https:\\\/\\\/kibrisdakik.com\\\/#\\\/schema\\\/person\\\/9cd9d437bbb44f72b73ba127e06d8e79\"},\"breadcrumb\":{\"@id\":\"https:\\\/\\\/kibrisdakik.com\\\/?p=2646#breadcrumb\"},\"inLanguage\":\"tr\",\"potentialAction\":[{\"@type\":\"ReadAction\",\"target\":[\"https:\\\/\\\/kibrisdakik.com\\\/?p=2646\"]}]},{\"@type\":\"ImageObject\",\"inLanguage\":\"tr\",\"@id\":\"https:\\\/\\\/kibrisdakik.com\\\/?p=2646#primaryimage\",\"url\":\"https:\\\/\\\/kibrisdakik.com\\\/wp-content\\\/uploads\\\/2023\\\/02\\\/tatar36-740x400.jpg\",\"contentUrl\":\"https:\\\/\\\/kibrisdakik.com\\\/wp-content\\\/uploads\\\/2023\\\/02\\\/tatar36-740x400.jpg\",\"width\":805,\"height\":400},{\"@type\":\"BreadcrumbList\",\"@id\":\"https:\\\/\\\/kibrisdakik.com\\\/?p=2646#breadcrumb\",\"itemListElement\":[{\"@type\":\"ListItem\",\"position\":1,\"name\":\"Home\",\"item\":\"https:\\\/\\\/kibrisdakik.com\\\/\"},{\"@type\":\"ListItem\",\"position\":2,\"name\":\"Cumhurba\u015fkan\u0131 Tatar: Birle\u015fmi\u015f Milletler G\u00fcvenlik Konseyi\u2019nin 186 say\u0131l\u0131 karar\u0131 K\u0131br\u0131s tarihinde kara bir sayfad\u0131r\"}]},{\"@type\":\"WebSite\",\"@id\":\"https:\\\/\\\/kibrisdakik.com\\\/#website\",\"url\":\"https:\\\/\\\/kibrisdakik.com\\\/\",\"name\":\"\",\"description\":\"Tam vaktinde haber\",\"potentialAction\":[{\"@type\":\"SearchAction\",\"target\":{\"@type\":\"EntryPoint\",\"urlTemplate\":\"https:\\\/\\\/kibrisdakik.com\\\/?s={search_term_string}\"},\"query-input\":{\"@type\":\"PropertyValueSpecification\",\"valueRequired\":true,\"valueName\":\"search_term_string\"}}],\"inLanguage\":\"tr\"},{\"@type\":\"Person\",\"@id\":\"https:\\\/\\\/kibrisdakik.com\\\/#\\\/schema\\\/person\\\/9cd9d437bbb44f72b73ba127e06d8e79\",\"name\":\"admin\",\"image\":{\"@type\":\"ImageObject\",\"inLanguage\":\"tr\",\"@id\":\"https:\\\/\\\/secure.gravatar.com\\\/avatar\\\/ccc17943b9d660506c869530f897617f7cb1c21a4bf30023f252596d83e1f007?s=96&d=mm&r=g\",\"url\":\"https:\\\/\\\/secure.gravatar.com\\\/avatar\\\/ccc17943b9d660506c869530f897617f7cb1c21a4bf30023f252596d83e1f007?s=96&d=mm&r=g\",\"contentUrl\":\"https:\\\/\\\/secure.gravatar.com\\\/avatar\\\/ccc17943b9d660506c869530f897617f7cb1c21a4bf30023f252596d83e1f007?s=96&d=mm&r=g\",\"caption\":\"admin\"},\"sameAs\":[\"https:\\\/\\\/kibrisdakik.com\"],\"url\":\"https:\\\/\\\/kibrisdakik.com\\\/?author=1\"}]}<\/script>\n<!-- \/ Yoast SEO plugin. -->","yoast_head_json":{"title":"Cumhurba\u015fkan\u0131 Tatar: Birle\u015fmi\u015f Milletler G\u00fcvenlik Konseyi\u2019nin 186 say\u0131l\u0131 karar\u0131 K\u0131br\u0131s tarihinde kara bir sayfad\u0131r -","robots":{"index":"index","follow":"follow","max-snippet":"max-snippet:-1","max-image-preview":"max-image-preview:large","max-video-preview":"max-video-preview:-1"},"canonical":"https:\/\/kibrisdakik.com\/?p=2646","og_locale":"tr_TR","og_type":"article","og_title":"Cumhurba\u015fkan\u0131 Tatar: Birle\u015fmi\u015f Milletler G\u00fcvenlik Konseyi\u2019nin 186 say\u0131l\u0131 karar\u0131 K\u0131br\u0131s tarihinde kara bir sayfad\u0131r -","og_description":"Cumhurba\u015fkan\u0131 Ersin Tatar, Birle\u015fmi\u015f Milletler G\u00fcvenlik Konseyi\u2019nin 186 say\u0131l\u0131 karar\u0131 ile ilgili a\u00e7\u0131klama yapt\u0131\u2026 A\u00e7\u0131klamas\u0131nda 59 y\u0131l \u00f6nce, 4 Mart 1964 tarihinde, BM G\u00fcvenlik Konseyi\u2019nin, bug\u00fcnk\u00fc s\u00fcrd\u00fcr\u00fclemez stat\u00fckoyu yaratan 186 say\u0131l\u0131 karar\u0131 ald\u0131\u011f\u0131n\u0131 hat\u0131rlatan Cumhurba\u015fkan\u0131 Tatar, \u015funlar\u0131 kaydetti; \u201cK\u0131br\u0131s konusu tarihinde kara bir d\u00f6n\u00fcm noktas\u0131 niteli\u011finde olan bu karar, K\u0131br\u0131s T\u00fcrklerine kar\u015f\u0131 soyk\u0131r\u0131ma giri\u015fen Rum","og_url":"https:\/\/kibrisdakik.com\/?p=2646","article_published_time":"2023-03-04T22:26:42+00:00","og_image":[{"width":805,"height":400,"url":"https:\/\/kibrisdakik.com\/wp-content\/uploads\/2023\/02\/tatar36-740x400.jpg","type":"image\/jpeg"}],"author":"admin","twitter_card":"summary_large_image","twitter_misc":{"Yazan:":"admin","Tahmini okuma s\u00fcresi":"2 dakika"},"schema":{"@context":"https:\/\/schema.org","@graph":[{"@type":"Article","@id":"https:\/\/kibrisdakik.com\/?p=2646#article","isPartOf":{"@id":"https:\/\/kibrisdakik.com\/?p=2646"},"author":{"name":"admin","@id":"https:\/\/kibrisdakik.com\/#\/schema\/person\/9cd9d437bbb44f72b73ba127e06d8e79"},"headline":"Cumhurba\u015fkan\u0131 Tatar: Birle\u015fmi\u015f Milletler G\u00fcvenlik Konseyi\u2019nin 186 say\u0131l\u0131 karar\u0131 K\u0131br\u0131s tarihinde kara bir sayfad\u0131r","datePublished":"2023-03-04T22:26:42+00:00","mainEntityOfPage":{"@id":"https:\/\/kibrisdakik.com\/?p=2646"},"wordCount":411,"commentCount":0,"image":{"@id":"https:\/\/kibrisdakik.com\/?p=2646#primaryimage"},"thumbnailUrl":"https:\/\/kibrisdakik.com\/wp-content\/uploads\/2023\/02\/tatar36-740x400.jpg","articleSection":["G\u00fcndem"],"inLanguage":"tr","potentialAction":[{"@type":"CommentAction","name":"Comment","target":["https:\/\/kibrisdakik.com\/?p=2646#respond"]}]},{"@type":"WebPage","@id":"https:\/\/kibrisdakik.com\/?p=2646","url":"https:\/\/kibrisdakik.com\/?p=2646","name":"Cumhurba\u015fkan\u0131 Tatar: Birle\u015fmi\u015f Milletler G\u00fcvenlik Konseyi\u2019nin 186 say\u0131l\u0131 karar\u0131 K\u0131br\u0131s tarihinde kara bir sayfad\u0131r -","isPartOf":{"@id":"https:\/\/kibrisdakik.com\/#website"},"primaryImageOfPage":{"@id":"https:\/\/kibrisdakik.com\/?p=2646#primaryimage"},"image":{"@id":"https:\/\/kibrisdakik.com\/?p=2646#primaryimage"},"thumbnailUrl":"https:\/\/kibrisdakik.com\/wp-content\/uploads\/2023\/02\/tatar36-740x400.jpg","datePublished":"2023-03-04T22:26:42+00:00","author":{"@id":"https:\/\/kibrisdakik.com\/#\/schema\/person\/9cd9d437bbb44f72b73ba127e06d8e79"},"breadcrumb":{"@id":"https:\/\/kibrisdakik.com\/?p=2646#breadcrumb"},"inLanguage":"tr","potentialAction":[{"@type":"ReadAction","target":["https:\/\/kibrisdakik.com\/?p=2646"]}]},{"@type":"ImageObject","inLanguage":"tr","@id":"https:\/\/kibrisdakik.com\/?p=2646#primaryimage","url":"https:\/\/kibrisdakik.com\/wp-content\/uploads\/2023\/02\/tatar36-740x400.jpg","contentUrl":"https:\/\/kibrisdakik.com\/wp-content\/uploads\/2023\/02\/tatar36-740x400.jpg","width":805,"height":400},{"@type":"BreadcrumbList","@id":"https:\/\/kibrisdakik.com\/?p=2646#breadcrumb","itemListElement":[{"@type":"ListItem","position":1,"name":"Home","item":"https:\/\/kibrisdakik.com\/"},{"@type":"ListItem","position":2,"name":"Cumhurba\u015fkan\u0131 Tatar: Birle\u015fmi\u015f Milletler G\u00fcvenlik Konseyi\u2019nin 186 say\u0131l\u0131 karar\u0131 K\u0131br\u0131s tarihinde kara bir sayfad\u0131r"}]},{"@type":"WebSite","@id":"https:\/\/kibrisdakik.com\/#website","url":"https:\/\/kibrisdakik.com\/","name":"","description":"Tam vaktinde haber","potentialAction":[{"@type":"SearchAction","target":{"@type":"EntryPoint","urlTemplate":"https:\/\/kibrisdakik.com\/?s={search_term_string}"},"query-input":{"@type":"PropertyValueSpecification","valueRequired":true,"valueName":"search_term_string"}}],"inLanguage":"tr"},{"@type":"Person","@id":"https:\/\/kibrisdakik.com\/#\/schema\/person\/9cd9d437bbb44f72b73ba127e06d8e79","name":"admin","image":{"@type":"ImageObject","inLanguage":"tr","@id":"https:\/\/secure.gravatar.com\/avatar\/ccc17943b9d660506c869530f897617f7cb1c21a4bf30023f252596d83e1f007?s=96&d=mm&r=g","url":"https:\/\/secure.gravatar.com\/avatar\/ccc17943b9d660506c869530f897617f7cb1c21a4bf30023f252596d83e1f007?s=96&d=mm&r=g","contentUrl":"https:\/\/secure.gravatar.com\/avatar\/ccc17943b9d660506c869530f897617f7cb1c21a4bf30023f252596d83e1f007?s=96&d=mm&r=g","caption":"admin"},"sameAs":["https:\/\/kibrisdakik.com"],"url":"https:\/\/kibrisdakik.com\/?author=1"}]}},"_links":{"self":[{"href":"https:\/\/kibrisdakik.com\/index.php?rest_route=\/wp\/v2\/posts\/2646","targetHints":{"allow":["GET"]}}],"collection":[{"href":"https:\/\/kibrisdakik.com\/index.php?rest_route=\/wp\/v2\/posts"}],"about":[{"href":"https:\/\/kibrisdakik.com\/index.php?rest_route=\/wp\/v2\/types\/post"}],"author":[{"embeddable":true,"href":"https:\/\/kibrisdakik.com\/index.php?rest_route=\/wp\/v2\/users\/1"}],"replies":[{"embeddable":true,"href":"https:\/\/kibrisdakik.com\/index.php?rest_route=%2Fwp%2Fv2%2Fcomments&post=2646"}],"version-history":[{"count":0,"href":"https:\/\/kibrisdakik.com\/index.php?rest_route=\/wp\/v2\/posts\/2646\/revisions"}],"wp:featuredmedia":[{"embeddable":true,"href":"https:\/\/kibrisdakik.com\/index.php?rest_route=\/wp\/v2\/media\/187"}],"wp:attachment":[{"href":"https:\/\/kibrisdakik.com\/index.php?rest_route=%2Fwp%2Fv2%2Fmedia&parent=2646"}],"wp:term":[{"taxonomy":"category","embeddable":true,"href":"https:\/\/kibrisdakik.com\/index.php?rest_route=%2Fwp%2Fv2%2Fcategories&post=2646"},{"taxonomy":"post_tag","embeddable":true,"href":"https:\/\/kibrisdakik.com\/index.php?rest_route=%2Fwp%2Fv2%2Ftags&post=2646"}],"curies":[{"name":"wp","href":"https:\/\/api.w.org\/{rel}","templated":true}]}}