{"id":26471,"date":"2024-01-15T16:46:58","date_gmt":"2024-01-15T16:46:58","guid":{"rendered":"https:\/\/kibrisdakik.com\/index.php\/2024\/01\/15\/icisleri-bakani-dursun-oguz-ramazan-cani-kabul-etti\/"},"modified":"2024-01-15T16:46:58","modified_gmt":"2024-01-15T16:46:58","slug":"icisleri-bakani-dursun-oguz-ramazan-cani-kabul-etti","status":"publish","type":"post","link":"https:\/\/kibrisdakik.com\/?p=26471","title":{"rendered":"\u0130\u00e7i\u015fleri Bakan\u0131 Dursun O\u011fuz, Ramazan Can&#039;\u0131 kabul etti"},"content":{"rendered":"<p><img decoding=\"async\" src=\"https:\/\/www.kibristurk.com\/images\/haberler\/2024\/01\/icisleri-bakani-dursun-oguz-ramazan-cani-kabul-etti-1705335129.webp\" \/><\/p>\n<p><span style=\"font-size:11pt\"><span style=\"background-color:white\"><span style=\"font-family:Calibri,sans-serif\"><span style=\"font-size:13.0pt\"><span style=\"color:black\">\u0130\u00e7i\u015fleri Bakan\u0131 Dursun O\u011fuz, T\u00fcrkiye Cumhuriyeti Adalet Bakan Yard\u0131mc\u0131s\u0131 Ramazan Can&#8217;\u0131 kabul etti.<\/span><\/span><\/span><\/span><\/span><span style=\"font-size:11pt\"><span style=\"background-color:white\"><span style=\"font-family:Calibri,sans-serif\">&nbsp;<\/span><\/span><\/span><\/p>\n<p><span style=\"font-size:11pt\"><span style=\"background-color:white\"><span style=\"font-family:Calibri,sans-serif\"><span style=\"font-size:13.0pt\"><span style=\"color:black\">Kabulde konu\u015fan \u0130\u00e7i\u015fleri Bakan\u0131 Dursun O\u011fuz, ziyaretten dolay\u0131 Can\u2019a te\u015fekk\u00fcr etti.<\/span><\/span><\/span><\/span><\/span><span style=\"font-size:11pt\"><span style=\"background-color:white\"><span style=\"font-family:Calibri,sans-serif\">&nbsp;<\/span><\/span><\/span><\/p>\n<p><span style=\"font-size:11pt\"><span style=\"background-color:white\"><span style=\"font-family:Calibri,sans-serif\"><span style=\"font-size:13.0pt\"><span style=\"color:black\">KKTC i\u00e7in bug\u00fcnlerin \u00e7ok \u00f6nemli oldu\u011funa dikkat \u00e7eken O\u011fuz, bir \u00f6nceki Ankara ziyaretinde Adalet Bakan\u0131 ile&nbsp; g\u00f6r\u00fc\u015fme ger\u00e7ekle\u015ftirdiklerini ifade ederek, KKTC i\u00e7in 6 \u015eubat\u2019ta T\u00fcrkiye\u2019de meydana gelen &nbsp;depremin \u00e7ok \u00f6nemli oldu\u011funu kaydetti.<\/span><\/span><\/span><\/span><\/span><span style=\"font-size:11pt\"><span style=\"background-color:white\"><span style=\"font-family:Calibri,sans-serif\">&nbsp;<\/span><\/span><\/span><\/p>\n<p><span style=\"font-size:11pt\"><span style=\"background-color:white\"><span style=\"font-family:Calibri,sans-serif\"><span style=\"font-size:13.0pt\"><span style=\"color:black\">\u0130sias davas\u0131n\u0131n kendileri i\u00e7in milli konu haline geldi\u011fini dile getiren O\u011fuz, \u0130sias davas\u0131 i\u00e7in t\u00fcm h\u00fck\u00fcmet yetkilileri ve muhalefet partilerinin tek ses, tek y\u00fcrek oldu\u011funu belirtti.<\/span><\/span><\/span><\/span><\/span><span style=\"font-size:11pt\"><span style=\"background-color:white\"><span style=\"font-family:Calibri,sans-serif\">&nbsp;<\/span><\/span><\/span><\/p>\n<p><span style=\"font-size:11pt\"><span style=\"background-color:white\"><span style=\"font-family:Calibri,sans-serif\"><span style=\"font-size:13.0pt\"><span style=\"color:black\">Bu s\u00fcre\u00e7te T\u00fcrkiye Cumhuriyeti Adalet Bakan\u0131\u2019n\u0131n b\u00fcy\u00fck bir duyarl\u0131l\u0131k g\u00f6sterdi\u011fini dile getiren O\u011fuz, Adalet Bakan\u0131\u2019n\u0131n kendilerinin ziyareti sonras\u0131nda adaya gelerek iadeyi ziyaret ger\u00e7ekle\u015ftirdi\u011fini, depremde hayatlar\u0131n\u0131 kaybedenlerin ailelerini ve kabirlerini ziyaret etti\u011fini ve T\u00fcrkiye Cumhuriyeti\u2019nin adaletine g\u00fcvenmeleri gerekti\u011fini s\u00f6yledi\u011fini kaydetti.<\/span><\/span><\/span><\/span><\/span><\/p>\n<p><span style=\"font-size:11pt\"><span style=\"background-color:white\"><span style=\"font-family:Calibri,sans-serif\"><span style=\"font-size:13.0pt\"><span style=\"color:black\">Adalete g\u00fcvendiklerini dile getiren O\u011fuz, depremde hayatlar\u0131n\u0131 kaybedenlerin ailelerinin, \u0130sias davas\u0131ndaki san\u0131klar\u0131n \u201cOlas\u0131 Kast\u201d ile yarg\u0131lanmas\u0131 temennisi oldu\u011funu belirtti.<\/span><\/span><\/span><\/span><\/span><\/p>\n<p><span style=\"font-size:11pt\"><span style=\"background-color:white\"><span style=\"font-family:Calibri,sans-serif\"><span style=\"font-size:13.0pt\"><span style=\"color:black\">\u0130sisas davas\u0131n\u0131n 4 Ocak tarihinde g\u00f6r\u00fc\u015f\u00fclmeye ba\u015fland\u0131\u011f\u0131n\u0131 ve kendilerinin de tek ses, tek y\u00fcrek olarak orada olduklar\u0131n\u0131 kaydeden O\u011fuz, davan\u0131n 26 Nisan tarihine ertelendi\u011fini ve \u00fclke olarak davay\u0131 takip edeceklerini belirtti.<\/span><\/span><\/span><\/span><\/span><span style=\"font-size:11pt\"><span style=\"background-color:white\"><span style=\"font-family:Calibri,sans-serif\">&nbsp;<\/span><\/span><\/span><\/p>\n<p><span style=\"font-size:11pt\"><span style=\"background-color:white\"><span style=\"font-family:Calibri,sans-serif\"><span style=\"font-size:13.0pt\"><span style=\"color:black\">O\u011fuz, bu konuda g\u00f6sterilen hassasiyetten dolay\u0131 Adalet Bakan\u0131, Bakan Yard\u0131mc\u0131s\u0131 ve T\u00fcrkiye Cumhuriyeti\u2019ne te\u015fekk\u00fcr etti.<\/span><\/span><\/span><\/span><\/span><span style=\"font-size:11pt\"><span style=\"background-color:white\"><span style=\"font-family:Calibri,sans-serif\">&nbsp;<\/span><\/span><\/span><\/p>\n<p><span style=\"font-size:11pt\"><span style=\"background-color:white\"><span style=\"font-family:Calibri,sans-serif\"><span style=\"font-size:13.0pt\"><span style=\"color:black\">KKTC \u0130\u00e7i\u015fler Bakanl\u0131\u011f\u0131 ile T\u00fcrkiye Cumhuriyeti Adalet Bakanl\u0131\u011f\u0131 aras\u0131nda nas\u0131l i\u015fbirli\u011fi yap\u0131labilir konular\u0131nda g\u00f6r\u00fc\u015fmelerin oldu\u011funu dile getiren O\u011fuz, TC Adalet Bakan\u0131&#8217;n\u0131n da adaya gelerek cezaevi ko\u015fullar\u0131n\u0131 g\u00f6rd\u00fc\u011f\u00fcn\u00fc ve T\u00fcrkiye yetkiierinin yak\u0131n i\u015f birli\u011fine \u00f6nem verdiklerini g\u00f6rd\u00fcklerini kaydetti.<\/span><\/span><\/span><\/span><\/span><span style=\"font-size:11pt\"><span style=\"background-color:white\"><span style=\"font-family:Calibri,sans-serif\">&nbsp;<\/span><\/span><\/span><\/p>\n<p><span style=\"font-size:11pt\"><span style=\"background-color:white\"><span style=\"font-family:Calibri,sans-serif\"><span style=\"font-size:13.0pt\"><span style=\"color:black\">T\u00fcrkiye Cumhuriyeti\u2019nin KKTC\u2019nin kendi ayaklar\u0131 \u00fczerinde durmas\u0131 konusunda hassasiyeti g\u00f6sterdi\u011fini ve her zaman yanlar\u0131nda oldu\u011funu g\u00f6stermelerinden dolay\u0131 T\u00fcrkiye Cumhuriyeti h\u00fck\u00fcmetine te\u015fekk\u00fcr eden O\u011fuz, Can\u2019\u0131n da nazik ziyaretinden dolay\u0131 te\u015fekk\u00fcr etti.<\/span><\/span><\/span><\/span><\/span><span style=\"font-size:11pt\"><span style=\"background-color:white\"><span style=\"font-family:Calibri,sans-serif\">&nbsp;<\/span><\/span><\/span><\/p>\n<p><span style=\"font-size:11pt\"><span style=\"background-color:white\"><span style=\"font-family:Calibri,sans-serif\"><span style=\"font-size:13.0pt\"><span style=\"color:black\">Can\u2019\u0131n, cezaevi ile ilgili talepleri konusunda ve i\u015f birli\u011fi konusunda g\u00f6sterilen hassasiyetin kendileri i\u00e7in \u00e7ok \u00f6nemli oldu\u011funu vurgulayan O\u011fuz, geli\u015fen s\u00fcre\u00e7te ihtiya\u00e7lar\u0131n giderilmesi ve cezaevinin daha iyi hizmet verebilmesi ve hizmet kalitesinin art\u0131r\u0131larak baz\u0131 altyap\u0131 eksikliklerinin de giderilmesi konusunda g\u00f6sterdikleri \u00f6nemin kendileri i\u00e7in \u00f6nemli oldu\u011funu kaydetti. &nbsp;<\/span><\/span><\/span><\/span><\/span><span style=\"font-size:11pt\"><span style=\"background-color:white\"><span style=\"font-family:Calibri,sans-serif\">&nbsp;<\/span><\/span><\/span><\/p>\n<p><span style=\"font-size:11pt\"><span style=\"background-color:white\"><span style=\"font-family:Calibri,sans-serif\"><span style=\"font-size:13.0pt\"><span style=\"color:black\">\u00dclkede su\u00e7larla m\u00fccadele konusunda polis te\u015fkilat\u0131n\u0131n \u00f6zveriyle \u00e7al\u0131\u015ft\u0131\u011f\u0131n\u0131 dile getiren O\u011fuz, halk\u0131n en b\u00fcy\u00fck sorununun \u00fclkede kay\u0131t d\u0131\u015f\u0131 kalan insanlarla ilgili oldu\u011funu s\u00f6yledi ve bu konuyla ilgili yasal \u00e7er\u00e7evede tutuklananlar\u0131n yarg\u0131 s\u00fcrecinin beklenmesinin \u00f6nemli oldu\u011funu kaydetti.<\/span><\/span><\/span><\/span><\/span><span style=\"font-size:11pt\"><span style=\"background-color:white\"><span style=\"font-family:Calibri,sans-serif\">&nbsp;<\/span><\/span><\/span><\/p>\n<p><span style=\"font-size:11pt\"><span style=\"background-color:white\"><span style=\"font-family:Calibri,sans-serif\"><span style=\"font-size:13.0pt\"><span style=\"color:black\">T\u00fcrkiye Cumhuriyeti sayesinde yap\u0131lan yeni yap\u0131lan cezaevinin kapasite anlam\u0131nda y\u00fck\u00fcn\u00fcn a\u011f\u0131r oldu\u011funu dile getiren O\u011fuz, gardiyanlar\u0131n \u00fcst\u00fcn \u00f6zveriyle \u00e7al\u0131\u015ft\u0131klar\u0131n\u0131 s\u00f6yledi.<\/span><\/span><\/span><\/span><\/span><span style=\"font-size:11pt\"><span style=\"background-color:white\"><span style=\"font-family:Calibri,sans-serif\">&nbsp;<\/span><\/span><\/span><\/p>\n<p><span style=\"font-size:11pt\"><span style=\"background-color:white\"><span style=\"font-family:Calibri,sans-serif\"><span style=\"font-size:13.0pt\"><span style=\"color:black\">Yarg\u0131 s\u00fcrecinin hukuk \u00e7er\u00e7evesinde k\u0131sa s\u00fcrede sonu\u00e7land\u0131r\u0131l\u0131p ilgili i\u015flemlerin yap\u0131lmas\u0131n\u0131 ve cezaevinin y\u00fck\u00fcn\u00fcn azalt\u0131lmas\u0131n\u0131n \u00f6nemli oldu\u011funu dile getiren O\u011fuz, tutuklulara ve h\u00fck\u00fcml\u00fclere insan haklar\u0131 \u00e7er\u00e7evesinde yap\u0131lmas\u0131 gereken hizmetler oldu\u011funu ve bunlar\u0131 yapman\u0131n da kendilerinin g\u00f6revi oldu\u011funu kaydetti.<\/span><\/span><\/span><\/span><\/span><span style=\"font-size:11pt\"><span style=\"background-color:white\"><span style=\"font-family:Calibri,sans-serif\">&nbsp;<\/span><\/span><\/span><\/p>\n<p><span style=\"font-size:11pt\"><span style=\"background-color:white\"><span style=\"font-family:Calibri,sans-serif\"><span style=\"font-size:13.0pt\"><span style=\"color:black\">H\u00fck\u00fcmet olarak bir\u00e7ok konuya duyarl\u0131 olduklar\u0131n\u0131 dile getiren O\u011fuz, baz\u0131 konularla ilgili de yine i\u015f birli\u011fine ihtiya\u00e7 olundu\u011funu kaydetti.<\/span><\/span><\/span><\/span><\/span><\/p>\n<p><span style=\"font-size:11pt\"><span style=\"background-color:white\"><span style=\"font-family:Calibri,sans-serif\"><span style=\"font-size:13.0pt\"><span style=\"color:black\">-Can<\/span><\/span><\/span><\/span><\/span><\/p>\n<p><span style=\"font-size:11pt\"><span style=\"background-color:white\"><span style=\"font-family:Calibri,sans-serif\"><span style=\"font-size:13.0pt\"><span style=\"color:black\">T\u00fcrkiye Adalet Bakan Yard\u0131mc\u0131s\u0131 Ramazan Can da kabulden dolay\u0131 Bakan O\u011fuz\u2019a te\u015fekk\u00fcr etti.<\/span><\/span><\/span><\/span><\/span><span style=\"font-size:11pt\"><span style=\"background-color:white\"><span style=\"font-family:Calibri,sans-serif\">&nbsp;<\/span><\/span><\/span><\/p>\n<p><span style=\"font-size:11pt\"><span style=\"background-color:white\"><span style=\"font-family:Calibri,sans-serif\"><span style=\"font-size:13.0pt\"><span style=\"color:black\">T\u00fcrkiye Adalet Bakan\u2019\u0131 Y\u0131lmaz Tun\u00e7\u2019un selamlar\u0131n\u0131 getirdiklerini dile getiren Can, TC Adalet Bakan\u0131&#8217;n\u0131n talimat\u0131yla buradaki cezaevine ziyaret ger\u00e7ekle\u015ftirdiklerini ve eksikliklerin giderilmesi konusunda planlamalar\u0131n yap\u0131ld\u0131\u011f\u0131n\u0131 kaydetti.<\/span><\/span><\/span><\/span><\/span><\/p>\n<p><span style=\"font-size:11pt\"><span style=\"background-color:white\"><span style=\"font-family:Calibri,sans-serif\"><span style=\"font-size:13.0pt\"><span style=\"color:black\">T\u00fcrkiye\u2019de 6 \u015eubat\u2019ta ya\u015fanan depremi b\u00fcy\u00fck bir afet ve b\u00fcy\u00fck bir k\u0131yamet olarak tan\u0131mlad\u0131\u011f\u0131n\u0131 dile getiren Can, 50 bin \u00fczerinde vatanda\u015f\u0131n Hakka y\u00fcr\u00fcd\u00fc\u011f\u00fcn\u00fc s\u00f6yleyerek, hayatlar\u0131n\u0131 kaybedenlere Allah\u2019tan rahmeti, geride kalanlara sab\u0131r ve hastalara da acil \u015fifalar diledi.<\/span><\/span><\/span><\/span><\/span><\/p>\n<p><span style=\"font-size:11pt\"><span style=\"background-color:white\"><span style=\"font-family:Calibri,sans-serif\"><span style=\"font-size:13.0pt\"><span style=\"color:black\">Depremde K\u0131br\u0131sl\u0131 karde\u015flerinden de kay\u0131plar oldu\u011funu dile getiren Can, ger\u00e7eklerin ortaya \u00e7\u0131kmas\u0131 konusunda Adaleti Bakanl\u0131\u011f\u0131 olarak duru\u015flar\u0131n\u0131n net oldu\u011funu kaydetti.<\/span><\/span><\/span><\/span><\/span><span style=\"font-size:11pt\"><span style=\"background-color:white\"><span style=\"font-family:Calibri,sans-serif\">&nbsp;<\/span><\/span><\/span><\/p>\n<p><span style=\"font-size:11pt\"><span style=\"background-color:white\"><span style=\"font-family:Calibri,sans-serif\"><span style=\"font-size:13.0pt\"><span style=\"color:black\">Can, T\u00fcrkiye\u2019de deprem konusunda \u00e7al\u0131\u015ftaylar ve bilirki\u015fi raporlar\u0131yla de\u011ferlendirmeler yap\u0131ld\u0131\u011f\u0131n\u0131, adaletin ger\u00e7ekle\u015ftirilmesi konusunda, depremden sonra ihmal ve kusuru olanlar\u0131n gerekli yapt\u0131r\u0131mlarla kar\u015f\u0131 kar\u015f\u0131ya kalmas\u0131 noktas\u0131nda olduklar\u0131n\u0131 belirtti.<\/span><\/span><\/span><\/span><\/span><span style=\"font-size:11pt\"><span style=\"background-color:white\"><span style=\"font-family:Calibri,sans-serif\">&nbsp;<\/span><\/span><\/span><\/p>\n<p><span style=\"font-size:11pt\"><span style=\"background-color:white\"><span style=\"font-family:Calibri,sans-serif\"><span style=\"font-size:13.0pt\"><span style=\"color:black\">Can, T\u00fcrkiye\u2019de yarg\u0131n\u0131n ba\u011f\u0131ms\u0131z oldu\u011funu ve kendilerinin de takibe devam ettiklerini dile getirdi. &nbsp;<\/span><\/span><\/span><\/span><\/span><span style=\"font-size:11pt\"><span style=\"background-color:white\"><span style=\"font-family:Calibri,sans-serif\">&nbsp;<\/span><\/span><\/span><\/p>\n<p><span style=\"font-size:11pt\"><span style=\"background-color:white\"><span style=\"font-family:Calibri,sans-serif\"><span style=\"font-size:13.0pt\"><span style=\"color:black\">Bug\u00fcn itibar\u0131yla Genel M\u00fcd\u00fcrleriyle birlikte cezaevi ziyareti ger\u00e7ekle\u015ftirdiklerini s\u00f6yleyen Can,&nbsp; cezaevinin, modern infaz rejiminin uygulanabilece\u011fi bir bina oldu\u011funu dile getirerek, mahkum ve tutuklulara da modern cezaevi infaz rejimini uygulanmas\u0131n\u0131 g\u00f6rmekten de mutluluk duyduklar\u0131n\u0131 kaydetti.<\/span><\/span><\/span><\/span><\/span><span style=\"font-size:11pt\"><span style=\"background-color:white\"><span style=\"font-family:Calibri,sans-serif\">&nbsp;<\/span><\/span><\/span><\/p>\n<p><span style=\"font-size:11pt\"><span style=\"background-color:white\"><span style=\"font-family:Calibri,sans-serif\"><span style=\"font-size:13.0pt\"><span style=\"color:black\">Cezaevinde eksiklikler oldu\u011funu, bu eksikliklerin d\u00fcnyan\u0131n her yerinde bulundu\u011funu dile getiren Can, insan haysiyetine yara\u015f\u0131r \u015fekilde infaz rejiminin devam etmesi i\u00e7in gereken altyap\u0131n\u0131n haz\u0131rlanmas\u0131n\u0131n \u00f6nemine dikkat \u00e7ekti.<\/span><\/span><\/span><\/span><\/span><span style=\"font-size:11pt\"><span style=\"background-color:white\"><span style=\"font-family:Calibri,sans-serif\">&nbsp;<\/span><\/span><\/span><\/p>\n<p><span style=\"font-size:11pt\"><span style=\"background-color:white\"><span style=\"font-family:Calibri,sans-serif\"><span style=\"font-size:13.0pt\"><span style=\"color:black\">KKTC\u2019ye ziyaret sebeplerinden birinin de cezaevinin altyap\u0131s\u0131n\u0131 g\u00f6rmek oldu\u011funu dile getiren Can, altyap\u0131y\u0131 g\u00f6rd\u00fcklerini ve foto\u011fraf\u0131 \u00e7ok g\u00fczel \u015fekilde \u00e7ektiklerini kaydederek, &#8220;ne yap\u0131labilir noktas\u0131n\u0131&#8221; da de\u011ferlendireceklerini belirtti.<\/span><\/span><\/span><\/span><\/span><span style=\"font-size:11pt\"><span style=\"background-color:white\"><span style=\"font-family:Calibri,sans-serif\">&nbsp;<\/span><\/span><\/span><\/p>\n<p><span style=\"font-size:11pt\"><span style=\"background-color:white\"><span style=\"font-family:Calibri,sans-serif\"><span style=\"font-size:13.0pt\"><span style=\"color:black\">Can, T\u00fcrkiye Cumhuriyeti olarak karde\u015f cumhuriyetlerine ellerinden geldi\u011fince destek olmaya devam edeceklerini ve yap\u0131lacak ne varsa imkanlar\u0131 zorlayacaklar\u0131n\u0131 dile getirdi.<\/span><\/span><\/span><\/span><\/span><\/p>\n<p><span style=\"font-size:11pt\"><span style=\"background-color:white\"><span style=\"font-family:Calibri,sans-serif\"><span style=\"font-size:13.0pt\"><span style=\"color:black\">G\u00f6r\u00fc\u015fmenin sonunda \u0130\u00e7i\u015fleri Bakan\u0131 Dursun O\u011fuz, T\u00fcrkiye Cumhuriyeti Adalet Bakan Yard\u0131mc\u0131s\u0131 Ramazan Can&#8217;a hediye takdim etti.<\/span><\/span><\/span><\/span><\/span><span style=\"font-size:11pt\"><span style=\"background-color:white\"><span style=\"font-family:Calibri,sans-serif\">&nbsp;<\/span><\/span><\/span><\/p>\n<p><span style=\"font-size:11pt\"><span style=\"background-color:white\"><span style=\"font-family:Calibri,sans-serif\"><span style=\"font-size:13.0pt\"><span style=\"color:black\">G\u00f6r\u00fc\u015fmede, \u0130\u00e7i\u015fleri M\u00fcste\u015far\u0131 H\u00fcseyin G\u00fcltekin ve Cezaevi Genel M\u00fcd\u00fcr\u00fc Fatih Erdo\u011fan da haz\u0131r bulundu<\/span><\/span><\/span><\/span><\/span><\/p>\n","protected":false},"excerpt":{"rendered":"<p>\u0130\u00e7i\u015fleri Bakan\u0131 Dursun O\u011fuz, T\u00fcrkiye Cumhuriyeti Adalet Bakan Yard\u0131mc\u0131s\u0131 Ramazan Can&#8217;\u0131 kabul etti.&nbsp; Kabulde konu\u015fan \u0130\u00e7i\u015fleri Bakan\u0131 Dursun O\u011fuz, ziyaretten dolay\u0131 Can\u2019a te\u015fekk\u00fcr etti.&nbsp; KKTC i\u00e7in bug\u00fcnlerin \u00e7ok \u00f6nemli oldu\u011funa dikkat \u00e7eken O\u011fuz, bir \u00f6nceki Ankara ziyaretinde Adalet Bakan\u0131 ile&nbsp; g\u00f6r\u00fc\u015fme ger\u00e7ekle\u015ftirdiklerini ifade ederek, KKTC i\u00e7in 6 \u015eubat\u2019ta T\u00fcrkiye\u2019de meydana gelen &nbsp;depremin \u00e7ok \u00f6nemli oldu\u011funu<\/p>\n","protected":false},"author":1,"featured_media":26472,"comment_status":"open","ping_status":"open","sticky":false,"template":"","format":"standard","meta":{"footnotes":""},"categories":[86],"tags":[],"class_list":["post-26471","post","type-post","status-publish","format-standard","has-post-thumbnail","hentry","category-turkiye"],"yoast_head":"<!-- This site is optimized with the Yoast SEO plugin v27.5 - https:\/\/yoast.com\/product\/yoast-seo-wordpress\/ -->\n<title>\u0130\u00e7i\u015fleri Bakan\u0131 Dursun O\u011fuz, Ramazan Can&#039;\u0131 kabul etti -<\/title>\n<meta name=\"robots\" content=\"index, follow, max-snippet:-1, max-image-preview:large, max-video-preview:-1\" \/>\n<link rel=\"canonical\" href=\"https:\/\/kibrisdakik.com\/?p=26471\" \/>\n<meta property=\"og:locale\" content=\"tr_TR\" \/>\n<meta property=\"og:type\" content=\"article\" \/>\n<meta property=\"og:title\" content=\"\u0130\u00e7i\u015fleri Bakan\u0131 Dursun O\u011fuz, Ramazan Can&#039;\u0131 kabul etti -\" \/>\n<meta property=\"og:description\" content=\"\u0130\u00e7i\u015fleri Bakan\u0131 Dursun O\u011fuz, T\u00fcrkiye Cumhuriyeti Adalet Bakan Yard\u0131mc\u0131s\u0131 Ramazan Can&#8217;\u0131 kabul etti.&nbsp; Kabulde konu\u015fan \u0130\u00e7i\u015fleri Bakan\u0131 Dursun O\u011fuz, ziyaretten dolay\u0131 Can\u2019a te\u015fekk\u00fcr etti.&nbsp; KKTC i\u00e7in bug\u00fcnlerin \u00e7ok \u00f6nemli oldu\u011funa dikkat \u00e7eken O\u011fuz, bir \u00f6nceki Ankara ziyaretinde Adalet Bakan\u0131 ile&nbsp; g\u00f6r\u00fc\u015fme ger\u00e7ekle\u015ftirdiklerini ifade ederek, KKTC i\u00e7in 6 \u015eubat\u2019ta T\u00fcrkiye\u2019de meydana gelen &nbsp;depremin \u00e7ok \u00f6nemli oldu\u011funu\" \/>\n<meta property=\"og:url\" content=\"https:\/\/kibrisdakik.com\/?p=26471\" \/>\n<meta property=\"article:published_time\" content=\"2024-01-15T16:46:58+00:00\" \/>\n<meta property=\"og:image\" content=\"https:\/\/kibrisdakik.com\/wp-content\/uploads\/2024\/01\/icisleri-bakani-dursun-oguz-ramazan-cani-kabul-etti-1705335129.webp.webp\" \/>\n\t<meta property=\"og:image:width\" content=\"710\" \/>\n\t<meta property=\"og:image:height\" content=\"370\" \/>\n\t<meta property=\"og:image:type\" content=\"image\/webp\" \/>\n<meta name=\"author\" content=\"admin\" \/>\n<meta name=\"twitter:card\" content=\"summary_large_image\" \/>\n<meta name=\"twitter:label1\" content=\"Yazan:\" \/>\n\t<meta name=\"twitter:data1\" content=\"admin\" \/>\n\t<meta name=\"twitter:label2\" content=\"Tahmini okuma s\u00fcresi\" \/>\n\t<meta name=\"twitter:data2\" content=\"5 dakika\" \/>\n<script type=\"application\/ld+json\" class=\"yoast-schema-graph\">{\"@context\":\"https:\\\/\\\/schema.org\",\"@graph\":[{\"@type\":\"Article\",\"@id\":\"https:\\\/\\\/kibrisdakik.com\\\/?p=26471#article\",\"isPartOf\":{\"@id\":\"https:\\\/\\\/kibrisdakik.com\\\/?p=26471\"},\"author\":{\"name\":\"admin\",\"@id\":\"https:\\\/\\\/kibrisdakik.com\\\/#\\\/schema\\\/person\\\/9cd9d437bbb44f72b73ba127e06d8e79\"},\"headline\":\"\u0130\u00e7i\u015fleri Bakan\u0131 Dursun O\u011fuz, Ramazan Can&#039;\u0131 kabul etti\",\"datePublished\":\"2024-01-15T16:46:58+00:00\",\"mainEntityOfPage\":{\"@id\":\"https:\\\/\\\/kibrisdakik.com\\\/?p=26471\"},\"wordCount\":1057,\"commentCount\":0,\"image\":{\"@id\":\"https:\\\/\\\/kibrisdakik.com\\\/?p=26471#primaryimage\"},\"thumbnailUrl\":\"https:\\\/\\\/kibrisdakik.com\\\/wp-content\\\/uploads\\\/2024\\\/01\\\/icisleri-bakani-dursun-oguz-ramazan-cani-kabul-etti-1705335129.webp.webp\",\"articleSection\":[\"T\u00fcrkiye\"],\"inLanguage\":\"tr\",\"potentialAction\":[{\"@type\":\"CommentAction\",\"name\":\"Comment\",\"target\":[\"https:\\\/\\\/kibrisdakik.com\\\/?p=26471#respond\"]}]},{\"@type\":\"WebPage\",\"@id\":\"https:\\\/\\\/kibrisdakik.com\\\/?p=26471\",\"url\":\"https:\\\/\\\/kibrisdakik.com\\\/?p=26471\",\"name\":\"\u0130\u00e7i\u015fleri Bakan\u0131 Dursun O\u011fuz, Ramazan Can&#039;\u0131 kabul etti -\",\"isPartOf\":{\"@id\":\"https:\\\/\\\/kibrisdakik.com\\\/#website\"},\"primaryImageOfPage\":{\"@id\":\"https:\\\/\\\/kibrisdakik.com\\\/?p=26471#primaryimage\"},\"image\":{\"@id\":\"https:\\\/\\\/kibrisdakik.com\\\/?p=26471#primaryimage\"},\"thumbnailUrl\":\"https:\\\/\\\/kibrisdakik.com\\\/wp-content\\\/uploads\\\/2024\\\/01\\\/icisleri-bakani-dursun-oguz-ramazan-cani-kabul-etti-1705335129.webp.webp\",\"datePublished\":\"2024-01-15T16:46:58+00:00\",\"author\":{\"@id\":\"https:\\\/\\\/kibrisdakik.com\\\/#\\\/schema\\\/person\\\/9cd9d437bbb44f72b73ba127e06d8e79\"},\"breadcrumb\":{\"@id\":\"https:\\\/\\\/kibrisdakik.com\\\/?p=26471#breadcrumb\"},\"inLanguage\":\"tr\",\"potentialAction\":[{\"@type\":\"ReadAction\",\"target\":[\"https:\\\/\\\/kibrisdakik.com\\\/?p=26471\"]}]},{\"@type\":\"ImageObject\",\"inLanguage\":\"tr\",\"@id\":\"https:\\\/\\\/kibrisdakik.com\\\/?p=26471#primaryimage\",\"url\":\"https:\\\/\\\/kibrisdakik.com\\\/wp-content\\\/uploads\\\/2024\\\/01\\\/icisleri-bakani-dursun-oguz-ramazan-cani-kabul-etti-1705335129.webp.webp\",\"contentUrl\":\"https:\\\/\\\/kibrisdakik.com\\\/wp-content\\\/uploads\\\/2024\\\/01\\\/icisleri-bakani-dursun-oguz-ramazan-cani-kabul-etti-1705335129.webp.webp\",\"width\":710,\"height\":370},{\"@type\":\"BreadcrumbList\",\"@id\":\"https:\\\/\\\/kibrisdakik.com\\\/?p=26471#breadcrumb\",\"itemListElement\":[{\"@type\":\"ListItem\",\"position\":1,\"name\":\"Home\",\"item\":\"https:\\\/\\\/kibrisdakik.com\\\/\"},{\"@type\":\"ListItem\",\"position\":2,\"name\":\"\u0130\u00e7i\u015fleri Bakan\u0131 Dursun O\u011fuz, Ramazan Can&#039;\u0131 kabul etti\"}]},{\"@type\":\"WebSite\",\"@id\":\"https:\\\/\\\/kibrisdakik.com\\\/#website\",\"url\":\"https:\\\/\\\/kibrisdakik.com\\\/\",\"name\":\"\",\"description\":\"Tam vaktinde haber\",\"potentialAction\":[{\"@type\":\"SearchAction\",\"target\":{\"@type\":\"EntryPoint\",\"urlTemplate\":\"https:\\\/\\\/kibrisdakik.com\\\/?s={search_term_string}\"},\"query-input\":{\"@type\":\"PropertyValueSpecification\",\"valueRequired\":true,\"valueName\":\"search_term_string\"}}],\"inLanguage\":\"tr\"},{\"@type\":\"Person\",\"@id\":\"https:\\\/\\\/kibrisdakik.com\\\/#\\\/schema\\\/person\\\/9cd9d437bbb44f72b73ba127e06d8e79\",\"name\":\"admin\",\"image\":{\"@type\":\"ImageObject\",\"inLanguage\":\"tr\",\"@id\":\"https:\\\/\\\/secure.gravatar.com\\\/avatar\\\/ccc17943b9d660506c869530f897617f7cb1c21a4bf30023f252596d83e1f007?s=96&d=mm&r=g\",\"url\":\"https:\\\/\\\/secure.gravatar.com\\\/avatar\\\/ccc17943b9d660506c869530f897617f7cb1c21a4bf30023f252596d83e1f007?s=96&d=mm&r=g\",\"contentUrl\":\"https:\\\/\\\/secure.gravatar.com\\\/avatar\\\/ccc17943b9d660506c869530f897617f7cb1c21a4bf30023f252596d83e1f007?s=96&d=mm&r=g\",\"caption\":\"admin\"},\"sameAs\":[\"https:\\\/\\\/kibrisdakik.com\"],\"url\":\"https:\\\/\\\/kibrisdakik.com\\\/?author=1\"}]}<\/script>\n<!-- \/ Yoast SEO plugin. -->","yoast_head_json":{"title":"\u0130\u00e7i\u015fleri Bakan\u0131 Dursun O\u011fuz, Ramazan Can&#039;\u0131 kabul etti -","robots":{"index":"index","follow":"follow","max-snippet":"max-snippet:-1","max-image-preview":"max-image-preview:large","max-video-preview":"max-video-preview:-1"},"canonical":"https:\/\/kibrisdakik.com\/?p=26471","og_locale":"tr_TR","og_type":"article","og_title":"\u0130\u00e7i\u015fleri Bakan\u0131 Dursun O\u011fuz, Ramazan Can&#039;\u0131 kabul etti -","og_description":"\u0130\u00e7i\u015fleri Bakan\u0131 Dursun O\u011fuz, T\u00fcrkiye Cumhuriyeti Adalet Bakan Yard\u0131mc\u0131s\u0131 Ramazan Can&#8217;\u0131 kabul etti.&nbsp; Kabulde konu\u015fan \u0130\u00e7i\u015fleri Bakan\u0131 Dursun O\u011fuz, ziyaretten dolay\u0131 Can\u2019a te\u015fekk\u00fcr etti.&nbsp; KKTC i\u00e7in bug\u00fcnlerin \u00e7ok \u00f6nemli oldu\u011funa dikkat \u00e7eken O\u011fuz, bir \u00f6nceki Ankara ziyaretinde Adalet Bakan\u0131 ile&nbsp; g\u00f6r\u00fc\u015fme ger\u00e7ekle\u015ftirdiklerini ifade ederek, KKTC i\u00e7in 6 \u015eubat\u2019ta T\u00fcrkiye\u2019de meydana gelen &nbsp;depremin \u00e7ok \u00f6nemli oldu\u011funu","og_url":"https:\/\/kibrisdakik.com\/?p=26471","article_published_time":"2024-01-15T16:46:58+00:00","og_image":[{"width":710,"height":370,"url":"https:\/\/kibrisdakik.com\/wp-content\/uploads\/2024\/01\/icisleri-bakani-dursun-oguz-ramazan-cani-kabul-etti-1705335129.webp.webp","type":"image\/webp"}],"author":"admin","twitter_card":"summary_large_image","twitter_misc":{"Yazan:":"admin","Tahmini okuma s\u00fcresi":"5 dakika"},"schema":{"@context":"https:\/\/schema.org","@graph":[{"@type":"Article","@id":"https:\/\/kibrisdakik.com\/?p=26471#article","isPartOf":{"@id":"https:\/\/kibrisdakik.com\/?p=26471"},"author":{"name":"admin","@id":"https:\/\/kibrisdakik.com\/#\/schema\/person\/9cd9d437bbb44f72b73ba127e06d8e79"},"headline":"\u0130\u00e7i\u015fleri Bakan\u0131 Dursun O\u011fuz, Ramazan Can&#039;\u0131 kabul etti","datePublished":"2024-01-15T16:46:58+00:00","mainEntityOfPage":{"@id":"https:\/\/kibrisdakik.com\/?p=26471"},"wordCount":1057,"commentCount":0,"image":{"@id":"https:\/\/kibrisdakik.com\/?p=26471#primaryimage"},"thumbnailUrl":"https:\/\/kibrisdakik.com\/wp-content\/uploads\/2024\/01\/icisleri-bakani-dursun-oguz-ramazan-cani-kabul-etti-1705335129.webp.webp","articleSection":["T\u00fcrkiye"],"inLanguage":"tr","potentialAction":[{"@type":"CommentAction","name":"Comment","target":["https:\/\/kibrisdakik.com\/?p=26471#respond"]}]},{"@type":"WebPage","@id":"https:\/\/kibrisdakik.com\/?p=26471","url":"https:\/\/kibrisdakik.com\/?p=26471","name":"\u0130\u00e7i\u015fleri Bakan\u0131 Dursun O\u011fuz, Ramazan Can&#039;\u0131 kabul etti -","isPartOf":{"@id":"https:\/\/kibrisdakik.com\/#website"},"primaryImageOfPage":{"@id":"https:\/\/kibrisdakik.com\/?p=26471#primaryimage"},"image":{"@id":"https:\/\/kibrisdakik.com\/?p=26471#primaryimage"},"thumbnailUrl":"https:\/\/kibrisdakik.com\/wp-content\/uploads\/2024\/01\/icisleri-bakani-dursun-oguz-ramazan-cani-kabul-etti-1705335129.webp.webp","datePublished":"2024-01-15T16:46:58+00:00","author":{"@id":"https:\/\/kibrisdakik.com\/#\/schema\/person\/9cd9d437bbb44f72b73ba127e06d8e79"},"breadcrumb":{"@id":"https:\/\/kibrisdakik.com\/?p=26471#breadcrumb"},"inLanguage":"tr","potentialAction":[{"@type":"ReadAction","target":["https:\/\/kibrisdakik.com\/?p=26471"]}]},{"@type":"ImageObject","inLanguage":"tr","@id":"https:\/\/kibrisdakik.com\/?p=26471#primaryimage","url":"https:\/\/kibrisdakik.com\/wp-content\/uploads\/2024\/01\/icisleri-bakani-dursun-oguz-ramazan-cani-kabul-etti-1705335129.webp.webp","contentUrl":"https:\/\/kibrisdakik.com\/wp-content\/uploads\/2024\/01\/icisleri-bakani-dursun-oguz-ramazan-cani-kabul-etti-1705335129.webp.webp","width":710,"height":370},{"@type":"BreadcrumbList","@id":"https:\/\/kibrisdakik.com\/?p=26471#breadcrumb","itemListElement":[{"@type":"ListItem","position":1,"name":"Home","item":"https:\/\/kibrisdakik.com\/"},{"@type":"ListItem","position":2,"name":"\u0130\u00e7i\u015fleri Bakan\u0131 Dursun O\u011fuz, Ramazan Can&#039;\u0131 kabul etti"}]},{"@type":"WebSite","@id":"https:\/\/kibrisdakik.com\/#website","url":"https:\/\/kibrisdakik.com\/","name":"","description":"Tam vaktinde haber","potentialAction":[{"@type":"SearchAction","target":{"@type":"EntryPoint","urlTemplate":"https:\/\/kibrisdakik.com\/?s={search_term_string}"},"query-input":{"@type":"PropertyValueSpecification","valueRequired":true,"valueName":"search_term_string"}}],"inLanguage":"tr"},{"@type":"Person","@id":"https:\/\/kibrisdakik.com\/#\/schema\/person\/9cd9d437bbb44f72b73ba127e06d8e79","name":"admin","image":{"@type":"ImageObject","inLanguage":"tr","@id":"https:\/\/secure.gravatar.com\/avatar\/ccc17943b9d660506c869530f897617f7cb1c21a4bf30023f252596d83e1f007?s=96&d=mm&r=g","url":"https:\/\/secure.gravatar.com\/avatar\/ccc17943b9d660506c869530f897617f7cb1c21a4bf30023f252596d83e1f007?s=96&d=mm&r=g","contentUrl":"https:\/\/secure.gravatar.com\/avatar\/ccc17943b9d660506c869530f897617f7cb1c21a4bf30023f252596d83e1f007?s=96&d=mm&r=g","caption":"admin"},"sameAs":["https:\/\/kibrisdakik.com"],"url":"https:\/\/kibrisdakik.com\/?author=1"}]}},"_links":{"self":[{"href":"https:\/\/kibrisdakik.com\/index.php?rest_route=\/wp\/v2\/posts\/26471","targetHints":{"allow":["GET"]}}],"collection":[{"href":"https:\/\/kibrisdakik.com\/index.php?rest_route=\/wp\/v2\/posts"}],"about":[{"href":"https:\/\/kibrisdakik.com\/index.php?rest_route=\/wp\/v2\/types\/post"}],"author":[{"embeddable":true,"href":"https:\/\/kibrisdakik.com\/index.php?rest_route=\/wp\/v2\/users\/1"}],"replies":[{"embeddable":true,"href":"https:\/\/kibrisdakik.com\/index.php?rest_route=%2Fwp%2Fv2%2Fcomments&post=26471"}],"version-history":[{"count":0,"href":"https:\/\/kibrisdakik.com\/index.php?rest_route=\/wp\/v2\/posts\/26471\/revisions"}],"wp:featuredmedia":[{"embeddable":true,"href":"https:\/\/kibrisdakik.com\/index.php?rest_route=\/wp\/v2\/media\/26472"}],"wp:attachment":[{"href":"https:\/\/kibrisdakik.com\/index.php?rest_route=%2Fwp%2Fv2%2Fmedia&parent=26471"}],"wp:term":[{"taxonomy":"category","embeddable":true,"href":"https:\/\/kibrisdakik.com\/index.php?rest_route=%2Fwp%2Fv2%2Fcategories&post=26471"},{"taxonomy":"post_tag","embeddable":true,"href":"https:\/\/kibrisdakik.com\/index.php?rest_route=%2Fwp%2Fv2%2Ftags&post=26471"}],"curies":[{"name":"wp","href":"https:\/\/api.w.org\/{rel}","templated":true}]}}