{"id":26491,"date":"2024-01-15T18:49:09","date_gmt":"2024-01-15T18:49:09","guid":{"rendered":"https:\/\/kibrisdakik.com\/index.php\/2024\/01\/15\/basbakanin-esi-zerrin-ustel-ozel-egitim-okullarini-ziyaret-etti\/"},"modified":"2024-01-15T18:49:09","modified_gmt":"2024-01-15T18:49:09","slug":"basbakanin-esi-zerrin-ustel-ozel-egitim-okullarini-ziyaret-etti","status":"publish","type":"post","link":"https:\/\/kibrisdakik.com\/?p=26491","title":{"rendered":"Ba\u015fbakan\u0131n e\u015fi Zerrin \u00dcstel, \u00f6zel e\u011fitim okullar\u0131n\u0131 ziyaret etti"},"content":{"rendered":"<p><img decoding=\"async\" src=\"https:\/\/www.kibristurk.com\/images\/haberler\/2024\/01\/basbakanin-esi-zerrin-ustel-ozel-egitim-okullarini-ziyaret-etti-1705344058.webp\" \/><\/p>\n<p>Ba\u015fbakan \u00dcnal \u00dcstel\u2019in e\u015fi Zerrin \u00dcstel, Sa\u011fl\u0131k Bakanl\u0131\u011f\u0131\u2019na ba\u011fl\u0131 Temel Sa\u011fl\u0131k Hizmetleri Dairesi taraf\u0131ndan Ziyamet ve \u00d6t\u00fcken\u2019deki \u00d6zel E\u011fitim ve \u0130\u015f E\u011fitim Okullar\u0131nda erken tan\u0131 ve koruyucu sa\u011fl\u0131k amac\u0131yla d\u00fczenlenen y\u0131ll\u0131k di\u015f tarama etkinli\u011fine kat\u0131ld\u0131. Etkinlikte Zerrin \u00dcstel\u2019e, Sa\u011fl\u0131k Bakan\u0131 Dr. Hakan Din\u00e7y\u00fcrek&#8217;in e\u015fi Sibel Din\u00e7y\u00fcrek e\u015flik etti.&nbsp;<\/p>\n<p>Etkinlikte Zerrin \u00dcstel taraf\u0131ndan \u00e7ocuklara di\u015f sa\u011fl\u0131\u011f\u0131 fark\u0131ndal\u0131klar\u0131n\u0131n artmas\u0131 ad\u0131na di\u015f macunu ve di\u015f f\u0131r\u00e7as\u0131 hediye edildi.<\/p>\n<p>Ba\u015fbakanl\u0131k\u2019tan yap\u0131lan yaz\u0131l\u0131 a\u00e7\u0131klamaya g\u00f6re, Zerrin \u00dcstel etkinlikte yapt\u0131\u011f\u0131 k\u0131sa konu\u015fmada, \u00e7ocuklara y\u00f6nelik sa\u011fl\u0131k hizmetlerinin \u00f6nemine i\u015faret ederken, bu okullarda e\u011fitim g\u00f6ren \u00f6zel \u00e7ocuklar\u0131n oldu\u011funu hat\u0131rlatarak, toplum i\u00e7inde e\u015fit \u015fekilde yer almalar\u0131n\u0131n \u00f6nemini vurgulad\u0131. \u00dcstel, \u00f6zel e\u011fitim \u00f6\u011fretmenlerinin b\u00fcy\u00fck bir sorumluluk ve \u00f6zveri gerektiren \u00e7ok ulvi bir hizmet verdi\u011fini vurgulayarak, \u015f\u00f6yle devam etti:<\/p>\n<p>\u201c\u00d6zel e\u011fitime gereksinimli \u00e7ocuklar\u0131m\u0131z\u0131n ihtiya\u00e7lar\u0131n\u0131 \u00f6nemsiyoruz. Onlar\u0131n ba\u015far\u0131l\u0131 bir \u015fekilde e\u011fitim almalar\u0131 bizim i\u00e7in \u00e7ok \u00f6nemli. Bunun en ba\u015f\u0131nda da \u00f6\u011fretmenlerimiz geliyor. Bu noktada \u00e7ocuklar\u0131m\u0131z\u0131n, Hak ettikleri e\u011fitimi alabilmeleri i\u00e7in canla ba\u015fla \u00e7al\u0131\u015fan, \u00d6zel \u00e7ocuklar\u0131m\u0131z\u0131n \u00f6zel \u00f6\u011fretmenlerine fedakarl\u0131klar\u0131ndan dolay\u0131 t\u00fcm \u00f6\u011frenci ve velilerimiz ad\u0131na te\u015fekk\u00fcr ediyorum. Onlar\u0131n ola\u011fan\u00fcst\u00fc gayretleri \u00f6\u011frencilerimiz kadar onlar\u0131 da \u00f6zel k\u0131l\u0131yor.&#8221;<\/p>\n<p>\u00dcstel okullarda g\u00f6rev alan idareci ve e\u011fitmenleri de gayretlerinden dolay\u0131 tebrik etti.<\/p>\n","protected":false},"excerpt":{"rendered":"<p>Ba\u015fbakan \u00dcnal \u00dcstel\u2019in e\u015fi Zerrin \u00dcstel, Sa\u011fl\u0131k Bakanl\u0131\u011f\u0131\u2019na ba\u011fl\u0131 Temel Sa\u011fl\u0131k Hizmetleri Dairesi taraf\u0131ndan Ziyamet ve \u00d6t\u00fcken\u2019deki \u00d6zel E\u011fitim ve \u0130\u015f E\u011fitim Okullar\u0131nda erken tan\u0131 ve koruyucu sa\u011fl\u0131k amac\u0131yla d\u00fczenlenen y\u0131ll\u0131k di\u015f tarama etkinli\u011fine kat\u0131ld\u0131. Etkinlikte Zerrin \u00dcstel\u2019e, Sa\u011fl\u0131k Bakan\u0131 Dr. Hakan Din\u00e7y\u00fcrek&#8217;in e\u015fi Sibel Din\u00e7y\u00fcrek e\u015flik etti.&nbsp; Etkinlikte Zerrin \u00dcstel taraf\u0131ndan \u00e7ocuklara di\u015f sa\u011fl\u0131\u011f\u0131<\/p>\n","protected":false},"author":1,"featured_media":26492,"comment_status":"open","ping_status":"open","sticky":false,"template":"","format":"standard","meta":{"footnotes":""},"categories":[86],"tags":[],"class_list":["post-26491","post","type-post","status-publish","format-standard","has-post-thumbnail","hentry","category-turkiye"],"yoast_head":"<!-- This site is optimized with the Yoast SEO plugin v27.4 - https:\/\/yoast.com\/product\/yoast-seo-wordpress\/ -->\n<title>Ba\u015fbakan\u0131n e\u015fi Zerrin \u00dcstel, \u00f6zel e\u011fitim okullar\u0131n\u0131 ziyaret etti -<\/title>\n<meta name=\"robots\" content=\"index, follow, max-snippet:-1, max-image-preview:large, max-video-preview:-1\" \/>\n<link rel=\"canonical\" href=\"https:\/\/kibrisdakik.com\/?p=26491\" \/>\n<meta property=\"og:locale\" content=\"tr_TR\" \/>\n<meta property=\"og:type\" content=\"article\" \/>\n<meta property=\"og:title\" content=\"Ba\u015fbakan\u0131n e\u015fi Zerrin \u00dcstel, \u00f6zel e\u011fitim okullar\u0131n\u0131 ziyaret etti -\" \/>\n<meta property=\"og:description\" content=\"Ba\u015fbakan \u00dcnal \u00dcstel\u2019in e\u015fi Zerrin \u00dcstel, Sa\u011fl\u0131k Bakanl\u0131\u011f\u0131\u2019na ba\u011fl\u0131 Temel Sa\u011fl\u0131k Hizmetleri Dairesi taraf\u0131ndan Ziyamet ve \u00d6t\u00fcken\u2019deki \u00d6zel E\u011fitim ve \u0130\u015f E\u011fitim Okullar\u0131nda erken tan\u0131 ve koruyucu sa\u011fl\u0131k amac\u0131yla d\u00fczenlenen y\u0131ll\u0131k di\u015f tarama etkinli\u011fine kat\u0131ld\u0131. Etkinlikte Zerrin \u00dcstel\u2019e, Sa\u011fl\u0131k Bakan\u0131 Dr. Hakan Din\u00e7y\u00fcrek&#8217;in e\u015fi Sibel Din\u00e7y\u00fcrek e\u015flik etti.&nbsp; Etkinlikte Zerrin \u00dcstel taraf\u0131ndan \u00e7ocuklara di\u015f sa\u011fl\u0131\u011f\u0131\" \/>\n<meta property=\"og:url\" content=\"https:\/\/kibrisdakik.com\/?p=26491\" \/>\n<meta property=\"article:published_time\" content=\"2024-01-15T18:49:09+00:00\" \/>\n<meta property=\"og:image\" content=\"https:\/\/kibrisdakik.com\/wp-content\/uploads\/2024\/01\/basbakanin-esi-zerrin-ustel-ozel-egitim-okullarini-ziyaret-etti-1705344058.webp.webp\" \/>\n\t<meta property=\"og:image:width\" content=\"710\" \/>\n\t<meta property=\"og:image:height\" content=\"370\" \/>\n\t<meta property=\"og:image:type\" content=\"image\/webp\" \/>\n<meta name=\"author\" content=\"admin\" \/>\n<meta name=\"twitter:card\" content=\"summary_large_image\" \/>\n<meta name=\"twitter:label1\" content=\"Yazan:\" \/>\n\t<meta name=\"twitter:data1\" content=\"admin\" \/>\n\t<meta name=\"twitter:label2\" content=\"Tahmini okuma s\u00fcresi\" \/>\n\t<meta name=\"twitter:data2\" content=\"1 dakika\" \/>\n<script type=\"application\/ld+json\" class=\"yoast-schema-graph\">{\"@context\":\"https:\\\/\\\/schema.org\",\"@graph\":[{\"@type\":\"Article\",\"@id\":\"https:\\\/\\\/kibrisdakik.com\\\/?p=26491#article\",\"isPartOf\":{\"@id\":\"https:\\\/\\\/kibrisdakik.com\\\/?p=26491\"},\"author\":{\"name\":\"admin\",\"@id\":\"https:\\\/\\\/kibrisdakik.com\\\/#\\\/schema\\\/person\\\/9cd9d437bbb44f72b73ba127e06d8e79\"},\"headline\":\"Ba\u015fbakan\u0131n e\u015fi Zerrin \u00dcstel, \u00f6zel e\u011fitim okullar\u0131n\u0131 ziyaret etti\",\"datePublished\":\"2024-01-15T18:49:09+00:00\",\"mainEntityOfPage\":{\"@id\":\"https:\\\/\\\/kibrisdakik.com\\\/?p=26491\"},\"wordCount\":301,\"commentCount\":0,\"image\":{\"@id\":\"https:\\\/\\\/kibrisdakik.com\\\/?p=26491#primaryimage\"},\"thumbnailUrl\":\"https:\\\/\\\/kibrisdakik.com\\\/wp-content\\\/uploads\\\/2024\\\/01\\\/basbakanin-esi-zerrin-ustel-ozel-egitim-okullarini-ziyaret-etti-1705344058.webp.webp\",\"articleSection\":[\"T\u00fcrkiye\"],\"inLanguage\":\"tr\",\"potentialAction\":[{\"@type\":\"CommentAction\",\"name\":\"Comment\",\"target\":[\"https:\\\/\\\/kibrisdakik.com\\\/?p=26491#respond\"]}]},{\"@type\":\"WebPage\",\"@id\":\"https:\\\/\\\/kibrisdakik.com\\\/?p=26491\",\"url\":\"https:\\\/\\\/kibrisdakik.com\\\/?p=26491\",\"name\":\"Ba\u015fbakan\u0131n e\u015fi Zerrin \u00dcstel, \u00f6zel e\u011fitim okullar\u0131n\u0131 ziyaret etti -\",\"isPartOf\":{\"@id\":\"https:\\\/\\\/kibrisdakik.com\\\/#website\"},\"primaryImageOfPage\":{\"@id\":\"https:\\\/\\\/kibrisdakik.com\\\/?p=26491#primaryimage\"},\"image\":{\"@id\":\"https:\\\/\\\/kibrisdakik.com\\\/?p=26491#primaryimage\"},\"thumbnailUrl\":\"https:\\\/\\\/kibrisdakik.com\\\/wp-content\\\/uploads\\\/2024\\\/01\\\/basbakanin-esi-zerrin-ustel-ozel-egitim-okullarini-ziyaret-etti-1705344058.webp.webp\",\"datePublished\":\"2024-01-15T18:49:09+00:00\",\"author\":{\"@id\":\"https:\\\/\\\/kibrisdakik.com\\\/#\\\/schema\\\/person\\\/9cd9d437bbb44f72b73ba127e06d8e79\"},\"breadcrumb\":{\"@id\":\"https:\\\/\\\/kibrisdakik.com\\\/?p=26491#breadcrumb\"},\"inLanguage\":\"tr\",\"potentialAction\":[{\"@type\":\"ReadAction\",\"target\":[\"https:\\\/\\\/kibrisdakik.com\\\/?p=26491\"]}]},{\"@type\":\"ImageObject\",\"inLanguage\":\"tr\",\"@id\":\"https:\\\/\\\/kibrisdakik.com\\\/?p=26491#primaryimage\",\"url\":\"https:\\\/\\\/kibrisdakik.com\\\/wp-content\\\/uploads\\\/2024\\\/01\\\/basbakanin-esi-zerrin-ustel-ozel-egitim-okullarini-ziyaret-etti-1705344058.webp.webp\",\"contentUrl\":\"https:\\\/\\\/kibrisdakik.com\\\/wp-content\\\/uploads\\\/2024\\\/01\\\/basbakanin-esi-zerrin-ustel-ozel-egitim-okullarini-ziyaret-etti-1705344058.webp.webp\",\"width\":710,\"height\":370},{\"@type\":\"BreadcrumbList\",\"@id\":\"https:\\\/\\\/kibrisdakik.com\\\/?p=26491#breadcrumb\",\"itemListElement\":[{\"@type\":\"ListItem\",\"position\":1,\"name\":\"Home\",\"item\":\"https:\\\/\\\/kibrisdakik.com\\\/\"},{\"@type\":\"ListItem\",\"position\":2,\"name\":\"Ba\u015fbakan\u0131n e\u015fi Zerrin \u00dcstel, \u00f6zel e\u011fitim okullar\u0131n\u0131 ziyaret etti\"}]},{\"@type\":\"WebSite\",\"@id\":\"https:\\\/\\\/kibrisdakik.com\\\/#website\",\"url\":\"https:\\\/\\\/kibrisdakik.com\\\/\",\"name\":\"\",\"description\":\"Tam vaktinde haber\",\"potentialAction\":[{\"@type\":\"SearchAction\",\"target\":{\"@type\":\"EntryPoint\",\"urlTemplate\":\"https:\\\/\\\/kibrisdakik.com\\\/?s={search_term_string}\"},\"query-input\":{\"@type\":\"PropertyValueSpecification\",\"valueRequired\":true,\"valueName\":\"search_term_string\"}}],\"inLanguage\":\"tr\"},{\"@type\":\"Person\",\"@id\":\"https:\\\/\\\/kibrisdakik.com\\\/#\\\/schema\\\/person\\\/9cd9d437bbb44f72b73ba127e06d8e79\",\"name\":\"admin\",\"image\":{\"@type\":\"ImageObject\",\"inLanguage\":\"tr\",\"@id\":\"https:\\\/\\\/secure.gravatar.com\\\/avatar\\\/ccc17943b9d660506c869530f897617f7cb1c21a4bf30023f252596d83e1f007?s=96&d=mm&r=g\",\"url\":\"https:\\\/\\\/secure.gravatar.com\\\/avatar\\\/ccc17943b9d660506c869530f897617f7cb1c21a4bf30023f252596d83e1f007?s=96&d=mm&r=g\",\"contentUrl\":\"https:\\\/\\\/secure.gravatar.com\\\/avatar\\\/ccc17943b9d660506c869530f897617f7cb1c21a4bf30023f252596d83e1f007?s=96&d=mm&r=g\",\"caption\":\"admin\"},\"sameAs\":[\"https:\\\/\\\/kibrisdakik.com\"],\"url\":\"https:\\\/\\\/kibrisdakik.com\\\/?author=1\"}]}<\/script>\n<!-- \/ Yoast SEO plugin. -->","yoast_head_json":{"title":"Ba\u015fbakan\u0131n e\u015fi Zerrin \u00dcstel, \u00f6zel e\u011fitim okullar\u0131n\u0131 ziyaret etti -","robots":{"index":"index","follow":"follow","max-snippet":"max-snippet:-1","max-image-preview":"max-image-preview:large","max-video-preview":"max-video-preview:-1"},"canonical":"https:\/\/kibrisdakik.com\/?p=26491","og_locale":"tr_TR","og_type":"article","og_title":"Ba\u015fbakan\u0131n e\u015fi Zerrin \u00dcstel, \u00f6zel e\u011fitim okullar\u0131n\u0131 ziyaret etti -","og_description":"Ba\u015fbakan \u00dcnal \u00dcstel\u2019in e\u015fi Zerrin \u00dcstel, Sa\u011fl\u0131k Bakanl\u0131\u011f\u0131\u2019na ba\u011fl\u0131 Temel Sa\u011fl\u0131k Hizmetleri Dairesi taraf\u0131ndan Ziyamet ve \u00d6t\u00fcken\u2019deki \u00d6zel E\u011fitim ve \u0130\u015f E\u011fitim Okullar\u0131nda erken tan\u0131 ve koruyucu sa\u011fl\u0131k amac\u0131yla d\u00fczenlenen y\u0131ll\u0131k di\u015f tarama etkinli\u011fine kat\u0131ld\u0131. Etkinlikte Zerrin \u00dcstel\u2019e, Sa\u011fl\u0131k Bakan\u0131 Dr. Hakan Din\u00e7y\u00fcrek&#8217;in e\u015fi Sibel Din\u00e7y\u00fcrek e\u015flik etti.&nbsp; Etkinlikte Zerrin \u00dcstel taraf\u0131ndan \u00e7ocuklara di\u015f sa\u011fl\u0131\u011f\u0131","og_url":"https:\/\/kibrisdakik.com\/?p=26491","article_published_time":"2024-01-15T18:49:09+00:00","og_image":[{"width":710,"height":370,"url":"https:\/\/kibrisdakik.com\/wp-content\/uploads\/2024\/01\/basbakanin-esi-zerrin-ustel-ozel-egitim-okullarini-ziyaret-etti-1705344058.webp.webp","type":"image\/webp"}],"author":"admin","twitter_card":"summary_large_image","twitter_misc":{"Yazan:":"admin","Tahmini okuma s\u00fcresi":"1 dakika"},"schema":{"@context":"https:\/\/schema.org","@graph":[{"@type":"Article","@id":"https:\/\/kibrisdakik.com\/?p=26491#article","isPartOf":{"@id":"https:\/\/kibrisdakik.com\/?p=26491"},"author":{"name":"admin","@id":"https:\/\/kibrisdakik.com\/#\/schema\/person\/9cd9d437bbb44f72b73ba127e06d8e79"},"headline":"Ba\u015fbakan\u0131n e\u015fi Zerrin \u00dcstel, \u00f6zel e\u011fitim okullar\u0131n\u0131 ziyaret etti","datePublished":"2024-01-15T18:49:09+00:00","mainEntityOfPage":{"@id":"https:\/\/kibrisdakik.com\/?p=26491"},"wordCount":301,"commentCount":0,"image":{"@id":"https:\/\/kibrisdakik.com\/?p=26491#primaryimage"},"thumbnailUrl":"https:\/\/kibrisdakik.com\/wp-content\/uploads\/2024\/01\/basbakanin-esi-zerrin-ustel-ozel-egitim-okullarini-ziyaret-etti-1705344058.webp.webp","articleSection":["T\u00fcrkiye"],"inLanguage":"tr","potentialAction":[{"@type":"CommentAction","name":"Comment","target":["https:\/\/kibrisdakik.com\/?p=26491#respond"]}]},{"@type":"WebPage","@id":"https:\/\/kibrisdakik.com\/?p=26491","url":"https:\/\/kibrisdakik.com\/?p=26491","name":"Ba\u015fbakan\u0131n e\u015fi Zerrin \u00dcstel, \u00f6zel e\u011fitim okullar\u0131n\u0131 ziyaret etti -","isPartOf":{"@id":"https:\/\/kibrisdakik.com\/#website"},"primaryImageOfPage":{"@id":"https:\/\/kibrisdakik.com\/?p=26491#primaryimage"},"image":{"@id":"https:\/\/kibrisdakik.com\/?p=26491#primaryimage"},"thumbnailUrl":"https:\/\/kibrisdakik.com\/wp-content\/uploads\/2024\/01\/basbakanin-esi-zerrin-ustel-ozel-egitim-okullarini-ziyaret-etti-1705344058.webp.webp","datePublished":"2024-01-15T18:49:09+00:00","author":{"@id":"https:\/\/kibrisdakik.com\/#\/schema\/person\/9cd9d437bbb44f72b73ba127e06d8e79"},"breadcrumb":{"@id":"https:\/\/kibrisdakik.com\/?p=26491#breadcrumb"},"inLanguage":"tr","potentialAction":[{"@type":"ReadAction","target":["https:\/\/kibrisdakik.com\/?p=26491"]}]},{"@type":"ImageObject","inLanguage":"tr","@id":"https:\/\/kibrisdakik.com\/?p=26491#primaryimage","url":"https:\/\/kibrisdakik.com\/wp-content\/uploads\/2024\/01\/basbakanin-esi-zerrin-ustel-ozel-egitim-okullarini-ziyaret-etti-1705344058.webp.webp","contentUrl":"https:\/\/kibrisdakik.com\/wp-content\/uploads\/2024\/01\/basbakanin-esi-zerrin-ustel-ozel-egitim-okullarini-ziyaret-etti-1705344058.webp.webp","width":710,"height":370},{"@type":"BreadcrumbList","@id":"https:\/\/kibrisdakik.com\/?p=26491#breadcrumb","itemListElement":[{"@type":"ListItem","position":1,"name":"Home","item":"https:\/\/kibrisdakik.com\/"},{"@type":"ListItem","position":2,"name":"Ba\u015fbakan\u0131n e\u015fi Zerrin \u00dcstel, \u00f6zel e\u011fitim okullar\u0131n\u0131 ziyaret etti"}]},{"@type":"WebSite","@id":"https:\/\/kibrisdakik.com\/#website","url":"https:\/\/kibrisdakik.com\/","name":"","description":"Tam vaktinde haber","potentialAction":[{"@type":"SearchAction","target":{"@type":"EntryPoint","urlTemplate":"https:\/\/kibrisdakik.com\/?s={search_term_string}"},"query-input":{"@type":"PropertyValueSpecification","valueRequired":true,"valueName":"search_term_string"}}],"inLanguage":"tr"},{"@type":"Person","@id":"https:\/\/kibrisdakik.com\/#\/schema\/person\/9cd9d437bbb44f72b73ba127e06d8e79","name":"admin","image":{"@type":"ImageObject","inLanguage":"tr","@id":"https:\/\/secure.gravatar.com\/avatar\/ccc17943b9d660506c869530f897617f7cb1c21a4bf30023f252596d83e1f007?s=96&d=mm&r=g","url":"https:\/\/secure.gravatar.com\/avatar\/ccc17943b9d660506c869530f897617f7cb1c21a4bf30023f252596d83e1f007?s=96&d=mm&r=g","contentUrl":"https:\/\/secure.gravatar.com\/avatar\/ccc17943b9d660506c869530f897617f7cb1c21a4bf30023f252596d83e1f007?s=96&d=mm&r=g","caption":"admin"},"sameAs":["https:\/\/kibrisdakik.com"],"url":"https:\/\/kibrisdakik.com\/?author=1"}]}},"_links":{"self":[{"href":"https:\/\/kibrisdakik.com\/index.php?rest_route=\/wp\/v2\/posts\/26491","targetHints":{"allow":["GET"]}}],"collection":[{"href":"https:\/\/kibrisdakik.com\/index.php?rest_route=\/wp\/v2\/posts"}],"about":[{"href":"https:\/\/kibrisdakik.com\/index.php?rest_route=\/wp\/v2\/types\/post"}],"author":[{"embeddable":true,"href":"https:\/\/kibrisdakik.com\/index.php?rest_route=\/wp\/v2\/users\/1"}],"replies":[{"embeddable":true,"href":"https:\/\/kibrisdakik.com\/index.php?rest_route=%2Fwp%2Fv2%2Fcomments&post=26491"}],"version-history":[{"count":0,"href":"https:\/\/kibrisdakik.com\/index.php?rest_route=\/wp\/v2\/posts\/26491\/revisions"}],"wp:featuredmedia":[{"embeddable":true,"href":"https:\/\/kibrisdakik.com\/index.php?rest_route=\/wp\/v2\/media\/26492"}],"wp:attachment":[{"href":"https:\/\/kibrisdakik.com\/index.php?rest_route=%2Fwp%2Fv2%2Fmedia&parent=26491"}],"wp:term":[{"taxonomy":"category","embeddable":true,"href":"https:\/\/kibrisdakik.com\/index.php?rest_route=%2Fwp%2Fv2%2Fcategories&post=26491"},{"taxonomy":"post_tag","embeddable":true,"href":"https:\/\/kibrisdakik.com\/index.php?rest_route=%2Fwp%2Fv2%2Ftags&post=26491"}],"curies":[{"name":"wp","href":"https:\/\/api.w.org\/{rel}","templated":true}]}}