{"id":26515,"date":"2024-01-15T21:40:58","date_gmt":"2024-01-15T21:40:58","guid":{"rendered":"https:\/\/kibrisdakik.com\/index.php\/2024\/01\/15\/erbilde-bircok-noktaya-fuze-ve-iha-saldirisi\/"},"modified":"2024-01-15T21:40:58","modified_gmt":"2024-01-15T21:40:58","slug":"erbilde-bircok-noktaya-fuze-ve-iha-saldirisi","status":"publish","type":"post","link":"https:\/\/kibrisdakik.com\/?p=26515","title":{"rendered":"Erbil&#039;de bir\u00e7ok noktaya f\u00fcze ve \u0130HA sald\u0131r\u0131s\u0131"},"content":{"rendered":"<p><img decoding=\"async\" src=\"https:\/\/www.kibristurk.com\/images\/haberler\/2024\/01\/erbilde-bircok-noktaya-fuze-ve-iha-saldirisi-1705354261.webp\" \/><\/p>\n<p>Irak\u2019\u0131n&nbsp;<strong>Erbil<\/strong>&nbsp;kentinde bir\u00e7ok noktada f\u00fcze ve insans\u0131z hava arac\u0131 (<strong>\u0130HA<\/strong>) sald\u0131r\u0131lar\u0131 d\u00fczenlendi\u011fi belirtildi.<\/p>\n<p>Yerel medyada yer alan haberlerde, ba\u015fta&nbsp;<strong>ABD<\/strong>\u2019nin Erbil Ba\u015fkonsoloslu\u011fu ve Erbil Uluslararas\u0131 Havaliman\u0131 yak\u0131nlar\u0131nda bulunan ABD \u00f6nc\u00fcl\u00fc\u011f\u00fcndeki DEA\u015e kar\u015f\u0131t\u0131 koalisyon \u00fcss\u00fc olmak \u00fczere bir\u00e7ok b\u00f6lgede patlama sesleri duyuldu\u011fu ifade edildi.<\/p>\n<p>Sosyal medyada, sald\u0131r\u0131n\u0131n d\u00fczenlendi\u011fi b\u00f6lgelerde bulunan evlerin camlar\u0131n\u0131n sars\u0131ld\u0131\u011f\u0131, havada f\u00fcze ve \u0130HA\u2019lar\u0131 engellemek i\u00e7in kullan\u0131lan C-RAM sistemine dair g\u00f6r\u00fcnt\u00fcler payla\u015f\u0131ld\u0131.<\/p>\n<p>Irak K\u00fcrt B\u00f6lgesel Y\u00f6netimi&#8217;nden (IKBY) konuya ili\u015fkin hen\u00fcz a\u00e7\u0131klama yap\u0131lmad\u0131.<\/p>\n","protected":false},"excerpt":{"rendered":"<p>Irak\u2019\u0131n&nbsp;Erbil&nbsp;kentinde bir\u00e7ok noktada f\u00fcze ve insans\u0131z hava arac\u0131 (\u0130HA) sald\u0131r\u0131lar\u0131 d\u00fczenlendi\u011fi belirtildi. Yerel medyada yer alan haberlerde, ba\u015fta&nbsp;ABD\u2019nin Erbil Ba\u015fkonsoloslu\u011fu ve Erbil Uluslararas\u0131 Havaliman\u0131 yak\u0131nlar\u0131nda bulunan ABD \u00f6nc\u00fcl\u00fc\u011f\u00fcndeki DEA\u015e kar\u015f\u0131t\u0131 koalisyon \u00fcss\u00fc olmak \u00fczere bir\u00e7ok b\u00f6lgede patlama sesleri duyuldu\u011fu ifade edildi. Sosyal medyada, sald\u0131r\u0131n\u0131n d\u00fczenlendi\u011fi b\u00f6lgelerde bulunan evlerin camlar\u0131n\u0131n sars\u0131ld\u0131\u011f\u0131, havada f\u00fcze ve \u0130HA\u2019lar\u0131 engellemek<\/p>\n","protected":false},"author":1,"featured_media":26516,"comment_status":"open","ping_status":"open","sticky":false,"template":"","format":"standard","meta":{"footnotes":""},"categories":[1],"tags":[],"class_list":["post-26515","post","type-post","status-publish","format-standard","has-post-thumbnail","hentry","category-gundem"],"yoast_head":"<!-- This site is optimized with the Yoast SEO plugin v27.4 - https:\/\/yoast.com\/product\/yoast-seo-wordpress\/ -->\n<title>Erbil&#039;de bir\u00e7ok noktaya f\u00fcze ve \u0130HA sald\u0131r\u0131s\u0131 -<\/title>\n<meta name=\"robots\" content=\"index, follow, max-snippet:-1, max-image-preview:large, max-video-preview:-1\" \/>\n<link rel=\"canonical\" href=\"https:\/\/kibrisdakik.com\/?p=26515\" \/>\n<meta property=\"og:locale\" content=\"tr_TR\" \/>\n<meta property=\"og:type\" content=\"article\" \/>\n<meta property=\"og:title\" content=\"Erbil&#039;de bir\u00e7ok noktaya f\u00fcze ve \u0130HA sald\u0131r\u0131s\u0131 -\" \/>\n<meta property=\"og:description\" content=\"Irak\u2019\u0131n&nbsp;Erbil&nbsp;kentinde bir\u00e7ok noktada f\u00fcze ve insans\u0131z hava arac\u0131 (\u0130HA) sald\u0131r\u0131lar\u0131 d\u00fczenlendi\u011fi belirtildi. Yerel medyada yer alan haberlerde, ba\u015fta&nbsp;ABD\u2019nin Erbil Ba\u015fkonsoloslu\u011fu ve Erbil Uluslararas\u0131 Havaliman\u0131 yak\u0131nlar\u0131nda bulunan ABD \u00f6nc\u00fcl\u00fc\u011f\u00fcndeki DEA\u015e kar\u015f\u0131t\u0131 koalisyon \u00fcss\u00fc olmak \u00fczere bir\u00e7ok b\u00f6lgede patlama sesleri duyuldu\u011fu ifade edildi. Sosyal medyada, sald\u0131r\u0131n\u0131n d\u00fczenlendi\u011fi b\u00f6lgelerde bulunan evlerin camlar\u0131n\u0131n sars\u0131ld\u0131\u011f\u0131, havada f\u00fcze ve \u0130HA\u2019lar\u0131 engellemek\" \/>\n<meta property=\"og:url\" content=\"https:\/\/kibrisdakik.com\/?p=26515\" \/>\n<meta property=\"article:published_time\" content=\"2024-01-15T21:40:58+00:00\" \/>\n<meta property=\"og:image\" content=\"https:\/\/kibrisdakik.com\/wp-content\/uploads\/2024\/01\/erbilde-bircok-noktaya-fuze-ve-iha-saldirisi-1705354261.webp.webp\" \/>\n\t<meta property=\"og:image:width\" content=\"710\" \/>\n\t<meta property=\"og:image:height\" content=\"370\" \/>\n\t<meta property=\"og:image:type\" content=\"image\/webp\" \/>\n<meta name=\"author\" content=\"admin\" \/>\n<meta name=\"twitter:card\" content=\"summary_large_image\" \/>\n<meta name=\"twitter:label1\" content=\"Yazan:\" \/>\n\t<meta name=\"twitter:data1\" content=\"admin\" \/>\n\t<meta name=\"twitter:label2\" content=\"Tahmini okuma s\u00fcresi\" \/>\n\t<meta name=\"twitter:data2\" content=\"1 dakika\" \/>\n<script type=\"application\/ld+json\" class=\"yoast-schema-graph\">{\"@context\":\"https:\\\/\\\/schema.org\",\"@graph\":[{\"@type\":\"Article\",\"@id\":\"https:\\\/\\\/kibrisdakik.com\\\/?p=26515#article\",\"isPartOf\":{\"@id\":\"https:\\\/\\\/kibrisdakik.com\\\/?p=26515\"},\"author\":{\"name\":\"admin\",\"@id\":\"https:\\\/\\\/kibrisdakik.com\\\/#\\\/schema\\\/person\\\/9cd9d437bbb44f72b73ba127e06d8e79\"},\"headline\":\"Erbil&#039;de bir\u00e7ok noktaya f\u00fcze ve \u0130HA sald\u0131r\u0131s\u0131\",\"datePublished\":\"2024-01-15T21:40:58+00:00\",\"mainEntityOfPage\":{\"@id\":\"https:\\\/\\\/kibrisdakik.com\\\/?p=26515\"},\"wordCount\":134,\"commentCount\":0,\"image\":{\"@id\":\"https:\\\/\\\/kibrisdakik.com\\\/?p=26515#primaryimage\"},\"thumbnailUrl\":\"https:\\\/\\\/kibrisdakik.com\\\/wp-content\\\/uploads\\\/2024\\\/01\\\/erbilde-bircok-noktaya-fuze-ve-iha-saldirisi-1705354261.webp.webp\",\"articleSection\":[\"G\u00fcndem\"],\"inLanguage\":\"tr\",\"potentialAction\":[{\"@type\":\"CommentAction\",\"name\":\"Comment\",\"target\":[\"https:\\\/\\\/kibrisdakik.com\\\/?p=26515#respond\"]}]},{\"@type\":\"WebPage\",\"@id\":\"https:\\\/\\\/kibrisdakik.com\\\/?p=26515\",\"url\":\"https:\\\/\\\/kibrisdakik.com\\\/?p=26515\",\"name\":\"Erbil&#039;de bir\u00e7ok noktaya f\u00fcze ve \u0130HA sald\u0131r\u0131s\u0131 -\",\"isPartOf\":{\"@id\":\"https:\\\/\\\/kibrisdakik.com\\\/#website\"},\"primaryImageOfPage\":{\"@id\":\"https:\\\/\\\/kibrisdakik.com\\\/?p=26515#primaryimage\"},\"image\":{\"@id\":\"https:\\\/\\\/kibrisdakik.com\\\/?p=26515#primaryimage\"},\"thumbnailUrl\":\"https:\\\/\\\/kibrisdakik.com\\\/wp-content\\\/uploads\\\/2024\\\/01\\\/erbilde-bircok-noktaya-fuze-ve-iha-saldirisi-1705354261.webp.webp\",\"datePublished\":\"2024-01-15T21:40:58+00:00\",\"author\":{\"@id\":\"https:\\\/\\\/kibrisdakik.com\\\/#\\\/schema\\\/person\\\/9cd9d437bbb44f72b73ba127e06d8e79\"},\"breadcrumb\":{\"@id\":\"https:\\\/\\\/kibrisdakik.com\\\/?p=26515#breadcrumb\"},\"inLanguage\":\"tr\",\"potentialAction\":[{\"@type\":\"ReadAction\",\"target\":[\"https:\\\/\\\/kibrisdakik.com\\\/?p=26515\"]}]},{\"@type\":\"ImageObject\",\"inLanguage\":\"tr\",\"@id\":\"https:\\\/\\\/kibrisdakik.com\\\/?p=26515#primaryimage\",\"url\":\"https:\\\/\\\/kibrisdakik.com\\\/wp-content\\\/uploads\\\/2024\\\/01\\\/erbilde-bircok-noktaya-fuze-ve-iha-saldirisi-1705354261.webp.webp\",\"contentUrl\":\"https:\\\/\\\/kibrisdakik.com\\\/wp-content\\\/uploads\\\/2024\\\/01\\\/erbilde-bircok-noktaya-fuze-ve-iha-saldirisi-1705354261.webp.webp\",\"width\":710,\"height\":370},{\"@type\":\"BreadcrumbList\",\"@id\":\"https:\\\/\\\/kibrisdakik.com\\\/?p=26515#breadcrumb\",\"itemListElement\":[{\"@type\":\"ListItem\",\"position\":1,\"name\":\"Home\",\"item\":\"https:\\\/\\\/kibrisdakik.com\\\/\"},{\"@type\":\"ListItem\",\"position\":2,\"name\":\"Erbil&#039;de bir\u00e7ok noktaya f\u00fcze ve \u0130HA sald\u0131r\u0131s\u0131\"}]},{\"@type\":\"WebSite\",\"@id\":\"https:\\\/\\\/kibrisdakik.com\\\/#website\",\"url\":\"https:\\\/\\\/kibrisdakik.com\\\/\",\"name\":\"\",\"description\":\"Tam vaktinde haber\",\"potentialAction\":[{\"@type\":\"SearchAction\",\"target\":{\"@type\":\"EntryPoint\",\"urlTemplate\":\"https:\\\/\\\/kibrisdakik.com\\\/?s={search_term_string}\"},\"query-input\":{\"@type\":\"PropertyValueSpecification\",\"valueRequired\":true,\"valueName\":\"search_term_string\"}}],\"inLanguage\":\"tr\"},{\"@type\":\"Person\",\"@id\":\"https:\\\/\\\/kibrisdakik.com\\\/#\\\/schema\\\/person\\\/9cd9d437bbb44f72b73ba127e06d8e79\",\"name\":\"admin\",\"image\":{\"@type\":\"ImageObject\",\"inLanguage\":\"tr\",\"@id\":\"https:\\\/\\\/secure.gravatar.com\\\/avatar\\\/ccc17943b9d660506c869530f897617f7cb1c21a4bf30023f252596d83e1f007?s=96&d=mm&r=g\",\"url\":\"https:\\\/\\\/secure.gravatar.com\\\/avatar\\\/ccc17943b9d660506c869530f897617f7cb1c21a4bf30023f252596d83e1f007?s=96&d=mm&r=g\",\"contentUrl\":\"https:\\\/\\\/secure.gravatar.com\\\/avatar\\\/ccc17943b9d660506c869530f897617f7cb1c21a4bf30023f252596d83e1f007?s=96&d=mm&r=g\",\"caption\":\"admin\"},\"sameAs\":[\"https:\\\/\\\/kibrisdakik.com\"],\"url\":\"https:\\\/\\\/kibrisdakik.com\\\/?author=1\"}]}<\/script>\n<!-- \/ Yoast SEO plugin. -->","yoast_head_json":{"title":"Erbil&#039;de bir\u00e7ok noktaya f\u00fcze ve \u0130HA sald\u0131r\u0131s\u0131 -","robots":{"index":"index","follow":"follow","max-snippet":"max-snippet:-1","max-image-preview":"max-image-preview:large","max-video-preview":"max-video-preview:-1"},"canonical":"https:\/\/kibrisdakik.com\/?p=26515","og_locale":"tr_TR","og_type":"article","og_title":"Erbil&#039;de bir\u00e7ok noktaya f\u00fcze ve \u0130HA sald\u0131r\u0131s\u0131 -","og_description":"Irak\u2019\u0131n&nbsp;Erbil&nbsp;kentinde bir\u00e7ok noktada f\u00fcze ve insans\u0131z hava arac\u0131 (\u0130HA) sald\u0131r\u0131lar\u0131 d\u00fczenlendi\u011fi belirtildi. Yerel medyada yer alan haberlerde, ba\u015fta&nbsp;ABD\u2019nin Erbil Ba\u015fkonsoloslu\u011fu ve Erbil Uluslararas\u0131 Havaliman\u0131 yak\u0131nlar\u0131nda bulunan ABD \u00f6nc\u00fcl\u00fc\u011f\u00fcndeki DEA\u015e kar\u015f\u0131t\u0131 koalisyon \u00fcss\u00fc olmak \u00fczere bir\u00e7ok b\u00f6lgede patlama sesleri duyuldu\u011fu ifade edildi. Sosyal medyada, sald\u0131r\u0131n\u0131n d\u00fczenlendi\u011fi b\u00f6lgelerde bulunan evlerin camlar\u0131n\u0131n sars\u0131ld\u0131\u011f\u0131, havada f\u00fcze ve \u0130HA\u2019lar\u0131 engellemek","og_url":"https:\/\/kibrisdakik.com\/?p=26515","article_published_time":"2024-01-15T21:40:58+00:00","og_image":[{"width":710,"height":370,"url":"https:\/\/kibrisdakik.com\/wp-content\/uploads\/2024\/01\/erbilde-bircok-noktaya-fuze-ve-iha-saldirisi-1705354261.webp.webp","type":"image\/webp"}],"author":"admin","twitter_card":"summary_large_image","twitter_misc":{"Yazan:":"admin","Tahmini okuma s\u00fcresi":"1 dakika"},"schema":{"@context":"https:\/\/schema.org","@graph":[{"@type":"Article","@id":"https:\/\/kibrisdakik.com\/?p=26515#article","isPartOf":{"@id":"https:\/\/kibrisdakik.com\/?p=26515"},"author":{"name":"admin","@id":"https:\/\/kibrisdakik.com\/#\/schema\/person\/9cd9d437bbb44f72b73ba127e06d8e79"},"headline":"Erbil&#039;de bir\u00e7ok noktaya f\u00fcze ve \u0130HA sald\u0131r\u0131s\u0131","datePublished":"2024-01-15T21:40:58+00:00","mainEntityOfPage":{"@id":"https:\/\/kibrisdakik.com\/?p=26515"},"wordCount":134,"commentCount":0,"image":{"@id":"https:\/\/kibrisdakik.com\/?p=26515#primaryimage"},"thumbnailUrl":"https:\/\/kibrisdakik.com\/wp-content\/uploads\/2024\/01\/erbilde-bircok-noktaya-fuze-ve-iha-saldirisi-1705354261.webp.webp","articleSection":["G\u00fcndem"],"inLanguage":"tr","potentialAction":[{"@type":"CommentAction","name":"Comment","target":["https:\/\/kibrisdakik.com\/?p=26515#respond"]}]},{"@type":"WebPage","@id":"https:\/\/kibrisdakik.com\/?p=26515","url":"https:\/\/kibrisdakik.com\/?p=26515","name":"Erbil&#039;de bir\u00e7ok noktaya f\u00fcze ve \u0130HA sald\u0131r\u0131s\u0131 -","isPartOf":{"@id":"https:\/\/kibrisdakik.com\/#website"},"primaryImageOfPage":{"@id":"https:\/\/kibrisdakik.com\/?p=26515#primaryimage"},"image":{"@id":"https:\/\/kibrisdakik.com\/?p=26515#primaryimage"},"thumbnailUrl":"https:\/\/kibrisdakik.com\/wp-content\/uploads\/2024\/01\/erbilde-bircok-noktaya-fuze-ve-iha-saldirisi-1705354261.webp.webp","datePublished":"2024-01-15T21:40:58+00:00","author":{"@id":"https:\/\/kibrisdakik.com\/#\/schema\/person\/9cd9d437bbb44f72b73ba127e06d8e79"},"breadcrumb":{"@id":"https:\/\/kibrisdakik.com\/?p=26515#breadcrumb"},"inLanguage":"tr","potentialAction":[{"@type":"ReadAction","target":["https:\/\/kibrisdakik.com\/?p=26515"]}]},{"@type":"ImageObject","inLanguage":"tr","@id":"https:\/\/kibrisdakik.com\/?p=26515#primaryimage","url":"https:\/\/kibrisdakik.com\/wp-content\/uploads\/2024\/01\/erbilde-bircok-noktaya-fuze-ve-iha-saldirisi-1705354261.webp.webp","contentUrl":"https:\/\/kibrisdakik.com\/wp-content\/uploads\/2024\/01\/erbilde-bircok-noktaya-fuze-ve-iha-saldirisi-1705354261.webp.webp","width":710,"height":370},{"@type":"BreadcrumbList","@id":"https:\/\/kibrisdakik.com\/?p=26515#breadcrumb","itemListElement":[{"@type":"ListItem","position":1,"name":"Home","item":"https:\/\/kibrisdakik.com\/"},{"@type":"ListItem","position":2,"name":"Erbil&#039;de bir\u00e7ok noktaya f\u00fcze ve \u0130HA sald\u0131r\u0131s\u0131"}]},{"@type":"WebSite","@id":"https:\/\/kibrisdakik.com\/#website","url":"https:\/\/kibrisdakik.com\/","name":"","description":"Tam vaktinde haber","potentialAction":[{"@type":"SearchAction","target":{"@type":"EntryPoint","urlTemplate":"https:\/\/kibrisdakik.com\/?s={search_term_string}"},"query-input":{"@type":"PropertyValueSpecification","valueRequired":true,"valueName":"search_term_string"}}],"inLanguage":"tr"},{"@type":"Person","@id":"https:\/\/kibrisdakik.com\/#\/schema\/person\/9cd9d437bbb44f72b73ba127e06d8e79","name":"admin","image":{"@type":"ImageObject","inLanguage":"tr","@id":"https:\/\/secure.gravatar.com\/avatar\/ccc17943b9d660506c869530f897617f7cb1c21a4bf30023f252596d83e1f007?s=96&d=mm&r=g","url":"https:\/\/secure.gravatar.com\/avatar\/ccc17943b9d660506c869530f897617f7cb1c21a4bf30023f252596d83e1f007?s=96&d=mm&r=g","contentUrl":"https:\/\/secure.gravatar.com\/avatar\/ccc17943b9d660506c869530f897617f7cb1c21a4bf30023f252596d83e1f007?s=96&d=mm&r=g","caption":"admin"},"sameAs":["https:\/\/kibrisdakik.com"],"url":"https:\/\/kibrisdakik.com\/?author=1"}]}},"_links":{"self":[{"href":"https:\/\/kibrisdakik.com\/index.php?rest_route=\/wp\/v2\/posts\/26515","targetHints":{"allow":["GET"]}}],"collection":[{"href":"https:\/\/kibrisdakik.com\/index.php?rest_route=\/wp\/v2\/posts"}],"about":[{"href":"https:\/\/kibrisdakik.com\/index.php?rest_route=\/wp\/v2\/types\/post"}],"author":[{"embeddable":true,"href":"https:\/\/kibrisdakik.com\/index.php?rest_route=\/wp\/v2\/users\/1"}],"replies":[{"embeddable":true,"href":"https:\/\/kibrisdakik.com\/index.php?rest_route=%2Fwp%2Fv2%2Fcomments&post=26515"}],"version-history":[{"count":0,"href":"https:\/\/kibrisdakik.com\/index.php?rest_route=\/wp\/v2\/posts\/26515\/revisions"}],"wp:featuredmedia":[{"embeddable":true,"href":"https:\/\/kibrisdakik.com\/index.php?rest_route=\/wp\/v2\/media\/26516"}],"wp:attachment":[{"href":"https:\/\/kibrisdakik.com\/index.php?rest_route=%2Fwp%2Fv2%2Fmedia&parent=26515"}],"wp:term":[{"taxonomy":"category","embeddable":true,"href":"https:\/\/kibrisdakik.com\/index.php?rest_route=%2Fwp%2Fv2%2Fcategories&post=26515"},{"taxonomy":"post_tag","embeddable":true,"href":"https:\/\/kibrisdakik.com\/index.php?rest_route=%2Fwp%2Fv2%2Ftags&post=26515"}],"curies":[{"name":"wp","href":"https:\/\/api.w.org\/{rel}","templated":true}]}}