{"id":26561,"date":"2024-01-16T07:13:42","date_gmt":"2024-01-16T07:13:42","guid":{"rendered":"https:\/\/kibrisdakik.com\/index.php\/2024\/01\/16\/ab-kibris-turk-gencligini-ambargolarla-tecrit-ediyor\/"},"modified":"2024-01-16T07:13:42","modified_gmt":"2024-01-16T07:13:42","slug":"ab-kibris-turk-gencligini-ambargolarla-tecrit-ediyor","status":"publish","type":"post","link":"https:\/\/kibrisdakik.com\/?p=26561","title":{"rendered":"\u201cAB, K\u0131br\u0131s T\u00fcrk gen\u00e7li\u011fini ambargolarla tecrit ediyor\u201d"},"content":{"rendered":"<p><img decoding=\"async\" src=\"https:\/\/www.kibristurk.com\/images\/haberler\/2024\/01\/ab-kibris-turk-gencligini-ambargolarla-tecrit-ediyor-1705383310.webp\" \/><\/p>\n<p>Yeniden Refah Partisi Genel Ba\u015fkan Yard\u0131mc\u0131s\u0131, T\u00fcrkiye Gen\u00e7lik ve Spor eski Bakan\u0131 Suat K\u0131l\u0131\u00e7, AB&#8217;nin adadaki gen\u00e7leri ambargolarla tecrit ederek, Rum kesimine ba\u011f\u0131ml\u0131 hale getirmeye \u00e7al\u0131\u015ft\u0131\u011f\u0131n\u0131 s\u00f6yleyerek, bu yakla\u015f\u0131m\u0131n hakl\u0131 bir temele dayanmad\u0131\u011f\u0131n\u0131 belirtti.<br \/>\nSuat K\u0131l\u0131\u00e7, Gen\u00e7lik ve Spor Bakan\u0131 oldu\u011fu d\u00f6nemde adadaki gen\u00e7lerin ihtiya\u00e7lar\u0131n\u0131 do\u011fru bir \u015fekilde tespit ettiklerini ifade ederek, K\u0131br\u0131s T\u00fcrk gen\u00e7lerinin kar\u015f\u0131la\u015ft\u0131\u011f\u0131 zorluklar\u0131 ortadan kald\u0131rman\u0131n \u00f6nemine vurgu yapt\u0131.&nbsp;<br \/>\nGen\u00e7lerin ambargolarla m\u00fccadele etmeleri i\u00e7in \u00e7aba g\u00f6sterdiklerini belirten K\u0131l\u0131\u00e7, T\u00fcrk Devletleri Te\u015fkilat\u0131&#8217;na kat\u0131larak T\u00fcrkiye Cumhuriyeti Cumhurba\u015fkan\u0131 Recep Tayyip Erdo\u011fan&#8217;\u0131n \u00f6nemli destekleri oldu\u011funu vurgulad\u0131. T\u00fcrk Devletleri Te\u015fkilat\u0131&#8217;n\u0131n Kuzey K\u0131br\u0131s&#8217;\u0131n varl\u0131\u011f\u0131n\u0131 tan\u0131mas\u0131 gerekti\u011fini ifade eden K\u0131l\u0131\u00e7, bunun \u0130slam \u00fclkelerine de \u00f6rnek te\u015fkil edebilece\u011fini s\u00f6yledi.<\/p>\n","protected":false},"excerpt":{"rendered":"<p>Yeniden Refah Partisi Genel Ba\u015fkan Yard\u0131mc\u0131s\u0131, T\u00fcrkiye Gen\u00e7lik ve Spor eski Bakan\u0131 Suat K\u0131l\u0131\u00e7, AB&#8217;nin adadaki gen\u00e7leri ambargolarla tecrit ederek, Rum kesimine ba\u011f\u0131ml\u0131 hale getirmeye \u00e7al\u0131\u015ft\u0131\u011f\u0131n\u0131 s\u00f6yleyerek, bu yakla\u015f\u0131m\u0131n hakl\u0131 bir temele dayanmad\u0131\u011f\u0131n\u0131 belirtti. Suat K\u0131l\u0131\u00e7, Gen\u00e7lik ve Spor Bakan\u0131 oldu\u011fu d\u00f6nemde adadaki gen\u00e7lerin ihtiya\u00e7lar\u0131n\u0131 do\u011fru bir \u015fekilde tespit ettiklerini ifade ederek, K\u0131br\u0131s T\u00fcrk gen\u00e7lerinin<\/p>\n","protected":false},"author":1,"featured_media":26562,"comment_status":"open","ping_status":"open","sticky":false,"template":"","format":"standard","meta":{"footnotes":""},"categories":[85],"tags":[],"class_list":["post-26561","post","type-post","status-publish","format-standard","has-post-thumbnail","hentry","category-spor"],"yoast_head":"<!-- This site is optimized with the Yoast SEO plugin v27.5 - https:\/\/yoast.com\/product\/yoast-seo-wordpress\/ -->\n<title>\u201cAB, K\u0131br\u0131s T\u00fcrk gen\u00e7li\u011fini ambargolarla tecrit ediyor\u201d -<\/title>\n<meta name=\"robots\" content=\"index, follow, max-snippet:-1, max-image-preview:large, max-video-preview:-1\" \/>\n<link rel=\"canonical\" href=\"https:\/\/kibrisdakik.com\/?p=26561\" \/>\n<meta property=\"og:locale\" content=\"tr_TR\" \/>\n<meta property=\"og:type\" content=\"article\" \/>\n<meta property=\"og:title\" content=\"\u201cAB, K\u0131br\u0131s T\u00fcrk gen\u00e7li\u011fini ambargolarla tecrit ediyor\u201d -\" \/>\n<meta property=\"og:description\" content=\"Yeniden Refah Partisi Genel Ba\u015fkan Yard\u0131mc\u0131s\u0131, T\u00fcrkiye Gen\u00e7lik ve Spor eski Bakan\u0131 Suat K\u0131l\u0131\u00e7, AB&#8217;nin adadaki gen\u00e7leri ambargolarla tecrit ederek, Rum kesimine ba\u011f\u0131ml\u0131 hale getirmeye \u00e7al\u0131\u015ft\u0131\u011f\u0131n\u0131 s\u00f6yleyerek, bu yakla\u015f\u0131m\u0131n hakl\u0131 bir temele dayanmad\u0131\u011f\u0131n\u0131 belirtti. Suat K\u0131l\u0131\u00e7, Gen\u00e7lik ve Spor Bakan\u0131 oldu\u011fu d\u00f6nemde adadaki gen\u00e7lerin ihtiya\u00e7lar\u0131n\u0131 do\u011fru bir \u015fekilde tespit ettiklerini ifade ederek, K\u0131br\u0131s T\u00fcrk gen\u00e7lerinin\" \/>\n<meta property=\"og:url\" content=\"https:\/\/kibrisdakik.com\/?p=26561\" \/>\n<meta property=\"article:published_time\" content=\"2024-01-16T07:13:42+00:00\" \/>\n<meta property=\"og:image\" content=\"https:\/\/kibrisdakik.com\/wp-content\/uploads\/2024\/01\/ab-kibris-turk-gencligini-ambargolarla-tecrit-ediyor-1705383310.webp.webp\" \/>\n\t<meta property=\"og:image:width\" content=\"710\" \/>\n\t<meta property=\"og:image:height\" content=\"370\" \/>\n\t<meta property=\"og:image:type\" content=\"image\/webp\" \/>\n<meta name=\"author\" content=\"admin\" \/>\n<meta name=\"twitter:card\" content=\"summary_large_image\" \/>\n<meta name=\"twitter:label1\" content=\"Yazan:\" \/>\n\t<meta name=\"twitter:data1\" content=\"admin\" \/>\n\t<meta name=\"twitter:label2\" content=\"Tahmini okuma s\u00fcresi\" \/>\n\t<meta name=\"twitter:data2\" content=\"1 dakika\" \/>\n<script type=\"application\/ld+json\" class=\"yoast-schema-graph\">{\"@context\":\"https:\\\/\\\/schema.org\",\"@graph\":[{\"@type\":\"Article\",\"@id\":\"https:\\\/\\\/kibrisdakik.com\\\/?p=26561#article\",\"isPartOf\":{\"@id\":\"https:\\\/\\\/kibrisdakik.com\\\/?p=26561\"},\"author\":{\"name\":\"admin\",\"@id\":\"https:\\\/\\\/kibrisdakik.com\\\/#\\\/schema\\\/person\\\/9cd9d437bbb44f72b73ba127e06d8e79\"},\"headline\":\"\u201cAB, K\u0131br\u0131s T\u00fcrk gen\u00e7li\u011fini ambargolarla tecrit ediyor\u201d\",\"datePublished\":\"2024-01-16T07:13:42+00:00\",\"mainEntityOfPage\":{\"@id\":\"https:\\\/\\\/kibrisdakik.com\\\/?p=26561\"},\"wordCount\":175,\"commentCount\":0,\"image\":{\"@id\":\"https:\\\/\\\/kibrisdakik.com\\\/?p=26561#primaryimage\"},\"thumbnailUrl\":\"https:\\\/\\\/kibrisdakik.com\\\/wp-content\\\/uploads\\\/2024\\\/01\\\/ab-kibris-turk-gencligini-ambargolarla-tecrit-ediyor-1705383310.webp.webp\",\"articleSection\":[\"Spor\"],\"inLanguage\":\"tr\",\"potentialAction\":[{\"@type\":\"CommentAction\",\"name\":\"Comment\",\"target\":[\"https:\\\/\\\/kibrisdakik.com\\\/?p=26561#respond\"]}]},{\"@type\":\"WebPage\",\"@id\":\"https:\\\/\\\/kibrisdakik.com\\\/?p=26561\",\"url\":\"https:\\\/\\\/kibrisdakik.com\\\/?p=26561\",\"name\":\"\u201cAB, K\u0131br\u0131s T\u00fcrk gen\u00e7li\u011fini ambargolarla tecrit ediyor\u201d -\",\"isPartOf\":{\"@id\":\"https:\\\/\\\/kibrisdakik.com\\\/#website\"},\"primaryImageOfPage\":{\"@id\":\"https:\\\/\\\/kibrisdakik.com\\\/?p=26561#primaryimage\"},\"image\":{\"@id\":\"https:\\\/\\\/kibrisdakik.com\\\/?p=26561#primaryimage\"},\"thumbnailUrl\":\"https:\\\/\\\/kibrisdakik.com\\\/wp-content\\\/uploads\\\/2024\\\/01\\\/ab-kibris-turk-gencligini-ambargolarla-tecrit-ediyor-1705383310.webp.webp\",\"datePublished\":\"2024-01-16T07:13:42+00:00\",\"author\":{\"@id\":\"https:\\\/\\\/kibrisdakik.com\\\/#\\\/schema\\\/person\\\/9cd9d437bbb44f72b73ba127e06d8e79\"},\"breadcrumb\":{\"@id\":\"https:\\\/\\\/kibrisdakik.com\\\/?p=26561#breadcrumb\"},\"inLanguage\":\"tr\",\"potentialAction\":[{\"@type\":\"ReadAction\",\"target\":[\"https:\\\/\\\/kibrisdakik.com\\\/?p=26561\"]}]},{\"@type\":\"ImageObject\",\"inLanguage\":\"tr\",\"@id\":\"https:\\\/\\\/kibrisdakik.com\\\/?p=26561#primaryimage\",\"url\":\"https:\\\/\\\/kibrisdakik.com\\\/wp-content\\\/uploads\\\/2024\\\/01\\\/ab-kibris-turk-gencligini-ambargolarla-tecrit-ediyor-1705383310.webp.webp\",\"contentUrl\":\"https:\\\/\\\/kibrisdakik.com\\\/wp-content\\\/uploads\\\/2024\\\/01\\\/ab-kibris-turk-gencligini-ambargolarla-tecrit-ediyor-1705383310.webp.webp\",\"width\":710,\"height\":370},{\"@type\":\"BreadcrumbList\",\"@id\":\"https:\\\/\\\/kibrisdakik.com\\\/?p=26561#breadcrumb\",\"itemListElement\":[{\"@type\":\"ListItem\",\"position\":1,\"name\":\"Home\",\"item\":\"https:\\\/\\\/kibrisdakik.com\\\/\"},{\"@type\":\"ListItem\",\"position\":2,\"name\":\"\u201cAB, K\u0131br\u0131s T\u00fcrk gen\u00e7li\u011fini ambargolarla tecrit ediyor\u201d\"}]},{\"@type\":\"WebSite\",\"@id\":\"https:\\\/\\\/kibrisdakik.com\\\/#website\",\"url\":\"https:\\\/\\\/kibrisdakik.com\\\/\",\"name\":\"\",\"description\":\"Tam vaktinde haber\",\"potentialAction\":[{\"@type\":\"SearchAction\",\"target\":{\"@type\":\"EntryPoint\",\"urlTemplate\":\"https:\\\/\\\/kibrisdakik.com\\\/?s={search_term_string}\"},\"query-input\":{\"@type\":\"PropertyValueSpecification\",\"valueRequired\":true,\"valueName\":\"search_term_string\"}}],\"inLanguage\":\"tr\"},{\"@type\":\"Person\",\"@id\":\"https:\\\/\\\/kibrisdakik.com\\\/#\\\/schema\\\/person\\\/9cd9d437bbb44f72b73ba127e06d8e79\",\"name\":\"admin\",\"image\":{\"@type\":\"ImageObject\",\"inLanguage\":\"tr\",\"@id\":\"https:\\\/\\\/secure.gravatar.com\\\/avatar\\\/ccc17943b9d660506c869530f897617f7cb1c21a4bf30023f252596d83e1f007?s=96&d=mm&r=g\",\"url\":\"https:\\\/\\\/secure.gravatar.com\\\/avatar\\\/ccc17943b9d660506c869530f897617f7cb1c21a4bf30023f252596d83e1f007?s=96&d=mm&r=g\",\"contentUrl\":\"https:\\\/\\\/secure.gravatar.com\\\/avatar\\\/ccc17943b9d660506c869530f897617f7cb1c21a4bf30023f252596d83e1f007?s=96&d=mm&r=g\",\"caption\":\"admin\"},\"sameAs\":[\"https:\\\/\\\/kibrisdakik.com\"],\"url\":\"https:\\\/\\\/kibrisdakik.com\\\/?author=1\"}]}<\/script>\n<!-- \/ Yoast SEO plugin. -->","yoast_head_json":{"title":"\u201cAB, K\u0131br\u0131s T\u00fcrk gen\u00e7li\u011fini ambargolarla tecrit ediyor\u201d -","robots":{"index":"index","follow":"follow","max-snippet":"max-snippet:-1","max-image-preview":"max-image-preview:large","max-video-preview":"max-video-preview:-1"},"canonical":"https:\/\/kibrisdakik.com\/?p=26561","og_locale":"tr_TR","og_type":"article","og_title":"\u201cAB, K\u0131br\u0131s T\u00fcrk gen\u00e7li\u011fini ambargolarla tecrit ediyor\u201d -","og_description":"Yeniden Refah Partisi Genel Ba\u015fkan Yard\u0131mc\u0131s\u0131, T\u00fcrkiye Gen\u00e7lik ve Spor eski Bakan\u0131 Suat K\u0131l\u0131\u00e7, AB&#8217;nin adadaki gen\u00e7leri ambargolarla tecrit ederek, Rum kesimine ba\u011f\u0131ml\u0131 hale getirmeye \u00e7al\u0131\u015ft\u0131\u011f\u0131n\u0131 s\u00f6yleyerek, bu yakla\u015f\u0131m\u0131n hakl\u0131 bir temele dayanmad\u0131\u011f\u0131n\u0131 belirtti. Suat K\u0131l\u0131\u00e7, Gen\u00e7lik ve Spor Bakan\u0131 oldu\u011fu d\u00f6nemde adadaki gen\u00e7lerin ihtiya\u00e7lar\u0131n\u0131 do\u011fru bir \u015fekilde tespit ettiklerini ifade ederek, K\u0131br\u0131s T\u00fcrk gen\u00e7lerinin","og_url":"https:\/\/kibrisdakik.com\/?p=26561","article_published_time":"2024-01-16T07:13:42+00:00","og_image":[{"width":710,"height":370,"url":"https:\/\/kibrisdakik.com\/wp-content\/uploads\/2024\/01\/ab-kibris-turk-gencligini-ambargolarla-tecrit-ediyor-1705383310.webp.webp","type":"image\/webp"}],"author":"admin","twitter_card":"summary_large_image","twitter_misc":{"Yazan:":"admin","Tahmini okuma s\u00fcresi":"1 dakika"},"schema":{"@context":"https:\/\/schema.org","@graph":[{"@type":"Article","@id":"https:\/\/kibrisdakik.com\/?p=26561#article","isPartOf":{"@id":"https:\/\/kibrisdakik.com\/?p=26561"},"author":{"name":"admin","@id":"https:\/\/kibrisdakik.com\/#\/schema\/person\/9cd9d437bbb44f72b73ba127e06d8e79"},"headline":"\u201cAB, K\u0131br\u0131s T\u00fcrk gen\u00e7li\u011fini ambargolarla tecrit ediyor\u201d","datePublished":"2024-01-16T07:13:42+00:00","mainEntityOfPage":{"@id":"https:\/\/kibrisdakik.com\/?p=26561"},"wordCount":175,"commentCount":0,"image":{"@id":"https:\/\/kibrisdakik.com\/?p=26561#primaryimage"},"thumbnailUrl":"https:\/\/kibrisdakik.com\/wp-content\/uploads\/2024\/01\/ab-kibris-turk-gencligini-ambargolarla-tecrit-ediyor-1705383310.webp.webp","articleSection":["Spor"],"inLanguage":"tr","potentialAction":[{"@type":"CommentAction","name":"Comment","target":["https:\/\/kibrisdakik.com\/?p=26561#respond"]}]},{"@type":"WebPage","@id":"https:\/\/kibrisdakik.com\/?p=26561","url":"https:\/\/kibrisdakik.com\/?p=26561","name":"\u201cAB, K\u0131br\u0131s T\u00fcrk gen\u00e7li\u011fini ambargolarla tecrit ediyor\u201d -","isPartOf":{"@id":"https:\/\/kibrisdakik.com\/#website"},"primaryImageOfPage":{"@id":"https:\/\/kibrisdakik.com\/?p=26561#primaryimage"},"image":{"@id":"https:\/\/kibrisdakik.com\/?p=26561#primaryimage"},"thumbnailUrl":"https:\/\/kibrisdakik.com\/wp-content\/uploads\/2024\/01\/ab-kibris-turk-gencligini-ambargolarla-tecrit-ediyor-1705383310.webp.webp","datePublished":"2024-01-16T07:13:42+00:00","author":{"@id":"https:\/\/kibrisdakik.com\/#\/schema\/person\/9cd9d437bbb44f72b73ba127e06d8e79"},"breadcrumb":{"@id":"https:\/\/kibrisdakik.com\/?p=26561#breadcrumb"},"inLanguage":"tr","potentialAction":[{"@type":"ReadAction","target":["https:\/\/kibrisdakik.com\/?p=26561"]}]},{"@type":"ImageObject","inLanguage":"tr","@id":"https:\/\/kibrisdakik.com\/?p=26561#primaryimage","url":"https:\/\/kibrisdakik.com\/wp-content\/uploads\/2024\/01\/ab-kibris-turk-gencligini-ambargolarla-tecrit-ediyor-1705383310.webp.webp","contentUrl":"https:\/\/kibrisdakik.com\/wp-content\/uploads\/2024\/01\/ab-kibris-turk-gencligini-ambargolarla-tecrit-ediyor-1705383310.webp.webp","width":710,"height":370},{"@type":"BreadcrumbList","@id":"https:\/\/kibrisdakik.com\/?p=26561#breadcrumb","itemListElement":[{"@type":"ListItem","position":1,"name":"Home","item":"https:\/\/kibrisdakik.com\/"},{"@type":"ListItem","position":2,"name":"\u201cAB, K\u0131br\u0131s T\u00fcrk gen\u00e7li\u011fini ambargolarla tecrit ediyor\u201d"}]},{"@type":"WebSite","@id":"https:\/\/kibrisdakik.com\/#website","url":"https:\/\/kibrisdakik.com\/","name":"","description":"Tam vaktinde haber","potentialAction":[{"@type":"SearchAction","target":{"@type":"EntryPoint","urlTemplate":"https:\/\/kibrisdakik.com\/?s={search_term_string}"},"query-input":{"@type":"PropertyValueSpecification","valueRequired":true,"valueName":"search_term_string"}}],"inLanguage":"tr"},{"@type":"Person","@id":"https:\/\/kibrisdakik.com\/#\/schema\/person\/9cd9d437bbb44f72b73ba127e06d8e79","name":"admin","image":{"@type":"ImageObject","inLanguage":"tr","@id":"https:\/\/secure.gravatar.com\/avatar\/ccc17943b9d660506c869530f897617f7cb1c21a4bf30023f252596d83e1f007?s=96&d=mm&r=g","url":"https:\/\/secure.gravatar.com\/avatar\/ccc17943b9d660506c869530f897617f7cb1c21a4bf30023f252596d83e1f007?s=96&d=mm&r=g","contentUrl":"https:\/\/secure.gravatar.com\/avatar\/ccc17943b9d660506c869530f897617f7cb1c21a4bf30023f252596d83e1f007?s=96&d=mm&r=g","caption":"admin"},"sameAs":["https:\/\/kibrisdakik.com"],"url":"https:\/\/kibrisdakik.com\/?author=1"}]}},"_links":{"self":[{"href":"https:\/\/kibrisdakik.com\/index.php?rest_route=\/wp\/v2\/posts\/26561","targetHints":{"allow":["GET"]}}],"collection":[{"href":"https:\/\/kibrisdakik.com\/index.php?rest_route=\/wp\/v2\/posts"}],"about":[{"href":"https:\/\/kibrisdakik.com\/index.php?rest_route=\/wp\/v2\/types\/post"}],"author":[{"embeddable":true,"href":"https:\/\/kibrisdakik.com\/index.php?rest_route=\/wp\/v2\/users\/1"}],"replies":[{"embeddable":true,"href":"https:\/\/kibrisdakik.com\/index.php?rest_route=%2Fwp%2Fv2%2Fcomments&post=26561"}],"version-history":[{"count":0,"href":"https:\/\/kibrisdakik.com\/index.php?rest_route=\/wp\/v2\/posts\/26561\/revisions"}],"wp:featuredmedia":[{"embeddable":true,"href":"https:\/\/kibrisdakik.com\/index.php?rest_route=\/wp\/v2\/media\/26562"}],"wp:attachment":[{"href":"https:\/\/kibrisdakik.com\/index.php?rest_route=%2Fwp%2Fv2%2Fmedia&parent=26561"}],"wp:term":[{"taxonomy":"category","embeddable":true,"href":"https:\/\/kibrisdakik.com\/index.php?rest_route=%2Fwp%2Fv2%2Fcategories&post=26561"},{"taxonomy":"post_tag","embeddable":true,"href":"https:\/\/kibrisdakik.com\/index.php?rest_route=%2Fwp%2Fv2%2Ftags&post=26561"}],"curies":[{"name":"wp","href":"https:\/\/api.w.org\/{rel}","templated":true}]}}