{"id":26565,"date":"2024-01-16T08:09:24","date_gmt":"2024-01-16T08:09:24","guid":{"rendered":"https:\/\/kibrisdakik.com\/index.php\/2024\/01\/16\/guzellik-merkezinde-kiskanclik-cinayeti\/"},"modified":"2024-01-16T08:09:24","modified_gmt":"2024-01-16T08:09:24","slug":"guzellik-merkezinde-kiskanclik-cinayeti","status":"publish","type":"post","link":"https:\/\/kibrisdakik.com\/?p=26565","title":{"rendered":"G\u00fczellik merkezinde k\u0131skan\u00e7l\u0131k cinayeti"},"content":{"rendered":"<p><img decoding=\"async\" src=\"https:\/\/www.kibristurk.com\/images\/haberler\/2024\/01\/guzellik-merkezinde-kiskanclik-cinayeti-1705391954.webp\" \/><\/p>\n<p>Buca&#8217;n\u0131n Menderes Caddesi&#8217;nde bulunan bir g\u00fczellik merkezinde iddiaya g\u00f6re M.A.(45), e\u015finin sahip oldu\u011fu g\u00fczellik merkezine gelerek, kad\u0131n kuaf\u00f6r\u00fc oldu\u011fu&nbsp;\u00f6\u011frenilen Sercan \u00c7elik (34) ile tart\u0131\u015fmaya ba\u015flad\u0131.<\/p>\n<p>\u0130kili aras\u0131ndaki gerginlik, kavgaya d\u00f6n\u00fc\u015ft\u00fc. Bu s\u0131rada M.A., b\u0131\u00e7akla sald\u0131rd\u0131\u011f\u0131 \u00c7elik&#8217;i boyun ve g\u00f6\u011f\u00fcs b\u00f6lgesinden yaralad\u0131. B\u0131\u00e7ak darbelerinden kurtulmaya \u00e7al\u0131\u015fan \u00c7elik, yard\u0131m istemek amac\u0131yla soka\u011fa \u00e7\u0131kmaya \u00e7al\u0131\u015f\u0131rken, ald\u0131\u011f\u0131 yaralar\u0131n etkisiyle merdivenlerde yere y\u0131\u011f\u0131ld\u0131.<\/p>\n<p>\u00c7evredeki vatanda\u015flar, durumu sa\u011fl\u0131k ve polis ekiplerinde bildirdi. \u0130hbar \u00fczerine gelen polis ekipleri, olay yerinde bekleyen cinayet zanl\u0131s\u0131 M.A.&#8217;y\u0131 su\u00e7 aleti ile birlikte g\u00f6zalt\u0131na ald\u0131.<\/p>\n<p>Sa\u011fl\u0131k ekiplerinin yapt\u0131\u011f\u0131 kontrolde \u00c7elik&#8217;in ya\u015fam\u0131n\u0131 yitirdi\u011fi belirlendi.<\/p>\n<p>G\u00fczellik merkezine gelen \u00c7elik&#8217;in yak\u0131nlar\u0131 sinir krizi ge\u00e7irirken, M.A., Asayi\u015f \u015eube M\u00fcd\u00fcrl\u00fc\u011f\u00fc&#8217;ne ba\u011fl\u0131&nbsp;Cinayet&nbsp;B\u00fcro Amirli\u011fi ekipleri taraf\u0131ndan g\u00f6zalt\u0131na al\u0131nd\u0131. Sercan \u00c7elik&#8217;in cans\u0131z bedeni ise savc\u0131n\u0131n incelemesinin ard\u0131ndan&nbsp;\u0130zmir&nbsp;Adli T\u0131p Kurumu morguna kald\u0131r\u0131ld\u0131.<\/p>\n<p><strong>E\u015e\u0130N\u0130 BA\u015eKA ERKEKLERLE G\u00d6R\u00dc\u015eT\u00dcRD\u00dc\u011e\u00dc \u0130DDASI<\/strong><\/p>\n<p>Cinayet \u015f\u00fcphelisi M.A.&#8217;n\u0131n ilk ifadesinde, Sercan \u00c7elik&#8217;in e\u015fini ba\u015fka erkeklerle g\u00f6r\u00fc\u015ft\u00fcrd\u00fc\u011f\u00fcn\u00fc bu nedenle cinayeti i\u015fledi\u011fini s\u00f6yledi\u011fi \u00f6\u011frenildi.<\/p>\n<p>Olayla ilgili ba\u015flat\u0131lan soru\u015fturma s\u00fcr\u00fcyor.<\/p>\n","protected":false},"excerpt":{"rendered":"<p>Buca&#8217;n\u0131n Menderes Caddesi&#8217;nde bulunan bir g\u00fczellik merkezinde iddiaya g\u00f6re M.A.(45), e\u015finin sahip oldu\u011fu g\u00fczellik merkezine gelerek, kad\u0131n kuaf\u00f6r\u00fc oldu\u011fu&nbsp;\u00f6\u011frenilen Sercan \u00c7elik (34) ile tart\u0131\u015fmaya ba\u015flad\u0131. \u0130kili aras\u0131ndaki gerginlik, kavgaya d\u00f6n\u00fc\u015ft\u00fc. Bu s\u0131rada M.A., b\u0131\u00e7akla sald\u0131rd\u0131\u011f\u0131 \u00c7elik&#8217;i boyun ve g\u00f6\u011f\u00fcs b\u00f6lgesinden yaralad\u0131. B\u0131\u00e7ak darbelerinden kurtulmaya \u00e7al\u0131\u015fan \u00c7elik, yard\u0131m istemek amac\u0131yla soka\u011fa \u00e7\u0131kmaya \u00e7al\u0131\u015f\u0131rken, ald\u0131\u011f\u0131 yaralar\u0131n etkisiyle<\/p>\n","protected":false},"author":1,"featured_media":26566,"comment_status":"open","ping_status":"open","sticky":false,"template":"","format":"standard","meta":{"footnotes":""},"categories":[86],"tags":[],"class_list":["post-26565","post","type-post","status-publish","format-standard","has-post-thumbnail","hentry","category-turkiye"],"yoast_head":"<!-- This site is optimized with the Yoast SEO plugin v27.5 - https:\/\/yoast.com\/product\/yoast-seo-wordpress\/ -->\n<title>G\u00fczellik merkezinde k\u0131skan\u00e7l\u0131k cinayeti -<\/title>\n<meta name=\"robots\" content=\"index, follow, max-snippet:-1, max-image-preview:large, max-video-preview:-1\" \/>\n<link rel=\"canonical\" href=\"https:\/\/kibrisdakik.com\/?p=26565\" \/>\n<meta property=\"og:locale\" content=\"tr_TR\" \/>\n<meta property=\"og:type\" content=\"article\" \/>\n<meta property=\"og:title\" content=\"G\u00fczellik merkezinde k\u0131skan\u00e7l\u0131k cinayeti -\" \/>\n<meta property=\"og:description\" content=\"Buca&#8217;n\u0131n Menderes Caddesi&#8217;nde bulunan bir g\u00fczellik merkezinde iddiaya g\u00f6re M.A.(45), e\u015finin sahip oldu\u011fu g\u00fczellik merkezine gelerek, kad\u0131n kuaf\u00f6r\u00fc oldu\u011fu&nbsp;\u00f6\u011frenilen Sercan \u00c7elik (34) ile tart\u0131\u015fmaya ba\u015flad\u0131. \u0130kili aras\u0131ndaki gerginlik, kavgaya d\u00f6n\u00fc\u015ft\u00fc. Bu s\u0131rada M.A., b\u0131\u00e7akla sald\u0131rd\u0131\u011f\u0131 \u00c7elik&#8217;i boyun ve g\u00f6\u011f\u00fcs b\u00f6lgesinden yaralad\u0131. B\u0131\u00e7ak darbelerinden kurtulmaya \u00e7al\u0131\u015fan \u00c7elik, yard\u0131m istemek amac\u0131yla soka\u011fa \u00e7\u0131kmaya \u00e7al\u0131\u015f\u0131rken, ald\u0131\u011f\u0131 yaralar\u0131n etkisiyle\" \/>\n<meta property=\"og:url\" content=\"https:\/\/kibrisdakik.com\/?p=26565\" \/>\n<meta property=\"article:published_time\" content=\"2024-01-16T08:09:24+00:00\" \/>\n<meta property=\"og:image\" content=\"https:\/\/kibrisdakik.com\/wp-content\/uploads\/2024\/01\/guzellik-merkezinde-kiskanclik-cinayeti-1705391954.webp.webp\" \/>\n\t<meta property=\"og:image:width\" content=\"710\" \/>\n\t<meta property=\"og:image:height\" content=\"370\" \/>\n\t<meta property=\"og:image:type\" content=\"image\/webp\" \/>\n<meta name=\"author\" content=\"admin\" \/>\n<meta name=\"twitter:card\" content=\"summary_large_image\" \/>\n<meta name=\"twitter:label1\" content=\"Yazan:\" \/>\n\t<meta name=\"twitter:data1\" content=\"admin\" \/>\n\t<meta name=\"twitter:label2\" content=\"Tahmini okuma s\u00fcresi\" \/>\n\t<meta name=\"twitter:data2\" content=\"1 dakika\" \/>\n<script type=\"application\/ld+json\" class=\"yoast-schema-graph\">{\"@context\":\"https:\\\/\\\/schema.org\",\"@graph\":[{\"@type\":\"Article\",\"@id\":\"https:\\\/\\\/kibrisdakik.com\\\/?p=26565#article\",\"isPartOf\":{\"@id\":\"https:\\\/\\\/kibrisdakik.com\\\/?p=26565\"},\"author\":{\"name\":\"admin\",\"@id\":\"https:\\\/\\\/kibrisdakik.com\\\/#\\\/schema\\\/person\\\/9cd9d437bbb44f72b73ba127e06d8e79\"},\"headline\":\"G\u00fczellik merkezinde k\u0131skan\u00e7l\u0131k cinayeti\",\"datePublished\":\"2024-01-16T08:09:24+00:00\",\"mainEntityOfPage\":{\"@id\":\"https:\\\/\\\/kibrisdakik.com\\\/?p=26565\"},\"wordCount\":251,\"commentCount\":0,\"image\":{\"@id\":\"https:\\\/\\\/kibrisdakik.com\\\/?p=26565#primaryimage\"},\"thumbnailUrl\":\"https:\\\/\\\/kibrisdakik.com\\\/wp-content\\\/uploads\\\/2024\\\/01\\\/guzellik-merkezinde-kiskanclik-cinayeti-1705391954.webp.webp\",\"articleSection\":[\"T\u00fcrkiye\"],\"inLanguage\":\"tr\",\"potentialAction\":[{\"@type\":\"CommentAction\",\"name\":\"Comment\",\"target\":[\"https:\\\/\\\/kibrisdakik.com\\\/?p=26565#respond\"]}]},{\"@type\":\"WebPage\",\"@id\":\"https:\\\/\\\/kibrisdakik.com\\\/?p=26565\",\"url\":\"https:\\\/\\\/kibrisdakik.com\\\/?p=26565\",\"name\":\"G\u00fczellik merkezinde k\u0131skan\u00e7l\u0131k cinayeti -\",\"isPartOf\":{\"@id\":\"https:\\\/\\\/kibrisdakik.com\\\/#website\"},\"primaryImageOfPage\":{\"@id\":\"https:\\\/\\\/kibrisdakik.com\\\/?p=26565#primaryimage\"},\"image\":{\"@id\":\"https:\\\/\\\/kibrisdakik.com\\\/?p=26565#primaryimage\"},\"thumbnailUrl\":\"https:\\\/\\\/kibrisdakik.com\\\/wp-content\\\/uploads\\\/2024\\\/01\\\/guzellik-merkezinde-kiskanclik-cinayeti-1705391954.webp.webp\",\"datePublished\":\"2024-01-16T08:09:24+00:00\",\"author\":{\"@id\":\"https:\\\/\\\/kibrisdakik.com\\\/#\\\/schema\\\/person\\\/9cd9d437bbb44f72b73ba127e06d8e79\"},\"breadcrumb\":{\"@id\":\"https:\\\/\\\/kibrisdakik.com\\\/?p=26565#breadcrumb\"},\"inLanguage\":\"tr\",\"potentialAction\":[{\"@type\":\"ReadAction\",\"target\":[\"https:\\\/\\\/kibrisdakik.com\\\/?p=26565\"]}]},{\"@type\":\"ImageObject\",\"inLanguage\":\"tr\",\"@id\":\"https:\\\/\\\/kibrisdakik.com\\\/?p=26565#primaryimage\",\"url\":\"https:\\\/\\\/kibrisdakik.com\\\/wp-content\\\/uploads\\\/2024\\\/01\\\/guzellik-merkezinde-kiskanclik-cinayeti-1705391954.webp.webp\",\"contentUrl\":\"https:\\\/\\\/kibrisdakik.com\\\/wp-content\\\/uploads\\\/2024\\\/01\\\/guzellik-merkezinde-kiskanclik-cinayeti-1705391954.webp.webp\",\"width\":710,\"height\":370},{\"@type\":\"BreadcrumbList\",\"@id\":\"https:\\\/\\\/kibrisdakik.com\\\/?p=26565#breadcrumb\",\"itemListElement\":[{\"@type\":\"ListItem\",\"position\":1,\"name\":\"Home\",\"item\":\"https:\\\/\\\/kibrisdakik.com\\\/\"},{\"@type\":\"ListItem\",\"position\":2,\"name\":\"G\u00fczellik merkezinde k\u0131skan\u00e7l\u0131k cinayeti\"}]},{\"@type\":\"WebSite\",\"@id\":\"https:\\\/\\\/kibrisdakik.com\\\/#website\",\"url\":\"https:\\\/\\\/kibrisdakik.com\\\/\",\"name\":\"\",\"description\":\"Tam vaktinde haber\",\"potentialAction\":[{\"@type\":\"SearchAction\",\"target\":{\"@type\":\"EntryPoint\",\"urlTemplate\":\"https:\\\/\\\/kibrisdakik.com\\\/?s={search_term_string}\"},\"query-input\":{\"@type\":\"PropertyValueSpecification\",\"valueRequired\":true,\"valueName\":\"search_term_string\"}}],\"inLanguage\":\"tr\"},{\"@type\":\"Person\",\"@id\":\"https:\\\/\\\/kibrisdakik.com\\\/#\\\/schema\\\/person\\\/9cd9d437bbb44f72b73ba127e06d8e79\",\"name\":\"admin\",\"image\":{\"@type\":\"ImageObject\",\"inLanguage\":\"tr\",\"@id\":\"https:\\\/\\\/secure.gravatar.com\\\/avatar\\\/ccc17943b9d660506c869530f897617f7cb1c21a4bf30023f252596d83e1f007?s=96&d=mm&r=g\",\"url\":\"https:\\\/\\\/secure.gravatar.com\\\/avatar\\\/ccc17943b9d660506c869530f897617f7cb1c21a4bf30023f252596d83e1f007?s=96&d=mm&r=g\",\"contentUrl\":\"https:\\\/\\\/secure.gravatar.com\\\/avatar\\\/ccc17943b9d660506c869530f897617f7cb1c21a4bf30023f252596d83e1f007?s=96&d=mm&r=g\",\"caption\":\"admin\"},\"sameAs\":[\"https:\\\/\\\/kibrisdakik.com\"],\"url\":\"https:\\\/\\\/kibrisdakik.com\\\/?author=1\"}]}<\/script>\n<!-- \/ Yoast SEO plugin. -->","yoast_head_json":{"title":"G\u00fczellik merkezinde k\u0131skan\u00e7l\u0131k cinayeti -","robots":{"index":"index","follow":"follow","max-snippet":"max-snippet:-1","max-image-preview":"max-image-preview:large","max-video-preview":"max-video-preview:-1"},"canonical":"https:\/\/kibrisdakik.com\/?p=26565","og_locale":"tr_TR","og_type":"article","og_title":"G\u00fczellik merkezinde k\u0131skan\u00e7l\u0131k cinayeti -","og_description":"Buca&#8217;n\u0131n Menderes Caddesi&#8217;nde bulunan bir g\u00fczellik merkezinde iddiaya g\u00f6re M.A.(45), e\u015finin sahip oldu\u011fu g\u00fczellik merkezine gelerek, kad\u0131n kuaf\u00f6r\u00fc oldu\u011fu&nbsp;\u00f6\u011frenilen Sercan \u00c7elik (34) ile tart\u0131\u015fmaya ba\u015flad\u0131. \u0130kili aras\u0131ndaki gerginlik, kavgaya d\u00f6n\u00fc\u015ft\u00fc. Bu s\u0131rada M.A., b\u0131\u00e7akla sald\u0131rd\u0131\u011f\u0131 \u00c7elik&#8217;i boyun ve g\u00f6\u011f\u00fcs b\u00f6lgesinden yaralad\u0131. B\u0131\u00e7ak darbelerinden kurtulmaya \u00e7al\u0131\u015fan \u00c7elik, yard\u0131m istemek amac\u0131yla soka\u011fa \u00e7\u0131kmaya \u00e7al\u0131\u015f\u0131rken, ald\u0131\u011f\u0131 yaralar\u0131n etkisiyle","og_url":"https:\/\/kibrisdakik.com\/?p=26565","article_published_time":"2024-01-16T08:09:24+00:00","og_image":[{"width":710,"height":370,"url":"https:\/\/kibrisdakik.com\/wp-content\/uploads\/2024\/01\/guzellik-merkezinde-kiskanclik-cinayeti-1705391954.webp.webp","type":"image\/webp"}],"author":"admin","twitter_card":"summary_large_image","twitter_misc":{"Yazan:":"admin","Tahmini okuma s\u00fcresi":"1 dakika"},"schema":{"@context":"https:\/\/schema.org","@graph":[{"@type":"Article","@id":"https:\/\/kibrisdakik.com\/?p=26565#article","isPartOf":{"@id":"https:\/\/kibrisdakik.com\/?p=26565"},"author":{"name":"admin","@id":"https:\/\/kibrisdakik.com\/#\/schema\/person\/9cd9d437bbb44f72b73ba127e06d8e79"},"headline":"G\u00fczellik merkezinde k\u0131skan\u00e7l\u0131k cinayeti","datePublished":"2024-01-16T08:09:24+00:00","mainEntityOfPage":{"@id":"https:\/\/kibrisdakik.com\/?p=26565"},"wordCount":251,"commentCount":0,"image":{"@id":"https:\/\/kibrisdakik.com\/?p=26565#primaryimage"},"thumbnailUrl":"https:\/\/kibrisdakik.com\/wp-content\/uploads\/2024\/01\/guzellik-merkezinde-kiskanclik-cinayeti-1705391954.webp.webp","articleSection":["T\u00fcrkiye"],"inLanguage":"tr","potentialAction":[{"@type":"CommentAction","name":"Comment","target":["https:\/\/kibrisdakik.com\/?p=26565#respond"]}]},{"@type":"WebPage","@id":"https:\/\/kibrisdakik.com\/?p=26565","url":"https:\/\/kibrisdakik.com\/?p=26565","name":"G\u00fczellik merkezinde k\u0131skan\u00e7l\u0131k cinayeti -","isPartOf":{"@id":"https:\/\/kibrisdakik.com\/#website"},"primaryImageOfPage":{"@id":"https:\/\/kibrisdakik.com\/?p=26565#primaryimage"},"image":{"@id":"https:\/\/kibrisdakik.com\/?p=26565#primaryimage"},"thumbnailUrl":"https:\/\/kibrisdakik.com\/wp-content\/uploads\/2024\/01\/guzellik-merkezinde-kiskanclik-cinayeti-1705391954.webp.webp","datePublished":"2024-01-16T08:09:24+00:00","author":{"@id":"https:\/\/kibrisdakik.com\/#\/schema\/person\/9cd9d437bbb44f72b73ba127e06d8e79"},"breadcrumb":{"@id":"https:\/\/kibrisdakik.com\/?p=26565#breadcrumb"},"inLanguage":"tr","potentialAction":[{"@type":"ReadAction","target":["https:\/\/kibrisdakik.com\/?p=26565"]}]},{"@type":"ImageObject","inLanguage":"tr","@id":"https:\/\/kibrisdakik.com\/?p=26565#primaryimage","url":"https:\/\/kibrisdakik.com\/wp-content\/uploads\/2024\/01\/guzellik-merkezinde-kiskanclik-cinayeti-1705391954.webp.webp","contentUrl":"https:\/\/kibrisdakik.com\/wp-content\/uploads\/2024\/01\/guzellik-merkezinde-kiskanclik-cinayeti-1705391954.webp.webp","width":710,"height":370},{"@type":"BreadcrumbList","@id":"https:\/\/kibrisdakik.com\/?p=26565#breadcrumb","itemListElement":[{"@type":"ListItem","position":1,"name":"Home","item":"https:\/\/kibrisdakik.com\/"},{"@type":"ListItem","position":2,"name":"G\u00fczellik merkezinde k\u0131skan\u00e7l\u0131k cinayeti"}]},{"@type":"WebSite","@id":"https:\/\/kibrisdakik.com\/#website","url":"https:\/\/kibrisdakik.com\/","name":"","description":"Tam vaktinde haber","potentialAction":[{"@type":"SearchAction","target":{"@type":"EntryPoint","urlTemplate":"https:\/\/kibrisdakik.com\/?s={search_term_string}"},"query-input":{"@type":"PropertyValueSpecification","valueRequired":true,"valueName":"search_term_string"}}],"inLanguage":"tr"},{"@type":"Person","@id":"https:\/\/kibrisdakik.com\/#\/schema\/person\/9cd9d437bbb44f72b73ba127e06d8e79","name":"admin","image":{"@type":"ImageObject","inLanguage":"tr","@id":"https:\/\/secure.gravatar.com\/avatar\/ccc17943b9d660506c869530f897617f7cb1c21a4bf30023f252596d83e1f007?s=96&d=mm&r=g","url":"https:\/\/secure.gravatar.com\/avatar\/ccc17943b9d660506c869530f897617f7cb1c21a4bf30023f252596d83e1f007?s=96&d=mm&r=g","contentUrl":"https:\/\/secure.gravatar.com\/avatar\/ccc17943b9d660506c869530f897617f7cb1c21a4bf30023f252596d83e1f007?s=96&d=mm&r=g","caption":"admin"},"sameAs":["https:\/\/kibrisdakik.com"],"url":"https:\/\/kibrisdakik.com\/?author=1"}]}},"_links":{"self":[{"href":"https:\/\/kibrisdakik.com\/index.php?rest_route=\/wp\/v2\/posts\/26565","targetHints":{"allow":["GET"]}}],"collection":[{"href":"https:\/\/kibrisdakik.com\/index.php?rest_route=\/wp\/v2\/posts"}],"about":[{"href":"https:\/\/kibrisdakik.com\/index.php?rest_route=\/wp\/v2\/types\/post"}],"author":[{"embeddable":true,"href":"https:\/\/kibrisdakik.com\/index.php?rest_route=\/wp\/v2\/users\/1"}],"replies":[{"embeddable":true,"href":"https:\/\/kibrisdakik.com\/index.php?rest_route=%2Fwp%2Fv2%2Fcomments&post=26565"}],"version-history":[{"count":0,"href":"https:\/\/kibrisdakik.com\/index.php?rest_route=\/wp\/v2\/posts\/26565\/revisions"}],"wp:featuredmedia":[{"embeddable":true,"href":"https:\/\/kibrisdakik.com\/index.php?rest_route=\/wp\/v2\/media\/26566"}],"wp:attachment":[{"href":"https:\/\/kibrisdakik.com\/index.php?rest_route=%2Fwp%2Fv2%2Fmedia&parent=26565"}],"wp:term":[{"taxonomy":"category","embeddable":true,"href":"https:\/\/kibrisdakik.com\/index.php?rest_route=%2Fwp%2Fv2%2Fcategories&post=26565"},{"taxonomy":"post_tag","embeddable":true,"href":"https:\/\/kibrisdakik.com\/index.php?rest_route=%2Fwp%2Fv2%2Ftags&post=26565"}],"curies":[{"name":"wp","href":"https:\/\/api.w.org\/{rel}","templated":true}]}}