{"id":26567,"date":"2024-01-16T08:10:26","date_gmt":"2024-01-16T08:10:26","guid":{"rendered":"https:\/\/kibrisdakik.com\/index.php\/2024\/01\/16\/israilin-asiri-sagci-bakani-ben-gvir-bati-seriadan-isci-getirilmesine-siddetle-karsi-oldugunu-acikladi\/"},"modified":"2024-01-16T08:10:26","modified_gmt":"2024-01-16T08:10:26","slug":"israilin-asiri-sagci-bakani-ben-gvir-bati-seriadan-isci-getirilmesine-siddetle-karsi-oldugunu-acikladi","status":"publish","type":"post","link":"https:\/\/kibrisdakik.com\/?p=26567","title":{"rendered":"\u0130srail&#039;in a\u015f\u0131r\u0131 sa\u011fc\u0131 Bakan\u0131 Ben-Gvir, Bat\u0131 \u015eeria&#039;dan i\u015f\u00e7i getirilmesine \u015fiddetle kar\u015f\u0131 oldu\u011funu a\u00e7\u0131klad\u0131"},"content":{"rendered":"<p><img decoding=\"async\" src=\"https:\/\/www.kibristurk.com\/images\/haberler\/2024\/01\/israilin-asiri-sagci-bakani-ben-gvir-bati-seriadan-isci-getirilmesine-siddetle-karsi-oldugunu-acikladi-1705391517.webp\" \/><\/p>\n<p>\u0130srailli siyaset\u00e7iler aras\u0131nda Filistinli i\u015f\u00e7ilerin \u0130srail&#8217;e giri\u015fine izin verilmesi konusunda yo\u011fun tart\u0131\u015fmalar ya\u015fan\u0131rken, a\u015f\u0131r\u0131 sa\u011fc\u0131 Bakan Ben-Gvir, X platformundaki hesab\u0131ndan konuya ili\u015fkin a\u00e7\u0131klamada bulundu.<\/p>\n<p>Ben-Gvir, &#8220;(Bat\u0131 \u015eeria&#8217;daki) Filistin y\u00f6netiminin kontrol\u00fcndeki topraklardan i\u015f\u00e7ilerin \u0130srail&#8217;e getirilmesine \u015fiddetle kar\u015f\u0131 \u00e7\u0131k\u0131yorum. Bu, g\u00fcvenlik a\u00e7\u0131s\u0131ndan \u0130srail devletine uygun de\u011fil. Eski kavrama d\u00f6nmemeliyiz. Filistin Y\u00f6netimi bir d\u00fc\u015fmand\u0131r ve biz d\u00fc\u015fmanla i\u015f yapmay\u0131z.&#8221; ifadesini kulland\u0131.<\/p>\n<p>A\u015f\u0131r\u0131 sa\u011fc\u0131 Bakan Ben-Gvir&#8217;in a\u00e7\u0131klamalar\u0131na ili\u015fkin Filistin y\u00f6netiminden hen\u00fcz bir a\u00e7\u0131klama yap\u0131lmad\u0131.<\/p>\n<p>\u00d6te yandan, Kanal 12 televizyonunun haberine g\u00f6re, \u0130srail ordusu ve \u0130\u00e7 \u0130stihbarat Servisi \u015ein-Bet (\u015eabak), h\u00fck\u00fcmetten Filistinli i\u015f\u00e7ilerin \u0130srail&#8217;e yeniden girmesine y\u00f6nelik bir pilot proje uygulamas\u0131n\u0131 istedi.<\/p>\n<p>\u0130lk plan g\u00fcnde 5 bin Filistinli i\u015f\u00e7inin getirilmesini i\u00e7eriyor ancak Netanyahu liderli\u011findeki sa\u011fc\u0131 koalisyondaki baz\u0131 bakanlar bu ad\u0131m\u0131 \u015fiddetle reddediyor.<\/p>\n<p>Yedioth Ahronoth gazetesine g\u00f6re yakla\u015f\u0131k 150 bin Filistinlinin \u0130srail&#8217;de \u00e7al\u0131\u015fma izni vard\u0131 ve Gazze \u015eeridi&#8217;nde 7 Ekim 2023&#8217;te sava\u015f \u00e7\u0131k\u0131nca bu izinler durduruldu.<\/p>\n<p>Filistinli i\u015f\u00e7ilerin \u0130srail&#8217;e getirilmesi meselesi, Ba\u015fbakan Binyamin Netanyahu h\u00fck\u00fcmetinin tart\u0131\u015fmal\u0131 konular\u0131ndan biri olarak g\u00f6r\u00fcl\u00fcrken, ABD y\u00f6netimi Filistinli i\u015f\u00e7ileri yeniden istihdam etmesi i\u00e7in Tel Aviv&#8217;e bask\u0131 yap\u0131yor.<\/p>\n<p>Kanal 12 televizyonunun 14 Ocak&#8217;ta yay\u0131nlad\u0131\u011f\u0131 habere g\u00f6re, \u0130srail Savunma Bakan\u0131 Yoav Gallant, &#8220;Filistinli i\u015f\u00e7iler ve Filistin Y\u00f6netimi&#8217;nin mali kaynaklar\u0131 sorununu \u00e7\u00f6zmek de dahil olmak \u00fczere, Bat\u0131 \u015eeria&#8217;daki gerilimleri m\u00fcmk\u00fcn olan her \u015fekilde \u00f6nlemeliyiz.&#8221; demi\u015fti.<\/p>\n<p>Bat\u0131 \u015eeria&#8217;daki huzursuzluklar\u0131n &#8220;\u0130srail&#8217;in Gazze&#8217;deki hedeflerine zarar verebilece\u011fini ifade eden Gallant, g\u00fc\u00e7l\u00fc bir Filistin otoritesinin varl\u0131\u011f\u0131n\u0131n &#8220;\u0130srail&#8217;in \u00e7\u0131kar\u0131na oldu\u011funu&#8221; vurgulam\u0131\u015ft\u0131.<\/p>\n","protected":false},"excerpt":{"rendered":"<p>\u0130srailli siyaset\u00e7iler aras\u0131nda Filistinli i\u015f\u00e7ilerin \u0130srail&#8217;e giri\u015fine izin verilmesi konusunda yo\u011fun tart\u0131\u015fmalar ya\u015fan\u0131rken, a\u015f\u0131r\u0131 sa\u011fc\u0131 Bakan Ben-Gvir, X platformundaki hesab\u0131ndan konuya ili\u015fkin a\u00e7\u0131klamada bulundu. Ben-Gvir, &#8220;(Bat\u0131 \u015eeria&#8217;daki) Filistin y\u00f6netiminin kontrol\u00fcndeki topraklardan i\u015f\u00e7ilerin \u0130srail&#8217;e getirilmesine \u015fiddetle kar\u015f\u0131 \u00e7\u0131k\u0131yorum. Bu, g\u00fcvenlik a\u00e7\u0131s\u0131ndan \u0130srail devletine uygun de\u011fil. Eski kavrama d\u00f6nmemeliyiz. Filistin Y\u00f6netimi bir d\u00fc\u015fmand\u0131r ve biz d\u00fc\u015fmanla i\u015f<\/p>\n","protected":false},"author":1,"featured_media":26568,"comment_status":"open","ping_status":"open","sticky":false,"template":"","format":"standard","meta":{"footnotes":""},"categories":[1],"tags":[],"class_list":["post-26567","post","type-post","status-publish","format-standard","has-post-thumbnail","hentry","category-gundem"],"yoast_head":"<!-- This site is optimized with the Yoast SEO plugin v27.5 - https:\/\/yoast.com\/product\/yoast-seo-wordpress\/ -->\n<title>\u0130srail&#039;in a\u015f\u0131r\u0131 sa\u011fc\u0131 Bakan\u0131 Ben-Gvir, Bat\u0131 \u015eeria&#039;dan i\u015f\u00e7i getirilmesine \u015fiddetle kar\u015f\u0131 oldu\u011funu a\u00e7\u0131klad\u0131 -<\/title>\n<meta name=\"robots\" content=\"index, follow, max-snippet:-1, max-image-preview:large, max-video-preview:-1\" \/>\n<link rel=\"canonical\" href=\"https:\/\/kibrisdakik.com\/?p=26567\" \/>\n<meta property=\"og:locale\" content=\"tr_TR\" \/>\n<meta property=\"og:type\" content=\"article\" \/>\n<meta property=\"og:title\" content=\"\u0130srail&#039;in a\u015f\u0131r\u0131 sa\u011fc\u0131 Bakan\u0131 Ben-Gvir, Bat\u0131 \u015eeria&#039;dan i\u015f\u00e7i getirilmesine \u015fiddetle kar\u015f\u0131 oldu\u011funu a\u00e7\u0131klad\u0131 -\" \/>\n<meta property=\"og:description\" content=\"\u0130srailli siyaset\u00e7iler aras\u0131nda Filistinli i\u015f\u00e7ilerin \u0130srail&#8217;e giri\u015fine izin verilmesi konusunda yo\u011fun tart\u0131\u015fmalar ya\u015fan\u0131rken, a\u015f\u0131r\u0131 sa\u011fc\u0131 Bakan Ben-Gvir, X platformundaki hesab\u0131ndan konuya ili\u015fkin a\u00e7\u0131klamada bulundu. Ben-Gvir, &#8220;(Bat\u0131 \u015eeria&#8217;daki) Filistin y\u00f6netiminin kontrol\u00fcndeki topraklardan i\u015f\u00e7ilerin \u0130srail&#8217;e getirilmesine \u015fiddetle kar\u015f\u0131 \u00e7\u0131k\u0131yorum. Bu, g\u00fcvenlik a\u00e7\u0131s\u0131ndan \u0130srail devletine uygun de\u011fil. Eski kavrama d\u00f6nmemeliyiz. Filistin Y\u00f6netimi bir d\u00fc\u015fmand\u0131r ve biz d\u00fc\u015fmanla i\u015f\" \/>\n<meta property=\"og:url\" content=\"https:\/\/kibrisdakik.com\/?p=26567\" \/>\n<meta property=\"article:published_time\" content=\"2024-01-16T08:10:26+00:00\" \/>\n<meta property=\"og:image\" content=\"https:\/\/kibrisdakik.com\/wp-content\/uploads\/2024\/01\/israilin-asiri-sagci-bakani-ben-gvir-bati-seriadan-isci-getirilmesine-siddetle-karsi-oldugunu-acikladi-1705391517.webp.webp\" \/>\n\t<meta property=\"og:image:width\" content=\"710\" \/>\n\t<meta property=\"og:image:height\" content=\"370\" \/>\n\t<meta property=\"og:image:type\" content=\"image\/webp\" \/>\n<meta name=\"author\" content=\"admin\" \/>\n<meta name=\"twitter:card\" content=\"summary_large_image\" \/>\n<meta name=\"twitter:label1\" content=\"Yazan:\" \/>\n\t<meta name=\"twitter:data1\" content=\"admin\" \/>\n\t<meta name=\"twitter:label2\" content=\"Tahmini okuma s\u00fcresi\" \/>\n\t<meta name=\"twitter:data2\" content=\"1 dakika\" \/>\n<script type=\"application\/ld+json\" class=\"yoast-schema-graph\">{\"@context\":\"https:\\\/\\\/schema.org\",\"@graph\":[{\"@type\":\"Article\",\"@id\":\"https:\\\/\\\/kibrisdakik.com\\\/?p=26567#article\",\"isPartOf\":{\"@id\":\"https:\\\/\\\/kibrisdakik.com\\\/?p=26567\"},\"author\":{\"name\":\"admin\",\"@id\":\"https:\\\/\\\/kibrisdakik.com\\\/#\\\/schema\\\/person\\\/9cd9d437bbb44f72b73ba127e06d8e79\"},\"headline\":\"\u0130srail&#039;in a\u015f\u0131r\u0131 sa\u011fc\u0131 Bakan\u0131 Ben-Gvir, Bat\u0131 \u015eeria&#039;dan i\u015f\u00e7i getirilmesine \u015fiddetle kar\u015f\u0131 oldu\u011funu a\u00e7\u0131klad\u0131\",\"datePublished\":\"2024-01-16T08:10:26+00:00\",\"mainEntityOfPage\":{\"@id\":\"https:\\\/\\\/kibrisdakik.com\\\/?p=26567\"},\"wordCount\":314,\"commentCount\":0,\"image\":{\"@id\":\"https:\\\/\\\/kibrisdakik.com\\\/?p=26567#primaryimage\"},\"thumbnailUrl\":\"https:\\\/\\\/kibrisdakik.com\\\/wp-content\\\/uploads\\\/2024\\\/01\\\/israilin-asiri-sagci-bakani-ben-gvir-bati-seriadan-isci-getirilmesine-siddetle-karsi-oldugunu-acikladi-1705391517.webp.webp\",\"articleSection\":[\"G\u00fcndem\"],\"inLanguage\":\"tr\",\"potentialAction\":[{\"@type\":\"CommentAction\",\"name\":\"Comment\",\"target\":[\"https:\\\/\\\/kibrisdakik.com\\\/?p=26567#respond\"]}]},{\"@type\":\"WebPage\",\"@id\":\"https:\\\/\\\/kibrisdakik.com\\\/?p=26567\",\"url\":\"https:\\\/\\\/kibrisdakik.com\\\/?p=26567\",\"name\":\"\u0130srail&#039;in a\u015f\u0131r\u0131 sa\u011fc\u0131 Bakan\u0131 Ben-Gvir, Bat\u0131 \u015eeria&#039;dan i\u015f\u00e7i getirilmesine \u015fiddetle kar\u015f\u0131 oldu\u011funu a\u00e7\u0131klad\u0131 -\",\"isPartOf\":{\"@id\":\"https:\\\/\\\/kibrisdakik.com\\\/#website\"},\"primaryImageOfPage\":{\"@id\":\"https:\\\/\\\/kibrisdakik.com\\\/?p=26567#primaryimage\"},\"image\":{\"@id\":\"https:\\\/\\\/kibrisdakik.com\\\/?p=26567#primaryimage\"},\"thumbnailUrl\":\"https:\\\/\\\/kibrisdakik.com\\\/wp-content\\\/uploads\\\/2024\\\/01\\\/israilin-asiri-sagci-bakani-ben-gvir-bati-seriadan-isci-getirilmesine-siddetle-karsi-oldugunu-acikladi-1705391517.webp.webp\",\"datePublished\":\"2024-01-16T08:10:26+00:00\",\"author\":{\"@id\":\"https:\\\/\\\/kibrisdakik.com\\\/#\\\/schema\\\/person\\\/9cd9d437bbb44f72b73ba127e06d8e79\"},\"breadcrumb\":{\"@id\":\"https:\\\/\\\/kibrisdakik.com\\\/?p=26567#breadcrumb\"},\"inLanguage\":\"tr\",\"potentialAction\":[{\"@type\":\"ReadAction\",\"target\":[\"https:\\\/\\\/kibrisdakik.com\\\/?p=26567\"]}]},{\"@type\":\"ImageObject\",\"inLanguage\":\"tr\",\"@id\":\"https:\\\/\\\/kibrisdakik.com\\\/?p=26567#primaryimage\",\"url\":\"https:\\\/\\\/kibrisdakik.com\\\/wp-content\\\/uploads\\\/2024\\\/01\\\/israilin-asiri-sagci-bakani-ben-gvir-bati-seriadan-isci-getirilmesine-siddetle-karsi-oldugunu-acikladi-1705391517.webp.webp\",\"contentUrl\":\"https:\\\/\\\/kibrisdakik.com\\\/wp-content\\\/uploads\\\/2024\\\/01\\\/israilin-asiri-sagci-bakani-ben-gvir-bati-seriadan-isci-getirilmesine-siddetle-karsi-oldugunu-acikladi-1705391517.webp.webp\",\"width\":710,\"height\":370},{\"@type\":\"BreadcrumbList\",\"@id\":\"https:\\\/\\\/kibrisdakik.com\\\/?p=26567#breadcrumb\",\"itemListElement\":[{\"@type\":\"ListItem\",\"position\":1,\"name\":\"Home\",\"item\":\"https:\\\/\\\/kibrisdakik.com\\\/\"},{\"@type\":\"ListItem\",\"position\":2,\"name\":\"\u0130srail&#039;in a\u015f\u0131r\u0131 sa\u011fc\u0131 Bakan\u0131 Ben-Gvir, Bat\u0131 \u015eeria&#039;dan i\u015f\u00e7i getirilmesine \u015fiddetle kar\u015f\u0131 oldu\u011funu a\u00e7\u0131klad\u0131\"}]},{\"@type\":\"WebSite\",\"@id\":\"https:\\\/\\\/kibrisdakik.com\\\/#website\",\"url\":\"https:\\\/\\\/kibrisdakik.com\\\/\",\"name\":\"\",\"description\":\"Tam vaktinde haber\",\"potentialAction\":[{\"@type\":\"SearchAction\",\"target\":{\"@type\":\"EntryPoint\",\"urlTemplate\":\"https:\\\/\\\/kibrisdakik.com\\\/?s={search_term_string}\"},\"query-input\":{\"@type\":\"PropertyValueSpecification\",\"valueRequired\":true,\"valueName\":\"search_term_string\"}}],\"inLanguage\":\"tr\"},{\"@type\":\"Person\",\"@id\":\"https:\\\/\\\/kibrisdakik.com\\\/#\\\/schema\\\/person\\\/9cd9d437bbb44f72b73ba127e06d8e79\",\"name\":\"admin\",\"image\":{\"@type\":\"ImageObject\",\"inLanguage\":\"tr\",\"@id\":\"https:\\\/\\\/secure.gravatar.com\\\/avatar\\\/ccc17943b9d660506c869530f897617f7cb1c21a4bf30023f252596d83e1f007?s=96&d=mm&r=g\",\"url\":\"https:\\\/\\\/secure.gravatar.com\\\/avatar\\\/ccc17943b9d660506c869530f897617f7cb1c21a4bf30023f252596d83e1f007?s=96&d=mm&r=g\",\"contentUrl\":\"https:\\\/\\\/secure.gravatar.com\\\/avatar\\\/ccc17943b9d660506c869530f897617f7cb1c21a4bf30023f252596d83e1f007?s=96&d=mm&r=g\",\"caption\":\"admin\"},\"sameAs\":[\"https:\\\/\\\/kibrisdakik.com\"],\"url\":\"https:\\\/\\\/kibrisdakik.com\\\/?author=1\"}]}<\/script>\n<!-- \/ Yoast SEO plugin. -->","yoast_head_json":{"title":"\u0130srail&#039;in a\u015f\u0131r\u0131 sa\u011fc\u0131 Bakan\u0131 Ben-Gvir, Bat\u0131 \u015eeria&#039;dan i\u015f\u00e7i getirilmesine \u015fiddetle kar\u015f\u0131 oldu\u011funu a\u00e7\u0131klad\u0131 -","robots":{"index":"index","follow":"follow","max-snippet":"max-snippet:-1","max-image-preview":"max-image-preview:large","max-video-preview":"max-video-preview:-1"},"canonical":"https:\/\/kibrisdakik.com\/?p=26567","og_locale":"tr_TR","og_type":"article","og_title":"\u0130srail&#039;in a\u015f\u0131r\u0131 sa\u011fc\u0131 Bakan\u0131 Ben-Gvir, Bat\u0131 \u015eeria&#039;dan i\u015f\u00e7i getirilmesine \u015fiddetle kar\u015f\u0131 oldu\u011funu a\u00e7\u0131klad\u0131 -","og_description":"\u0130srailli siyaset\u00e7iler aras\u0131nda Filistinli i\u015f\u00e7ilerin \u0130srail&#8217;e giri\u015fine izin verilmesi konusunda yo\u011fun tart\u0131\u015fmalar ya\u015fan\u0131rken, a\u015f\u0131r\u0131 sa\u011fc\u0131 Bakan Ben-Gvir, X platformundaki hesab\u0131ndan konuya ili\u015fkin a\u00e7\u0131klamada bulundu. Ben-Gvir, &#8220;(Bat\u0131 \u015eeria&#8217;daki) Filistin y\u00f6netiminin kontrol\u00fcndeki topraklardan i\u015f\u00e7ilerin \u0130srail&#8217;e getirilmesine \u015fiddetle kar\u015f\u0131 \u00e7\u0131k\u0131yorum. Bu, g\u00fcvenlik a\u00e7\u0131s\u0131ndan \u0130srail devletine uygun de\u011fil. Eski kavrama d\u00f6nmemeliyiz. Filistin Y\u00f6netimi bir d\u00fc\u015fmand\u0131r ve biz d\u00fc\u015fmanla i\u015f","og_url":"https:\/\/kibrisdakik.com\/?p=26567","article_published_time":"2024-01-16T08:10:26+00:00","og_image":[{"width":710,"height":370,"url":"https:\/\/kibrisdakik.com\/wp-content\/uploads\/2024\/01\/israilin-asiri-sagci-bakani-ben-gvir-bati-seriadan-isci-getirilmesine-siddetle-karsi-oldugunu-acikladi-1705391517.webp.webp","type":"image\/webp"}],"author":"admin","twitter_card":"summary_large_image","twitter_misc":{"Yazan:":"admin","Tahmini okuma s\u00fcresi":"1 dakika"},"schema":{"@context":"https:\/\/schema.org","@graph":[{"@type":"Article","@id":"https:\/\/kibrisdakik.com\/?p=26567#article","isPartOf":{"@id":"https:\/\/kibrisdakik.com\/?p=26567"},"author":{"name":"admin","@id":"https:\/\/kibrisdakik.com\/#\/schema\/person\/9cd9d437bbb44f72b73ba127e06d8e79"},"headline":"\u0130srail&#039;in a\u015f\u0131r\u0131 sa\u011fc\u0131 Bakan\u0131 Ben-Gvir, Bat\u0131 \u015eeria&#039;dan i\u015f\u00e7i getirilmesine \u015fiddetle kar\u015f\u0131 oldu\u011funu a\u00e7\u0131klad\u0131","datePublished":"2024-01-16T08:10:26+00:00","mainEntityOfPage":{"@id":"https:\/\/kibrisdakik.com\/?p=26567"},"wordCount":314,"commentCount":0,"image":{"@id":"https:\/\/kibrisdakik.com\/?p=26567#primaryimage"},"thumbnailUrl":"https:\/\/kibrisdakik.com\/wp-content\/uploads\/2024\/01\/israilin-asiri-sagci-bakani-ben-gvir-bati-seriadan-isci-getirilmesine-siddetle-karsi-oldugunu-acikladi-1705391517.webp.webp","articleSection":["G\u00fcndem"],"inLanguage":"tr","potentialAction":[{"@type":"CommentAction","name":"Comment","target":["https:\/\/kibrisdakik.com\/?p=26567#respond"]}]},{"@type":"WebPage","@id":"https:\/\/kibrisdakik.com\/?p=26567","url":"https:\/\/kibrisdakik.com\/?p=26567","name":"\u0130srail&#039;in a\u015f\u0131r\u0131 sa\u011fc\u0131 Bakan\u0131 Ben-Gvir, Bat\u0131 \u015eeria&#039;dan i\u015f\u00e7i getirilmesine \u015fiddetle kar\u015f\u0131 oldu\u011funu a\u00e7\u0131klad\u0131 -","isPartOf":{"@id":"https:\/\/kibrisdakik.com\/#website"},"primaryImageOfPage":{"@id":"https:\/\/kibrisdakik.com\/?p=26567#primaryimage"},"image":{"@id":"https:\/\/kibrisdakik.com\/?p=26567#primaryimage"},"thumbnailUrl":"https:\/\/kibrisdakik.com\/wp-content\/uploads\/2024\/01\/israilin-asiri-sagci-bakani-ben-gvir-bati-seriadan-isci-getirilmesine-siddetle-karsi-oldugunu-acikladi-1705391517.webp.webp","datePublished":"2024-01-16T08:10:26+00:00","author":{"@id":"https:\/\/kibrisdakik.com\/#\/schema\/person\/9cd9d437bbb44f72b73ba127e06d8e79"},"breadcrumb":{"@id":"https:\/\/kibrisdakik.com\/?p=26567#breadcrumb"},"inLanguage":"tr","potentialAction":[{"@type":"ReadAction","target":["https:\/\/kibrisdakik.com\/?p=26567"]}]},{"@type":"ImageObject","inLanguage":"tr","@id":"https:\/\/kibrisdakik.com\/?p=26567#primaryimage","url":"https:\/\/kibrisdakik.com\/wp-content\/uploads\/2024\/01\/israilin-asiri-sagci-bakani-ben-gvir-bati-seriadan-isci-getirilmesine-siddetle-karsi-oldugunu-acikladi-1705391517.webp.webp","contentUrl":"https:\/\/kibrisdakik.com\/wp-content\/uploads\/2024\/01\/israilin-asiri-sagci-bakani-ben-gvir-bati-seriadan-isci-getirilmesine-siddetle-karsi-oldugunu-acikladi-1705391517.webp.webp","width":710,"height":370},{"@type":"BreadcrumbList","@id":"https:\/\/kibrisdakik.com\/?p=26567#breadcrumb","itemListElement":[{"@type":"ListItem","position":1,"name":"Home","item":"https:\/\/kibrisdakik.com\/"},{"@type":"ListItem","position":2,"name":"\u0130srail&#039;in a\u015f\u0131r\u0131 sa\u011fc\u0131 Bakan\u0131 Ben-Gvir, Bat\u0131 \u015eeria&#039;dan i\u015f\u00e7i getirilmesine \u015fiddetle kar\u015f\u0131 oldu\u011funu a\u00e7\u0131klad\u0131"}]},{"@type":"WebSite","@id":"https:\/\/kibrisdakik.com\/#website","url":"https:\/\/kibrisdakik.com\/","name":"","description":"Tam vaktinde haber","potentialAction":[{"@type":"SearchAction","target":{"@type":"EntryPoint","urlTemplate":"https:\/\/kibrisdakik.com\/?s={search_term_string}"},"query-input":{"@type":"PropertyValueSpecification","valueRequired":true,"valueName":"search_term_string"}}],"inLanguage":"tr"},{"@type":"Person","@id":"https:\/\/kibrisdakik.com\/#\/schema\/person\/9cd9d437bbb44f72b73ba127e06d8e79","name":"admin","image":{"@type":"ImageObject","inLanguage":"tr","@id":"https:\/\/secure.gravatar.com\/avatar\/ccc17943b9d660506c869530f897617f7cb1c21a4bf30023f252596d83e1f007?s=96&d=mm&r=g","url":"https:\/\/secure.gravatar.com\/avatar\/ccc17943b9d660506c869530f897617f7cb1c21a4bf30023f252596d83e1f007?s=96&d=mm&r=g","contentUrl":"https:\/\/secure.gravatar.com\/avatar\/ccc17943b9d660506c869530f897617f7cb1c21a4bf30023f252596d83e1f007?s=96&d=mm&r=g","caption":"admin"},"sameAs":["https:\/\/kibrisdakik.com"],"url":"https:\/\/kibrisdakik.com\/?author=1"}]}},"_links":{"self":[{"href":"https:\/\/kibrisdakik.com\/index.php?rest_route=\/wp\/v2\/posts\/26567","targetHints":{"allow":["GET"]}}],"collection":[{"href":"https:\/\/kibrisdakik.com\/index.php?rest_route=\/wp\/v2\/posts"}],"about":[{"href":"https:\/\/kibrisdakik.com\/index.php?rest_route=\/wp\/v2\/types\/post"}],"author":[{"embeddable":true,"href":"https:\/\/kibrisdakik.com\/index.php?rest_route=\/wp\/v2\/users\/1"}],"replies":[{"embeddable":true,"href":"https:\/\/kibrisdakik.com\/index.php?rest_route=%2Fwp%2Fv2%2Fcomments&post=26567"}],"version-history":[{"count":0,"href":"https:\/\/kibrisdakik.com\/index.php?rest_route=\/wp\/v2\/posts\/26567\/revisions"}],"wp:featuredmedia":[{"embeddable":true,"href":"https:\/\/kibrisdakik.com\/index.php?rest_route=\/wp\/v2\/media\/26568"}],"wp:attachment":[{"href":"https:\/\/kibrisdakik.com\/index.php?rest_route=%2Fwp%2Fv2%2Fmedia&parent=26567"}],"wp:term":[{"taxonomy":"category","embeddable":true,"href":"https:\/\/kibrisdakik.com\/index.php?rest_route=%2Fwp%2Fv2%2Fcategories&post=26567"},{"taxonomy":"post_tag","embeddable":true,"href":"https:\/\/kibrisdakik.com\/index.php?rest_route=%2Fwp%2Fv2%2Ftags&post=26567"}],"curies":[{"name":"wp","href":"https:\/\/api.w.org\/{rel}","templated":true}]}}