{"id":26587,"date":"2024-01-16T10:12:01","date_gmt":"2024-01-16T10:12:01","guid":{"rendered":"https:\/\/kibrisdakik.com\/index.php\/2024\/01\/16\/cumhurbaskani-tatar-yodak-uyeligine-secilen-terkana-atama-belgesini-tevdi-etti\/"},"modified":"2024-01-16T10:12:01","modified_gmt":"2024-01-16T10:12:01","slug":"cumhurbaskani-tatar-yodak-uyeligine-secilen-terkana-atama-belgesini-tevdi-etti","status":"publish","type":"post","link":"https:\/\/kibrisdakik.com\/?p=26587","title":{"rendered":"Cumhurba\u015fkan\u0131 Tatar, Y\u00d6DAK \u00fcyeli\u011fine se\u00e7ilen Terkan\u2019a atama belgesini tevdi etti"},"content":{"rendered":"<p><img decoding=\"async\" src=\"https:\/\/www.kibristurk.com\/images\/haberler\/2024\/01\/cumhurbaskani-tatar-yodak-uyeligine-secilen-terkana-atama-belgesini-tevdi-etti-1705399501.webp\" \/><\/p>\n<p style=\"text-align:left\"><span style=\"font-size:16px\"><span style=\"font-family:Merriweather,serif !important\"><span style=\"color:#000000\"><span style=\"background-color:#ffffff\">Y\u00d6DAK\u2019tan yap\u0131lan yaz\u0131l\u0131 a\u00e7\u0131klamaya g\u00f6re, Y\u00d6DAK Ba\u015fkanl\u0131\u011f\u0131\u2019nda \u00dcniversiteleraras\u0131 Akademik Koordinasyon Kurulu (\u00dcAKK) taraf\u0131ndan 21 Kas\u0131m 2023\u2019te Do\u011fu Akdeniz \u00dcniversitesi ev sahipli\u011finde yap\u0131lan Y\u00d6DAK \u00fcyeli\u011fi se\u00e7iminde, 48 oyun 35\u2019ini alarak Y\u00d6DAK \u00fcyeli\u011fine se\u00e7ilen Prof. Dr. Remziye Terkan, atama belgesini Cumhurba\u015fkan\u0131 Ersin Tatar\u2019dan ald\u0131.<\/span><\/span><\/span><\/span><\/p>\n<p style=\"text-align:left\"><span style=\"font-size:16px\"><span style=\"font-family:Merriweather,serif !important\"><span style=\"color:#000000\"><span style=\"background-color:#ffffff\">Y\u00d6DAK \u00fcyeli\u011fine se\u00e7ilen Terkan\u2019\u0131 Cumhurba\u015fkanl\u0131\u011f\u0131&#8217;nda kabul eden Cumhurba\u015fkan\u0131 Tatar, Y\u00d6DAK\u2019\u0131n KKTC \u00fcniversiteleri i\u00e7in, KKTC y\u00fcksek\u00f6\u011fretimi i\u00e7in \u00e7ok \u00f6nemli bir kurum oldu\u011funu belirterek, Terkan\u2019\u0131 tebrik ederek, g\u00f6revinde ba\u015far\u0131lar diledi.<\/span><\/span><\/span><\/span><\/p>\n<p style=\"text-align:left\"><span style=\"font-size:16px\"><span style=\"font-family:Merriweather,serif !important\"><span style=\"color:#000000\"><span style=\"background-color:#ffffff\">Terkan, \u201cBu \u00f6nemli kurulda yer alabilmem i\u00e7in bana f\u0131rsat tan\u0131yan de\u011ferli \u00fcyelerin bulundu\u011fu \u00dcAKK\u2019ya, \u00fcniversitelerimize, Y\u00d6DAK Ba\u015fkan ve \u00fcyelerine ve de siz say\u0131n Cumhurba\u015fkan\u0131m\u0131za \u00e7ok te\u015fekk\u00fcr ederim. Y\u00fcksek\u00f6\u011fretimin geli\u015fimine katk\u0131 koymak i\u00e7in \u00e7al\u0131\u015fmalar yapmak bir ayr\u0131cal\u0131k ve ayr\u0131 bir sorumluluktur. G\u00f6rev ve sorumlulu\u011fumun bilincinde hareket edece\u011fime s\u00f6z veriyorum\u201d dedi.<\/span><\/span><\/span><\/span><\/p>\n<p style=\"text-align:left\"><span style=\"font-size:16px\"><span style=\"font-family:Merriweather,serif !important\"><span style=\"color:#000000\"><span style=\"background-color:#ffffff\">Cumhurba\u015fkan\u0131 Tatar, g\u00f6r\u00fc\u015fmenin sonunda atama yaz\u0131s\u0131n\u0131 Terkan\u2019a tevdi etti.<\/span><\/span><\/span><\/span><\/p>\n","protected":false},"excerpt":{"rendered":"<p>Y\u00d6DAK\u2019tan yap\u0131lan yaz\u0131l\u0131 a\u00e7\u0131klamaya g\u00f6re, Y\u00d6DAK Ba\u015fkanl\u0131\u011f\u0131\u2019nda \u00dcniversiteleraras\u0131 Akademik Koordinasyon Kurulu (\u00dcAKK) taraf\u0131ndan 21 Kas\u0131m 2023\u2019te Do\u011fu Akdeniz \u00dcniversitesi ev sahipli\u011finde yap\u0131lan Y\u00d6DAK \u00fcyeli\u011fi se\u00e7iminde, 48 oyun 35\u2019ini alarak Y\u00d6DAK \u00fcyeli\u011fine se\u00e7ilen Prof. Dr. Remziye Terkan, atama belgesini Cumhurba\u015fkan\u0131 Ersin Tatar\u2019dan ald\u0131. Y\u00d6DAK \u00fcyeli\u011fine se\u00e7ilen Terkan\u2019\u0131 Cumhurba\u015fkanl\u0131\u011f\u0131&#8217;nda kabul eden Cumhurba\u015fkan\u0131 Tatar, Y\u00d6DAK\u2019\u0131n KKTC \u00fcniversiteleri i\u00e7in,<\/p>\n","protected":false},"author":1,"featured_media":26588,"comment_status":"open","ping_status":"open","sticky":false,"template":"","format":"standard","meta":{"footnotes":""},"categories":[1],"tags":[],"class_list":["post-26587","post","type-post","status-publish","format-standard","has-post-thumbnail","hentry","category-gundem"],"yoast_head":"<!-- This site is optimized with the Yoast SEO plugin v27.5 - https:\/\/yoast.com\/product\/yoast-seo-wordpress\/ -->\n<title>Cumhurba\u015fkan\u0131 Tatar, Y\u00d6DAK \u00fcyeli\u011fine se\u00e7ilen Terkan\u2019a atama belgesini tevdi etti -<\/title>\n<meta name=\"robots\" content=\"index, follow, max-snippet:-1, max-image-preview:large, max-video-preview:-1\" \/>\n<link rel=\"canonical\" href=\"https:\/\/kibrisdakik.com\/?p=26587\" \/>\n<meta property=\"og:locale\" content=\"tr_TR\" \/>\n<meta property=\"og:type\" content=\"article\" \/>\n<meta property=\"og:title\" content=\"Cumhurba\u015fkan\u0131 Tatar, Y\u00d6DAK \u00fcyeli\u011fine se\u00e7ilen Terkan\u2019a atama belgesini tevdi etti -\" \/>\n<meta property=\"og:description\" content=\"Y\u00d6DAK\u2019tan yap\u0131lan yaz\u0131l\u0131 a\u00e7\u0131klamaya g\u00f6re, Y\u00d6DAK Ba\u015fkanl\u0131\u011f\u0131\u2019nda \u00dcniversiteleraras\u0131 Akademik Koordinasyon Kurulu (\u00dcAKK) taraf\u0131ndan 21 Kas\u0131m 2023\u2019te Do\u011fu Akdeniz \u00dcniversitesi ev sahipli\u011finde yap\u0131lan Y\u00d6DAK \u00fcyeli\u011fi se\u00e7iminde, 48 oyun 35\u2019ini alarak Y\u00d6DAK \u00fcyeli\u011fine se\u00e7ilen Prof. Dr. Remziye Terkan, atama belgesini Cumhurba\u015fkan\u0131 Ersin Tatar\u2019dan ald\u0131. Y\u00d6DAK \u00fcyeli\u011fine se\u00e7ilen Terkan\u2019\u0131 Cumhurba\u015fkanl\u0131\u011f\u0131&#8217;nda kabul eden Cumhurba\u015fkan\u0131 Tatar, Y\u00d6DAK\u2019\u0131n KKTC \u00fcniversiteleri i\u00e7in,\" \/>\n<meta property=\"og:url\" content=\"https:\/\/kibrisdakik.com\/?p=26587\" \/>\n<meta property=\"article:published_time\" content=\"2024-01-16T10:12:01+00:00\" \/>\n<meta property=\"og:image\" content=\"https:\/\/kibrisdakik.com\/wp-content\/uploads\/2024\/01\/cumhurbaskani-tatar-yodak-uyeligine-secilen-terkana-atama-belgesini-tevdi-etti-1705399501.webp.webp\" \/>\n\t<meta property=\"og:image:width\" content=\"710\" \/>\n\t<meta property=\"og:image:height\" content=\"370\" \/>\n\t<meta property=\"og:image:type\" content=\"image\/webp\" \/>\n<meta name=\"author\" content=\"admin\" \/>\n<meta name=\"twitter:card\" content=\"summary_large_image\" \/>\n<meta name=\"twitter:label1\" content=\"Yazan:\" \/>\n\t<meta name=\"twitter:data1\" content=\"admin\" \/>\n\t<meta name=\"twitter:label2\" content=\"Tahmini okuma s\u00fcresi\" \/>\n\t<meta name=\"twitter:data2\" content=\"1 dakika\" \/>\n<script type=\"application\/ld+json\" class=\"yoast-schema-graph\">{\"@context\":\"https:\\\/\\\/schema.org\",\"@graph\":[{\"@type\":\"Article\",\"@id\":\"https:\\\/\\\/kibrisdakik.com\\\/?p=26587#article\",\"isPartOf\":{\"@id\":\"https:\\\/\\\/kibrisdakik.com\\\/?p=26587\"},\"author\":{\"name\":\"admin\",\"@id\":\"https:\\\/\\\/kibrisdakik.com\\\/#\\\/schema\\\/person\\\/9cd9d437bbb44f72b73ba127e06d8e79\"},\"headline\":\"Cumhurba\u015fkan\u0131 Tatar, Y\u00d6DAK \u00fcyeli\u011fine se\u00e7ilen Terkan\u2019a atama belgesini tevdi etti\",\"datePublished\":\"2024-01-16T10:12:01+00:00\",\"mainEntityOfPage\":{\"@id\":\"https:\\\/\\\/kibrisdakik.com\\\/?p=26587\"},\"wordCount\":210,\"commentCount\":0,\"image\":{\"@id\":\"https:\\\/\\\/kibrisdakik.com\\\/?p=26587#primaryimage\"},\"thumbnailUrl\":\"https:\\\/\\\/kibrisdakik.com\\\/wp-content\\\/uploads\\\/2024\\\/01\\\/cumhurbaskani-tatar-yodak-uyeligine-secilen-terkana-atama-belgesini-tevdi-etti-1705399501.webp.webp\",\"articleSection\":[\"G\u00fcndem\"],\"inLanguage\":\"tr\",\"potentialAction\":[{\"@type\":\"CommentAction\",\"name\":\"Comment\",\"target\":[\"https:\\\/\\\/kibrisdakik.com\\\/?p=26587#respond\"]}]},{\"@type\":\"WebPage\",\"@id\":\"https:\\\/\\\/kibrisdakik.com\\\/?p=26587\",\"url\":\"https:\\\/\\\/kibrisdakik.com\\\/?p=26587\",\"name\":\"Cumhurba\u015fkan\u0131 Tatar, Y\u00d6DAK \u00fcyeli\u011fine se\u00e7ilen Terkan\u2019a atama belgesini tevdi etti -\",\"isPartOf\":{\"@id\":\"https:\\\/\\\/kibrisdakik.com\\\/#website\"},\"primaryImageOfPage\":{\"@id\":\"https:\\\/\\\/kibrisdakik.com\\\/?p=26587#primaryimage\"},\"image\":{\"@id\":\"https:\\\/\\\/kibrisdakik.com\\\/?p=26587#primaryimage\"},\"thumbnailUrl\":\"https:\\\/\\\/kibrisdakik.com\\\/wp-content\\\/uploads\\\/2024\\\/01\\\/cumhurbaskani-tatar-yodak-uyeligine-secilen-terkana-atama-belgesini-tevdi-etti-1705399501.webp.webp\",\"datePublished\":\"2024-01-16T10:12:01+00:00\",\"author\":{\"@id\":\"https:\\\/\\\/kibrisdakik.com\\\/#\\\/schema\\\/person\\\/9cd9d437bbb44f72b73ba127e06d8e79\"},\"breadcrumb\":{\"@id\":\"https:\\\/\\\/kibrisdakik.com\\\/?p=26587#breadcrumb\"},\"inLanguage\":\"tr\",\"potentialAction\":[{\"@type\":\"ReadAction\",\"target\":[\"https:\\\/\\\/kibrisdakik.com\\\/?p=26587\"]}]},{\"@type\":\"ImageObject\",\"inLanguage\":\"tr\",\"@id\":\"https:\\\/\\\/kibrisdakik.com\\\/?p=26587#primaryimage\",\"url\":\"https:\\\/\\\/kibrisdakik.com\\\/wp-content\\\/uploads\\\/2024\\\/01\\\/cumhurbaskani-tatar-yodak-uyeligine-secilen-terkana-atama-belgesini-tevdi-etti-1705399501.webp.webp\",\"contentUrl\":\"https:\\\/\\\/kibrisdakik.com\\\/wp-content\\\/uploads\\\/2024\\\/01\\\/cumhurbaskani-tatar-yodak-uyeligine-secilen-terkana-atama-belgesini-tevdi-etti-1705399501.webp.webp\",\"width\":710,\"height\":370},{\"@type\":\"BreadcrumbList\",\"@id\":\"https:\\\/\\\/kibrisdakik.com\\\/?p=26587#breadcrumb\",\"itemListElement\":[{\"@type\":\"ListItem\",\"position\":1,\"name\":\"Home\",\"item\":\"https:\\\/\\\/kibrisdakik.com\\\/\"},{\"@type\":\"ListItem\",\"position\":2,\"name\":\"Cumhurba\u015fkan\u0131 Tatar, Y\u00d6DAK \u00fcyeli\u011fine se\u00e7ilen Terkan\u2019a atama belgesini tevdi etti\"}]},{\"@type\":\"WebSite\",\"@id\":\"https:\\\/\\\/kibrisdakik.com\\\/#website\",\"url\":\"https:\\\/\\\/kibrisdakik.com\\\/\",\"name\":\"\",\"description\":\"Tam vaktinde haber\",\"potentialAction\":[{\"@type\":\"SearchAction\",\"target\":{\"@type\":\"EntryPoint\",\"urlTemplate\":\"https:\\\/\\\/kibrisdakik.com\\\/?s={search_term_string}\"},\"query-input\":{\"@type\":\"PropertyValueSpecification\",\"valueRequired\":true,\"valueName\":\"search_term_string\"}}],\"inLanguage\":\"tr\"},{\"@type\":\"Person\",\"@id\":\"https:\\\/\\\/kibrisdakik.com\\\/#\\\/schema\\\/person\\\/9cd9d437bbb44f72b73ba127e06d8e79\",\"name\":\"admin\",\"image\":{\"@type\":\"ImageObject\",\"inLanguage\":\"tr\",\"@id\":\"https:\\\/\\\/secure.gravatar.com\\\/avatar\\\/ccc17943b9d660506c869530f897617f7cb1c21a4bf30023f252596d83e1f007?s=96&d=mm&r=g\",\"url\":\"https:\\\/\\\/secure.gravatar.com\\\/avatar\\\/ccc17943b9d660506c869530f897617f7cb1c21a4bf30023f252596d83e1f007?s=96&d=mm&r=g\",\"contentUrl\":\"https:\\\/\\\/secure.gravatar.com\\\/avatar\\\/ccc17943b9d660506c869530f897617f7cb1c21a4bf30023f252596d83e1f007?s=96&d=mm&r=g\",\"caption\":\"admin\"},\"sameAs\":[\"https:\\\/\\\/kibrisdakik.com\"],\"url\":\"https:\\\/\\\/kibrisdakik.com\\\/?author=1\"}]}<\/script>\n<!-- \/ Yoast SEO plugin. -->","yoast_head_json":{"title":"Cumhurba\u015fkan\u0131 Tatar, Y\u00d6DAK \u00fcyeli\u011fine se\u00e7ilen Terkan\u2019a atama belgesini tevdi etti -","robots":{"index":"index","follow":"follow","max-snippet":"max-snippet:-1","max-image-preview":"max-image-preview:large","max-video-preview":"max-video-preview:-1"},"canonical":"https:\/\/kibrisdakik.com\/?p=26587","og_locale":"tr_TR","og_type":"article","og_title":"Cumhurba\u015fkan\u0131 Tatar, Y\u00d6DAK \u00fcyeli\u011fine se\u00e7ilen Terkan\u2019a atama belgesini tevdi etti -","og_description":"Y\u00d6DAK\u2019tan yap\u0131lan yaz\u0131l\u0131 a\u00e7\u0131klamaya g\u00f6re, Y\u00d6DAK Ba\u015fkanl\u0131\u011f\u0131\u2019nda \u00dcniversiteleraras\u0131 Akademik Koordinasyon Kurulu (\u00dcAKK) taraf\u0131ndan 21 Kas\u0131m 2023\u2019te Do\u011fu Akdeniz \u00dcniversitesi ev sahipli\u011finde yap\u0131lan Y\u00d6DAK \u00fcyeli\u011fi se\u00e7iminde, 48 oyun 35\u2019ini alarak Y\u00d6DAK \u00fcyeli\u011fine se\u00e7ilen Prof. Dr. Remziye Terkan, atama belgesini Cumhurba\u015fkan\u0131 Ersin Tatar\u2019dan ald\u0131. Y\u00d6DAK \u00fcyeli\u011fine se\u00e7ilen Terkan\u2019\u0131 Cumhurba\u015fkanl\u0131\u011f\u0131&#8217;nda kabul eden Cumhurba\u015fkan\u0131 Tatar, Y\u00d6DAK\u2019\u0131n KKTC \u00fcniversiteleri i\u00e7in,","og_url":"https:\/\/kibrisdakik.com\/?p=26587","article_published_time":"2024-01-16T10:12:01+00:00","og_image":[{"width":710,"height":370,"url":"https:\/\/kibrisdakik.com\/wp-content\/uploads\/2024\/01\/cumhurbaskani-tatar-yodak-uyeligine-secilen-terkana-atama-belgesini-tevdi-etti-1705399501.webp.webp","type":"image\/webp"}],"author":"admin","twitter_card":"summary_large_image","twitter_misc":{"Yazan:":"admin","Tahmini okuma s\u00fcresi":"1 dakika"},"schema":{"@context":"https:\/\/schema.org","@graph":[{"@type":"Article","@id":"https:\/\/kibrisdakik.com\/?p=26587#article","isPartOf":{"@id":"https:\/\/kibrisdakik.com\/?p=26587"},"author":{"name":"admin","@id":"https:\/\/kibrisdakik.com\/#\/schema\/person\/9cd9d437bbb44f72b73ba127e06d8e79"},"headline":"Cumhurba\u015fkan\u0131 Tatar, Y\u00d6DAK \u00fcyeli\u011fine se\u00e7ilen Terkan\u2019a atama belgesini tevdi etti","datePublished":"2024-01-16T10:12:01+00:00","mainEntityOfPage":{"@id":"https:\/\/kibrisdakik.com\/?p=26587"},"wordCount":210,"commentCount":0,"image":{"@id":"https:\/\/kibrisdakik.com\/?p=26587#primaryimage"},"thumbnailUrl":"https:\/\/kibrisdakik.com\/wp-content\/uploads\/2024\/01\/cumhurbaskani-tatar-yodak-uyeligine-secilen-terkana-atama-belgesini-tevdi-etti-1705399501.webp.webp","articleSection":["G\u00fcndem"],"inLanguage":"tr","potentialAction":[{"@type":"CommentAction","name":"Comment","target":["https:\/\/kibrisdakik.com\/?p=26587#respond"]}]},{"@type":"WebPage","@id":"https:\/\/kibrisdakik.com\/?p=26587","url":"https:\/\/kibrisdakik.com\/?p=26587","name":"Cumhurba\u015fkan\u0131 Tatar, Y\u00d6DAK \u00fcyeli\u011fine se\u00e7ilen Terkan\u2019a atama belgesini tevdi etti -","isPartOf":{"@id":"https:\/\/kibrisdakik.com\/#website"},"primaryImageOfPage":{"@id":"https:\/\/kibrisdakik.com\/?p=26587#primaryimage"},"image":{"@id":"https:\/\/kibrisdakik.com\/?p=26587#primaryimage"},"thumbnailUrl":"https:\/\/kibrisdakik.com\/wp-content\/uploads\/2024\/01\/cumhurbaskani-tatar-yodak-uyeligine-secilen-terkana-atama-belgesini-tevdi-etti-1705399501.webp.webp","datePublished":"2024-01-16T10:12:01+00:00","author":{"@id":"https:\/\/kibrisdakik.com\/#\/schema\/person\/9cd9d437bbb44f72b73ba127e06d8e79"},"breadcrumb":{"@id":"https:\/\/kibrisdakik.com\/?p=26587#breadcrumb"},"inLanguage":"tr","potentialAction":[{"@type":"ReadAction","target":["https:\/\/kibrisdakik.com\/?p=26587"]}]},{"@type":"ImageObject","inLanguage":"tr","@id":"https:\/\/kibrisdakik.com\/?p=26587#primaryimage","url":"https:\/\/kibrisdakik.com\/wp-content\/uploads\/2024\/01\/cumhurbaskani-tatar-yodak-uyeligine-secilen-terkana-atama-belgesini-tevdi-etti-1705399501.webp.webp","contentUrl":"https:\/\/kibrisdakik.com\/wp-content\/uploads\/2024\/01\/cumhurbaskani-tatar-yodak-uyeligine-secilen-terkana-atama-belgesini-tevdi-etti-1705399501.webp.webp","width":710,"height":370},{"@type":"BreadcrumbList","@id":"https:\/\/kibrisdakik.com\/?p=26587#breadcrumb","itemListElement":[{"@type":"ListItem","position":1,"name":"Home","item":"https:\/\/kibrisdakik.com\/"},{"@type":"ListItem","position":2,"name":"Cumhurba\u015fkan\u0131 Tatar, Y\u00d6DAK \u00fcyeli\u011fine se\u00e7ilen Terkan\u2019a atama belgesini tevdi etti"}]},{"@type":"WebSite","@id":"https:\/\/kibrisdakik.com\/#website","url":"https:\/\/kibrisdakik.com\/","name":"","description":"Tam vaktinde haber","potentialAction":[{"@type":"SearchAction","target":{"@type":"EntryPoint","urlTemplate":"https:\/\/kibrisdakik.com\/?s={search_term_string}"},"query-input":{"@type":"PropertyValueSpecification","valueRequired":true,"valueName":"search_term_string"}}],"inLanguage":"tr"},{"@type":"Person","@id":"https:\/\/kibrisdakik.com\/#\/schema\/person\/9cd9d437bbb44f72b73ba127e06d8e79","name":"admin","image":{"@type":"ImageObject","inLanguage":"tr","@id":"https:\/\/secure.gravatar.com\/avatar\/ccc17943b9d660506c869530f897617f7cb1c21a4bf30023f252596d83e1f007?s=96&d=mm&r=g","url":"https:\/\/secure.gravatar.com\/avatar\/ccc17943b9d660506c869530f897617f7cb1c21a4bf30023f252596d83e1f007?s=96&d=mm&r=g","contentUrl":"https:\/\/secure.gravatar.com\/avatar\/ccc17943b9d660506c869530f897617f7cb1c21a4bf30023f252596d83e1f007?s=96&d=mm&r=g","caption":"admin"},"sameAs":["https:\/\/kibrisdakik.com"],"url":"https:\/\/kibrisdakik.com\/?author=1"}]}},"_links":{"self":[{"href":"https:\/\/kibrisdakik.com\/index.php?rest_route=\/wp\/v2\/posts\/26587","targetHints":{"allow":["GET"]}}],"collection":[{"href":"https:\/\/kibrisdakik.com\/index.php?rest_route=\/wp\/v2\/posts"}],"about":[{"href":"https:\/\/kibrisdakik.com\/index.php?rest_route=\/wp\/v2\/types\/post"}],"author":[{"embeddable":true,"href":"https:\/\/kibrisdakik.com\/index.php?rest_route=\/wp\/v2\/users\/1"}],"replies":[{"embeddable":true,"href":"https:\/\/kibrisdakik.com\/index.php?rest_route=%2Fwp%2Fv2%2Fcomments&post=26587"}],"version-history":[{"count":0,"href":"https:\/\/kibrisdakik.com\/index.php?rest_route=\/wp\/v2\/posts\/26587\/revisions"}],"wp:featuredmedia":[{"embeddable":true,"href":"https:\/\/kibrisdakik.com\/index.php?rest_route=\/wp\/v2\/media\/26588"}],"wp:attachment":[{"href":"https:\/\/kibrisdakik.com\/index.php?rest_route=%2Fwp%2Fv2%2Fmedia&parent=26587"}],"wp:term":[{"taxonomy":"category","embeddable":true,"href":"https:\/\/kibrisdakik.com\/index.php?rest_route=%2Fwp%2Fv2%2Fcategories&post=26587"},{"taxonomy":"post_tag","embeddable":true,"href":"https:\/\/kibrisdakik.com\/index.php?rest_route=%2Fwp%2Fv2%2Ftags&post=26587"}],"curies":[{"name":"wp","href":"https:\/\/api.w.org\/{rel}","templated":true}]}}