{"id":26644,"date":"2024-01-16T15:17:05","date_gmt":"2024-01-16T15:17:05","guid":{"rendered":"https:\/\/kibrisdakik.com\/index.php\/2024\/01\/16\/emekli-pgm-2-yardimcisi-mehmet-curcioglu-son-yolculuguna-ugurlandi\/"},"modified":"2024-01-16T15:17:05","modified_gmt":"2024-01-16T15:17:05","slug":"emekli-pgm-2-yardimcisi-mehmet-curcioglu-son-yolculuguna-ugurlandi","status":"publish","type":"post","link":"https:\/\/kibrisdakik.com\/?p=26644","title":{"rendered":"Emekli PGM 2.Yard\u0131mc\u0131s\u0131 Mehmet Curcio\u011flu son yolculu\u011funa u\u011furland\u0131"},"content":{"rendered":"<p><img decoding=\"async\" src=\"https:\/\/www.kibristurk.com\/images\/haberler\/2024\/01\/emekli-pgm-2yardimcisi-mehmet-curcioglu-son-yolculuguna-ugurlandi-1705417791.webp\" \/><\/p>\n<p>Tedavi g\u00f6rd\u00fc\u011f\u00fc hastanede ge\u00e7en pazar g\u00fcn\u00fc ya\u015fam\u0131n\u0131 yitiren emekli Polis Genel M\u00fcd\u00fcr 2.Yard\u0131mc\u0131s\u0131 Mehmet Curcio\u011flu bug\u00fcn Lefko\u015fa\u2019da son yolculu\u011funa u\u011furland\u0131.<\/p>\n<p>Polis Bas\u0131n Subayl\u0131\u011f\u0131\u2019ndan yap\u0131lan a\u00e7\u0131klamaya g\u00f6re, Curcio\u011flu, polis te\u015fkilat\u0131 taraf\u0131ndan d\u00fczenlenen t\u00f6renle Lefko\u015fa Kabristanl\u0131\u011f\u0131\u2019na defnedildi.<\/p>\n<p>Polis te\u015fkilat\u0131nda 41 y\u0131l\u0131 a\u015fk\u0131n s\u00fcre g\u00f6rev yapan ve 1994 y\u0131l\u0131nda Polis Genel M\u00fcd\u00fcr 2.Yard\u0131mc\u0131s\u0131yken ya\u015f haddi nedeniyle emekliye ayr\u0131lan Mehmet Curcio\u011flu\u2019nun cenaze t\u00f6renine ba\u015fta ailesi olmak \u00fczere polis te\u015fkilat\u0131 mensuplar\u0131, emekli polisler ve sevenleri kat\u0131ld\u0131.<\/p>\n<p>T\u00f6rende, Curcio\u011flu\u2019nun foto\u011fraf\u0131 ve tabutuna sar\u0131l\u0131 bayrak Polis Genel M\u00fcd\u00fcr\u00fc Kas\u0131m Kuni taraf\u0131ndan aile fertlerine takdim edildi.<\/p>\n","protected":false},"excerpt":{"rendered":"<p>Tedavi g\u00f6rd\u00fc\u011f\u00fc hastanede ge\u00e7en pazar g\u00fcn\u00fc ya\u015fam\u0131n\u0131 yitiren emekli Polis Genel M\u00fcd\u00fcr 2.Yard\u0131mc\u0131s\u0131 Mehmet Curcio\u011flu bug\u00fcn Lefko\u015fa\u2019da son yolculu\u011funa u\u011furland\u0131. Polis Bas\u0131n Subayl\u0131\u011f\u0131\u2019ndan yap\u0131lan a\u00e7\u0131klamaya g\u00f6re, Curcio\u011flu, polis te\u015fkilat\u0131 taraf\u0131ndan d\u00fczenlenen t\u00f6renle Lefko\u015fa Kabristanl\u0131\u011f\u0131\u2019na defnedildi. Polis te\u015fkilat\u0131nda 41 y\u0131l\u0131 a\u015fk\u0131n s\u00fcre g\u00f6rev yapan ve 1994 y\u0131l\u0131nda Polis Genel M\u00fcd\u00fcr 2.Yard\u0131mc\u0131s\u0131yken ya\u015f haddi nedeniyle emekliye ayr\u0131lan<\/p>\n","protected":false},"author":1,"featured_media":26645,"comment_status":"open","ping_status":"open","sticky":false,"template":"","format":"standard","meta":{"footnotes":""},"categories":[86],"tags":[],"class_list":["post-26644","post","type-post","status-publish","format-standard","has-post-thumbnail","hentry","category-turkiye"],"yoast_head":"<!-- This site is optimized with the Yoast SEO plugin v27.5 - https:\/\/yoast.com\/product\/yoast-seo-wordpress\/ -->\n<title>Emekli PGM 2.Yard\u0131mc\u0131s\u0131 Mehmet Curcio\u011flu son yolculu\u011funa u\u011furland\u0131 -<\/title>\n<meta name=\"robots\" content=\"index, follow, max-snippet:-1, max-image-preview:large, max-video-preview:-1\" \/>\n<link rel=\"canonical\" href=\"https:\/\/kibrisdakik.com\/?p=26644\" \/>\n<meta property=\"og:locale\" content=\"tr_TR\" \/>\n<meta property=\"og:type\" content=\"article\" \/>\n<meta property=\"og:title\" content=\"Emekli PGM 2.Yard\u0131mc\u0131s\u0131 Mehmet Curcio\u011flu son yolculu\u011funa u\u011furland\u0131 -\" \/>\n<meta property=\"og:description\" content=\"Tedavi g\u00f6rd\u00fc\u011f\u00fc hastanede ge\u00e7en pazar g\u00fcn\u00fc ya\u015fam\u0131n\u0131 yitiren emekli Polis Genel M\u00fcd\u00fcr 2.Yard\u0131mc\u0131s\u0131 Mehmet Curcio\u011flu bug\u00fcn Lefko\u015fa\u2019da son yolculu\u011funa u\u011furland\u0131. Polis Bas\u0131n Subayl\u0131\u011f\u0131\u2019ndan yap\u0131lan a\u00e7\u0131klamaya g\u00f6re, Curcio\u011flu, polis te\u015fkilat\u0131 taraf\u0131ndan d\u00fczenlenen t\u00f6renle Lefko\u015fa Kabristanl\u0131\u011f\u0131\u2019na defnedildi. Polis te\u015fkilat\u0131nda 41 y\u0131l\u0131 a\u015fk\u0131n s\u00fcre g\u00f6rev yapan ve 1994 y\u0131l\u0131nda Polis Genel M\u00fcd\u00fcr 2.Yard\u0131mc\u0131s\u0131yken ya\u015f haddi nedeniyle emekliye ayr\u0131lan\" \/>\n<meta property=\"og:url\" content=\"https:\/\/kibrisdakik.com\/?p=26644\" \/>\n<meta property=\"article:published_time\" content=\"2024-01-16T15:17:05+00:00\" \/>\n<meta property=\"og:image\" content=\"https:\/\/kibrisdakik.com\/wp-content\/uploads\/2024\/01\/emekli-pgm-2yardimcisi-mehmet-curcioglu-son-yolculuguna-ugurlandi-1705417791.webp.webp\" \/>\n\t<meta property=\"og:image:width\" content=\"710\" \/>\n\t<meta property=\"og:image:height\" content=\"370\" \/>\n\t<meta property=\"og:image:type\" content=\"image\/webp\" \/>\n<meta name=\"author\" content=\"admin\" \/>\n<meta name=\"twitter:card\" content=\"summary_large_image\" \/>\n<meta name=\"twitter:label1\" content=\"Yazan:\" \/>\n\t<meta name=\"twitter:data1\" content=\"admin\" \/>\n\t<meta name=\"twitter:label2\" content=\"Tahmini okuma s\u00fcresi\" \/>\n\t<meta name=\"twitter:data2\" content=\"1 dakika\" \/>\n<script type=\"application\/ld+json\" class=\"yoast-schema-graph\">{\"@context\":\"https:\\\/\\\/schema.org\",\"@graph\":[{\"@type\":\"Article\",\"@id\":\"https:\\\/\\\/kibrisdakik.com\\\/?p=26644#article\",\"isPartOf\":{\"@id\":\"https:\\\/\\\/kibrisdakik.com\\\/?p=26644\"},\"author\":{\"name\":\"admin\",\"@id\":\"https:\\\/\\\/kibrisdakik.com\\\/#\\\/schema\\\/person\\\/9cd9d437bbb44f72b73ba127e06d8e79\"},\"headline\":\"Emekli PGM 2.Yard\u0131mc\u0131s\u0131 Mehmet Curcio\u011flu son yolculu\u011funa u\u011furland\u0131\",\"datePublished\":\"2024-01-16T15:17:05+00:00\",\"mainEntityOfPage\":{\"@id\":\"https:\\\/\\\/kibrisdakik.com\\\/?p=26644\"},\"wordCount\":156,\"commentCount\":0,\"image\":{\"@id\":\"https:\\\/\\\/kibrisdakik.com\\\/?p=26644#primaryimage\"},\"thumbnailUrl\":\"https:\\\/\\\/kibrisdakik.com\\\/wp-content\\\/uploads\\\/2024\\\/01\\\/emekli-pgm-2yardimcisi-mehmet-curcioglu-son-yolculuguna-ugurlandi-1705417791.webp.webp\",\"articleSection\":[\"T\u00fcrkiye\"],\"inLanguage\":\"tr\",\"potentialAction\":[{\"@type\":\"CommentAction\",\"name\":\"Comment\",\"target\":[\"https:\\\/\\\/kibrisdakik.com\\\/?p=26644#respond\"]}]},{\"@type\":\"WebPage\",\"@id\":\"https:\\\/\\\/kibrisdakik.com\\\/?p=26644\",\"url\":\"https:\\\/\\\/kibrisdakik.com\\\/?p=26644\",\"name\":\"Emekli PGM 2.Yard\u0131mc\u0131s\u0131 Mehmet Curcio\u011flu son yolculu\u011funa u\u011furland\u0131 -\",\"isPartOf\":{\"@id\":\"https:\\\/\\\/kibrisdakik.com\\\/#website\"},\"primaryImageOfPage\":{\"@id\":\"https:\\\/\\\/kibrisdakik.com\\\/?p=26644#primaryimage\"},\"image\":{\"@id\":\"https:\\\/\\\/kibrisdakik.com\\\/?p=26644#primaryimage\"},\"thumbnailUrl\":\"https:\\\/\\\/kibrisdakik.com\\\/wp-content\\\/uploads\\\/2024\\\/01\\\/emekli-pgm-2yardimcisi-mehmet-curcioglu-son-yolculuguna-ugurlandi-1705417791.webp.webp\",\"datePublished\":\"2024-01-16T15:17:05+00:00\",\"author\":{\"@id\":\"https:\\\/\\\/kibrisdakik.com\\\/#\\\/schema\\\/person\\\/9cd9d437bbb44f72b73ba127e06d8e79\"},\"breadcrumb\":{\"@id\":\"https:\\\/\\\/kibrisdakik.com\\\/?p=26644#breadcrumb\"},\"inLanguage\":\"tr\",\"potentialAction\":[{\"@type\":\"ReadAction\",\"target\":[\"https:\\\/\\\/kibrisdakik.com\\\/?p=26644\"]}]},{\"@type\":\"ImageObject\",\"inLanguage\":\"tr\",\"@id\":\"https:\\\/\\\/kibrisdakik.com\\\/?p=26644#primaryimage\",\"url\":\"https:\\\/\\\/kibrisdakik.com\\\/wp-content\\\/uploads\\\/2024\\\/01\\\/emekli-pgm-2yardimcisi-mehmet-curcioglu-son-yolculuguna-ugurlandi-1705417791.webp.webp\",\"contentUrl\":\"https:\\\/\\\/kibrisdakik.com\\\/wp-content\\\/uploads\\\/2024\\\/01\\\/emekli-pgm-2yardimcisi-mehmet-curcioglu-son-yolculuguna-ugurlandi-1705417791.webp.webp\",\"width\":710,\"height\":370},{\"@type\":\"BreadcrumbList\",\"@id\":\"https:\\\/\\\/kibrisdakik.com\\\/?p=26644#breadcrumb\",\"itemListElement\":[{\"@type\":\"ListItem\",\"position\":1,\"name\":\"Home\",\"item\":\"https:\\\/\\\/kibrisdakik.com\\\/\"},{\"@type\":\"ListItem\",\"position\":2,\"name\":\"Emekli PGM 2.Yard\u0131mc\u0131s\u0131 Mehmet Curcio\u011flu son yolculu\u011funa u\u011furland\u0131\"}]},{\"@type\":\"WebSite\",\"@id\":\"https:\\\/\\\/kibrisdakik.com\\\/#website\",\"url\":\"https:\\\/\\\/kibrisdakik.com\\\/\",\"name\":\"\",\"description\":\"Tam vaktinde haber\",\"potentialAction\":[{\"@type\":\"SearchAction\",\"target\":{\"@type\":\"EntryPoint\",\"urlTemplate\":\"https:\\\/\\\/kibrisdakik.com\\\/?s={search_term_string}\"},\"query-input\":{\"@type\":\"PropertyValueSpecification\",\"valueRequired\":true,\"valueName\":\"search_term_string\"}}],\"inLanguage\":\"tr\"},{\"@type\":\"Person\",\"@id\":\"https:\\\/\\\/kibrisdakik.com\\\/#\\\/schema\\\/person\\\/9cd9d437bbb44f72b73ba127e06d8e79\",\"name\":\"admin\",\"image\":{\"@type\":\"ImageObject\",\"inLanguage\":\"tr\",\"@id\":\"https:\\\/\\\/secure.gravatar.com\\\/avatar\\\/ccc17943b9d660506c869530f897617f7cb1c21a4bf30023f252596d83e1f007?s=96&d=mm&r=g\",\"url\":\"https:\\\/\\\/secure.gravatar.com\\\/avatar\\\/ccc17943b9d660506c869530f897617f7cb1c21a4bf30023f252596d83e1f007?s=96&d=mm&r=g\",\"contentUrl\":\"https:\\\/\\\/secure.gravatar.com\\\/avatar\\\/ccc17943b9d660506c869530f897617f7cb1c21a4bf30023f252596d83e1f007?s=96&d=mm&r=g\",\"caption\":\"admin\"},\"sameAs\":[\"https:\\\/\\\/kibrisdakik.com\"],\"url\":\"https:\\\/\\\/kibrisdakik.com\\\/?author=1\"}]}<\/script>\n<!-- \/ Yoast SEO plugin. -->","yoast_head_json":{"title":"Emekli PGM 2.Yard\u0131mc\u0131s\u0131 Mehmet Curcio\u011flu son yolculu\u011funa u\u011furland\u0131 -","robots":{"index":"index","follow":"follow","max-snippet":"max-snippet:-1","max-image-preview":"max-image-preview:large","max-video-preview":"max-video-preview:-1"},"canonical":"https:\/\/kibrisdakik.com\/?p=26644","og_locale":"tr_TR","og_type":"article","og_title":"Emekli PGM 2.Yard\u0131mc\u0131s\u0131 Mehmet Curcio\u011flu son yolculu\u011funa u\u011furland\u0131 -","og_description":"Tedavi g\u00f6rd\u00fc\u011f\u00fc hastanede ge\u00e7en pazar g\u00fcn\u00fc ya\u015fam\u0131n\u0131 yitiren emekli Polis Genel M\u00fcd\u00fcr 2.Yard\u0131mc\u0131s\u0131 Mehmet Curcio\u011flu bug\u00fcn Lefko\u015fa\u2019da son yolculu\u011funa u\u011furland\u0131. Polis Bas\u0131n Subayl\u0131\u011f\u0131\u2019ndan yap\u0131lan a\u00e7\u0131klamaya g\u00f6re, Curcio\u011flu, polis te\u015fkilat\u0131 taraf\u0131ndan d\u00fczenlenen t\u00f6renle Lefko\u015fa Kabristanl\u0131\u011f\u0131\u2019na defnedildi. Polis te\u015fkilat\u0131nda 41 y\u0131l\u0131 a\u015fk\u0131n s\u00fcre g\u00f6rev yapan ve 1994 y\u0131l\u0131nda Polis Genel M\u00fcd\u00fcr 2.Yard\u0131mc\u0131s\u0131yken ya\u015f haddi nedeniyle emekliye ayr\u0131lan","og_url":"https:\/\/kibrisdakik.com\/?p=26644","article_published_time":"2024-01-16T15:17:05+00:00","og_image":[{"width":710,"height":370,"url":"https:\/\/kibrisdakik.com\/wp-content\/uploads\/2024\/01\/emekli-pgm-2yardimcisi-mehmet-curcioglu-son-yolculuguna-ugurlandi-1705417791.webp.webp","type":"image\/webp"}],"author":"admin","twitter_card":"summary_large_image","twitter_misc":{"Yazan:":"admin","Tahmini okuma s\u00fcresi":"1 dakika"},"schema":{"@context":"https:\/\/schema.org","@graph":[{"@type":"Article","@id":"https:\/\/kibrisdakik.com\/?p=26644#article","isPartOf":{"@id":"https:\/\/kibrisdakik.com\/?p=26644"},"author":{"name":"admin","@id":"https:\/\/kibrisdakik.com\/#\/schema\/person\/9cd9d437bbb44f72b73ba127e06d8e79"},"headline":"Emekli PGM 2.Yard\u0131mc\u0131s\u0131 Mehmet Curcio\u011flu son yolculu\u011funa u\u011furland\u0131","datePublished":"2024-01-16T15:17:05+00:00","mainEntityOfPage":{"@id":"https:\/\/kibrisdakik.com\/?p=26644"},"wordCount":156,"commentCount":0,"image":{"@id":"https:\/\/kibrisdakik.com\/?p=26644#primaryimage"},"thumbnailUrl":"https:\/\/kibrisdakik.com\/wp-content\/uploads\/2024\/01\/emekli-pgm-2yardimcisi-mehmet-curcioglu-son-yolculuguna-ugurlandi-1705417791.webp.webp","articleSection":["T\u00fcrkiye"],"inLanguage":"tr","potentialAction":[{"@type":"CommentAction","name":"Comment","target":["https:\/\/kibrisdakik.com\/?p=26644#respond"]}]},{"@type":"WebPage","@id":"https:\/\/kibrisdakik.com\/?p=26644","url":"https:\/\/kibrisdakik.com\/?p=26644","name":"Emekli PGM 2.Yard\u0131mc\u0131s\u0131 Mehmet Curcio\u011flu son yolculu\u011funa u\u011furland\u0131 -","isPartOf":{"@id":"https:\/\/kibrisdakik.com\/#website"},"primaryImageOfPage":{"@id":"https:\/\/kibrisdakik.com\/?p=26644#primaryimage"},"image":{"@id":"https:\/\/kibrisdakik.com\/?p=26644#primaryimage"},"thumbnailUrl":"https:\/\/kibrisdakik.com\/wp-content\/uploads\/2024\/01\/emekli-pgm-2yardimcisi-mehmet-curcioglu-son-yolculuguna-ugurlandi-1705417791.webp.webp","datePublished":"2024-01-16T15:17:05+00:00","author":{"@id":"https:\/\/kibrisdakik.com\/#\/schema\/person\/9cd9d437bbb44f72b73ba127e06d8e79"},"breadcrumb":{"@id":"https:\/\/kibrisdakik.com\/?p=26644#breadcrumb"},"inLanguage":"tr","potentialAction":[{"@type":"ReadAction","target":["https:\/\/kibrisdakik.com\/?p=26644"]}]},{"@type":"ImageObject","inLanguage":"tr","@id":"https:\/\/kibrisdakik.com\/?p=26644#primaryimage","url":"https:\/\/kibrisdakik.com\/wp-content\/uploads\/2024\/01\/emekli-pgm-2yardimcisi-mehmet-curcioglu-son-yolculuguna-ugurlandi-1705417791.webp.webp","contentUrl":"https:\/\/kibrisdakik.com\/wp-content\/uploads\/2024\/01\/emekli-pgm-2yardimcisi-mehmet-curcioglu-son-yolculuguna-ugurlandi-1705417791.webp.webp","width":710,"height":370},{"@type":"BreadcrumbList","@id":"https:\/\/kibrisdakik.com\/?p=26644#breadcrumb","itemListElement":[{"@type":"ListItem","position":1,"name":"Home","item":"https:\/\/kibrisdakik.com\/"},{"@type":"ListItem","position":2,"name":"Emekli PGM 2.Yard\u0131mc\u0131s\u0131 Mehmet Curcio\u011flu son yolculu\u011funa u\u011furland\u0131"}]},{"@type":"WebSite","@id":"https:\/\/kibrisdakik.com\/#website","url":"https:\/\/kibrisdakik.com\/","name":"","description":"Tam vaktinde haber","potentialAction":[{"@type":"SearchAction","target":{"@type":"EntryPoint","urlTemplate":"https:\/\/kibrisdakik.com\/?s={search_term_string}"},"query-input":{"@type":"PropertyValueSpecification","valueRequired":true,"valueName":"search_term_string"}}],"inLanguage":"tr"},{"@type":"Person","@id":"https:\/\/kibrisdakik.com\/#\/schema\/person\/9cd9d437bbb44f72b73ba127e06d8e79","name":"admin","image":{"@type":"ImageObject","inLanguage":"tr","@id":"https:\/\/secure.gravatar.com\/avatar\/ccc17943b9d660506c869530f897617f7cb1c21a4bf30023f252596d83e1f007?s=96&d=mm&r=g","url":"https:\/\/secure.gravatar.com\/avatar\/ccc17943b9d660506c869530f897617f7cb1c21a4bf30023f252596d83e1f007?s=96&d=mm&r=g","contentUrl":"https:\/\/secure.gravatar.com\/avatar\/ccc17943b9d660506c869530f897617f7cb1c21a4bf30023f252596d83e1f007?s=96&d=mm&r=g","caption":"admin"},"sameAs":["https:\/\/kibrisdakik.com"],"url":"https:\/\/kibrisdakik.com\/?author=1"}]}},"_links":{"self":[{"href":"https:\/\/kibrisdakik.com\/index.php?rest_route=\/wp\/v2\/posts\/26644","targetHints":{"allow":["GET"]}}],"collection":[{"href":"https:\/\/kibrisdakik.com\/index.php?rest_route=\/wp\/v2\/posts"}],"about":[{"href":"https:\/\/kibrisdakik.com\/index.php?rest_route=\/wp\/v2\/types\/post"}],"author":[{"embeddable":true,"href":"https:\/\/kibrisdakik.com\/index.php?rest_route=\/wp\/v2\/users\/1"}],"replies":[{"embeddable":true,"href":"https:\/\/kibrisdakik.com\/index.php?rest_route=%2Fwp%2Fv2%2Fcomments&post=26644"}],"version-history":[{"count":0,"href":"https:\/\/kibrisdakik.com\/index.php?rest_route=\/wp\/v2\/posts\/26644\/revisions"}],"wp:featuredmedia":[{"embeddable":true,"href":"https:\/\/kibrisdakik.com\/index.php?rest_route=\/wp\/v2\/media\/26645"}],"wp:attachment":[{"href":"https:\/\/kibrisdakik.com\/index.php?rest_route=%2Fwp%2Fv2%2Fmedia&parent=26644"}],"wp:term":[{"taxonomy":"category","embeddable":true,"href":"https:\/\/kibrisdakik.com\/index.php?rest_route=%2Fwp%2Fv2%2Fcategories&post=26644"},{"taxonomy":"post_tag","embeddable":true,"href":"https:\/\/kibrisdakik.com\/index.php?rest_route=%2Fwp%2Fv2%2Ftags&post=26644"}],"curies":[{"name":"wp","href":"https:\/\/api.w.org\/{rel}","templated":true}]}}